{"id":954695,"date":"2025-09-29T14:30:00","date_gmt":"2025-09-29T12:30:00","guid":{"rendered":"https:\/\/dmcsrb.com\/uncategorized\/vojinovic-nijedan-okupator-nije-unistio-crnogorsku-kulturu-i-nacionalno-blago-kao-sto-je-dps\/"},"modified":"2025-09-29T14:30:00","modified_gmt":"2025-09-29T12:30:00","slug":"vojinovic-nijedan-okupator-nije-unistio-crnogorsku-kulturu-i-nacionalno-blago-kao-sto-je-dps","status":"publish","type":"post","link":"https:\/\/dmcsrb.com\/en\/politika\/vojinovic-nijedan-okupator-nije-unistio-crnogorsku-kulturu-i-nacionalno-blago-kao-sto-je-dps\/","title":{"rendered":"Vojinovi\u0107: Nijedan okupator nije uni\u0161tio crnogorsku kulturu i nacionalno blago kao \u0161to je DPS"},"content":{"rendered":"<p><\/p>\n\n\n\n<p>Isti\u010de da bi ih iznenadilo kada bi se kona\u010dno osvijestili i priznali da nijedan okupator nije uni\u0161tio crnogorsku kulturu i nacionalno blago kao \u0161to su to oni u\u010dinilli.<\/p>\n\n\n\n<p>&#8220;Preko 2.900 muzejskih predmeta, koja imaju spomeni\u010dki karakter i upisani su kao kulturno dobro nedostaje iz Narodnog muzeja Crne Gore. U Istorjskom muzeju nedostaje preko 1.700 predmeta, preko 20 komada Njego\u0161evog originalnog namje\u0161taja, dok u Umjetni\u010dkom muzeju razlika u zbirci slika prekora\u010duje cifru od 200. Patriotski odnos prema kulturnom naslje\u0111u Crne Gore u maniru DPS-a, nema \u0161ta&#8221;, poru\u010dila je Vojinovi\u0107.<\/p>\n\n\n\n<p>Prema njenim rije\u010dima, sedam miliona eura bud\u017eetskog novca oti\u0161lo je u d\u017eepove privilegovanih pojedinaca i stranih produkcija, \u0161to je \u010dak i Katni\u0107evo Specijalno dr\u017eavno tu\u017eila\u0161tvo moralo da reaguje.<\/p>\n\n\n\n<p>&#8220;I onda bi bilo mnogo smije\u0161no to \u0161to DPS danas dijeli lekcije iz kulture, da nije njihovo rukovo\u0111enje bilo tragi\u010dno po generacije crnogorskih umjetnika koje su upravo oni gurnuli na marginu. Ispada da je njihovih 30 godina vlasti za spomenike kulture bilo pogubnije od minulih okupacija. Kao \u0161to je podjenako bilo pogubno i za medijsku scenu Crne Gore, a posebno za poslenike javne rije\u010di koji su slobodnu rije\u010d \u017eivotom platili, kao Du\u0161ko Jovanovi\u0107, ili zamalo \u017eivotom platili, kao Olivera Laki\u0107. I nije problem da ministarka Tamara Vujovi\u0107 odgovara, i ho\u0107e, ali gra\u0111anima, a sigurno ne DPS-u, koji nosi titulu glavnog razara\u010da kulturne i medijske scene Crne Gore&#8221;, kazala je Vojinovi\u0107.<\/p>","protected":false},"excerpt":{"rendered":"<p>DPS da dijeli lekcije o kulturi? To je isto kao da Vesna Medenica dr\u017ei seminar o pravdi. Ali s obzirom da je ona za kolege iz DPS-a \u201ckraljica\u201d, kao \u0161to su i \u010dlanovi OKG-a idealno dru\u0161tvo za proslave i veselja, onda nas od njih ni\u0161ta vi\u0161e ne mo\u017ee iznenaditi, ocijenila je poslanica Demokrata, An\u0111ela Vojinovi\u0107.<\/p>","protected":false},"author":1,"featured_media":954696,"comment_status":"open","ping_status":"open","sticky":false,"template":"","format":"standard","meta":{"_acf_changed":false,"footnotes":""},"categories":[12],"tags":[229,1355,63],"naslovna":[],"class_list":["post-954695","post","type-post","status-publish","format-standard","has-post-thumbnail","hentry","category-politika","tag-andjela-vojinovic","tag-demokrate","tag-dps"],"acf":[],"yoast_head":"<!-- This site is optimized with the Yoast SEO plugin v27.0 - https:\/\/yoast.com\/product\/yoast-seo-wordpress\/ -->\n<title>Vojinovi\u0107: Nijedan okupator nije uni\u0161tio crnogorsku kulturu i nacionalno blago kao \u0161to je DPS - dmcsrb.com<\/title>\n<meta name=\"robots\" content=\"index, follow, max-snippet:-1, max-image-preview:large, max-video-preview:-1\" \/>\n<link rel=\"canonical\" href=\"https:\/\/dmcsrb.com\/en\/politika\/vojinovic-nijedan-okupator-nije-unistio-crnogorsku-kulturu-i-nacionalno-blago-kao-sto-je-dps\/\" \/>\n<meta property=\"og:locale\" content=\"en_GB\" \/>\n<meta property=\"og:type\" content=\"article\" \/>\n<meta property=\"og:title\" content=\"Vojinovi\u0107: Nijedan okupator nije uni\u0161tio crnogorsku kulturu i nacionalno blago kao \u0161to je DPS - dmcsrb.com\" \/>\n<meta property=\"og:description\" content=\"DPS da dijeli lekcije o kulturi? To je isto kao da Vesna Medenica dr\u017ei seminar o pravdi. Ali s obzirom da je ona za kolege iz DPS-a \u201ckraljica\u201d, kao \u0161to su i \u010dlanovi OKG-a idealno dru\u0161tvo za proslave i veselja, onda nas od njih ni\u0161ta vi\u0161e ne mo\u017ee iznenaditi, ocijenila je poslanica Demokrata, An\u0111ela Vojinovi\u0107.\" \/>\n<meta property=\"og:url\" content=\"https:\/\/dmcsrb.com\/en\/politika\/vojinovic-nijedan-okupator-nije-unistio-crnogorsku-kulturu-i-nacionalno-blago-kao-sto-je-dps\/\" \/>\n<meta property=\"og:site_name\" content=\"dmcsrb.com\" \/>\n<meta property=\"article:published_time\" content=\"2025-09-29T12:30:00+00:00\" \/>\n<meta property=\"og:image\" content=\"https:\/\/dmcsrb.com\/wp-content\/uploads\/2026\/01\/vojinovic-1.webp\" \/>\n\t<meta property=\"og:image:width\" content=\"1000\" \/>\n\t<meta property=\"og:image:height\" content=\"555\" \/>\n\t<meta property=\"og:image:type\" content=\"image\/jpeg\" \/>\n<meta name=\"author\" content=\"dmcsrbija.com@gmail.com\" \/>\n<meta name=\"twitter:card\" content=\"summary_large_image\" \/>\n<meta name=\"twitter:label1\" content=\"Written by\" \/>\n\t<meta name=\"twitter:data1\" content=\"dmcsrbija.com@gmail.com\" \/>\n\t<meta name=\"twitter:label2\" content=\"Estimated reading time\" \/>\n\t<meta name=\"twitter:data2\" content=\"1 minute\" \/>\n<script type=\"application\/ld+json\" class=\"yoast-schema-graph\">{\"@context\":\"https:\/\/schema.org\",\"@graph\":[{\"@type\":\"Article\",\"@id\":\"https:\/\/dmcsrb.com\/politika\/vojinovic-nijedan-okupator-nije-unistio-crnogorsku-kulturu-i-nacionalno-blago-kao-sto-je-dps\/#article\",\"isPartOf\":{\"@id\":\"https:\/\/dmcsrb.com\/politika\/vojinovic-nijedan-okupator-nije-unistio-crnogorsku-kulturu-i-nacionalno-blago-kao-sto-je-dps\/\"},\"author\":{\"name\":\"dmcsrbija.com@gmail.com\",\"@id\":\"https:\/\/dmcsrb.com\/#\/schema\/person\/5c39170f12db1b8b457732d0b5c854e2\"},\"headline\":\"Vojinovi\u0107: Nijedan okupator nije uni\u0161tio crnogorsku kulturu i nacionalno blago kao \u0161to je DPS\",\"datePublished\":\"2025-09-29T12:30:00+00:00\",\"mainEntityOfPage\":{\"@id\":\"https:\/\/dmcsrb.com\/politika\/vojinovic-nijedan-okupator-nije-unistio-crnogorsku-kulturu-i-nacionalno-blago-kao-sto-je-dps\/\"},\"wordCount\":263,\"commentCount\":0,\"image\":{\"@id\":\"https:\/\/dmcsrb.com\/politika\/vojinovic-nijedan-okupator-nije-unistio-crnogorsku-kulturu-i-nacionalno-blago-kao-sto-je-dps\/#primaryimage\"},\"thumbnailUrl\":\"https:\/\/dmcsrb.com\/wp-content\/uploads\/2026\/01\/vojinovic-1.webp\",\"keywords\":[\"An\u0111ela Vojinovi\u0107\",\"Demokrate\",\"DPS\"],\"articleSection\":[\"Politika\"],\"inLanguage\":\"en-GB\",\"potentialAction\":[{\"@type\":\"CommentAction\",\"name\":\"Comment\",\"target\":[\"https:\/\/dmcsrb.com\/politika\/vojinovic-nijedan-okupator-nije-unistio-crnogorsku-kulturu-i-nacionalno-blago-kao-sto-je-dps\/#respond\"]}]},{\"@type\":\"WebPage\",\"@id\":\"https:\/\/dmcsrb.com\/politika\/vojinovic-nijedan-okupator-nije-unistio-crnogorsku-kulturu-i-nacionalno-blago-kao-sto-je-dps\/\",\"url\":\"https:\/\/dmcsrb.com\/politika\/vojinovic-nijedan-okupator-nije-unistio-crnogorsku-kulturu-i-nacionalno-blago-kao-sto-je-dps\/\",\"name\":\"Vojinovi\u0107: Nijedan okupator nije uni\u0161tio crnogorsku kulturu i nacionalno blago kao \u0161to je DPS - dmcsrb.com\",\"isPartOf\":{\"@id\":\"https:\/\/dmcsrb.com\/#website\"},\"primaryImageOfPage\":{\"@id\":\"https:\/\/dmcsrb.com\/politika\/vojinovic-nijedan-okupator-nije-unistio-crnogorsku-kulturu-i-nacionalno-blago-kao-sto-je-dps\/#primaryimage\"},\"image\":{\"@id\":\"https:\/\/dmcsrb.com\/politika\/vojinovic-nijedan-okupator-nije-unistio-crnogorsku-kulturu-i-nacionalno-blago-kao-sto-je-dps\/#primaryimage\"},\"thumbnailUrl\":\"https:\/\/dmcsrb.com\/wp-content\/uploads\/2026\/01\/vojinovic-1.webp\",\"datePublished\":\"2025-09-29T12:30:00+00:00\",\"author\":{\"@id\":\"https:\/\/dmcsrb.com\/#\/schema\/person\/5c39170f12db1b8b457732d0b5c854e2\"},\"breadcrumb\":{\"@id\":\"https:\/\/dmcsrb.com\/politika\/vojinovic-nijedan-okupator-nije-unistio-crnogorsku-kulturu-i-nacionalno-blago-kao-sto-je-dps\/#breadcrumb\"},\"inLanguage\":\"en-GB\",\"potentialAction\":[{\"@type\":\"ReadAction\",\"target\":[\"https:\/\/dmcsrb.com\/politika\/vojinovic-nijedan-okupator-nije-unistio-crnogorsku-kulturu-i-nacionalno-blago-kao-sto-je-dps\/\"]}]},{\"@type\":\"ImageObject\",\"inLanguage\":\"en-GB\",\"@id\":\"https:\/\/dmcsrb.com\/politika\/vojinovic-nijedan-okupator-nije-unistio-crnogorsku-kulturu-i-nacionalno-blago-kao-sto-je-dps\/#primaryimage\",\"url\":\"https:\/\/dmcsrb.com\/wp-content\/uploads\/2026\/01\/vojinovic-1.webp\",\"contentUrl\":\"https:\/\/dmcsrb.com\/wp-content\/uploads\/2026\/01\/vojinovic-1.webp\",\"width\":1000,\"height\":555},{\"@type\":\"BreadcrumbList\",\"@id\":\"https:\/\/dmcsrb.com\/politika\/vojinovic-nijedan-okupator-nije-unistio-crnogorsku-kulturu-i-nacionalno-blago-kao-sto-je-dps\/#breadcrumb\",\"itemListElement\":[{\"@type\":\"ListItem\",\"position\":1,\"name\":\"Home\",\"item\":\"https:\/\/dmcsrb.com\/\"},{\"@type\":\"ListItem\",\"position\":2,\"name\":\"Vojinovi\u0107: Nijedan okupator nije uni\u0161tio crnogorsku kulturu i nacionalno blago kao \u0161to je DPS\"}]},{\"@type\":\"WebSite\",\"@id\":\"https:\/\/dmcsrb.com\/#website\",\"url\":\"https:\/\/dmcsrb.com\/\",\"name\":\"dmcsrb.com\",\"description\":\"\",\"potentialAction\":[{\"@type\":\"SearchAction\",\"target\":{\"@type\":\"EntryPoint\",\"urlTemplate\":\"https:\/\/dmcsrb.com\/?s={search_term_string}\"},\"query-input\":{\"@type\":\"PropertyValueSpecification\",\"valueRequired\":true,\"valueName\":\"search_term_string\"}}],\"inLanguage\":\"en-GB\"},{\"@type\":\"Person\",\"@id\":\"https:\/\/dmcsrb.com\/#\/schema\/person\/5c39170f12db1b8b457732d0b5c854e2\",\"name\":\"dmcsrbija.com@gmail.com\",\"image\":{\"@type\":\"ImageObject\",\"inLanguage\":\"en-GB\",\"@id\":\"https:\/\/dmcsrb.com\/#\/schema\/person\/image\/\",\"url\":\"https:\/\/secure.gravatar.com\/avatar\/68592660ad6347fad0fb587f8d5d8f1a7b44961362f56e4f2cd524feb87e9069?s=96&d=mm&r=g\",\"contentUrl\":\"https:\/\/secure.gravatar.com\/avatar\/68592660ad6347fad0fb587f8d5d8f1a7b44961362f56e4f2cd524feb87e9069?s=96&d=mm&r=g\",\"caption\":\"dmcsrbija.com@gmail.com\"},\"sameAs\":[\"https:\/\/dmcsrb.com\"],\"url\":\"https:\/\/dmcsrb.com\/en\/author\/dmcsrbija-comgmail-com\/\"}]}<\/script>\n<!-- \/ Yoast SEO plugin. -->","yoast_head_json":{"title":"Vojinovi\u0107: Nijedan okupator nije uni\u0161tio crnogorsku kulturu i nacionalno blago kao \u0161to je DPS - dmcsrb.com","robots":{"index":"index","follow":"follow","max-snippet":"max-snippet:-1","max-image-preview":"max-image-preview:large","max-video-preview":"max-video-preview:-1"},"canonical":"https:\/\/dmcsrb.com\/en\/politika\/vojinovic-nijedan-okupator-nije-unistio-crnogorsku-kulturu-i-nacionalno-blago-kao-sto-je-dps\/","og_locale":"en_GB","og_type":"article","og_title":"Vojinovi\u0107: Nijedan okupator nije uni\u0161tio crnogorsku kulturu i nacionalno blago kao \u0161to je DPS - dmcsrb.com","og_description":"DPS da dijeli lekcije o kulturi? To je isto kao da Vesna Medenica dr\u017ei seminar o pravdi. Ali s obzirom da je ona za kolege iz DPS-a \u201ckraljica\u201d, kao \u0161to su i \u010dlanovi OKG-a idealno dru\u0161tvo za proslave i veselja, onda nas od njih ni\u0161ta vi\u0161e ne mo\u017ee iznenaditi, ocijenila je poslanica Demokrata, An\u0111ela Vojinovi\u0107.","og_url":"https:\/\/dmcsrb.com\/en\/politika\/vojinovic-nijedan-okupator-nije-unistio-crnogorsku-kulturu-i-nacionalno-blago-kao-sto-je-dps\/","og_site_name":"dmcsrb.com","article_published_time":"2025-09-29T12:30:00+00:00","og_image":[{"width":1000,"height":555,"url":"https:\/\/dmcsrb.com\/wp-content\/uploads\/2026\/01\/vojinovic-1.webp","type":"image\/jpeg"}],"author":"dmcsrbija.com@gmail.com","twitter_card":"summary_large_image","twitter_misc":{"Written by":"dmcsrbija.com@gmail.com","Estimated reading time":"1 minute"},"schema":{"@context":"https:\/\/schema.org","@graph":[{"@type":"Article","@id":"https:\/\/dmcsrb.com\/politika\/vojinovic-nijedan-okupator-nije-unistio-crnogorsku-kulturu-i-nacionalno-blago-kao-sto-je-dps\/#article","isPartOf":{"@id":"https:\/\/dmcsrb.com\/politika\/vojinovic-nijedan-okupator-nije-unistio-crnogorsku-kulturu-i-nacionalno-blago-kao-sto-je-dps\/"},"author":{"name":"dmcsrbija.com@gmail.com","@id":"https:\/\/dmcsrb.com\/#\/schema\/person\/5c39170f12db1b8b457732d0b5c854e2"},"headline":"Vojinovi\u0107: Nijedan okupator nije uni\u0161tio crnogorsku kulturu i nacionalno blago kao \u0161to je DPS","datePublished":"2025-09-29T12:30:00+00:00","mainEntityOfPage":{"@id":"https:\/\/dmcsrb.com\/politika\/vojinovic-nijedan-okupator-nije-unistio-crnogorsku-kulturu-i-nacionalno-blago-kao-sto-je-dps\/"},"wordCount":263,"commentCount":0,"image":{"@id":"https:\/\/dmcsrb.com\/politika\/vojinovic-nijedan-okupator-nije-unistio-crnogorsku-kulturu-i-nacionalno-blago-kao-sto-je-dps\/#primaryimage"},"thumbnailUrl":"https:\/\/dmcsrb.com\/wp-content\/uploads\/2026\/01\/vojinovic-1.webp","keywords":["An\u0111ela Vojinovi\u0107","Demokrate","DPS"],"articleSection":["Politika"],"inLanguage":"en-GB","potentialAction":[{"@type":"CommentAction","name":"Comment","target":["https:\/\/dmcsrb.com\/politika\/vojinovic-nijedan-okupator-nije-unistio-crnogorsku-kulturu-i-nacionalno-blago-kao-sto-je-dps\/#respond"]}]},{"@type":"WebPage","@id":"https:\/\/dmcsrb.com\/politika\/vojinovic-nijedan-okupator-nije-unistio-crnogorsku-kulturu-i-nacionalno-blago-kao-sto-je-dps\/","url":"https:\/\/dmcsrb.com\/politika\/vojinovic-nijedan-okupator-nije-unistio-crnogorsku-kulturu-i-nacionalno-blago-kao-sto-je-dps\/","name":"Vojinovi\u0107: Nijedan okupator nije uni\u0161tio crnogorsku kulturu i nacionalno blago kao \u0161to je DPS - dmcsrb.com","isPartOf":{"@id":"https:\/\/dmcsrb.com\/#website"},"primaryImageOfPage":{"@id":"https:\/\/dmcsrb.com\/politika\/vojinovic-nijedan-okupator-nije-unistio-crnogorsku-kulturu-i-nacionalno-blago-kao-sto-je-dps\/#primaryimage"},"image":{"@id":"https:\/\/dmcsrb.com\/politika\/vojinovic-nijedan-okupator-nije-unistio-crnogorsku-kulturu-i-nacionalno-blago-kao-sto-je-dps\/#primaryimage"},"thumbnailUrl":"https:\/\/dmcsrb.com\/wp-content\/uploads\/2026\/01\/vojinovic-1.webp","datePublished":"2025-09-29T12:30:00+00:00","author":{"@id":"https:\/\/dmcsrb.com\/#\/schema\/person\/5c39170f12db1b8b457732d0b5c854e2"},"breadcrumb":{"@id":"https:\/\/dmcsrb.com\/politika\/vojinovic-nijedan-okupator-nije-unistio-crnogorsku-kulturu-i-nacionalno-blago-kao-sto-je-dps\/#breadcrumb"},"inLanguage":"en-GB","potentialAction":[{"@type":"ReadAction","target":["https:\/\/dmcsrb.com\/politika\/vojinovic-nijedan-okupator-nije-unistio-crnogorsku-kulturu-i-nacionalno-blago-kao-sto-je-dps\/"]}]},{"@type":"ImageObject","inLanguage":"en-GB","@id":"https:\/\/dmcsrb.com\/politika\/vojinovic-nijedan-okupator-nije-unistio-crnogorsku-kulturu-i-nacionalno-blago-kao-sto-je-dps\/#primaryimage","url":"https:\/\/dmcsrb.com\/wp-content\/uploads\/2026\/01\/vojinovic-1.webp","contentUrl":"https:\/\/dmcsrb.com\/wp-content\/uploads\/2026\/01\/vojinovic-1.webp","width":1000,"height":555},{"@type":"BreadcrumbList","@id":"https:\/\/dmcsrb.com\/politika\/vojinovic-nijedan-okupator-nije-unistio-crnogorsku-kulturu-i-nacionalno-blago-kao-sto-je-dps\/#breadcrumb","itemListElement":[{"@type":"ListItem","position":1,"name":"Home","item":"https:\/\/dmcsrb.com\/"},{"@type":"ListItem","position":2,"name":"Vojinovi\u0107: Nijedan okupator nije uni\u0161tio crnogorsku kulturu i nacionalno blago kao \u0161to je DPS"}]},{"@type":"WebSite","@id":"https:\/\/dmcsrb.com\/#website","url":"https:\/\/dmcsrb.com\/","name":"dmcsrb.com","description":"","potentialAction":[{"@type":"SearchAction","target":{"@type":"EntryPoint","urlTemplate":"https:\/\/dmcsrb.com\/?s={search_term_string}"},"query-input":{"@type":"PropertyValueSpecification","valueRequired":true,"valueName":"search_term_string"}}],"inLanguage":"en-GB"},{"@type":"Person","@id":"https:\/\/dmcsrb.com\/#\/schema\/person\/5c39170f12db1b8b457732d0b5c854e2","name":"dmcsrbija.com@gmail.com","image":{"@type":"ImageObject","inLanguage":"en-GB","@id":"https:\/\/dmcsrb.com\/#\/schema\/person\/image\/","url":"https:\/\/secure.gravatar.com\/avatar\/68592660ad6347fad0fb587f8d5d8f1a7b44961362f56e4f2cd524feb87e9069?s=96&d=mm&r=g","contentUrl":"https:\/\/secure.gravatar.com\/avatar\/68592660ad6347fad0fb587f8d5d8f1a7b44961362f56e4f2cd524feb87e9069?s=96&d=mm&r=g","caption":"dmcsrbija.com@gmail.com"},"sameAs":["https:\/\/dmcsrb.com"],"url":"https:\/\/dmcsrb.com\/en\/author\/dmcsrbija-comgmail-com\/"}]}},"_links":{"self":[{"href":"https:\/\/dmcsrb.com\/en\/wp-json\/wp\/v2\/posts\/954695","targetHints":{"allow":["GET"]}}],"collection":[{"href":"https:\/\/dmcsrb.com\/en\/wp-json\/wp\/v2\/posts"}],"about":[{"href":"https:\/\/dmcsrb.com\/en\/wp-json\/wp\/v2\/types\/post"}],"author":[{"embeddable":true,"href":"https:\/\/dmcsrb.com\/en\/wp-json\/wp\/v2\/users\/1"}],"replies":[{"embeddable":true,"href":"https:\/\/dmcsrb.com\/en\/wp-json\/wp\/v2\/comments?post=954695"}],"version-history":[{"count":0,"href":"https:\/\/dmcsrb.com\/en\/wp-json\/wp\/v2\/posts\/954695\/revisions"}],"wp:featuredmedia":[{"embeddable":true,"href":"https:\/\/dmcsrb.com\/en\/wp-json\/wp\/v2\/media\/954696"}],"wp:attachment":[{"href":"https:\/\/dmcsrb.com\/en\/wp-json\/wp\/v2\/media?parent=954695"}],"wp:term":[{"taxonomy":"category","embeddable":true,"href":"https:\/\/dmcsrb.com\/en\/wp-json\/wp\/v2\/categories?post=954695"},{"taxonomy":"post_tag","embeddable":true,"href":"https:\/\/dmcsrb.com\/en\/wp-json\/wp\/v2\/tags?post=954695"},{"taxonomy":"naslovna","embeddable":true,"href":"https:\/\/dmcsrb.com\/en\/wp-json\/wp\/v2\/naslovna?post=954695"}],"curies":[{"name":"wp","href":"https:\/\/api.w.org\/{rel}","templated":true}]}}