{"id":954585,"date":"2025-09-29T07:38:00","date_gmt":"2025-09-29T05:38:00","guid":{"rendered":"https:\/\/dmcsrb.com\/uncategorized\/radulovic-dopunio-prijavu-sdt-u-sumnja-da-funkcioneri-demokrata-odaju-tajne-podatke\/"},"modified":"2025-09-29T07:38:00","modified_gmt":"2025-09-29T05:38:00","slug":"radulovic-dopunio-prijavu-sdt-u-sumnja-da-funkcioneri-demokrata-odaju-tajne-podatke","status":"publish","type":"post","link":"https:\/\/dmcsrb.com\/en\/hronika\/radulovic-dopunio-prijavu-sdt-u-sumnja-da-funkcioneri-demokrata-odaju-tajne-podatke\/","title":{"rendered":"Radulovi\u0107 dopunio prijavu SDT-u: Sumnja da funkcioneri Demokrata odaju tajne podatke"},"content":{"rendered":"<p>Rje\u0161enje Vladine Komisije za \u017ealbe prijavljeni su pribavili protivpravno, jer nijesu stranke u navedenom postupku i do dana podno\u0161enja ove prijave to rje\u0161enje nije bilo dostavljeno stranki i njegovom punomo\u0107niku.<\/p>\n\n\n\n<p>Radulovi\u0107 je problematizovao i gradnju vi\u0161espratnice \u010diji su suinvestitori sa budvanskom firmom \u201eBonila\u201c koja grade 92 apartmana, majka i ro\u0111ak Alekse Be\u010di\u0107a.<\/p>\n\n\n\n<p>&#8220;Kompanija \u201cBonila\u201d dobila je dozvolu da gradi dvije zgrade vrijednosti 15 do 18 miliona eura, iako je u 2024. godini ta kompanije imala ukupni poslovni prihod od svega 47.942 eura i samo dvoje zaposlenih. Prema javnim izjavama prijavljenog Be\u010di\u0107a, njegova majka u budu\u0107oj raspodjeli apartmana treba da dobije \u201csamo\u201d 12 odsto izgra\u0111enog, a to predstavlja vrijednost od najmanje dva miliona eura. Osnovana sumnja da je prijavljeni Be\u010di\u0107, zajedno sa drugim prijavljenim iz svoje politi\u010dke partije, a mogu\u0107e i sa drugim za sada NN licima, preko svog uticaja na izvr\u0161nu vlast omogu\u0107io sprovo\u0111enje projekta koji njegovoj majci treba da donese profit od najmanje dva miliona eura&#8221;, navodi Radulovi\u0107.<\/p>\n\n\n\n<p>Izme\u0111u ostalog, Radulovi\u0107 dodaje i da postoji osnovana sumnja da su prijavljeni NN lica \u2013 osniva\u010di portala IN4S i Gojko Rai\u010devi\u0107, tajne podatke iz kadrovske evidencije ANB-a o Aleksandru Radulovi\u0107u i njegovoj supruzi dobili od prijavljenog Bogdanovi\u0107a, koji kao \u010dlan Odbora za bezbjednost i odbranu Skup\u0161tine Crne Gore ima pristup svim tajnim podacima bez posebne dozvole i koji je dio istih tajnih podataka ve\u0107 objavljivao u namjeri diskeditacije podnosioca prijave, a \u0161to je opisano u dopuni krivi\u010dne prijave od 22.9.2025. godine i koji se, odmah nakon objavljivanja tajnih podataka na portalu IN4S, pozvao na \u201emedije\u201c koji su te podatke objavili.<\/p>\n\n\n\n<p>&#8220;Osniva\u010di portala IN4S godinama se skrivaju i taj portal, suprotno Zakonu o medijima, te podatke ne objavljuje, a radi se o portalu koji je od ranije poznat kao promoter govora mr\u017enje i nasilja. U radnjama prijavljenih NN lica \u2013 osniva\u010da portala IN4S, Gojka Rai\u010devi\u0107a i Borisa Bogdanovi\u0107a sti\u010du se svi bitni elementi bi\u0107a krivi\u010dnog djela odavanje tajnih podataka. Jo\u0161 jednom podsje\u0107am da prijavljena politi\u010dka partija Demokrate i njeni prijavljeni funkcioneri u potpunosti upravljaju sektorom javne bezbjednosti i odbrane, kao i da je prijavljenom Bodganovi\u0107u jo\u0161 uvijek omogu\u0107en pristup tajnim podacima bez dozvole, pa s obzirom da tajne podatake javno saop\u0161tava i dostavlja drugima da ih \u0161ire u poku\u0161aju da diskredituje one koji ukazuju na osnovanu sumnju u vr\u0161enje te\u0161kih krivi\u010dnih djela i koji to prijavljuju nadle\u017enom tu\u017eila\u0161tvu, proizilazi osnovana sumnja da sve tajne podatke kojima ima pristup Bogdanovi\u0107 \u010dini dostupnim \u010dlanovima kriminalne organizacije, \u010dime im omogu\u0107ava planiranje i vr\u0161enje krivi\u010dnih djela i sprje\u010davanje njihovog otkrivanja&#8221; navodi advokat.<\/p>\n\n\n\n<p>Jo\u0161 jednom je ukazao da su \u010dlanovi jednog kriminalnog klana tvrdili da su radili za ra\u010dun Demokrata, o \u010demu tu\u017eila\u0161tvo posjeduje dokaze, pa osnovano sumnja da je i \u010dlanovima tog klana preko prijavljenog Bogdanovi\u0107a omogu\u0107en pristup svim tajnim podacima.<\/p>\n\n\n\n<p>&#8220;Predla\u017eem da Specijalno dr\u017eavno tu\u017eila\u0161tvo, u skladu sa ovla\u0161\u0107enjima i obavezama, preduzme sve radnje, posebno da provjeri na koji na\u010din i od koga politi\u010dka partija Demokrate dobija i objavljuje podatke iz Vlade Crne Gore o postupcima u kojima nije stranka. Da provjeri na koji na\u010din su usvojeni planski dokumenti i izdata odobrenja za gradnju koja \u010dlanovima porodice prijavljenog Be\u010di\u0107a omogu\u0107avaju sticanje dobiti od najmanje dva i po miliona eura, da provjeri sumnje u eventualno pranje novca, utaju poreza i druga krivi\u010dna djela. Da utvrdi ko su prijavljeni osniva\u010di portala IN4S \u010diji podaci se godinama nezakonito skrivaju dok se preko tog portala \u0161iri i promovi\u0161e mr\u017enja i vr\u0161e krivi\u010dna djela i da provjeri na koji na\u010din prijavljeni Bogdanovi\u0107 postupa sa tajnim podacima kojima ima neograni\u010den pristup&#8221;, naglasio je Radulovi\u0107.<\/p>\n\n\n\n<p>Kako je naglasio zbog vi\u0161e puta ponovljenih prijetnji prijavljenih da \u0107e \u201eplakati\u201c zbog podno\u0161enja ovih prijava, da mu slijedi \u201e\u0161aka u bradu\u201c, te neistinih navoda da mu prijave pi\u0161u kriminalni klanovi, a kod \u010dinjenice da ovo tu\u017eila\u0161tvo posjeduje dokaze o vezama jednog kriminalnog klana sa Demokratama, odnosno dokaze da su pripadnici tog klana kupovali glasove za ra\u010dun ove politi\u010dke partije, jo\u0161 jednom ukazuje na potrebu hitnog postupanja po njegovim krivi\u010dnim prijavama prije nego \u0161to neko od \u010dlanova kriminalnog klana ne poku\u0161a da realizuje navedene prijetnje za ra\u010dun prijavljenih.<\/p>","protected":false},"excerpt":{"rendered":"<p>Advokat Veselin Radulovi\u0107 predao je Specijalnom dr\u017eavnom tu\u017eila\u0161tvu dopunu krivi\u010dnih prijava protiv Demokratske Crne Gore, ministra unutra\u0161njih poslova Danila \u0160aranovi\u0107a, potpredsjednika Vlade Alekse Be\u010di\u0107a, funkcionera te partije Borisa Bogdanovi\u0107a, NN lica &#8211; osniva\u010da portala IN4S i Gojka Rai\u010devi\u0107a glavnog i odgovornog urednika portala IN4S, zbog sumnje da su osnovali kriminalnu organizaciju, zloupotrijebili slu\u017ebeni polo\u017eaj i odavali tajne podatke.<\/p>","protected":false},"author":1,"featured_media":913384,"comment_status":"open","ping_status":"open","sticky":false,"template":"","format":"standard","meta":{"_acf_changed":false,"footnotes":""},"categories":[17],"tags":[779,841,2901],"naslovna":[],"class_list":["post-954585","post","type-post","status-publish","format-standard","has-post-thumbnail","hentry","category-hronika","tag-sdt","tag-tuzba","tag-veselin-radulovic"],"acf":[],"yoast_head":"<!-- This site is optimized with the Yoast SEO plugin v27.0 - https:\/\/yoast.com\/product\/yoast-seo-wordpress\/ -->\n<title>Radulovi\u0107 dopunio prijavu SDT-u: Sumnja da funkcioneri Demokrata odaju tajne podatke - dmcsrb.com<\/title>\n<meta name=\"robots\" content=\"index, follow, max-snippet:-1, max-image-preview:large, max-video-preview:-1\" \/>\n<link rel=\"canonical\" href=\"https:\/\/dmcsrb.com\/en\/hronika\/radulovic-dopunio-prijavu-sdt-u-sumnja-da-funkcioneri-demokrata-odaju-tajne-podatke\/\" \/>\n<meta property=\"og:locale\" content=\"en_GB\" \/>\n<meta property=\"og:type\" content=\"article\" \/>\n<meta property=\"og:title\" content=\"Radulovi\u0107 dopunio prijavu SDT-u: Sumnja da funkcioneri Demokrata odaju tajne podatke - dmcsrb.com\" \/>\n<meta property=\"og:description\" content=\"Advokat Veselin Radulovi\u0107 predao je Specijalnom dr\u017eavnom tu\u017eila\u0161tvu dopunu krivi\u010dnih prijava protiv Demokratske Crne Gore, ministra unutra\u0161njih poslova Danila \u0160aranovi\u0107a, potpredsjednika Vlade Alekse Be\u010di\u0107a, funkcionera te partije Borisa Bogdanovi\u0107a, NN lica - osniva\u010da portala IN4S i Gojka Rai\u010devi\u0107a glavnog i odgovornog urednika portala IN4S, zbog sumnje da su osnovali kriminalnu organizaciju, zloupotrijebili slu\u017ebeni polo\u017eaj i odavali tajne podatke.\" \/>\n<meta property=\"og:url\" content=\"https:\/\/dmcsrb.com\/en\/hronika\/radulovic-dopunio-prijavu-sdt-u-sumnja-da-funkcioneri-demokrata-odaju-tajne-podatke\/\" \/>\n<meta property=\"og:site_name\" content=\"dmcsrb.com\" \/>\n<meta property=\"article:published_time\" content=\"2025-09-29T05:38:00+00:00\" \/>\n<meta property=\"og:image\" content=\"https:\/\/dmcsrb.com\/wp-content\/uploads\/2026\/01\/Veselin-Radulovic-advokat-foto-gradski-me.jpg\" \/>\n\t<meta property=\"og:image:width\" content=\"1543\" \/>\n\t<meta property=\"og:image:height\" content=\"881\" \/>\n\t<meta property=\"og:image:type\" content=\"image\/jpeg\" \/>\n<meta name=\"author\" content=\"dmcsrbija.com@gmail.com\" \/>\n<meta name=\"twitter:card\" content=\"summary_large_image\" \/>\n<meta name=\"twitter:label1\" content=\"Written by\" \/>\n\t<meta name=\"twitter:data1\" content=\"dmcsrbija.com@gmail.com\" \/>\n\t<meta name=\"twitter:label2\" content=\"Estimated reading time\" \/>\n\t<meta name=\"twitter:data2\" content=\"4 minutes\" \/>\n<script type=\"application\/ld+json\" class=\"yoast-schema-graph\">{\"@context\":\"https:\/\/schema.org\",\"@graph\":[{\"@type\":\"Article\",\"@id\":\"https:\/\/dmcsrb.com\/hronika\/radulovic-dopunio-prijavu-sdt-u-sumnja-da-funkcioneri-demokrata-odaju-tajne-podatke\/#article\",\"isPartOf\":{\"@id\":\"https:\/\/dmcsrb.com\/hronika\/radulovic-dopunio-prijavu-sdt-u-sumnja-da-funkcioneri-demokrata-odaju-tajne-podatke\/\"},\"author\":{\"name\":\"dmcsrbija.com@gmail.com\",\"@id\":\"https:\/\/dmcsrb.com\/#\/schema\/person\/5c39170f12db1b8b457732d0b5c854e2\"},\"headline\":\"Radulovi\u0107 dopunio prijavu SDT-u: Sumnja da funkcioneri Demokrata odaju tajne podatke\",\"datePublished\":\"2025-09-29T05:38:00+00:00\",\"mainEntityOfPage\":{\"@id\":\"https:\/\/dmcsrb.com\/hronika\/radulovic-dopunio-prijavu-sdt-u-sumnja-da-funkcioneri-demokrata-odaju-tajne-podatke\/\"},\"wordCount\":762,\"commentCount\":0,\"image\":{\"@id\":\"https:\/\/dmcsrb.com\/hronika\/radulovic-dopunio-prijavu-sdt-u-sumnja-da-funkcioneri-demokrata-odaju-tajne-podatke\/#primaryimage\"},\"thumbnailUrl\":\"https:\/\/dmcsrb.com\/wp-content\/uploads\/2026\/01\/Veselin-Radulovic-advokat-foto-gradski-me.jpg\",\"keywords\":[\"SDT\",\"Tu\u017eba\",\"Veselin Radulovi\u0107\"],\"articleSection\":[\"Hronika\"],\"inLanguage\":\"en-GB\",\"potentialAction\":[{\"@type\":\"CommentAction\",\"name\":\"Comment\",\"target\":[\"https:\/\/dmcsrb.com\/hronika\/radulovic-dopunio-prijavu-sdt-u-sumnja-da-funkcioneri-demokrata-odaju-tajne-podatke\/#respond\"]}]},{\"@type\":\"WebPage\",\"@id\":\"https:\/\/dmcsrb.com\/hronika\/radulovic-dopunio-prijavu-sdt-u-sumnja-da-funkcioneri-demokrata-odaju-tajne-podatke\/\",\"url\":\"https:\/\/dmcsrb.com\/hronika\/radulovic-dopunio-prijavu-sdt-u-sumnja-da-funkcioneri-demokrata-odaju-tajne-podatke\/\",\"name\":\"Radulovi\u0107 dopunio prijavu SDT-u: Sumnja da funkcioneri Demokrata odaju tajne podatke - dmcsrb.com\",\"isPartOf\":{\"@id\":\"https:\/\/dmcsrb.com\/#website\"},\"primaryImageOfPage\":{\"@id\":\"https:\/\/dmcsrb.com\/hronika\/radulovic-dopunio-prijavu-sdt-u-sumnja-da-funkcioneri-demokrata-odaju-tajne-podatke\/#primaryimage\"},\"image\":{\"@id\":\"https:\/\/dmcsrb.com\/hronika\/radulovic-dopunio-prijavu-sdt-u-sumnja-da-funkcioneri-demokrata-odaju-tajne-podatke\/#primaryimage\"},\"thumbnailUrl\":\"https:\/\/dmcsrb.com\/wp-content\/uploads\/2026\/01\/Veselin-Radulovic-advokat-foto-gradski-me.jpg\",\"datePublished\":\"2025-09-29T05:38:00+00:00\",\"author\":{\"@id\":\"https:\/\/dmcsrb.com\/#\/schema\/person\/5c39170f12db1b8b457732d0b5c854e2\"},\"breadcrumb\":{\"@id\":\"https:\/\/dmcsrb.com\/hronika\/radulovic-dopunio-prijavu-sdt-u-sumnja-da-funkcioneri-demokrata-odaju-tajne-podatke\/#breadcrumb\"},\"inLanguage\":\"en-GB\",\"potentialAction\":[{\"@type\":\"ReadAction\",\"target\":[\"https:\/\/dmcsrb.com\/hronika\/radulovic-dopunio-prijavu-sdt-u-sumnja-da-funkcioneri-demokrata-odaju-tajne-podatke\/\"]}]},{\"@type\":\"ImageObject\",\"inLanguage\":\"en-GB\",\"@id\":\"https:\/\/dmcsrb.com\/hronika\/radulovic-dopunio-prijavu-sdt-u-sumnja-da-funkcioneri-demokrata-odaju-tajne-podatke\/#primaryimage\",\"url\":\"https:\/\/dmcsrb.com\/wp-content\/uploads\/2026\/01\/Veselin-Radulovic-advokat-foto-gradski-me.jpg\",\"contentUrl\":\"https:\/\/dmcsrb.com\/wp-content\/uploads\/2026\/01\/Veselin-Radulovic-advokat-foto-gradski-me.jpg\",\"width\":1543,\"height\":881},{\"@type\":\"BreadcrumbList\",\"@id\":\"https:\/\/dmcsrb.com\/hronika\/radulovic-dopunio-prijavu-sdt-u-sumnja-da-funkcioneri-demokrata-odaju-tajne-podatke\/#breadcrumb\",\"itemListElement\":[{\"@type\":\"ListItem\",\"position\":1,\"name\":\"Home\",\"item\":\"https:\/\/dmcsrb.com\/\"},{\"@type\":\"ListItem\",\"position\":2,\"name\":\"Radulovi\u0107 dopunio prijavu SDT-u: Sumnja da funkcioneri Demokrata odaju tajne podatke\"}]},{\"@type\":\"WebSite\",\"@id\":\"https:\/\/dmcsrb.com\/#website\",\"url\":\"https:\/\/dmcsrb.com\/\",\"name\":\"dmcsrb.com\",\"description\":\"\",\"potentialAction\":[{\"@type\":\"SearchAction\",\"target\":{\"@type\":\"EntryPoint\",\"urlTemplate\":\"https:\/\/dmcsrb.com\/?s={search_term_string}\"},\"query-input\":{\"@type\":\"PropertyValueSpecification\",\"valueRequired\":true,\"valueName\":\"search_term_string\"}}],\"inLanguage\":\"en-GB\"},{\"@type\":\"Person\",\"@id\":\"https:\/\/dmcsrb.com\/#\/schema\/person\/5c39170f12db1b8b457732d0b5c854e2\",\"name\":\"dmcsrbija.com@gmail.com\",\"image\":{\"@type\":\"ImageObject\",\"inLanguage\":\"en-GB\",\"@id\":\"https:\/\/dmcsrb.com\/#\/schema\/person\/image\/\",\"url\":\"https:\/\/secure.gravatar.com\/avatar\/68592660ad6347fad0fb587f8d5d8f1a7b44961362f56e4f2cd524feb87e9069?s=96&d=mm&r=g\",\"contentUrl\":\"https:\/\/secure.gravatar.com\/avatar\/68592660ad6347fad0fb587f8d5d8f1a7b44961362f56e4f2cd524feb87e9069?s=96&d=mm&r=g\",\"caption\":\"dmcsrbija.com@gmail.com\"},\"sameAs\":[\"https:\/\/dmcsrb.com\"],\"url\":\"https:\/\/dmcsrb.com\/en\/author\/dmcsrbija-comgmail-com\/\"}]}<\/script>\n<!-- \/ Yoast SEO plugin. -->","yoast_head_json":{"title":"Radulovi\u0107 dopunio prijavu SDT-u: Sumnja da funkcioneri Demokrata odaju tajne podatke - dmcsrb.com","robots":{"index":"index","follow":"follow","max-snippet":"max-snippet:-1","max-image-preview":"max-image-preview:large","max-video-preview":"max-video-preview:-1"},"canonical":"https:\/\/dmcsrb.com\/en\/hronika\/radulovic-dopunio-prijavu-sdt-u-sumnja-da-funkcioneri-demokrata-odaju-tajne-podatke\/","og_locale":"en_GB","og_type":"article","og_title":"Radulovi\u0107 dopunio prijavu SDT-u: Sumnja da funkcioneri Demokrata odaju tajne podatke - dmcsrb.com","og_description":"Advokat Veselin Radulovi\u0107 predao je Specijalnom dr\u017eavnom tu\u017eila\u0161tvu dopunu krivi\u010dnih prijava protiv Demokratske Crne Gore, ministra unutra\u0161njih poslova Danila \u0160aranovi\u0107a, potpredsjednika Vlade Alekse Be\u010di\u0107a, funkcionera te partije Borisa Bogdanovi\u0107a, NN lica - osniva\u010da portala IN4S i Gojka Rai\u010devi\u0107a glavnog i odgovornog urednika portala IN4S, zbog sumnje da su osnovali kriminalnu organizaciju, zloupotrijebili slu\u017ebeni polo\u017eaj i odavali tajne podatke.","og_url":"https:\/\/dmcsrb.com\/en\/hronika\/radulovic-dopunio-prijavu-sdt-u-sumnja-da-funkcioneri-demokrata-odaju-tajne-podatke\/","og_site_name":"dmcsrb.com","article_published_time":"2025-09-29T05:38:00+00:00","og_image":[{"width":1543,"height":881,"url":"https:\/\/dmcsrb.com\/wp-content\/uploads\/2026\/01\/Veselin-Radulovic-advokat-foto-gradski-me.jpg","type":"image\/jpeg"}],"author":"dmcsrbija.com@gmail.com","twitter_card":"summary_large_image","twitter_misc":{"Written by":"dmcsrbija.com@gmail.com","Estimated reading time":"4 minutes"},"schema":{"@context":"https:\/\/schema.org","@graph":[{"@type":"Article","@id":"https:\/\/dmcsrb.com\/hronika\/radulovic-dopunio-prijavu-sdt-u-sumnja-da-funkcioneri-demokrata-odaju-tajne-podatke\/#article","isPartOf":{"@id":"https:\/\/dmcsrb.com\/hronika\/radulovic-dopunio-prijavu-sdt-u-sumnja-da-funkcioneri-demokrata-odaju-tajne-podatke\/"},"author":{"name":"dmcsrbija.com@gmail.com","@id":"https:\/\/dmcsrb.com\/#\/schema\/person\/5c39170f12db1b8b457732d0b5c854e2"},"headline":"Radulovi\u0107 dopunio prijavu SDT-u: Sumnja da funkcioneri Demokrata odaju tajne podatke","datePublished":"2025-09-29T05:38:00+00:00","mainEntityOfPage":{"@id":"https:\/\/dmcsrb.com\/hronika\/radulovic-dopunio-prijavu-sdt-u-sumnja-da-funkcioneri-demokrata-odaju-tajne-podatke\/"},"wordCount":762,"commentCount":0,"image":{"@id":"https:\/\/dmcsrb.com\/hronika\/radulovic-dopunio-prijavu-sdt-u-sumnja-da-funkcioneri-demokrata-odaju-tajne-podatke\/#primaryimage"},"thumbnailUrl":"https:\/\/dmcsrb.com\/wp-content\/uploads\/2026\/01\/Veselin-Radulovic-advokat-foto-gradski-me.jpg","keywords":["SDT","Tu\u017eba","Veselin Radulovi\u0107"],"articleSection":["Hronika"],"inLanguage":"en-GB","potentialAction":[{"@type":"CommentAction","name":"Comment","target":["https:\/\/dmcsrb.com\/hronika\/radulovic-dopunio-prijavu-sdt-u-sumnja-da-funkcioneri-demokrata-odaju-tajne-podatke\/#respond"]}]},{"@type":"WebPage","@id":"https:\/\/dmcsrb.com\/hronika\/radulovic-dopunio-prijavu-sdt-u-sumnja-da-funkcioneri-demokrata-odaju-tajne-podatke\/","url":"https:\/\/dmcsrb.com\/hronika\/radulovic-dopunio-prijavu-sdt-u-sumnja-da-funkcioneri-demokrata-odaju-tajne-podatke\/","name":"Radulovi\u0107 dopunio prijavu SDT-u: Sumnja da funkcioneri Demokrata odaju tajne podatke - dmcsrb.com","isPartOf":{"@id":"https:\/\/dmcsrb.com\/#website"},"primaryImageOfPage":{"@id":"https:\/\/dmcsrb.com\/hronika\/radulovic-dopunio-prijavu-sdt-u-sumnja-da-funkcioneri-demokrata-odaju-tajne-podatke\/#primaryimage"},"image":{"@id":"https:\/\/dmcsrb.com\/hronika\/radulovic-dopunio-prijavu-sdt-u-sumnja-da-funkcioneri-demokrata-odaju-tajne-podatke\/#primaryimage"},"thumbnailUrl":"https:\/\/dmcsrb.com\/wp-content\/uploads\/2026\/01\/Veselin-Radulovic-advokat-foto-gradski-me.jpg","datePublished":"2025-09-29T05:38:00+00:00","author":{"@id":"https:\/\/dmcsrb.com\/#\/schema\/person\/5c39170f12db1b8b457732d0b5c854e2"},"breadcrumb":{"@id":"https:\/\/dmcsrb.com\/hronika\/radulovic-dopunio-prijavu-sdt-u-sumnja-da-funkcioneri-demokrata-odaju-tajne-podatke\/#breadcrumb"},"inLanguage":"en-GB","potentialAction":[{"@type":"ReadAction","target":["https:\/\/dmcsrb.com\/hronika\/radulovic-dopunio-prijavu-sdt-u-sumnja-da-funkcioneri-demokrata-odaju-tajne-podatke\/"]}]},{"@type":"ImageObject","inLanguage":"en-GB","@id":"https:\/\/dmcsrb.com\/hronika\/radulovic-dopunio-prijavu-sdt-u-sumnja-da-funkcioneri-demokrata-odaju-tajne-podatke\/#primaryimage","url":"https:\/\/dmcsrb.com\/wp-content\/uploads\/2026\/01\/Veselin-Radulovic-advokat-foto-gradski-me.jpg","contentUrl":"https:\/\/dmcsrb.com\/wp-content\/uploads\/2026\/01\/Veselin-Radulovic-advokat-foto-gradski-me.jpg","width":1543,"height":881},{"@type":"BreadcrumbList","@id":"https:\/\/dmcsrb.com\/hronika\/radulovic-dopunio-prijavu-sdt-u-sumnja-da-funkcioneri-demokrata-odaju-tajne-podatke\/#breadcrumb","itemListElement":[{"@type":"ListItem","position":1,"name":"Home","item":"https:\/\/dmcsrb.com\/"},{"@type":"ListItem","position":2,"name":"Radulovi\u0107 dopunio prijavu SDT-u: Sumnja da funkcioneri Demokrata odaju tajne podatke"}]},{"@type":"WebSite","@id":"https:\/\/dmcsrb.com\/#website","url":"https:\/\/dmcsrb.com\/","name":"dmcsrb.com","description":"","potentialAction":[{"@type":"SearchAction","target":{"@type":"EntryPoint","urlTemplate":"https:\/\/dmcsrb.com\/?s={search_term_string}"},"query-input":{"@type":"PropertyValueSpecification","valueRequired":true,"valueName":"search_term_string"}}],"inLanguage":"en-GB"},{"@type":"Person","@id":"https:\/\/dmcsrb.com\/#\/schema\/person\/5c39170f12db1b8b457732d0b5c854e2","name":"dmcsrbija.com@gmail.com","image":{"@type":"ImageObject","inLanguage":"en-GB","@id":"https:\/\/dmcsrb.com\/#\/schema\/person\/image\/","url":"https:\/\/secure.gravatar.com\/avatar\/68592660ad6347fad0fb587f8d5d8f1a7b44961362f56e4f2cd524feb87e9069?s=96&d=mm&r=g","contentUrl":"https:\/\/secure.gravatar.com\/avatar\/68592660ad6347fad0fb587f8d5d8f1a7b44961362f56e4f2cd524feb87e9069?s=96&d=mm&r=g","caption":"dmcsrbija.com@gmail.com"},"sameAs":["https:\/\/dmcsrb.com"],"url":"https:\/\/dmcsrb.com\/en\/author\/dmcsrbija-comgmail-com\/"}]}},"_links":{"self":[{"href":"https:\/\/dmcsrb.com\/en\/wp-json\/wp\/v2\/posts\/954585","targetHints":{"allow":["GET"]}}],"collection":[{"href":"https:\/\/dmcsrb.com\/en\/wp-json\/wp\/v2\/posts"}],"about":[{"href":"https:\/\/dmcsrb.com\/en\/wp-json\/wp\/v2\/types\/post"}],"author":[{"embeddable":true,"href":"https:\/\/dmcsrb.com\/en\/wp-json\/wp\/v2\/users\/1"}],"replies":[{"embeddable":true,"href":"https:\/\/dmcsrb.com\/en\/wp-json\/wp\/v2\/comments?post=954585"}],"version-history":[{"count":0,"href":"https:\/\/dmcsrb.com\/en\/wp-json\/wp\/v2\/posts\/954585\/revisions"}],"wp:featuredmedia":[{"embeddable":true,"href":"https:\/\/dmcsrb.com\/en\/wp-json\/wp\/v2\/media\/913384"}],"wp:attachment":[{"href":"https:\/\/dmcsrb.com\/en\/wp-json\/wp\/v2\/media?parent=954585"}],"wp:term":[{"taxonomy":"category","embeddable":true,"href":"https:\/\/dmcsrb.com\/en\/wp-json\/wp\/v2\/categories?post=954585"},{"taxonomy":"post_tag","embeddable":true,"href":"https:\/\/dmcsrb.com\/en\/wp-json\/wp\/v2\/tags?post=954585"},{"taxonomy":"naslovna","embeddable":true,"href":"https:\/\/dmcsrb.com\/en\/wp-json\/wp\/v2\/naslovna?post=954585"}],"curies":[{"name":"wp","href":"https:\/\/api.w.org\/{rel}","templated":true}]}}