{"id":954578,"date":"2025-09-29T06:31:50","date_gmt":"2025-09-29T04:31:50","guid":{"rendered":"https:\/\/dmcsrb.com\/uncategorized\/mujovic-uputio-dopis-culaficu-vlada-i-lokalna-samouprava-zajednicki-da-rijese-problem-bazena-crvenog-mulja\/"},"modified":"2025-09-29T06:31:50","modified_gmt":"2025-09-29T04:31:50","slug":"mujovic-uputio-dopis-culaficu-vlada-i-lokalna-samouprava-zajednicki-da-rijese-problem-bazena-crvenog-mulja","status":"publish","type":"post","link":"https:\/\/dmcsrb.com\/en\/podgorica\/mujovic-uputio-dopis-culaficu-vlada-i-lokalna-samouprava-zajednicki-da-rijese-problem-bazena-crvenog-mulja\/","title":{"rendered":"Mujovi\u0107 uputio dopis \u0106ulafi\u0107u: Vlada i lokalna samouprava zajedni\u010dki da rije\u0161e problem bazena crvenog mulja"},"content":{"rendered":"<p><\/p>\n\n\n\n<p>Gradona\u010delnik je podsjetio da bazeni u kojima se nalazi oko osam miliona tona crvenog mulja ve\u0107 decenijama predstavljaju ozbiljnu prijetnju zdravlju stanovni\u0161tva i \u017eivotnoj sredini u Zetsko-Skadarskoj ravnici.<\/p>\n\n\n\n<p>Mujovi\u0107 je u dopisu ministru Damjanu \u0106ulafi\u0107u kazao da smo nedavno smo proslavili 34 godine od progla\u0161enja Crne Gore ekolo\u0161kom dr\u017eavom.<\/p>\n\n\n\n<p>&#8220;Pored nesumljivih ekolo\u0161kih vrijednosti kojima raspola\u017eemo i koji nam daju kredibilitet da budemo ekolo\u0161ka dr\u017eava, postoje i lo\u0161i primjeri, tzv. crne ekolo\u0161ke ta\u010dke koje ozbiljno derogiraju na\u0161u ekolo\u0161ku reputaciju.<br>Primjer toga su bazeni crvenog mulja locirani u blizini Kombinata alumijuma Podgorica, koji sadr\u017ee oko 8 miliona tona crvenog mulja. Godinama unazad bazeni predstavljaju permanentnu opasnost po zdravlje gra\u0111ana i \u017eivotnu sredinu u zetsko-skadarskoj ravnici. Veliki broj oboljelih od kancera, visok stepen mortaliteta stanovni\u0161tva koje \u017eivi u blizini bazena crvenog mulja pozivaju na hitnu i neodlo\u017enu reakciju. Dodatno, brojna, a neispunjena obe\u0107anja da \u0107e problem biti rije\u0161en name\u0107u obavezu prema lokalnom stanovni\u0161tvu, ali i cijeloj Crnoj Gori i njenom evropskom putu (zatvaranju poglavlja 27).<br>Bazeni crvenog mulja se trenutno nalaze u privatnom vlasni\u0161tvu beranske kompanije WAG kolektor. Da bi mogli zapo\u010deti projekat sanacije prostora, aplicirati za kredit ili grant sredstva, bazeni moraju biti u dr\u017eavnom vlasni\u0161tvu. S tim u vezi, sa pozicije gradona\u010delnika Podgorice, upu\u0107ujem Vam, kao resornom ministru, inicijativu i molbu da pred Vladom Crne Gore kandidujete temu progla\u0161enja bazena crvenog mulja podru\u010djem od javnog interesa, a za\u0161to postoji puno i ekolo\u0161ko i zdravstveno utemeljenje. Ovo bi bio preduslov da se sprovede proces eksproprijacije i nastavi sa daljom procedurom u cilju remedijacije prostora. Vjerujem u Va\u0161u podr\u0161ku i da \u0107emo kroz zajedni\u010dki rad rije\u0161iti ekolo\u0161ki problem od najve\u0107eg zna\u010daja.<\/p>\n\n\n\n<p>&#8220;Gra\u0111ani koji \u017eive u njihovoj blizini suo\u010davaju se s pove\u0107anim brojem oboljenja, dok problem, uprkos brojnim obe\u0107anjima, ostaje nerije\u0161en. Vrijeme je da dr\u017eava i lokalna samouprava zajedni\u010dki djeluju kako bi rije\u0161ili jedan od ve\u0107ih ekolo\u0161kih problema u Crnoj Gori, za\u0161titili zdravlje gra\u0111ana i potvrdili status Crne Gore kao ekolo\u0161ke dr\u017eave\u201d, poru\u010dio je gradona\u010delnik Mujovi\u0107.<\/p>\n\n\n\n<p><\/p>\n\n\n\n<p><\/p>","protected":false},"excerpt":{"rendered":"<p>Gradona\u010delnik Podgorice, prof. dr Sa\u0161a Mujovi\u0107, uputio je dopis Ministarstvu ekologije, odr\u017eivog razvoja i razvoja sjevera sa inicijativom da predlo\u017ei Vladi Crne Gore progla\u0161enje bazena crvenog mulja kod Kombinata aluminijuma za podru\u010dje od javnog interesa.<\/p>","protected":false},"author":1,"featured_media":954579,"comment_status":"open","ping_status":"open","sticky":false,"template":"","format":"standard","meta":{"_acf_changed":false,"footnotes":""},"categories":[56],"tags":[9572,968],"naslovna":[],"class_list":["post-954578","post","type-post","status-publish","format-standard","has-post-thumbnail","hentry","category-podgorica","tag-bazen-mulja","tag-mujovic"],"acf":[],"yoast_head":"<!-- This site is optimized with the Yoast SEO plugin v27.0 - https:\/\/yoast.com\/product\/yoast-seo-wordpress\/ -->\n<title>Mujovi\u0107 uputio dopis \u0106ulafi\u0107u: Vlada i lokalna samouprava zajedni\u010dki da rije\u0161e problem bazena crvenog mulja - dmcsrb.com<\/title>\n<meta name=\"robots\" content=\"index, follow, max-snippet:-1, max-image-preview:large, max-video-preview:-1\" \/>\n<link rel=\"canonical\" href=\"https:\/\/dmcsrb.com\/en\/podgorica\/mujovic-uputio-dopis-culaficu-vlada-i-lokalna-samouprava-zajednicki-da-rijese-problem-bazena-crvenog-mulja\/\" \/>\n<meta property=\"og:locale\" content=\"en_GB\" \/>\n<meta property=\"og:type\" content=\"article\" \/>\n<meta property=\"og:title\" content=\"Mujovi\u0107 uputio dopis \u0106ulafi\u0107u: Vlada i lokalna samouprava zajedni\u010dki da rije\u0161e problem bazena crvenog mulja - dmcsrb.com\" \/>\n<meta property=\"og:description\" content=\"Gradona\u010delnik Podgorice, prof. dr Sa\u0161a Mujovi\u0107, uputio je dopis Ministarstvu ekologije, odr\u017eivog razvoja i razvoja sjevera sa inicijativom da predlo\u017ei Vladi Crne Gore progla\u0161enje bazena crvenog mulja kod Kombinata aluminijuma za podru\u010dje od javnog interesa.\" \/>\n<meta property=\"og:url\" content=\"https:\/\/dmcsrb.com\/en\/podgorica\/mujovic-uputio-dopis-culaficu-vlada-i-lokalna-samouprava-zajednicki-da-rijese-problem-bazena-crvenog-mulja\/\" \/>\n<meta property=\"og:site_name\" content=\"dmcsrb.com\" \/>\n<meta property=\"article:published_time\" content=\"2025-09-29T04:31:50+00:00\" \/>\n<meta property=\"og:image\" content=\"https:\/\/dmcsrb.com\/wp-content\/uploads\/2026\/01\/Sasa-Mujovic-foto-gradski-me-1.webp\" \/>\n\t<meta property=\"og:image:width\" content=\"1461\" \/>\n\t<meta property=\"og:image:height\" content=\"748\" \/>\n\t<meta property=\"og:image:type\" content=\"image\/jpeg\" \/>\n<meta name=\"author\" content=\"dmcsrbija.com@gmail.com\" \/>\n<meta name=\"twitter:card\" content=\"summary_large_image\" \/>\n<meta name=\"twitter:label1\" content=\"Written by\" \/>\n\t<meta name=\"twitter:data1\" content=\"dmcsrbija.com@gmail.com\" \/>\n\t<meta name=\"twitter:label2\" content=\"Estimated reading time\" \/>\n\t<meta name=\"twitter:data2\" content=\"2 minutes\" \/>\n<script type=\"application\/ld+json\" class=\"yoast-schema-graph\">{\"@context\":\"https:\/\/schema.org\",\"@graph\":[{\"@type\":\"Article\",\"@id\":\"https:\/\/dmcsrb.com\/podgorica\/mujovic-uputio-dopis-culaficu-vlada-i-lokalna-samouprava-zajednicki-da-rijese-problem-bazena-crvenog-mulja\/#article\",\"isPartOf\":{\"@id\":\"https:\/\/dmcsrb.com\/podgorica\/mujovic-uputio-dopis-culaficu-vlada-i-lokalna-samouprava-zajednicki-da-rijese-problem-bazena-crvenog-mulja\/\"},\"author\":{\"name\":\"dmcsrbija.com@gmail.com\",\"@id\":\"https:\/\/dmcsrb.com\/#\/schema\/person\/5c39170f12db1b8b457732d0b5c854e2\"},\"headline\":\"Mujovi\u0107 uputio dopis \u0106ulafi\u0107u: Vlada i lokalna samouprava zajedni\u010dki da rije\u0161e problem bazena crvenog mulja\",\"datePublished\":\"2025-09-29T04:31:50+00:00\",\"mainEntityOfPage\":{\"@id\":\"https:\/\/dmcsrb.com\/podgorica\/mujovic-uputio-dopis-culaficu-vlada-i-lokalna-samouprava-zajednicki-da-rijese-problem-bazena-crvenog-mulja\/\"},\"wordCount\":393,\"commentCount\":0,\"image\":{\"@id\":\"https:\/\/dmcsrb.com\/podgorica\/mujovic-uputio-dopis-culaficu-vlada-i-lokalna-samouprava-zajednicki-da-rijese-problem-bazena-crvenog-mulja\/#primaryimage\"},\"thumbnailUrl\":\"https:\/\/dmcsrb.com\/wp-content\/uploads\/2026\/01\/Sasa-Mujovic-foto-gradski-me-1.webp\",\"keywords\":[\"bazen mulja\",\"mujovi\u0107\"],\"articleSection\":[\"Podgorica\"],\"inLanguage\":\"en-GB\",\"potentialAction\":[{\"@type\":\"CommentAction\",\"name\":\"Comment\",\"target\":[\"https:\/\/dmcsrb.com\/podgorica\/mujovic-uputio-dopis-culaficu-vlada-i-lokalna-samouprava-zajednicki-da-rijese-problem-bazena-crvenog-mulja\/#respond\"]}]},{\"@type\":\"WebPage\",\"@id\":\"https:\/\/dmcsrb.com\/podgorica\/mujovic-uputio-dopis-culaficu-vlada-i-lokalna-samouprava-zajednicki-da-rijese-problem-bazena-crvenog-mulja\/\",\"url\":\"https:\/\/dmcsrb.com\/podgorica\/mujovic-uputio-dopis-culaficu-vlada-i-lokalna-samouprava-zajednicki-da-rijese-problem-bazena-crvenog-mulja\/\",\"name\":\"Mujovi\u0107 uputio dopis \u0106ulafi\u0107u: Vlada i lokalna samouprava zajedni\u010dki da rije\u0161e problem bazena crvenog mulja - dmcsrb.com\",\"isPartOf\":{\"@id\":\"https:\/\/dmcsrb.com\/#website\"},\"primaryImageOfPage\":{\"@id\":\"https:\/\/dmcsrb.com\/podgorica\/mujovic-uputio-dopis-culaficu-vlada-i-lokalna-samouprava-zajednicki-da-rijese-problem-bazena-crvenog-mulja\/#primaryimage\"},\"image\":{\"@id\":\"https:\/\/dmcsrb.com\/podgorica\/mujovic-uputio-dopis-culaficu-vlada-i-lokalna-samouprava-zajednicki-da-rijese-problem-bazena-crvenog-mulja\/#primaryimage\"},\"thumbnailUrl\":\"https:\/\/dmcsrb.com\/wp-content\/uploads\/2026\/01\/Sasa-Mujovic-foto-gradski-me-1.webp\",\"datePublished\":\"2025-09-29T04:31:50+00:00\",\"author\":{\"@id\":\"https:\/\/dmcsrb.com\/#\/schema\/person\/5c39170f12db1b8b457732d0b5c854e2\"},\"breadcrumb\":{\"@id\":\"https:\/\/dmcsrb.com\/podgorica\/mujovic-uputio-dopis-culaficu-vlada-i-lokalna-samouprava-zajednicki-da-rijese-problem-bazena-crvenog-mulja\/#breadcrumb\"},\"inLanguage\":\"en-GB\",\"potentialAction\":[{\"@type\":\"ReadAction\",\"target\":[\"https:\/\/dmcsrb.com\/podgorica\/mujovic-uputio-dopis-culaficu-vlada-i-lokalna-samouprava-zajednicki-da-rijese-problem-bazena-crvenog-mulja\/\"]}]},{\"@type\":\"ImageObject\",\"inLanguage\":\"en-GB\",\"@id\":\"https:\/\/dmcsrb.com\/podgorica\/mujovic-uputio-dopis-culaficu-vlada-i-lokalna-samouprava-zajednicki-da-rijese-problem-bazena-crvenog-mulja\/#primaryimage\",\"url\":\"https:\/\/dmcsrb.com\/wp-content\/uploads\/2026\/01\/Sasa-Mujovic-foto-gradski-me-1.webp\",\"contentUrl\":\"https:\/\/dmcsrb.com\/wp-content\/uploads\/2026\/01\/Sasa-Mujovic-foto-gradski-me-1.webp\",\"width\":1461,\"height\":748},{\"@type\":\"BreadcrumbList\",\"@id\":\"https:\/\/dmcsrb.com\/podgorica\/mujovic-uputio-dopis-culaficu-vlada-i-lokalna-samouprava-zajednicki-da-rijese-problem-bazena-crvenog-mulja\/#breadcrumb\",\"itemListElement\":[{\"@type\":\"ListItem\",\"position\":1,\"name\":\"Home\",\"item\":\"https:\/\/dmcsrb.com\/\"},{\"@type\":\"ListItem\",\"position\":2,\"name\":\"Mujovi\u0107 uputio dopis \u0106ulafi\u0107u: Vlada i lokalna samouprava zajedni\u010dki da rije\u0161e problem bazena crvenog mulja\"}]},{\"@type\":\"WebSite\",\"@id\":\"https:\/\/dmcsrb.com\/#website\",\"url\":\"https:\/\/dmcsrb.com\/\",\"name\":\"dmcsrb.com\",\"description\":\"\",\"potentialAction\":[{\"@type\":\"SearchAction\",\"target\":{\"@type\":\"EntryPoint\",\"urlTemplate\":\"https:\/\/dmcsrb.com\/?s={search_term_string}\"},\"query-input\":{\"@type\":\"PropertyValueSpecification\",\"valueRequired\":true,\"valueName\":\"search_term_string\"}}],\"inLanguage\":\"en-GB\"},{\"@type\":\"Person\",\"@id\":\"https:\/\/dmcsrb.com\/#\/schema\/person\/5c39170f12db1b8b457732d0b5c854e2\",\"name\":\"dmcsrbija.com@gmail.com\",\"image\":{\"@type\":\"ImageObject\",\"inLanguage\":\"en-GB\",\"@id\":\"https:\/\/dmcsrb.com\/#\/schema\/person\/image\/\",\"url\":\"https:\/\/secure.gravatar.com\/avatar\/68592660ad6347fad0fb587f8d5d8f1a7b44961362f56e4f2cd524feb87e9069?s=96&d=mm&r=g\",\"contentUrl\":\"https:\/\/secure.gravatar.com\/avatar\/68592660ad6347fad0fb587f8d5d8f1a7b44961362f56e4f2cd524feb87e9069?s=96&d=mm&r=g\",\"caption\":\"dmcsrbija.com@gmail.com\"},\"sameAs\":[\"https:\/\/dmcsrb.com\"],\"url\":\"https:\/\/dmcsrb.com\/en\/author\/dmcsrbija-comgmail-com\/\"}]}<\/script>\n<!-- \/ Yoast SEO plugin. -->","yoast_head_json":{"title":"Mujovi\u0107 uputio dopis \u0106ulafi\u0107u: Vlada i lokalna samouprava zajedni\u010dki da rije\u0161e problem bazena crvenog mulja - dmcsrb.com","robots":{"index":"index","follow":"follow","max-snippet":"max-snippet:-1","max-image-preview":"max-image-preview:large","max-video-preview":"max-video-preview:-1"},"canonical":"https:\/\/dmcsrb.com\/en\/podgorica\/mujovic-uputio-dopis-culaficu-vlada-i-lokalna-samouprava-zajednicki-da-rijese-problem-bazena-crvenog-mulja\/","og_locale":"en_GB","og_type":"article","og_title":"Mujovi\u0107 uputio dopis \u0106ulafi\u0107u: Vlada i lokalna samouprava zajedni\u010dki da rije\u0161e problem bazena crvenog mulja - dmcsrb.com","og_description":"Gradona\u010delnik Podgorice, prof. dr Sa\u0161a Mujovi\u0107, uputio je dopis Ministarstvu ekologije, odr\u017eivog razvoja i razvoja sjevera sa inicijativom da predlo\u017ei Vladi Crne Gore progla\u0161enje bazena crvenog mulja kod Kombinata aluminijuma za podru\u010dje od javnog interesa.","og_url":"https:\/\/dmcsrb.com\/en\/podgorica\/mujovic-uputio-dopis-culaficu-vlada-i-lokalna-samouprava-zajednicki-da-rijese-problem-bazena-crvenog-mulja\/","og_site_name":"dmcsrb.com","article_published_time":"2025-09-29T04:31:50+00:00","og_image":[{"width":1461,"height":748,"url":"https:\/\/dmcsrb.com\/wp-content\/uploads\/2026\/01\/Sasa-Mujovic-foto-gradski-me-1.webp","type":"image\/jpeg"}],"author":"dmcsrbija.com@gmail.com","twitter_card":"summary_large_image","twitter_misc":{"Written by":"dmcsrbija.com@gmail.com","Estimated reading time":"2 minutes"},"schema":{"@context":"https:\/\/schema.org","@graph":[{"@type":"Article","@id":"https:\/\/dmcsrb.com\/podgorica\/mujovic-uputio-dopis-culaficu-vlada-i-lokalna-samouprava-zajednicki-da-rijese-problem-bazena-crvenog-mulja\/#article","isPartOf":{"@id":"https:\/\/dmcsrb.com\/podgorica\/mujovic-uputio-dopis-culaficu-vlada-i-lokalna-samouprava-zajednicki-da-rijese-problem-bazena-crvenog-mulja\/"},"author":{"name":"dmcsrbija.com@gmail.com","@id":"https:\/\/dmcsrb.com\/#\/schema\/person\/5c39170f12db1b8b457732d0b5c854e2"},"headline":"Mujovi\u0107 uputio dopis \u0106ulafi\u0107u: Vlada i lokalna samouprava zajedni\u010dki da rije\u0161e problem bazena crvenog mulja","datePublished":"2025-09-29T04:31:50+00:00","mainEntityOfPage":{"@id":"https:\/\/dmcsrb.com\/podgorica\/mujovic-uputio-dopis-culaficu-vlada-i-lokalna-samouprava-zajednicki-da-rijese-problem-bazena-crvenog-mulja\/"},"wordCount":393,"commentCount":0,"image":{"@id":"https:\/\/dmcsrb.com\/podgorica\/mujovic-uputio-dopis-culaficu-vlada-i-lokalna-samouprava-zajednicki-da-rijese-problem-bazena-crvenog-mulja\/#primaryimage"},"thumbnailUrl":"https:\/\/dmcsrb.com\/wp-content\/uploads\/2026\/01\/Sasa-Mujovic-foto-gradski-me-1.webp","keywords":["bazen mulja","mujovi\u0107"],"articleSection":["Podgorica"],"inLanguage":"en-GB","potentialAction":[{"@type":"CommentAction","name":"Comment","target":["https:\/\/dmcsrb.com\/podgorica\/mujovic-uputio-dopis-culaficu-vlada-i-lokalna-samouprava-zajednicki-da-rijese-problem-bazena-crvenog-mulja\/#respond"]}]},{"@type":"WebPage","@id":"https:\/\/dmcsrb.com\/podgorica\/mujovic-uputio-dopis-culaficu-vlada-i-lokalna-samouprava-zajednicki-da-rijese-problem-bazena-crvenog-mulja\/","url":"https:\/\/dmcsrb.com\/podgorica\/mujovic-uputio-dopis-culaficu-vlada-i-lokalna-samouprava-zajednicki-da-rijese-problem-bazena-crvenog-mulja\/","name":"Mujovi\u0107 uputio dopis \u0106ulafi\u0107u: Vlada i lokalna samouprava zajedni\u010dki da rije\u0161e problem bazena crvenog mulja - dmcsrb.com","isPartOf":{"@id":"https:\/\/dmcsrb.com\/#website"},"primaryImageOfPage":{"@id":"https:\/\/dmcsrb.com\/podgorica\/mujovic-uputio-dopis-culaficu-vlada-i-lokalna-samouprava-zajednicki-da-rijese-problem-bazena-crvenog-mulja\/#primaryimage"},"image":{"@id":"https:\/\/dmcsrb.com\/podgorica\/mujovic-uputio-dopis-culaficu-vlada-i-lokalna-samouprava-zajednicki-da-rijese-problem-bazena-crvenog-mulja\/#primaryimage"},"thumbnailUrl":"https:\/\/dmcsrb.com\/wp-content\/uploads\/2026\/01\/Sasa-Mujovic-foto-gradski-me-1.webp","datePublished":"2025-09-29T04:31:50+00:00","author":{"@id":"https:\/\/dmcsrb.com\/#\/schema\/person\/5c39170f12db1b8b457732d0b5c854e2"},"breadcrumb":{"@id":"https:\/\/dmcsrb.com\/podgorica\/mujovic-uputio-dopis-culaficu-vlada-i-lokalna-samouprava-zajednicki-da-rijese-problem-bazena-crvenog-mulja\/#breadcrumb"},"inLanguage":"en-GB","potentialAction":[{"@type":"ReadAction","target":["https:\/\/dmcsrb.com\/podgorica\/mujovic-uputio-dopis-culaficu-vlada-i-lokalna-samouprava-zajednicki-da-rijese-problem-bazena-crvenog-mulja\/"]}]},{"@type":"ImageObject","inLanguage":"en-GB","@id":"https:\/\/dmcsrb.com\/podgorica\/mujovic-uputio-dopis-culaficu-vlada-i-lokalna-samouprava-zajednicki-da-rijese-problem-bazena-crvenog-mulja\/#primaryimage","url":"https:\/\/dmcsrb.com\/wp-content\/uploads\/2026\/01\/Sasa-Mujovic-foto-gradski-me-1.webp","contentUrl":"https:\/\/dmcsrb.com\/wp-content\/uploads\/2026\/01\/Sasa-Mujovic-foto-gradski-me-1.webp","width":1461,"height":748},{"@type":"BreadcrumbList","@id":"https:\/\/dmcsrb.com\/podgorica\/mujovic-uputio-dopis-culaficu-vlada-i-lokalna-samouprava-zajednicki-da-rijese-problem-bazena-crvenog-mulja\/#breadcrumb","itemListElement":[{"@type":"ListItem","position":1,"name":"Home","item":"https:\/\/dmcsrb.com\/"},{"@type":"ListItem","position":2,"name":"Mujovi\u0107 uputio dopis \u0106ulafi\u0107u: Vlada i lokalna samouprava zajedni\u010dki da rije\u0161e problem bazena crvenog mulja"}]},{"@type":"WebSite","@id":"https:\/\/dmcsrb.com\/#website","url":"https:\/\/dmcsrb.com\/","name":"dmcsrb.com","description":"","potentialAction":[{"@type":"SearchAction","target":{"@type":"EntryPoint","urlTemplate":"https:\/\/dmcsrb.com\/?s={search_term_string}"},"query-input":{"@type":"PropertyValueSpecification","valueRequired":true,"valueName":"search_term_string"}}],"inLanguage":"en-GB"},{"@type":"Person","@id":"https:\/\/dmcsrb.com\/#\/schema\/person\/5c39170f12db1b8b457732d0b5c854e2","name":"dmcsrbija.com@gmail.com","image":{"@type":"ImageObject","inLanguage":"en-GB","@id":"https:\/\/dmcsrb.com\/#\/schema\/person\/image\/","url":"https:\/\/secure.gravatar.com\/avatar\/68592660ad6347fad0fb587f8d5d8f1a7b44961362f56e4f2cd524feb87e9069?s=96&d=mm&r=g","contentUrl":"https:\/\/secure.gravatar.com\/avatar\/68592660ad6347fad0fb587f8d5d8f1a7b44961362f56e4f2cd524feb87e9069?s=96&d=mm&r=g","caption":"dmcsrbija.com@gmail.com"},"sameAs":["https:\/\/dmcsrb.com"],"url":"https:\/\/dmcsrb.com\/en\/author\/dmcsrbija-comgmail-com\/"}]}},"_links":{"self":[{"href":"https:\/\/dmcsrb.com\/en\/wp-json\/wp\/v2\/posts\/954578","targetHints":{"allow":["GET"]}}],"collection":[{"href":"https:\/\/dmcsrb.com\/en\/wp-json\/wp\/v2\/posts"}],"about":[{"href":"https:\/\/dmcsrb.com\/en\/wp-json\/wp\/v2\/types\/post"}],"author":[{"embeddable":true,"href":"https:\/\/dmcsrb.com\/en\/wp-json\/wp\/v2\/users\/1"}],"replies":[{"embeddable":true,"href":"https:\/\/dmcsrb.com\/en\/wp-json\/wp\/v2\/comments?post=954578"}],"version-history":[{"count":0,"href":"https:\/\/dmcsrb.com\/en\/wp-json\/wp\/v2\/posts\/954578\/revisions"}],"wp:featuredmedia":[{"embeddable":true,"href":"https:\/\/dmcsrb.com\/en\/wp-json\/wp\/v2\/media\/954579"}],"wp:attachment":[{"href":"https:\/\/dmcsrb.com\/en\/wp-json\/wp\/v2\/media?parent=954578"}],"wp:term":[{"taxonomy":"category","embeddable":true,"href":"https:\/\/dmcsrb.com\/en\/wp-json\/wp\/v2\/categories?post=954578"},{"taxonomy":"post_tag","embeddable":true,"href":"https:\/\/dmcsrb.com\/en\/wp-json\/wp\/v2\/tags?post=954578"},{"taxonomy":"naslovna","embeddable":true,"href":"https:\/\/dmcsrb.com\/en\/wp-json\/wp\/v2\/naslovna?post=954578"}],"curies":[{"name":"wp","href":"https:\/\/api.w.org\/{rel}","templated":true}]}}