{"id":954518,"date":"2025-09-28T15:36:00","date_gmt":"2025-09-28T13:36:00","guid":{"rendered":"https:\/\/dmcsrb.com\/uncategorized\/institucionalni-kapaciteti-i-povjerenje-gradjana-i-dalje-izazov-na-putu-ka-eu\/"},"modified":"2025-09-28T15:36:00","modified_gmt":"2025-09-28T13:36:00","slug":"institucionalni-kapaciteti-i-povjerenje-gradjana-i-dalje-izazov-na-putu-ka-eu","status":"publish","type":"post","link":"https:\/\/dmcsrb.com\/en\/drustvo\/institucionalni-kapaciteti-i-povjerenje-gradjana-i-dalje-izazov-na-putu-ka-eu\/","title":{"rendered":"Institucionalni kapaciteti i povjerenje gra\u0111ana i dalje izazov na putu ka EU"},"content":{"rendered":"<p><\/p>\n\n\n\n<p>U\u010desnici na panelu bili <strong>su Damjan \u0106ulafi\u0107<\/strong>, ministar ekologije, odr\u017eivog razvoja i razvoja sjevera, <strong>Biljana Papovi\u0107<\/strong>, dr\u017eavna sekretarka u Ministarstvu evropskih poslova, <strong>Jelena Grdini\u0107<\/strong>, generalna direktorica Direktorata za krivi\u010dno i gra\u0111ansko zakonodavstvo u Ministarstvu pravde, <strong>Dejan Milovac<\/strong>, direktor Istra\u017eiva\u010dkog centra MANS-a.<\/p>\n\n\n\n<p>Ministar ekologije, odr\u017eivog razvoja i razvoja sjevera,<strong> Damjan \u0106ulafi\u0107<\/strong>, ocijenio je da \u0107e Crna Gora uspjeti da ispuni normativni dio obaveza u okviru Poglavlja 27 kroz usvajanje zakona, strategija i podzakonskih akata, ali da su infrastrukturni projekti mnogo ve\u0107i izazov. \u201eZa njih \u0107e biti neophodna prelazna razdoblja, \u010dije trajanje \u0107e zavisiti od na\u0161e pregovara\u010dke vje\u0161tine,\u201c naglasio je ministar.<\/p>\n\n\n\n<p>Posebno se osvrnuo na primjer Botuna, isti\u010du\u0107i da je to pokazatelj koliko je va\u017eno raditi na osvje\u0161\u0107ivanju gra\u0111ana i dono\u0161enju odluka zasnovanih na \u010dinjenicama. \u201eMnogo se radilo na zbunjivanju i uzbunjivanju javnosti u Zeti, i sada to predstavlja veliki izazov. Botun je pokazao da je sazrijevanje svijesti o zna\u010daju za\u0161tite \u017eivotne sredine spor proces, i to je polje na kojem najvi\u0161e moramo raditi,\u201c poru\u010dio je \u0106ulafi\u0107.<\/p>\n\n\n\n<p>Govore\u0107i o prioritetima, ministar je naglasio da su pitanja otpadnih voda i primarne selekcije otpada me\u0111u najzahtjevnijima, kako sa infrastrukturnog tako i sa finansijskog aspekta. \u201eDr\u017eava do sada nije dovoljno radila na primarnoj selekciji otpada jer su potrebna velika ulaganja. To mora biti fokus planiranja bud\u017eeta u narednom periodu,\u201c kazao je \u0106ulafi\u0107, dodaju\u0107i da je za uspjeh klju\u010dna komunikacija sa gra\u0111anima i intenzivniji dijalog na lokalnom nivou.<\/p>\n\n\n\n<p>Dr\u017eavna sekretarka u Ministarstvu evropskih poslova,<strong> Biljana Papovi\u0107<\/strong>, kazala je da se o\u010dekuje da predstoje\u0107i Izvje\u0161taj o napretku Crne Gore potvrdi postignute rezultate, ali i jasno uka\u017ee na preostale izazove. \u201eOno \u0161to dobijamo kao ocjene iz Brisela i na\u0161e ambicije sada se podudaraju. U izvje\u0161taju \u0107e biti konstatovano ono \u0161to je ura\u0111eno, ali i podvu\u010deno ono \u0161to jo\u0161 ostaje pred nama,\u201c istakla je ona.<\/p>\n\n\n\n<p>Ona je navela da dr\u017eavna administracija na svim nivoima odgovara na \u201cdoma\u0107e zadatke\u201d bez obzira na to koja je politi\u010dka partija na \u010delu resora te da tu ne postoje ko\u010dnice u smislu politi\u010dke volje.&nbsp;<\/p>\n\n\n\n<p>Prema njenim rije\u010dima plan sa Briselom postoji kako da se pregovori zavr\u0161e do 2026. godine, navode\u0107i 2027. kao izbornu godinu i da ne mo\u017eemo o\u010dekivati od donosioca odluka istu volju za finalizacijom evropskog puta.<\/p>\n\n\n\n<p>Tako\u0111e, ona je navela da trenutno u ovom procesu postoje politi\u010dki izazovi. \u201cImamo neki novi talas imenovanja koja treba da se dese, od Ustavnog suda, do situacije sa Centralnom bankom koja je slo\u017eena. Kako \u0107e se Parlament ponijeti prema tome i koliko \u0107e biti izazova ne mo\u017eemo re\u0107i\u201d, kazala je Papovi\u0107.<\/p>\n\n\n\n<p>Generalna direktorica Direktorata za krivi\u010dno i gra\u0111ansko zakonodavstvo u Ministarstvu pravde, <strong>Jelena Grdini\u0107,<\/strong> podsjetila je da Poglavlja 23 i 24 imaju po tri zavr\u0161na mjerila, sa brojnim indikatorima koje je neophodno ispuniti. \u201eNormativna aktivnost sada je manje u fokusu. Sada se o\u010dekuju konkretni rezultati, a oni zavise od velikog broja institucija \u2013 tu\u017eila\u0161tva, sudstva, ministarstava,\u201c kazala je ona.<\/p>\n\n\n\n<p>Grdini\u0107 je pojasnila da je u toku analiza svega \u0161to jo\u0161 nije realizovano, \u0161ta zahtijeva kontinuitet i koje institucije se moraju dodatno aktivirati, uz obezbje\u0111ivanje potrebnih resursa i sredstava. Istakla je da najve\u0107i izazovi trenutno le\u017ee u administrativnim kapacitetima i institucionalnim nedostacima, koji usporavaju realizaciju aktivnosti i pored postojanja politi\u010dke volje.<\/p>\n\n\n\n<p>Kada je rije\u010d o presudama za korupciju na visokom nivou, Grdini\u0107 je naglasila slo\u017eenost tih postupaka. \u201eJedna optu\u017enica obuhvata veliki broj optu\u017eenih lica, a nemamo sudnice koje mogu da podr\u017ee takve predmete. Uz to, Zakonik o krivi\u010dnom postupku pisan je prije nego \u0161to su se pojavili ovakvi slu\u010dajevi,\u201c upozorila je.<\/p>\n\n\n\n<p>Direktor Istra\u017eiva\u010dkog centra MANS-a,<strong> Dejan Milovac<\/strong>, kazao je da dio dru\u0161tva ulazak Crne Gore u EU vidi kao \u0161ansu da se kona\u010dno uspostavi stabilan sistem, ali da politi\u010dke partije \u010desto propu\u0161taju da poka\u017eu odgovornost. \u201eKad god Crna Gora napravi jedan ili dva koraka ka EU, politi\u010dke strukture poku\u0161avaju da taj napredak neutrali\u0161u ili vrate unazad. Najve\u0107i problem je \u0161to politi\u010dari vlast do\u017eivljavaju prvenstveno kao na\u010din da grade svoju partijsku bazu,\u201c istakao je on.<\/p>\n\n\n\n<p>Milovac je ocijenio da \u0107e, zbog geopoliti\u010dkih okolnosti i interesa EU, Crna Gora vjerovatno postati \u010dlanica Unije, ali da to ne\u0107e automatski rije\u0161iti unutra\u0161nje probleme. \u201eNe\u0107e se ni\u0161ta presudno promijeniti 2028. godine \u2013 na\u0161i izazovi \u0107e ostati, uklju\u010duju\u0107i i ekolo\u0161ke probleme. Te\u0161ko da \u0107emo do 2026. dovesti zakonodavni okvir na nivo da kona\u010dno slu\u017ei gra\u0111anima,\u201c upozorio je Milovac.<\/p>\n\n\n\n<p>Govore\u0107i o reformama pravosu\u0111a, posebno je ukazao na potrebu za vetingom u sudstvu. Podsjetio je na slu\u010daj biv\u0161e predsjednice Vrhovnog suda Vesne Medenice, navode\u0107i da je to sna\u017ean argument za pokretanje procesa provjere. \u201eImamo pravo da sumnjamo da je svaki sudija bio unutar njene mre\u017ee. Ona je bila dugo u pravosu\u0111u i na pozicijama gdje je mogla da uti\u010de na one koji su bili pogodni za pritisak,\u201c kazao je Milovac, dodaju\u0107i da je prvi korak ka vetingu formiranje specijalnog suda i anga\u017eman stru\u010dnih timova za slo\u017eene slu\u010dajeve.<\/p>","protected":false},"excerpt":{"rendered":"<p>Crna Gora na putu ka EU postigla je zna\u010dajan napredak u normativnom okviru i pregovara\u010dkom procesu, ali klju\u010dni izazovi ostaju u oblasti institucionalnih kapaciteta, sprovo\u0111enja reformi i ja\u010danja povjerenja gra\u0111ana, zaklju\u010deno je na panelu pod nazivom Trenutni proces i obaveze Crne Gore na putu ka EU, koji je odr\u017ean danas u Ulcinju u sklopu prvog modula \u0160kole politi\u010dkih studija, pod nazivom \u201eEU u praksi &#8211; \u0161ta nas zaista \u010deka?\u201c.<\/p>","protected":false},"author":1,"featured_media":954519,"comment_status":"open","ping_status":"open","sticky":false,"template":"","format":"standard","meta":{"_acf_changed":false,"footnotes":""},"categories":[2],"tags":[9508,3277,9509,9489],"naslovna":[],"class_list":["post-954518","post","type-post","status-publish","format-standard","has-post-thumbnail","hentry","category-drustvo","tag-institucionalni-kapaciteti","tag-izazov","tag-povjerenje-gradjana","tag-put-ka-eu"],"acf":[],"yoast_head":"<!-- This site is optimized with the Yoast SEO plugin v27.4 - https:\/\/yoast.com\/product\/yoast-seo-wordpress\/ -->\n<title>Institucionalni kapaciteti i povjerenje gra\u0111ana i dalje izazov na putu ka EU - dmcsrb.com<\/title>\n<meta name=\"robots\" content=\"index, follow, max-snippet:-1, max-image-preview:large, max-video-preview:-1\" \/>\n<link rel=\"canonical\" href=\"https:\/\/dmcsrb.com\/en\/drustvo\/institucionalni-kapaciteti-i-povjerenje-gradjana-i-dalje-izazov-na-putu-ka-eu\/\" \/>\n<meta property=\"og:locale\" content=\"en_GB\" \/>\n<meta property=\"og:type\" content=\"article\" \/>\n<meta property=\"og:title\" content=\"Institucionalni kapaciteti i povjerenje gra\u0111ana i dalje izazov na putu ka EU - dmcsrb.com\" \/>\n<meta property=\"og:description\" content=\"Crna Gora na putu ka EU postigla je zna\u010dajan napredak u normativnom okviru i pregovara\u010dkom procesu, ali klju\u010dni izazovi ostaju u oblasti institucionalnih kapaciteta, sprovo\u0111enja reformi i ja\u010danja povjerenja gra\u0111ana, zaklju\u010deno je na panelu pod nazivom Trenutni proces i obaveze Crne Gore na putu ka EU, koji je odr\u017ean danas u Ulcinju u sklopu prvog modula \u0160kole politi\u010dkih studija, pod nazivom \u201eEU u praksi - \u0161ta nas zaista \u010deka?\u201c.\" \/>\n<meta property=\"og:url\" content=\"https:\/\/dmcsrb.com\/en\/drustvo\/institucionalni-kapaciteti-i-povjerenje-gradjana-i-dalje-izazov-na-putu-ka-eu\/\" \/>\n<meta property=\"og:site_name\" content=\"dmcsrb.com\" \/>\n<meta property=\"article:published_time\" content=\"2025-09-28T13:36:00+00:00\" \/>\n<meta property=\"og:image\" content=\"https:\/\/dmcsrb.com\/wp-content\/uploads\/2026\/01\/Panel-foto-scaled-1.webp\" \/>\n\t<meta property=\"og:image:width\" content=\"2560\" \/>\n\t<meta property=\"og:image:height\" content=\"2041\" \/>\n\t<meta property=\"og:image:type\" content=\"image\/jpeg\" \/>\n<meta name=\"author\" content=\"dmcsrbija.com@gmail.com\" \/>\n<meta name=\"twitter:card\" content=\"summary_large_image\" \/>\n<meta name=\"twitter:label1\" content=\"Written by\" \/>\n\t<meta name=\"twitter:data1\" content=\"dmcsrbija.com@gmail.com\" \/>\n\t<meta name=\"twitter:label2\" content=\"Estimated reading time\" \/>\n\t<meta name=\"twitter:data2\" content=\"4 minutes\" \/>\n<script type=\"application\/ld+json\" class=\"yoast-schema-graph\">{\"@context\":\"https:\\\/\\\/schema.org\",\"@graph\":[{\"@type\":\"Article\",\"@id\":\"https:\\\/\\\/dmcsrb.com\\\/en\\\/drustvo\\\/institucionalni-kapaciteti-i-povjerenje-gradjana-i-dalje-izazov-na-putu-ka-eu\\\/#article\",\"isPartOf\":{\"@id\":\"https:\\\/\\\/dmcsrb.com\\\/en\\\/drustvo\\\/institucionalni-kapaciteti-i-povjerenje-gradjana-i-dalje-izazov-na-putu-ka-eu\\\/\"},\"author\":{\"name\":\"dmcsrbija.com@gmail.com\",\"@id\":\"https:\\\/\\\/dmcsrb.com\\\/#\\\/schema\\\/person\\\/5c39170f12db1b8b457732d0b5c854e2\"},\"headline\":\"Institucionalni kapaciteti i povjerenje gra\u0111ana i dalje izazov na putu ka EU\",\"datePublished\":\"2025-09-28T13:36:00+00:00\",\"mainEntityOfPage\":{\"@id\":\"https:\\\/\\\/dmcsrb.com\\\/en\\\/drustvo\\\/institucionalni-kapaciteti-i-povjerenje-gradjana-i-dalje-izazov-na-putu-ka-eu\\\/\"},\"wordCount\":908,\"commentCount\":0,\"image\":{\"@id\":\"https:\\\/\\\/dmcsrb.com\\\/en\\\/drustvo\\\/institucionalni-kapaciteti-i-povjerenje-gradjana-i-dalje-izazov-na-putu-ka-eu\\\/#primaryimage\"},\"thumbnailUrl\":\"https:\\\/\\\/dmcsrb.com\\\/wp-content\\\/uploads\\\/2026\\\/01\\\/Panel-foto-scaled-1.webp\",\"keywords\":[\"Institucionalni kapaciteti\",\"Izazov\",\"povjerenje gra\u0111ana\",\"Put ka EU\"],\"articleSection\":[\"Dru\u0161tvo\"],\"inLanguage\":\"en-GB\",\"potentialAction\":[{\"@type\":\"CommentAction\",\"name\":\"Comment\",\"target\":[\"https:\\\/\\\/dmcsrb.com\\\/en\\\/drustvo\\\/institucionalni-kapaciteti-i-povjerenje-gradjana-i-dalje-izazov-na-putu-ka-eu\\\/#respond\"]}]},{\"@type\":\"WebPage\",\"@id\":\"https:\\\/\\\/dmcsrb.com\\\/en\\\/drustvo\\\/institucionalni-kapaciteti-i-povjerenje-gradjana-i-dalje-izazov-na-putu-ka-eu\\\/\",\"url\":\"https:\\\/\\\/dmcsrb.com\\\/en\\\/drustvo\\\/institucionalni-kapaciteti-i-povjerenje-gradjana-i-dalje-izazov-na-putu-ka-eu\\\/\",\"name\":\"Institucionalni kapaciteti i povjerenje gra\u0111ana i dalje izazov na putu ka EU - dmcsrb.com\",\"isPartOf\":{\"@id\":\"https:\\\/\\\/dmcsrb.com\\\/#website\"},\"primaryImageOfPage\":{\"@id\":\"https:\\\/\\\/dmcsrb.com\\\/en\\\/drustvo\\\/institucionalni-kapaciteti-i-povjerenje-gradjana-i-dalje-izazov-na-putu-ka-eu\\\/#primaryimage\"},\"image\":{\"@id\":\"https:\\\/\\\/dmcsrb.com\\\/en\\\/drustvo\\\/institucionalni-kapaciteti-i-povjerenje-gradjana-i-dalje-izazov-na-putu-ka-eu\\\/#primaryimage\"},\"thumbnailUrl\":\"https:\\\/\\\/dmcsrb.com\\\/wp-content\\\/uploads\\\/2026\\\/01\\\/Panel-foto-scaled-1.webp\",\"datePublished\":\"2025-09-28T13:36:00+00:00\",\"author\":{\"@id\":\"https:\\\/\\\/dmcsrb.com\\\/#\\\/schema\\\/person\\\/5c39170f12db1b8b457732d0b5c854e2\"},\"breadcrumb\":{\"@id\":\"https:\\\/\\\/dmcsrb.com\\\/en\\\/drustvo\\\/institucionalni-kapaciteti-i-povjerenje-gradjana-i-dalje-izazov-na-putu-ka-eu\\\/#breadcrumb\"},\"inLanguage\":\"en-GB\",\"potentialAction\":[{\"@type\":\"ReadAction\",\"target\":[\"https:\\\/\\\/dmcsrb.com\\\/en\\\/drustvo\\\/institucionalni-kapaciteti-i-povjerenje-gradjana-i-dalje-izazov-na-putu-ka-eu\\\/\"]}]},{\"@type\":\"ImageObject\",\"inLanguage\":\"en-GB\",\"@id\":\"https:\\\/\\\/dmcsrb.com\\\/en\\\/drustvo\\\/institucionalni-kapaciteti-i-povjerenje-gradjana-i-dalje-izazov-na-putu-ka-eu\\\/#primaryimage\",\"url\":\"https:\\\/\\\/dmcsrb.com\\\/wp-content\\\/uploads\\\/2026\\\/01\\\/Panel-foto-scaled-1.webp\",\"contentUrl\":\"https:\\\/\\\/dmcsrb.com\\\/wp-content\\\/uploads\\\/2026\\\/01\\\/Panel-foto-scaled-1.webp\",\"width\":2560,\"height\":2041},{\"@type\":\"BreadcrumbList\",\"@id\":\"https:\\\/\\\/dmcsrb.com\\\/en\\\/drustvo\\\/institucionalni-kapaciteti-i-povjerenje-gradjana-i-dalje-izazov-na-putu-ka-eu\\\/#breadcrumb\",\"itemListElement\":[{\"@type\":\"ListItem\",\"position\":1,\"name\":\"Home\",\"item\":\"https:\\\/\\\/dmcsrb.com\\\/\"},{\"@type\":\"ListItem\",\"position\":2,\"name\":\"Institucionalni kapaciteti i povjerenje gra\u0111ana i dalje izazov na putu ka EU\"}]},{\"@type\":\"WebSite\",\"@id\":\"https:\\\/\\\/dmcsrb.com\\\/#website\",\"url\":\"https:\\\/\\\/dmcsrb.com\\\/\",\"name\":\"dmcsrb.com\",\"description\":\"\",\"potentialAction\":[{\"@type\":\"SearchAction\",\"target\":{\"@type\":\"EntryPoint\",\"urlTemplate\":\"https:\\\/\\\/dmcsrb.com\\\/?s={search_term_string}\"},\"query-input\":{\"@type\":\"PropertyValueSpecification\",\"valueRequired\":true,\"valueName\":\"search_term_string\"}}],\"inLanguage\":\"en-GB\"},{\"@type\":\"Person\",\"@id\":\"https:\\\/\\\/dmcsrb.com\\\/#\\\/schema\\\/person\\\/5c39170f12db1b8b457732d0b5c854e2\",\"name\":\"dmcsrbija.com@gmail.com\",\"image\":{\"@type\":\"ImageObject\",\"inLanguage\":\"en-GB\",\"@id\":\"https:\\\/\\\/secure.gravatar.com\\\/avatar\\\/68592660ad6347fad0fb587f8d5d8f1a7b44961362f56e4f2cd524feb87e9069?s=96&d=mm&r=g\",\"url\":\"https:\\\/\\\/secure.gravatar.com\\\/avatar\\\/68592660ad6347fad0fb587f8d5d8f1a7b44961362f56e4f2cd524feb87e9069?s=96&d=mm&r=g\",\"contentUrl\":\"https:\\\/\\\/secure.gravatar.com\\\/avatar\\\/68592660ad6347fad0fb587f8d5d8f1a7b44961362f56e4f2cd524feb87e9069?s=96&d=mm&r=g\",\"caption\":\"dmcsrbija.com@gmail.com\"},\"sameAs\":[\"https:\\\/\\\/dmcsrb.com\"],\"url\":\"https:\\\/\\\/dmcsrb.com\\\/en\\\/author\\\/dmcsrbija-comgmail-com\\\/\"}]}<\/script>\n<!-- \/ Yoast SEO plugin. -->","yoast_head_json":{"title":"Institucionalni kapaciteti i povjerenje gra\u0111ana i dalje izazov na putu ka EU - dmcsrb.com","robots":{"index":"index","follow":"follow","max-snippet":"max-snippet:-1","max-image-preview":"max-image-preview:large","max-video-preview":"max-video-preview:-1"},"canonical":"https:\/\/dmcsrb.com\/en\/drustvo\/institucionalni-kapaciteti-i-povjerenje-gradjana-i-dalje-izazov-na-putu-ka-eu\/","og_locale":"en_GB","og_type":"article","og_title":"Institucionalni kapaciteti i povjerenje gra\u0111ana i dalje izazov na putu ka EU - dmcsrb.com","og_description":"Crna Gora na putu ka EU postigla je zna\u010dajan napredak u normativnom okviru i pregovara\u010dkom procesu, ali klju\u010dni izazovi ostaju u oblasti institucionalnih kapaciteta, sprovo\u0111enja reformi i ja\u010danja povjerenja gra\u0111ana, zaklju\u010deno je na panelu pod nazivom Trenutni proces i obaveze Crne Gore na putu ka EU, koji je odr\u017ean danas u Ulcinju u sklopu prvog modula \u0160kole politi\u010dkih studija, pod nazivom \u201eEU u praksi - \u0161ta nas zaista \u010deka?\u201c.","og_url":"https:\/\/dmcsrb.com\/en\/drustvo\/institucionalni-kapaciteti-i-povjerenje-gradjana-i-dalje-izazov-na-putu-ka-eu\/","og_site_name":"dmcsrb.com","article_published_time":"2025-09-28T13:36:00+00:00","og_image":[{"width":2560,"height":2041,"url":"https:\/\/dmcsrb.com\/wp-content\/uploads\/2026\/01\/Panel-foto-scaled-1.webp","type":"image\/jpeg"}],"author":"dmcsrbija.com@gmail.com","twitter_card":"summary_large_image","twitter_misc":{"Written by":"dmcsrbija.com@gmail.com","Estimated reading time":"4 minutes"},"schema":{"@context":"https:\/\/schema.org","@graph":[{"@type":"Article","@id":"https:\/\/dmcsrb.com\/en\/drustvo\/institucionalni-kapaciteti-i-povjerenje-gradjana-i-dalje-izazov-na-putu-ka-eu\/#article","isPartOf":{"@id":"https:\/\/dmcsrb.com\/en\/drustvo\/institucionalni-kapaciteti-i-povjerenje-gradjana-i-dalje-izazov-na-putu-ka-eu\/"},"author":{"name":"dmcsrbija.com@gmail.com","@id":"https:\/\/dmcsrb.com\/#\/schema\/person\/5c39170f12db1b8b457732d0b5c854e2"},"headline":"Institucionalni kapaciteti i povjerenje gra\u0111ana i dalje izazov na putu ka EU","datePublished":"2025-09-28T13:36:00+00:00","mainEntityOfPage":{"@id":"https:\/\/dmcsrb.com\/en\/drustvo\/institucionalni-kapaciteti-i-povjerenje-gradjana-i-dalje-izazov-na-putu-ka-eu\/"},"wordCount":908,"commentCount":0,"image":{"@id":"https:\/\/dmcsrb.com\/en\/drustvo\/institucionalni-kapaciteti-i-povjerenje-gradjana-i-dalje-izazov-na-putu-ka-eu\/#primaryimage"},"thumbnailUrl":"https:\/\/dmcsrb.com\/wp-content\/uploads\/2026\/01\/Panel-foto-scaled-1.webp","keywords":["Institucionalni kapaciteti","Izazov","povjerenje gra\u0111ana","Put ka EU"],"articleSection":["Dru\u0161tvo"],"inLanguage":"en-GB","potentialAction":[{"@type":"CommentAction","name":"Comment","target":["https:\/\/dmcsrb.com\/en\/drustvo\/institucionalni-kapaciteti-i-povjerenje-gradjana-i-dalje-izazov-na-putu-ka-eu\/#respond"]}]},{"@type":"WebPage","@id":"https:\/\/dmcsrb.com\/en\/drustvo\/institucionalni-kapaciteti-i-povjerenje-gradjana-i-dalje-izazov-na-putu-ka-eu\/","url":"https:\/\/dmcsrb.com\/en\/drustvo\/institucionalni-kapaciteti-i-povjerenje-gradjana-i-dalje-izazov-na-putu-ka-eu\/","name":"Institucionalni kapaciteti i povjerenje gra\u0111ana i dalje izazov na putu ka EU - dmcsrb.com","isPartOf":{"@id":"https:\/\/dmcsrb.com\/#website"},"primaryImageOfPage":{"@id":"https:\/\/dmcsrb.com\/en\/drustvo\/institucionalni-kapaciteti-i-povjerenje-gradjana-i-dalje-izazov-na-putu-ka-eu\/#primaryimage"},"image":{"@id":"https:\/\/dmcsrb.com\/en\/drustvo\/institucionalni-kapaciteti-i-povjerenje-gradjana-i-dalje-izazov-na-putu-ka-eu\/#primaryimage"},"thumbnailUrl":"https:\/\/dmcsrb.com\/wp-content\/uploads\/2026\/01\/Panel-foto-scaled-1.webp","datePublished":"2025-09-28T13:36:00+00:00","author":{"@id":"https:\/\/dmcsrb.com\/#\/schema\/person\/5c39170f12db1b8b457732d0b5c854e2"},"breadcrumb":{"@id":"https:\/\/dmcsrb.com\/en\/drustvo\/institucionalni-kapaciteti-i-povjerenje-gradjana-i-dalje-izazov-na-putu-ka-eu\/#breadcrumb"},"inLanguage":"en-GB","potentialAction":[{"@type":"ReadAction","target":["https:\/\/dmcsrb.com\/en\/drustvo\/institucionalni-kapaciteti-i-povjerenje-gradjana-i-dalje-izazov-na-putu-ka-eu\/"]}]},{"@type":"ImageObject","inLanguage":"en-GB","@id":"https:\/\/dmcsrb.com\/en\/drustvo\/institucionalni-kapaciteti-i-povjerenje-gradjana-i-dalje-izazov-na-putu-ka-eu\/#primaryimage","url":"https:\/\/dmcsrb.com\/wp-content\/uploads\/2026\/01\/Panel-foto-scaled-1.webp","contentUrl":"https:\/\/dmcsrb.com\/wp-content\/uploads\/2026\/01\/Panel-foto-scaled-1.webp","width":2560,"height":2041},{"@type":"BreadcrumbList","@id":"https:\/\/dmcsrb.com\/en\/drustvo\/institucionalni-kapaciteti-i-povjerenje-gradjana-i-dalje-izazov-na-putu-ka-eu\/#breadcrumb","itemListElement":[{"@type":"ListItem","position":1,"name":"Home","item":"https:\/\/dmcsrb.com\/"},{"@type":"ListItem","position":2,"name":"Institucionalni kapaciteti i povjerenje gra\u0111ana i dalje izazov na putu ka EU"}]},{"@type":"WebSite","@id":"https:\/\/dmcsrb.com\/#website","url":"https:\/\/dmcsrb.com\/","name":"dmcsrb.com","description":"","potentialAction":[{"@type":"SearchAction","target":{"@type":"EntryPoint","urlTemplate":"https:\/\/dmcsrb.com\/?s={search_term_string}"},"query-input":{"@type":"PropertyValueSpecification","valueRequired":true,"valueName":"search_term_string"}}],"inLanguage":"en-GB"},{"@type":"Person","@id":"https:\/\/dmcsrb.com\/#\/schema\/person\/5c39170f12db1b8b457732d0b5c854e2","name":"dmcsrbija.com@gmail.com","image":{"@type":"ImageObject","inLanguage":"en-GB","@id":"https:\/\/secure.gravatar.com\/avatar\/68592660ad6347fad0fb587f8d5d8f1a7b44961362f56e4f2cd524feb87e9069?s=96&d=mm&r=g","url":"https:\/\/secure.gravatar.com\/avatar\/68592660ad6347fad0fb587f8d5d8f1a7b44961362f56e4f2cd524feb87e9069?s=96&d=mm&r=g","contentUrl":"https:\/\/secure.gravatar.com\/avatar\/68592660ad6347fad0fb587f8d5d8f1a7b44961362f56e4f2cd524feb87e9069?s=96&d=mm&r=g","caption":"dmcsrbija.com@gmail.com"},"sameAs":["https:\/\/dmcsrb.com"],"url":"https:\/\/dmcsrb.com\/en\/author\/dmcsrbija-comgmail-com\/"}]}},"_links":{"self":[{"href":"https:\/\/dmcsrb.com\/en\/wp-json\/wp\/v2\/posts\/954518","targetHints":{"allow":["GET"]}}],"collection":[{"href":"https:\/\/dmcsrb.com\/en\/wp-json\/wp\/v2\/posts"}],"about":[{"href":"https:\/\/dmcsrb.com\/en\/wp-json\/wp\/v2\/types\/post"}],"author":[{"embeddable":true,"href":"https:\/\/dmcsrb.com\/en\/wp-json\/wp\/v2\/users\/1"}],"replies":[{"embeddable":true,"href":"https:\/\/dmcsrb.com\/en\/wp-json\/wp\/v2\/comments?post=954518"}],"version-history":[{"count":0,"href":"https:\/\/dmcsrb.com\/en\/wp-json\/wp\/v2\/posts\/954518\/revisions"}],"wp:featuredmedia":[{"embeddable":true,"href":"https:\/\/dmcsrb.com\/en\/wp-json\/wp\/v2\/media\/954519"}],"wp:attachment":[{"href":"https:\/\/dmcsrb.com\/en\/wp-json\/wp\/v2\/media?parent=954518"}],"wp:term":[{"taxonomy":"category","embeddable":true,"href":"https:\/\/dmcsrb.com\/en\/wp-json\/wp\/v2\/categories?post=954518"},{"taxonomy":"post_tag","embeddable":true,"href":"https:\/\/dmcsrb.com\/en\/wp-json\/wp\/v2\/tags?post=954518"},{"taxonomy":"naslovna","embeddable":true,"href":"https:\/\/dmcsrb.com\/en\/wp-json\/wp\/v2\/naslovna?post=954518"}],"curies":[{"name":"wp","href":"https:\/\/api.w.org\/{rel}","templated":true}]}}