{"id":954502,"date":"2025-09-28T14:10:00","date_gmt":"2025-09-28T12:10:00","guid":{"rendered":"https:\/\/dmcsrb.com\/uncategorized\/kopac-crna-gora-u-meni-ima-ambasadora-koji-ce-se-snazno-zalagati-da-crna-gora-bude-prva-naredna-clanica-evropske-unije\/"},"modified":"2025-09-28T14:10:00","modified_gmt":"2025-09-28T12:10:00","slug":"kopac-crna-gora-u-meni-ima-ambasadora-koji-ce-se-snazno-zalagati-da-crna-gora-bude-prva-naredna-clanica-evropske-unije","status":"publish","type":"post","link":"https:\/\/dmcsrb.com\/en\/politika\/kopac-crna-gora-u-meni-ima-ambasadora-koji-ce-se-snazno-zalagati-da-crna-gora-bude-prva-naredna-clanica-evropske-unije\/","title":{"rendered":"Kopa\u010d: Crna Gora u meni ima ambasadora koji \u0107e se sna\u017eno zalagati da Crna Gora bude prva naredna \u010dlanica Evropske unije"},"content":{"rendered":"<p><br>Tokom susreta, potpredsjednica Popovi\u0107 istakla je da Crna Gora predano radi na ispunjavanju svih uslova kako bi do 2028. godine postala 28. \u010dlanica Evropske unije. Ona je naglasila da su zna\u010dajno unaprije\u0111ene kvote za u\u010de\u0161\u0107e \u017eena u politi\u010dkom i javnom \u017eivotu, te da Skup\u0161tina Crne Gore ostaje posve\u0107en partner u promovisanju jednakosti i evropskih vrijednosti.<br><br>Potpredsjednica Evropskog parlamenta Eva Kopa\u010d poru\u010dila je da je Crna Gora, kada je rije\u010d o zastupljenosti \u017eena i pitanju rodnih kvota, u mnogim aspektima ispred samog Evropskog parlamenta. &#8220;Crna Gora u meni ima ambasadora koji \u0107e se sna\u017eno zalagati da Crna Gora bude prva naredna \u010dlanica EU,\u201c poru\u010dila je Kopa\u010d. Ona je zahvalila potpredsjednici Popovi\u0107 na gostoprimstvu i istakla da \u0107e nastaviti da pru\u017ea sna\u017enu podr\u0161ku evropskom putu Crne Gore.<br><br>Kopa\u010d je, u znak prijateljstva i budu\u0107e saradnje, uputila i poziv potpredsjednici Popovi\u0107 da bude njena go\u0161\u0107a u Evropskom parlamentu.<\/p>\n\n\n\n<p><\/p>","protected":false},"excerpt":{"rendered":"<p>Potpredsjednica Skup\u0161tine Crne Gore Zdenka Popovi\u0107 priredila je danas sve\u010dani do\u010dek prvoj potpredsjednici Evropskog parlamenta Evi Kopa\u010d, koja na njen poziv boravi u Crnoj Gori povodom u\u010de\u0161\u0107a na presti\u017enom Samitu \u017eena liderki (WPL Summit 2025), saop\u0161teno je iz Skup\u0161tine Crne Gore.<\/p>","protected":false},"author":1,"featured_media":954503,"comment_status":"open","ping_status":"open","sticky":false,"template":"","format":"standard","meta":{"_acf_changed":false,"footnotes":""},"categories":[12],"tags":[7896,95,9490,9491],"naslovna":[],"class_list":["post-954502","post","type-post","status-publish","format-standard","has-post-thumbnail","hentry","category-politika","tag-ambasador","tag-crna-gora","tag-eva-kopac","tag-prva-naredna-clanica-eu"],"acf":[],"yoast_head":"<!-- This site is optimized with the Yoast SEO plugin v27.4 - https:\/\/yoast.com\/product\/yoast-seo-wordpress\/ -->\n<title>Kopa\u010d: Crna Gora u meni ima ambasadora koji \u0107e se sna\u017eno zalagati da Crna Gora bude prva naredna \u010dlanica Evropske unije - dmcsrb.com<\/title>\n<meta name=\"robots\" content=\"index, follow, max-snippet:-1, max-image-preview:large, max-video-preview:-1\" \/>\n<link rel=\"canonical\" href=\"https:\/\/dmcsrb.com\/en\/politika\/kopac-crna-gora-u-meni-ima-ambasadora-koji-ce-se-snazno-zalagati-da-crna-gora-bude-prva-naredna-clanica-evropske-unije\/\" \/>\n<meta property=\"og:locale\" content=\"en_GB\" \/>\n<meta property=\"og:type\" content=\"article\" \/>\n<meta property=\"og:title\" content=\"Kopa\u010d: Crna Gora u meni ima ambasadora koji \u0107e se sna\u017eno zalagati da Crna Gora bude prva naredna \u010dlanica Evropske unije - dmcsrb.com\" \/>\n<meta property=\"og:description\" content=\"Potpredsjednica Skup\u0161tine Crne Gore Zdenka Popovi\u0107 priredila je danas sve\u010dani do\u010dek prvoj potpredsjednici Evropskog parlamenta Evi Kopa\u010d, koja na njen poziv boravi u Crnoj Gori povodom u\u010de\u0161\u0107a na presti\u017enom Samitu \u017eena liderki (WPL Summit 2025), saop\u0161teno je iz Skup\u0161tine Crne Gore.\" \/>\n<meta property=\"og:url\" content=\"https:\/\/dmcsrb.com\/en\/politika\/kopac-crna-gora-u-meni-ima-ambasadora-koji-ce-se-snazno-zalagati-da-crna-gora-bude-prva-naredna-clanica-evropske-unije\/\" \/>\n<meta property=\"og:site_name\" content=\"dmcsrb.com\" \/>\n<meta property=\"article:published_time\" content=\"2025-09-28T12:10:00+00:00\" \/>\n<meta property=\"og:image\" content=\"https:\/\/dmcsrb.com\/wp-content\/uploads\/2026\/01\/image1-1.webp\" \/>\n\t<meta property=\"og:image:width\" content=\"640\" \/>\n\t<meta property=\"og:image:height\" content=\"426\" \/>\n\t<meta property=\"og:image:type\" content=\"image\/jpeg\" \/>\n<meta name=\"author\" content=\"dmcsrbija.com@gmail.com\" \/>\n<meta name=\"twitter:card\" content=\"summary_large_image\" \/>\n<meta name=\"twitter:label1\" content=\"Written by\" \/>\n\t<meta name=\"twitter:data1\" content=\"dmcsrbija.com@gmail.com\" \/>\n\t<meta name=\"twitter:label2\" content=\"Estimated reading time\" \/>\n\t<meta name=\"twitter:data2\" content=\"1 minute\" \/>\n<script type=\"application\/ld+json\" class=\"yoast-schema-graph\">{\"@context\":\"https:\\\/\\\/schema.org\",\"@graph\":[{\"@type\":\"Article\",\"@id\":\"https:\\\/\\\/dmcsrb.com\\\/politika\\\/kopac-crna-gora-u-meni-ima-ambasadora-koji-ce-se-snazno-zalagati-da-crna-gora-bude-prva-naredna-clanica-evropske-unije\\\/#article\",\"isPartOf\":{\"@id\":\"https:\\\/\\\/dmcsrb.com\\\/politika\\\/kopac-crna-gora-u-meni-ima-ambasadora-koji-ce-se-snazno-zalagati-da-crna-gora-bude-prva-naredna-clanica-evropske-unije\\\/\"},\"author\":{\"name\":\"dmcsrbija.com@gmail.com\",\"@id\":\"https:\\\/\\\/dmcsrb.com\\\/#\\\/schema\\\/person\\\/5c39170f12db1b8b457732d0b5c854e2\"},\"headline\":\"Kopa\u010d: Crna Gora u meni ima ambasadora koji \u0107e se sna\u017eno zalagati da Crna Gora bude prva naredna \u010dlanica Evropske unije\",\"datePublished\":\"2025-09-28T12:10:00+00:00\",\"mainEntityOfPage\":{\"@id\":\"https:\\\/\\\/dmcsrb.com\\\/politika\\\/kopac-crna-gora-u-meni-ima-ambasadora-koji-ce-se-snazno-zalagati-da-crna-gora-bude-prva-naredna-clanica-evropske-unije\\\/\"},\"wordCount\":180,\"commentCount\":0,\"image\":{\"@id\":\"https:\\\/\\\/dmcsrb.com\\\/politika\\\/kopac-crna-gora-u-meni-ima-ambasadora-koji-ce-se-snazno-zalagati-da-crna-gora-bude-prva-naredna-clanica-evropske-unije\\\/#primaryimage\"},\"thumbnailUrl\":\"https:\\\/\\\/dmcsrb.com\\\/wp-content\\\/uploads\\\/2026\\\/01\\\/image1-1.webp\",\"keywords\":[\"ambasador\",\"Crna Gora\",\"Eva Kopa\u010d\",\"Prva naredna \u010dlanica EU\"],\"articleSection\":[\"Politika\"],\"inLanguage\":\"en-GB\",\"potentialAction\":[{\"@type\":\"CommentAction\",\"name\":\"Comment\",\"target\":[\"https:\\\/\\\/dmcsrb.com\\\/politika\\\/kopac-crna-gora-u-meni-ima-ambasadora-koji-ce-se-snazno-zalagati-da-crna-gora-bude-prva-naredna-clanica-evropske-unije\\\/#respond\"]}]},{\"@type\":\"WebPage\",\"@id\":\"https:\\\/\\\/dmcsrb.com\\\/politika\\\/kopac-crna-gora-u-meni-ima-ambasadora-koji-ce-se-snazno-zalagati-da-crna-gora-bude-prva-naredna-clanica-evropske-unije\\\/\",\"url\":\"https:\\\/\\\/dmcsrb.com\\\/politika\\\/kopac-crna-gora-u-meni-ima-ambasadora-koji-ce-se-snazno-zalagati-da-crna-gora-bude-prva-naredna-clanica-evropske-unije\\\/\",\"name\":\"Kopa\u010d: Crna Gora u meni ima ambasadora koji \u0107e se sna\u017eno zalagati da Crna Gora bude prva naredna \u010dlanica Evropske unije - dmcsrb.com\",\"isPartOf\":{\"@id\":\"https:\\\/\\\/dmcsrb.com\\\/#website\"},\"primaryImageOfPage\":{\"@id\":\"https:\\\/\\\/dmcsrb.com\\\/politika\\\/kopac-crna-gora-u-meni-ima-ambasadora-koji-ce-se-snazno-zalagati-da-crna-gora-bude-prva-naredna-clanica-evropske-unije\\\/#primaryimage\"},\"image\":{\"@id\":\"https:\\\/\\\/dmcsrb.com\\\/politika\\\/kopac-crna-gora-u-meni-ima-ambasadora-koji-ce-se-snazno-zalagati-da-crna-gora-bude-prva-naredna-clanica-evropske-unije\\\/#primaryimage\"},\"thumbnailUrl\":\"https:\\\/\\\/dmcsrb.com\\\/wp-content\\\/uploads\\\/2026\\\/01\\\/image1-1.webp\",\"datePublished\":\"2025-09-28T12:10:00+00:00\",\"author\":{\"@id\":\"https:\\\/\\\/dmcsrb.com\\\/#\\\/schema\\\/person\\\/5c39170f12db1b8b457732d0b5c854e2\"},\"breadcrumb\":{\"@id\":\"https:\\\/\\\/dmcsrb.com\\\/politika\\\/kopac-crna-gora-u-meni-ima-ambasadora-koji-ce-se-snazno-zalagati-da-crna-gora-bude-prva-naredna-clanica-evropske-unije\\\/#breadcrumb\"},\"inLanguage\":\"en-GB\",\"potentialAction\":[{\"@type\":\"ReadAction\",\"target\":[\"https:\\\/\\\/dmcsrb.com\\\/politika\\\/kopac-crna-gora-u-meni-ima-ambasadora-koji-ce-se-snazno-zalagati-da-crna-gora-bude-prva-naredna-clanica-evropske-unije\\\/\"]}]},{\"@type\":\"ImageObject\",\"inLanguage\":\"en-GB\",\"@id\":\"https:\\\/\\\/dmcsrb.com\\\/politika\\\/kopac-crna-gora-u-meni-ima-ambasadora-koji-ce-se-snazno-zalagati-da-crna-gora-bude-prva-naredna-clanica-evropske-unije\\\/#primaryimage\",\"url\":\"https:\\\/\\\/dmcsrb.com\\\/wp-content\\\/uploads\\\/2026\\\/01\\\/image1-1.webp\",\"contentUrl\":\"https:\\\/\\\/dmcsrb.com\\\/wp-content\\\/uploads\\\/2026\\\/01\\\/image1-1.webp\",\"width\":640,\"height\":426},{\"@type\":\"BreadcrumbList\",\"@id\":\"https:\\\/\\\/dmcsrb.com\\\/politika\\\/kopac-crna-gora-u-meni-ima-ambasadora-koji-ce-se-snazno-zalagati-da-crna-gora-bude-prva-naredna-clanica-evropske-unije\\\/#breadcrumb\",\"itemListElement\":[{\"@type\":\"ListItem\",\"position\":1,\"name\":\"Home\",\"item\":\"https:\\\/\\\/dmcsrb.com\\\/\"},{\"@type\":\"ListItem\",\"position\":2,\"name\":\"Kopa\u010d: Crna Gora u meni ima ambasadora koji \u0107e se sna\u017eno zalagati da Crna Gora bude prva naredna \u010dlanica Evropske unije\"}]},{\"@type\":\"WebSite\",\"@id\":\"https:\\\/\\\/dmcsrb.com\\\/#website\",\"url\":\"https:\\\/\\\/dmcsrb.com\\\/\",\"name\":\"dmcsrb.com\",\"description\":\"\",\"potentialAction\":[{\"@type\":\"SearchAction\",\"target\":{\"@type\":\"EntryPoint\",\"urlTemplate\":\"https:\\\/\\\/dmcsrb.com\\\/?s={search_term_string}\"},\"query-input\":{\"@type\":\"PropertyValueSpecification\",\"valueRequired\":true,\"valueName\":\"search_term_string\"}}],\"inLanguage\":\"en-GB\"},{\"@type\":\"Person\",\"@id\":\"https:\\\/\\\/dmcsrb.com\\\/#\\\/schema\\\/person\\\/5c39170f12db1b8b457732d0b5c854e2\",\"name\":\"dmcsrbija.com@gmail.com\",\"image\":{\"@type\":\"ImageObject\",\"inLanguage\":\"en-GB\",\"@id\":\"https:\\\/\\\/secure.gravatar.com\\\/avatar\\\/68592660ad6347fad0fb587f8d5d8f1a7b44961362f56e4f2cd524feb87e9069?s=96&d=mm&r=g\",\"url\":\"https:\\\/\\\/secure.gravatar.com\\\/avatar\\\/68592660ad6347fad0fb587f8d5d8f1a7b44961362f56e4f2cd524feb87e9069?s=96&d=mm&r=g\",\"contentUrl\":\"https:\\\/\\\/secure.gravatar.com\\\/avatar\\\/68592660ad6347fad0fb587f8d5d8f1a7b44961362f56e4f2cd524feb87e9069?s=96&d=mm&r=g\",\"caption\":\"dmcsrbija.com@gmail.com\"},\"sameAs\":[\"https:\\\/\\\/dmcsrb.com\"],\"url\":\"https:\\\/\\\/dmcsrb.com\\\/en\\\/author\\\/dmcsrbija-comgmail-com\\\/\"}]}<\/script>\n<!-- \/ Yoast SEO plugin. -->","yoast_head_json":{"title":"Kopa\u010d: Crna Gora u meni ima ambasadora koji \u0107e se sna\u017eno zalagati da Crna Gora bude prva naredna \u010dlanica Evropske unije - dmcsrb.com","robots":{"index":"index","follow":"follow","max-snippet":"max-snippet:-1","max-image-preview":"max-image-preview:large","max-video-preview":"max-video-preview:-1"},"canonical":"https:\/\/dmcsrb.com\/en\/politika\/kopac-crna-gora-u-meni-ima-ambasadora-koji-ce-se-snazno-zalagati-da-crna-gora-bude-prva-naredna-clanica-evropske-unije\/","og_locale":"en_GB","og_type":"article","og_title":"Kopa\u010d: Crna Gora u meni ima ambasadora koji \u0107e se sna\u017eno zalagati da Crna Gora bude prva naredna \u010dlanica Evropske unije - dmcsrb.com","og_description":"Potpredsjednica Skup\u0161tine Crne Gore Zdenka Popovi\u0107 priredila je danas sve\u010dani do\u010dek prvoj potpredsjednici Evropskog parlamenta Evi Kopa\u010d, koja na njen poziv boravi u Crnoj Gori povodom u\u010de\u0161\u0107a na presti\u017enom Samitu \u017eena liderki (WPL Summit 2025), saop\u0161teno je iz Skup\u0161tine Crne Gore.","og_url":"https:\/\/dmcsrb.com\/en\/politika\/kopac-crna-gora-u-meni-ima-ambasadora-koji-ce-se-snazno-zalagati-da-crna-gora-bude-prva-naredna-clanica-evropske-unije\/","og_site_name":"dmcsrb.com","article_published_time":"2025-09-28T12:10:00+00:00","og_image":[{"width":640,"height":426,"url":"https:\/\/dmcsrb.com\/wp-content\/uploads\/2026\/01\/image1-1.webp","type":"image\/jpeg"}],"author":"dmcsrbija.com@gmail.com","twitter_card":"summary_large_image","twitter_misc":{"Written by":"dmcsrbija.com@gmail.com","Estimated reading time":"1 minute"},"schema":{"@context":"https:\/\/schema.org","@graph":[{"@type":"Article","@id":"https:\/\/dmcsrb.com\/politika\/kopac-crna-gora-u-meni-ima-ambasadora-koji-ce-se-snazno-zalagati-da-crna-gora-bude-prva-naredna-clanica-evropske-unije\/#article","isPartOf":{"@id":"https:\/\/dmcsrb.com\/politika\/kopac-crna-gora-u-meni-ima-ambasadora-koji-ce-se-snazno-zalagati-da-crna-gora-bude-prva-naredna-clanica-evropske-unije\/"},"author":{"name":"dmcsrbija.com@gmail.com","@id":"https:\/\/dmcsrb.com\/#\/schema\/person\/5c39170f12db1b8b457732d0b5c854e2"},"headline":"Kopa\u010d: Crna Gora u meni ima ambasadora koji \u0107e se sna\u017eno zalagati da Crna Gora bude prva naredna \u010dlanica Evropske unije","datePublished":"2025-09-28T12:10:00+00:00","mainEntityOfPage":{"@id":"https:\/\/dmcsrb.com\/politika\/kopac-crna-gora-u-meni-ima-ambasadora-koji-ce-se-snazno-zalagati-da-crna-gora-bude-prva-naredna-clanica-evropske-unije\/"},"wordCount":180,"commentCount":0,"image":{"@id":"https:\/\/dmcsrb.com\/politika\/kopac-crna-gora-u-meni-ima-ambasadora-koji-ce-se-snazno-zalagati-da-crna-gora-bude-prva-naredna-clanica-evropske-unije\/#primaryimage"},"thumbnailUrl":"https:\/\/dmcsrb.com\/wp-content\/uploads\/2026\/01\/image1-1.webp","keywords":["ambasador","Crna Gora","Eva Kopa\u010d","Prva naredna \u010dlanica EU"],"articleSection":["Politika"],"inLanguage":"en-GB","potentialAction":[{"@type":"CommentAction","name":"Comment","target":["https:\/\/dmcsrb.com\/politika\/kopac-crna-gora-u-meni-ima-ambasadora-koji-ce-se-snazno-zalagati-da-crna-gora-bude-prva-naredna-clanica-evropske-unije\/#respond"]}]},{"@type":"WebPage","@id":"https:\/\/dmcsrb.com\/politika\/kopac-crna-gora-u-meni-ima-ambasadora-koji-ce-se-snazno-zalagati-da-crna-gora-bude-prva-naredna-clanica-evropske-unije\/","url":"https:\/\/dmcsrb.com\/politika\/kopac-crna-gora-u-meni-ima-ambasadora-koji-ce-se-snazno-zalagati-da-crna-gora-bude-prva-naredna-clanica-evropske-unije\/","name":"Kopa\u010d: Crna Gora u meni ima ambasadora koji \u0107e se sna\u017eno zalagati da Crna Gora bude prva naredna \u010dlanica Evropske unije - dmcsrb.com","isPartOf":{"@id":"https:\/\/dmcsrb.com\/#website"},"primaryImageOfPage":{"@id":"https:\/\/dmcsrb.com\/politika\/kopac-crna-gora-u-meni-ima-ambasadora-koji-ce-se-snazno-zalagati-da-crna-gora-bude-prva-naredna-clanica-evropske-unije\/#primaryimage"},"image":{"@id":"https:\/\/dmcsrb.com\/politika\/kopac-crna-gora-u-meni-ima-ambasadora-koji-ce-se-snazno-zalagati-da-crna-gora-bude-prva-naredna-clanica-evropske-unije\/#primaryimage"},"thumbnailUrl":"https:\/\/dmcsrb.com\/wp-content\/uploads\/2026\/01\/image1-1.webp","datePublished":"2025-09-28T12:10:00+00:00","author":{"@id":"https:\/\/dmcsrb.com\/#\/schema\/person\/5c39170f12db1b8b457732d0b5c854e2"},"breadcrumb":{"@id":"https:\/\/dmcsrb.com\/politika\/kopac-crna-gora-u-meni-ima-ambasadora-koji-ce-se-snazno-zalagati-da-crna-gora-bude-prva-naredna-clanica-evropske-unije\/#breadcrumb"},"inLanguage":"en-GB","potentialAction":[{"@type":"ReadAction","target":["https:\/\/dmcsrb.com\/politika\/kopac-crna-gora-u-meni-ima-ambasadora-koji-ce-se-snazno-zalagati-da-crna-gora-bude-prva-naredna-clanica-evropske-unije\/"]}]},{"@type":"ImageObject","inLanguage":"en-GB","@id":"https:\/\/dmcsrb.com\/politika\/kopac-crna-gora-u-meni-ima-ambasadora-koji-ce-se-snazno-zalagati-da-crna-gora-bude-prva-naredna-clanica-evropske-unije\/#primaryimage","url":"https:\/\/dmcsrb.com\/wp-content\/uploads\/2026\/01\/image1-1.webp","contentUrl":"https:\/\/dmcsrb.com\/wp-content\/uploads\/2026\/01\/image1-1.webp","width":640,"height":426},{"@type":"BreadcrumbList","@id":"https:\/\/dmcsrb.com\/politika\/kopac-crna-gora-u-meni-ima-ambasadora-koji-ce-se-snazno-zalagati-da-crna-gora-bude-prva-naredna-clanica-evropske-unije\/#breadcrumb","itemListElement":[{"@type":"ListItem","position":1,"name":"Home","item":"https:\/\/dmcsrb.com\/"},{"@type":"ListItem","position":2,"name":"Kopa\u010d: Crna Gora u meni ima ambasadora koji \u0107e se sna\u017eno zalagati da Crna Gora bude prva naredna \u010dlanica Evropske unije"}]},{"@type":"WebSite","@id":"https:\/\/dmcsrb.com\/#website","url":"https:\/\/dmcsrb.com\/","name":"dmcsrb.com","description":"","potentialAction":[{"@type":"SearchAction","target":{"@type":"EntryPoint","urlTemplate":"https:\/\/dmcsrb.com\/?s={search_term_string}"},"query-input":{"@type":"PropertyValueSpecification","valueRequired":true,"valueName":"search_term_string"}}],"inLanguage":"en-GB"},{"@type":"Person","@id":"https:\/\/dmcsrb.com\/#\/schema\/person\/5c39170f12db1b8b457732d0b5c854e2","name":"dmcsrbija.com@gmail.com","image":{"@type":"ImageObject","inLanguage":"en-GB","@id":"https:\/\/secure.gravatar.com\/avatar\/68592660ad6347fad0fb587f8d5d8f1a7b44961362f56e4f2cd524feb87e9069?s=96&d=mm&r=g","url":"https:\/\/secure.gravatar.com\/avatar\/68592660ad6347fad0fb587f8d5d8f1a7b44961362f56e4f2cd524feb87e9069?s=96&d=mm&r=g","contentUrl":"https:\/\/secure.gravatar.com\/avatar\/68592660ad6347fad0fb587f8d5d8f1a7b44961362f56e4f2cd524feb87e9069?s=96&d=mm&r=g","caption":"dmcsrbija.com@gmail.com"},"sameAs":["https:\/\/dmcsrb.com"],"url":"https:\/\/dmcsrb.com\/en\/author\/dmcsrbija-comgmail-com\/"}]}},"_links":{"self":[{"href":"https:\/\/dmcsrb.com\/en\/wp-json\/wp\/v2\/posts\/954502","targetHints":{"allow":["GET"]}}],"collection":[{"href":"https:\/\/dmcsrb.com\/en\/wp-json\/wp\/v2\/posts"}],"about":[{"href":"https:\/\/dmcsrb.com\/en\/wp-json\/wp\/v2\/types\/post"}],"author":[{"embeddable":true,"href":"https:\/\/dmcsrb.com\/en\/wp-json\/wp\/v2\/users\/1"}],"replies":[{"embeddable":true,"href":"https:\/\/dmcsrb.com\/en\/wp-json\/wp\/v2\/comments?post=954502"}],"version-history":[{"count":0,"href":"https:\/\/dmcsrb.com\/en\/wp-json\/wp\/v2\/posts\/954502\/revisions"}],"wp:featuredmedia":[{"embeddable":true,"href":"https:\/\/dmcsrb.com\/en\/wp-json\/wp\/v2\/media\/954503"}],"wp:attachment":[{"href":"https:\/\/dmcsrb.com\/en\/wp-json\/wp\/v2\/media?parent=954502"}],"wp:term":[{"taxonomy":"category","embeddable":true,"href":"https:\/\/dmcsrb.com\/en\/wp-json\/wp\/v2\/categories?post=954502"},{"taxonomy":"post_tag","embeddable":true,"href":"https:\/\/dmcsrb.com\/en\/wp-json\/wp\/v2\/tags?post=954502"},{"taxonomy":"naslovna","embeddable":true,"href":"https:\/\/dmcsrb.com\/en\/wp-json\/wp\/v2\/naslovna?post=954502"}],"curies":[{"name":"wp","href":"https:\/\/api.w.org\/{rel}","templated":true}]}}