{"id":954403,"date":"2025-09-27T18:38:00","date_gmt":"2025-09-27T16:38:00","guid":{"rendered":"https:\/\/dmcsrb.com\/uncategorized\/djorgievski-mizar-nas-zadatak-je-da-spojimo-ljude-sa-idejama-i-da-ucinimo-zivot-malo-podnosljivijim\/"},"modified":"2025-09-27T18:38:00","modified_gmt":"2025-09-27T16:38:00","slug":"djorgievski-mizar-nas-zadatak-je-da-spojimo-ljude-sa-idejama-i-da-ucinimo-zivot-malo-podnosljivijim","status":"publish","type":"post","link":"https:\/\/dmcsrb.com\/en\/kultura\/djorgievski-mizar-nas-zadatak-je-da-spojimo-ljude-sa-idejama-i-da-ucinimo-zivot-malo-podnosljivijim\/","title":{"rendered":"\u0110orgievski (Mizar): Na\u0161 zadatak je da spojimo ljude sa idejama i da u\u010dinimo \u017eivot malo podno\u0161ljivijim"},"content":{"rendered":"<p><\/p>\n\n\n\n<p>U sklopu manifestacije Podgori\u010dko kulturno ljeto, koju svake godine organizuje Sekretarijat za kulturu Glavnog grada, u Ulici slobode nastupila je kultna makedonska darkvejv grupa <strong>Mizar<\/strong>.<\/p>\n\n\n\n<p>Sastav je nastup otvorio svojom adaptacijom 135. Psalma, nakon \u010dega su se re\u0111ale pjesme \u201eDevojka od bronza\u201c, \u201eMagla\u201c, \u201eGradot e nem\u201c, \u201eZlatno sonce\u201c, najnovija \u201eGrozomora\u201c&#8230;<\/p>\n\n\n\n<p>Ono \u0161to je posebno impresioniralo publiku, osim specifi\u010dnog i jedinstvenog muzi\u010dkog izraza koji ovaj muzi\u010dki sastav njeguje i \u010diji je ujedno pionir na Balkanu, nesumnjivo je izuzetno mo\u0107an i prodoran glas pjeva\u010da<strong> Nika \u0110orgievskog<\/strong>, koji je odjekivao Trgom nezavisnosti snagom operskog tenora, dubinom pravoslavnog pojca i energijom vokala dark metal benda.<\/p>\n\n\n\n<h3 class=\"wp-block-heading\">ODU\u0160EVLJEN KONCERTOM I PUBLIKOM<\/h3>\n\n\n\n<p>\u0110orgievski sedmicu nakon koncerta, u razgovoru za Pobjedu, nije krio da mu je ovo najmiliji nastup sa bendom Mizar do sada.<\/p>\n\n\n\n<p>&#8211; Jako sam zahvalan publici. Nijesam ni u snu o\u010dekivao tako tople reakcije i komplimente. Svi su bili zajedno sa nama. Nije bio zid, a pogledi ljudi su bili iskreni. Osjetio sam se zagrljenim. Tu emociju dijelimo svi iz benda &#8211; iskren je bio on.<\/p>\n\n\n\n<figure class=\"wp-block-image size-large\"><img decoding=\"async\" src=\"https:\/\/gradski.me\/wp-content\/uploads\/2025\/09\/1758981305-img-20250920-202239-1024x768.jpg\" alt=\"\" class=\"wp-image-840994\"\/><figcaption class=\"wp-element-caption\">Foto: <strong>Milovan Markovi\u0107\/Pobjeda<\/strong><\/figcaption><\/figure>\n\n\n\n<p>Navodi da mu je ovo prva svirka u Crnoj Gori.<\/p>\n\n\n\n<p>&#8211; Nakon nastupa, vi\u0161e od sat vremena slikao sam se i razgovarao sa ljudima koji su do\u0161li da nas \u010duju. Zanimljivo je \u0161to je tamo bio i jedan momak iz neke od skandinavskih zemalja. Rekao mi je da uop\u0161te ne zna ko smo i da ne slu\u0161a ovaj \u017eanr muzike, ali da je osjetiv\u0161i moju energiju na sceni i glas ostao do kraja sa svojom djevojkom. Ovo mi je prvi put da nastupam u Crnoj Gori i mogu re\u0107i, a svi to znamo, da smo mi na Balkanu veoma sli\u010dni, da se prepoznajemo. To nije neka tajna, niti velika filozofija \u2013 odu\u0161evljeno govori \u0110orgievski, koji je ujedno i operski pjeva\u010d, kompozitor, producent i tekstopisac.<\/p>\n\n\n\n<h3 class=\"wp-block-heading\">GODINU I PO U BENDU<\/h3>\n\n\n\n<p>Otkriva da je svega godinu i po u Mizaru.<\/p>\n\n\n\n<p>&#8211; Kao i svaka lijepa pri\u010da i doga\u0111aj u \u017eivotu, sve se dogodilo spontano i jednostavno. Imam muzi\u010dki studio, a bend je tra\u017eio mjesto za probe. <strong>Princ<\/strong> (<strong>Aleksandar Ristovski<\/strong>, prim. aut) me je znao. Mi smo sara\u0111ivali neposredno prije toga, pa je on predlo\u017eio da do\u0111u kod mene u studio. U tom periodu pjeva\u010d im je bio <strong>Zoran Tortevski.<\/strong> Upoznali smo se, a onda su me oni pozvali da nastupim kao bek vokal na koncertu u mom rodnom Bitolju. Godinu dana nakon toga <strong>Gorazd \u010capovski<\/strong> me je pozvao opet da probamo, s tim da samo ja pjevam. I, evo nas sad zajedno. Savr\u0161eni spoj &#8211; prisje\u0107a se ovaj jako talentovani pjeva\u010d i muzi\u010dar rasko\u0161nog glasa.<\/p>\n\n\n\n<figure class=\"wp-block-image size-large\"><img decoding=\"async\" src=\"https:\/\/gradski.me\/wp-content\/uploads\/2025\/09\/1758981317-img-20250920-202303-1024x768.jpg\" alt=\"\" class=\"wp-image-840996\"\/><figcaption class=\"wp-element-caption\">Foto:<strong> Milovan Markovi\u0107\/Pobjeda<\/strong><\/figcaption><\/figure>\n\n\n\n<p>Priznaje da kao mlad nije ba\u0161 razumio muziku koju izvodi grupa \u010diji je sad vokal.<\/p>\n\n\n\n<p>&#8211; Treba da budemo dorasli da bismo mogli da vidimo \u0161to su oni zaista. Ja sam odrastao kao roker, metalac&#8230; Nosio sam dugu kosu i nijesam bio toliko daleko od ovog. Po\u010deo sam da slu\u0161am Mizar na kraju srednje \u0161kole. Tad sam ve\u0107 uveliko imao metal bend, poslije i d\u017eez trio, dok sam paralelno sa tim svirao i nastupao sa jo\u0161 nekoliko rok, fank, bluz i soul grupa. U\u017eivao sam puno u raznim muzi\u010dkim uticajima, a igrao sam se i dosta sa svojim glasovnim mogu\u0107nostima. Volim da u\u010dim razne izraze i tako sam razvio sluh i talenat da izvodim razne stilove \u2013 ispri\u010dao je on.<\/p>\n\n\n\n<h3 class=\"wp-block-heading\">RELIGIJA<\/h3>\n\n\n\n<p>Iako bend ima pjesama koje imaju jasne vjerske motive i simboliku, koju Mizar ba\u0161tini, pravoslavno vizantijsko pojanje, staroslovenske napjeve, makedonski folklor i metal muziku, \u0110orgievski napominje da nije religiozan \u010dovjek.<\/p>\n\n\n\n<p>&#8211; Nijesam religiozan, ali imam duboko razumijevanje i po\u0161tovanje prema religiji. U estetskom smislu mo\u017eemo biti dobri sve dok god je iskreno i realno ono \u0161to radimo. To je ono \u0161to \u010dovjeka najvi\u0161e \u201edira\u201c. Na\u0161 zadatak je da spojimo ljude sa idejama i da u\u010dinimo \u017eivot malo podno\u0161ljivijim \u2013 rekao je on.<\/p>\n\n\n\n<figure class=\"wp-block-image size-large\"><img decoding=\"async\" src=\"https:\/\/gradski.me\/wp-content\/uploads\/2025\/09\/1758981312-img-20250920-202258-1024x768.jpg\" alt=\"\" class=\"wp-image-840998\"\/><figcaption class=\"wp-element-caption\">Foto: <strong>Milovan Markovi\u0107\/Pobjeda<\/strong><\/figcaption><\/figure>\n\n\n\n<p>Prema njegovim rije\u010dima, starije generacije, iz o\u010diglednih razloga, vi\u0161e znaju za stvarala\u0161tvo Mizara, dok se mla\u0111e tek upoznaju s njim i u\u017eivaju istom mjerom.<\/p>\n\n\n\n<p>&#8211; Ovo nije \u017eanr \u0161irokih masa. Ljudi nas slu\u0161aju danas, naravno, vi\u0161e nego ranije jer se informacija \u0161iri br\u017ee \u2013 smatra \u0110orgievski.<\/p>\n\n\n\n<h3 class=\"wp-block-heading\">NOVI MATERIJAL<\/h3>\n\n\n\n<p>Isti\u010de da se trude da predstave svoje kulturne korijene koliko mogu i umiju.<\/p>\n\n\n\n<p>&#8211; Ne trebamo mi ni\u0161ta da vratimo. Muzika je \u017eiva i kre\u0107e se negdje. Mi ne znamo gdje, ali znamo i da je sve to dar od ljudi za ljude. Ne mo\u017eemo o\u010dekivati da na\u0161e generacije cijene iste stvari ili da vide isto kao i mi. Moramo dopustiti njima da sami sude o tome. To je intimno isto kao i religija \u2013 jasan je on.<\/p>\n\n\n\n<p>Nada se da \u0107e uskoro opet imati mogu\u0107nost da nastupi u Crnoj Gori.<\/p>\n\n\n\n<p>Otkrio nam je i da bend uveliko radi na pripremi novog materijala.<\/p>\n\n\n\n<p>&#8211; \u201eGrozomora\u201c je samo po\u010detak toga. Iskreno, volio bih da se opet vidimo uskoro &#8211; zaklju\u010dio je Niko \u0110orgievski, frontmen makedonske darkvejv grupe Mizar.<\/p>","protected":false},"excerpt":{"rendered":"<p>U gradu pod Goricom pro\u0161le subote odr\u017ean je jedan posve nesvakida\u0161nji koncert.<\/p>","protected":false},"author":1,"featured_media":954404,"comment_status":"open","ping_status":"open","sticky":false,"template":"","format":"standard","meta":{"_acf_changed":false,"footnotes":""},"categories":[50],"tags":[9443,8375,7447,9444,2601],"naslovna":[],"class_list":["post-954403","post","type-post","status-publish","format-standard","has-post-thumbnail","hentry","category-kultura","tag-ideje","tag-ljudi","tag-mizar","tag-nik-djorgievski","tag-zivot"],"acf":[],"yoast_head":"<!-- This site is optimized with the Yoast SEO plugin v27.4 - https:\/\/yoast.com\/product\/yoast-seo-wordpress\/ -->\n<title>\u0110orgievski (Mizar): Na\u0161 zadatak je da spojimo ljude sa idejama i da u\u010dinimo \u017eivot malo podno\u0161ljivijim - dmcsrb.com<\/title>\n<meta name=\"robots\" content=\"index, follow, max-snippet:-1, max-image-preview:large, max-video-preview:-1\" \/>\n<link rel=\"canonical\" href=\"https:\/\/dmcsrb.com\/en\/kultura\/djorgievski-mizar-nas-zadatak-je-da-spojimo-ljude-sa-idejama-i-da-ucinimo-zivot-malo-podnosljivijim\/\" \/>\n<meta property=\"og:locale\" content=\"en_GB\" \/>\n<meta property=\"og:type\" content=\"article\" \/>\n<meta property=\"og:title\" content=\"\u0110orgievski (Mizar): Na\u0161 zadatak je da spojimo ljude sa idejama i da u\u010dinimo \u017eivot malo podno\u0161ljivijim - dmcsrb.com\" \/>\n<meta property=\"og:description\" content=\"U gradu pod Goricom pro\u0161le subote odr\u017ean je jedan posve nesvakida\u0161nji koncert.\" \/>\n<meta property=\"og:url\" content=\"https:\/\/dmcsrb.com\/en\/kultura\/djorgievski-mizar-nas-zadatak-je-da-spojimo-ljude-sa-idejama-i-da-ucinimo-zivot-malo-podnosljivijim\/\" \/>\n<meta property=\"og:site_name\" content=\"dmcsrb.com\" \/>\n<meta property=\"article:published_time\" content=\"2025-09-27T16:38:00+00:00\" \/>\n<meta property=\"og:image\" content=\"https:\/\/dmcsrb.com\/wp-content\/uploads\/2026\/01\/1758981209-dordijevski.webp\" \/>\n\t<meta property=\"og:image:width\" content=\"1070\" \/>\n\t<meta property=\"og:image:height\" content=\"713\" \/>\n\t<meta property=\"og:image:type\" content=\"image\/jpeg\" \/>\n<meta name=\"author\" content=\"dmcsrbija.com@gmail.com\" \/>\n<meta name=\"twitter:card\" content=\"summary_large_image\" \/>\n<meta name=\"twitter:label1\" content=\"Written by\" \/>\n\t<meta name=\"twitter:data1\" content=\"dmcsrbija.com@gmail.com\" \/>\n\t<meta name=\"twitter:label2\" content=\"Estimated reading time\" \/>\n\t<meta name=\"twitter:data2\" content=\"4 minutes\" \/>\n<script type=\"application\/ld+json\" class=\"yoast-schema-graph\">{\"@context\":\"https:\\\/\\\/schema.org\",\"@graph\":[{\"@type\":\"Article\",\"@id\":\"https:\\\/\\\/dmcsrb.com\\\/kultura\\\/djorgievski-mizar-nas-zadatak-je-da-spojimo-ljude-sa-idejama-i-da-ucinimo-zivot-malo-podnosljivijim\\\/#article\",\"isPartOf\":{\"@id\":\"https:\\\/\\\/dmcsrb.com\\\/kultura\\\/djorgievski-mizar-nas-zadatak-je-da-spojimo-ljude-sa-idejama-i-da-ucinimo-zivot-malo-podnosljivijim\\\/\"},\"author\":{\"name\":\"dmcsrbija.com@gmail.com\",\"@id\":\"https:\\\/\\\/dmcsrb.com\\\/#\\\/schema\\\/person\\\/5c39170f12db1b8b457732d0b5c854e2\"},\"headline\":\"\u0110orgievski (Mizar): Na\u0161 zadatak je da spojimo ljude sa idejama i da u\u010dinimo \u017eivot malo podno\u0161ljivijim\",\"datePublished\":\"2025-09-27T16:38:00+00:00\",\"mainEntityOfPage\":{\"@id\":\"https:\\\/\\\/dmcsrb.com\\\/kultura\\\/djorgievski-mizar-nas-zadatak-je-da-spojimo-ljude-sa-idejama-i-da-ucinimo-zivot-malo-podnosljivijim\\\/\"},\"wordCount\":886,\"commentCount\":0,\"image\":{\"@id\":\"https:\\\/\\\/dmcsrb.com\\\/kultura\\\/djorgievski-mizar-nas-zadatak-je-da-spojimo-ljude-sa-idejama-i-da-ucinimo-zivot-malo-podnosljivijim\\\/#primaryimage\"},\"thumbnailUrl\":\"https:\\\/\\\/dmcsrb.com\\\/wp-content\\\/uploads\\\/2026\\\/01\\\/1758981209-dordijevski.webp\",\"keywords\":[\"Ideje\",\"ljudi\",\"mizar\",\"Nik \u0110orgievski\",\"\u017eivot\"],\"articleSection\":[\"Kultura\"],\"inLanguage\":\"en-GB\",\"potentialAction\":[{\"@type\":\"CommentAction\",\"name\":\"Comment\",\"target\":[\"https:\\\/\\\/dmcsrb.com\\\/kultura\\\/djorgievski-mizar-nas-zadatak-je-da-spojimo-ljude-sa-idejama-i-da-ucinimo-zivot-malo-podnosljivijim\\\/#respond\"]}]},{\"@type\":\"WebPage\",\"@id\":\"https:\\\/\\\/dmcsrb.com\\\/kultura\\\/djorgievski-mizar-nas-zadatak-je-da-spojimo-ljude-sa-idejama-i-da-ucinimo-zivot-malo-podnosljivijim\\\/\",\"url\":\"https:\\\/\\\/dmcsrb.com\\\/kultura\\\/djorgievski-mizar-nas-zadatak-je-da-spojimo-ljude-sa-idejama-i-da-ucinimo-zivot-malo-podnosljivijim\\\/\",\"name\":\"\u0110orgievski (Mizar): Na\u0161 zadatak je da spojimo ljude sa idejama i da u\u010dinimo \u017eivot malo podno\u0161ljivijim - dmcsrb.com\",\"isPartOf\":{\"@id\":\"https:\\\/\\\/dmcsrb.com\\\/#website\"},\"primaryImageOfPage\":{\"@id\":\"https:\\\/\\\/dmcsrb.com\\\/kultura\\\/djorgievski-mizar-nas-zadatak-je-da-spojimo-ljude-sa-idejama-i-da-ucinimo-zivot-malo-podnosljivijim\\\/#primaryimage\"},\"image\":{\"@id\":\"https:\\\/\\\/dmcsrb.com\\\/kultura\\\/djorgievski-mizar-nas-zadatak-je-da-spojimo-ljude-sa-idejama-i-da-ucinimo-zivot-malo-podnosljivijim\\\/#primaryimage\"},\"thumbnailUrl\":\"https:\\\/\\\/dmcsrb.com\\\/wp-content\\\/uploads\\\/2026\\\/01\\\/1758981209-dordijevski.webp\",\"datePublished\":\"2025-09-27T16:38:00+00:00\",\"author\":{\"@id\":\"https:\\\/\\\/dmcsrb.com\\\/#\\\/schema\\\/person\\\/5c39170f12db1b8b457732d0b5c854e2\"},\"breadcrumb\":{\"@id\":\"https:\\\/\\\/dmcsrb.com\\\/kultura\\\/djorgievski-mizar-nas-zadatak-je-da-spojimo-ljude-sa-idejama-i-da-ucinimo-zivot-malo-podnosljivijim\\\/#breadcrumb\"},\"inLanguage\":\"en-GB\",\"potentialAction\":[{\"@type\":\"ReadAction\",\"target\":[\"https:\\\/\\\/dmcsrb.com\\\/kultura\\\/djorgievski-mizar-nas-zadatak-je-da-spojimo-ljude-sa-idejama-i-da-ucinimo-zivot-malo-podnosljivijim\\\/\"]}]},{\"@type\":\"ImageObject\",\"inLanguage\":\"en-GB\",\"@id\":\"https:\\\/\\\/dmcsrb.com\\\/kultura\\\/djorgievski-mizar-nas-zadatak-je-da-spojimo-ljude-sa-idejama-i-da-ucinimo-zivot-malo-podnosljivijim\\\/#primaryimage\",\"url\":\"https:\\\/\\\/dmcsrb.com\\\/wp-content\\\/uploads\\\/2026\\\/01\\\/1758981209-dordijevski.webp\",\"contentUrl\":\"https:\\\/\\\/dmcsrb.com\\\/wp-content\\\/uploads\\\/2026\\\/01\\\/1758981209-dordijevski.webp\",\"width\":1070,\"height\":713},{\"@type\":\"BreadcrumbList\",\"@id\":\"https:\\\/\\\/dmcsrb.com\\\/kultura\\\/djorgievski-mizar-nas-zadatak-je-da-spojimo-ljude-sa-idejama-i-da-ucinimo-zivot-malo-podnosljivijim\\\/#breadcrumb\",\"itemListElement\":[{\"@type\":\"ListItem\",\"position\":1,\"name\":\"Home\",\"item\":\"https:\\\/\\\/dmcsrb.com\\\/\"},{\"@type\":\"ListItem\",\"position\":2,\"name\":\"\u0110orgievski (Mizar): Na\u0161 zadatak je da spojimo ljude sa idejama i da u\u010dinimo \u017eivot malo podno\u0161ljivijim\"}]},{\"@type\":\"WebSite\",\"@id\":\"https:\\\/\\\/dmcsrb.com\\\/#website\",\"url\":\"https:\\\/\\\/dmcsrb.com\\\/\",\"name\":\"dmcsrb.com\",\"description\":\"\",\"potentialAction\":[{\"@type\":\"SearchAction\",\"target\":{\"@type\":\"EntryPoint\",\"urlTemplate\":\"https:\\\/\\\/dmcsrb.com\\\/?s={search_term_string}\"},\"query-input\":{\"@type\":\"PropertyValueSpecification\",\"valueRequired\":true,\"valueName\":\"search_term_string\"}}],\"inLanguage\":\"en-GB\"},{\"@type\":\"Person\",\"@id\":\"https:\\\/\\\/dmcsrb.com\\\/#\\\/schema\\\/person\\\/5c39170f12db1b8b457732d0b5c854e2\",\"name\":\"dmcsrbija.com@gmail.com\",\"image\":{\"@type\":\"ImageObject\",\"inLanguage\":\"en-GB\",\"@id\":\"https:\\\/\\\/secure.gravatar.com\\\/avatar\\\/68592660ad6347fad0fb587f8d5d8f1a7b44961362f56e4f2cd524feb87e9069?s=96&d=mm&r=g\",\"url\":\"https:\\\/\\\/secure.gravatar.com\\\/avatar\\\/68592660ad6347fad0fb587f8d5d8f1a7b44961362f56e4f2cd524feb87e9069?s=96&d=mm&r=g\",\"contentUrl\":\"https:\\\/\\\/secure.gravatar.com\\\/avatar\\\/68592660ad6347fad0fb587f8d5d8f1a7b44961362f56e4f2cd524feb87e9069?s=96&d=mm&r=g\",\"caption\":\"dmcsrbija.com@gmail.com\"},\"sameAs\":[\"https:\\\/\\\/dmcsrb.com\"],\"url\":\"https:\\\/\\\/dmcsrb.com\\\/en\\\/author\\\/dmcsrbija-comgmail-com\\\/\"}]}<\/script>\n<!-- \/ Yoast SEO plugin. -->","yoast_head_json":{"title":"\u0110orgievski (Mizar): Na\u0161 zadatak je da spojimo ljude sa idejama i da u\u010dinimo \u017eivot malo podno\u0161ljivijim - dmcsrb.com","robots":{"index":"index","follow":"follow","max-snippet":"max-snippet:-1","max-image-preview":"max-image-preview:large","max-video-preview":"max-video-preview:-1"},"canonical":"https:\/\/dmcsrb.com\/en\/kultura\/djorgievski-mizar-nas-zadatak-je-da-spojimo-ljude-sa-idejama-i-da-ucinimo-zivot-malo-podnosljivijim\/","og_locale":"en_GB","og_type":"article","og_title":"\u0110orgievski (Mizar): Na\u0161 zadatak je da spojimo ljude sa idejama i da u\u010dinimo \u017eivot malo podno\u0161ljivijim - dmcsrb.com","og_description":"U gradu pod Goricom pro\u0161le subote odr\u017ean je jedan posve nesvakida\u0161nji koncert.","og_url":"https:\/\/dmcsrb.com\/en\/kultura\/djorgievski-mizar-nas-zadatak-je-da-spojimo-ljude-sa-idejama-i-da-ucinimo-zivot-malo-podnosljivijim\/","og_site_name":"dmcsrb.com","article_published_time":"2025-09-27T16:38:00+00:00","og_image":[{"width":1070,"height":713,"url":"https:\/\/dmcsrb.com\/wp-content\/uploads\/2026\/01\/1758981209-dordijevski.webp","type":"image\/jpeg"}],"author":"dmcsrbija.com@gmail.com","twitter_card":"summary_large_image","twitter_misc":{"Written by":"dmcsrbija.com@gmail.com","Estimated reading time":"4 minutes"},"schema":{"@context":"https:\/\/schema.org","@graph":[{"@type":"Article","@id":"https:\/\/dmcsrb.com\/kultura\/djorgievski-mizar-nas-zadatak-je-da-spojimo-ljude-sa-idejama-i-da-ucinimo-zivot-malo-podnosljivijim\/#article","isPartOf":{"@id":"https:\/\/dmcsrb.com\/kultura\/djorgievski-mizar-nas-zadatak-je-da-spojimo-ljude-sa-idejama-i-da-ucinimo-zivot-malo-podnosljivijim\/"},"author":{"name":"dmcsrbija.com@gmail.com","@id":"https:\/\/dmcsrb.com\/#\/schema\/person\/5c39170f12db1b8b457732d0b5c854e2"},"headline":"\u0110orgievski (Mizar): Na\u0161 zadatak je da spojimo ljude sa idejama i da u\u010dinimo \u017eivot malo podno\u0161ljivijim","datePublished":"2025-09-27T16:38:00+00:00","mainEntityOfPage":{"@id":"https:\/\/dmcsrb.com\/kultura\/djorgievski-mizar-nas-zadatak-je-da-spojimo-ljude-sa-idejama-i-da-ucinimo-zivot-malo-podnosljivijim\/"},"wordCount":886,"commentCount":0,"image":{"@id":"https:\/\/dmcsrb.com\/kultura\/djorgievski-mizar-nas-zadatak-je-da-spojimo-ljude-sa-idejama-i-da-ucinimo-zivot-malo-podnosljivijim\/#primaryimage"},"thumbnailUrl":"https:\/\/dmcsrb.com\/wp-content\/uploads\/2026\/01\/1758981209-dordijevski.webp","keywords":["Ideje","ljudi","mizar","Nik \u0110orgievski","\u017eivot"],"articleSection":["Kultura"],"inLanguage":"en-GB","potentialAction":[{"@type":"CommentAction","name":"Comment","target":["https:\/\/dmcsrb.com\/kultura\/djorgievski-mizar-nas-zadatak-je-da-spojimo-ljude-sa-idejama-i-da-ucinimo-zivot-malo-podnosljivijim\/#respond"]}]},{"@type":"WebPage","@id":"https:\/\/dmcsrb.com\/kultura\/djorgievski-mizar-nas-zadatak-je-da-spojimo-ljude-sa-idejama-i-da-ucinimo-zivot-malo-podnosljivijim\/","url":"https:\/\/dmcsrb.com\/kultura\/djorgievski-mizar-nas-zadatak-je-da-spojimo-ljude-sa-idejama-i-da-ucinimo-zivot-malo-podnosljivijim\/","name":"\u0110orgievski (Mizar): Na\u0161 zadatak je da spojimo ljude sa idejama i da u\u010dinimo \u017eivot malo podno\u0161ljivijim - dmcsrb.com","isPartOf":{"@id":"https:\/\/dmcsrb.com\/#website"},"primaryImageOfPage":{"@id":"https:\/\/dmcsrb.com\/kultura\/djorgievski-mizar-nas-zadatak-je-da-spojimo-ljude-sa-idejama-i-da-ucinimo-zivot-malo-podnosljivijim\/#primaryimage"},"image":{"@id":"https:\/\/dmcsrb.com\/kultura\/djorgievski-mizar-nas-zadatak-je-da-spojimo-ljude-sa-idejama-i-da-ucinimo-zivot-malo-podnosljivijim\/#primaryimage"},"thumbnailUrl":"https:\/\/dmcsrb.com\/wp-content\/uploads\/2026\/01\/1758981209-dordijevski.webp","datePublished":"2025-09-27T16:38:00+00:00","author":{"@id":"https:\/\/dmcsrb.com\/#\/schema\/person\/5c39170f12db1b8b457732d0b5c854e2"},"breadcrumb":{"@id":"https:\/\/dmcsrb.com\/kultura\/djorgievski-mizar-nas-zadatak-je-da-spojimo-ljude-sa-idejama-i-da-ucinimo-zivot-malo-podnosljivijim\/#breadcrumb"},"inLanguage":"en-GB","potentialAction":[{"@type":"ReadAction","target":["https:\/\/dmcsrb.com\/kultura\/djorgievski-mizar-nas-zadatak-je-da-spojimo-ljude-sa-idejama-i-da-ucinimo-zivot-malo-podnosljivijim\/"]}]},{"@type":"ImageObject","inLanguage":"en-GB","@id":"https:\/\/dmcsrb.com\/kultura\/djorgievski-mizar-nas-zadatak-je-da-spojimo-ljude-sa-idejama-i-da-ucinimo-zivot-malo-podnosljivijim\/#primaryimage","url":"https:\/\/dmcsrb.com\/wp-content\/uploads\/2026\/01\/1758981209-dordijevski.webp","contentUrl":"https:\/\/dmcsrb.com\/wp-content\/uploads\/2026\/01\/1758981209-dordijevski.webp","width":1070,"height":713},{"@type":"BreadcrumbList","@id":"https:\/\/dmcsrb.com\/kultura\/djorgievski-mizar-nas-zadatak-je-da-spojimo-ljude-sa-idejama-i-da-ucinimo-zivot-malo-podnosljivijim\/#breadcrumb","itemListElement":[{"@type":"ListItem","position":1,"name":"Home","item":"https:\/\/dmcsrb.com\/"},{"@type":"ListItem","position":2,"name":"\u0110orgievski (Mizar): Na\u0161 zadatak je da spojimo ljude sa idejama i da u\u010dinimo \u017eivot malo podno\u0161ljivijim"}]},{"@type":"WebSite","@id":"https:\/\/dmcsrb.com\/#website","url":"https:\/\/dmcsrb.com\/","name":"dmcsrb.com","description":"","potentialAction":[{"@type":"SearchAction","target":{"@type":"EntryPoint","urlTemplate":"https:\/\/dmcsrb.com\/?s={search_term_string}"},"query-input":{"@type":"PropertyValueSpecification","valueRequired":true,"valueName":"search_term_string"}}],"inLanguage":"en-GB"},{"@type":"Person","@id":"https:\/\/dmcsrb.com\/#\/schema\/person\/5c39170f12db1b8b457732d0b5c854e2","name":"dmcsrbija.com@gmail.com","image":{"@type":"ImageObject","inLanguage":"en-GB","@id":"https:\/\/secure.gravatar.com\/avatar\/68592660ad6347fad0fb587f8d5d8f1a7b44961362f56e4f2cd524feb87e9069?s=96&d=mm&r=g","url":"https:\/\/secure.gravatar.com\/avatar\/68592660ad6347fad0fb587f8d5d8f1a7b44961362f56e4f2cd524feb87e9069?s=96&d=mm&r=g","contentUrl":"https:\/\/secure.gravatar.com\/avatar\/68592660ad6347fad0fb587f8d5d8f1a7b44961362f56e4f2cd524feb87e9069?s=96&d=mm&r=g","caption":"dmcsrbija.com@gmail.com"},"sameAs":["https:\/\/dmcsrb.com"],"url":"https:\/\/dmcsrb.com\/en\/author\/dmcsrbija-comgmail-com\/"}]}},"_links":{"self":[{"href":"https:\/\/dmcsrb.com\/en\/wp-json\/wp\/v2\/posts\/954403","targetHints":{"allow":["GET"]}}],"collection":[{"href":"https:\/\/dmcsrb.com\/en\/wp-json\/wp\/v2\/posts"}],"about":[{"href":"https:\/\/dmcsrb.com\/en\/wp-json\/wp\/v2\/types\/post"}],"author":[{"embeddable":true,"href":"https:\/\/dmcsrb.com\/en\/wp-json\/wp\/v2\/users\/1"}],"replies":[{"embeddable":true,"href":"https:\/\/dmcsrb.com\/en\/wp-json\/wp\/v2\/comments?post=954403"}],"version-history":[{"count":0,"href":"https:\/\/dmcsrb.com\/en\/wp-json\/wp\/v2\/posts\/954403\/revisions"}],"wp:featuredmedia":[{"embeddable":true,"href":"https:\/\/dmcsrb.com\/en\/wp-json\/wp\/v2\/media\/954404"}],"wp:attachment":[{"href":"https:\/\/dmcsrb.com\/en\/wp-json\/wp\/v2\/media?parent=954403"}],"wp:term":[{"taxonomy":"category","embeddable":true,"href":"https:\/\/dmcsrb.com\/en\/wp-json\/wp\/v2\/categories?post=954403"},{"taxonomy":"post_tag","embeddable":true,"href":"https:\/\/dmcsrb.com\/en\/wp-json\/wp\/v2\/tags?post=954403"},{"taxonomy":"naslovna","embeddable":true,"href":"https:\/\/dmcsrb.com\/en\/wp-json\/wp\/v2\/naslovna?post=954403"}],"curies":[{"name":"wp","href":"https:\/\/api.w.org\/{rel}","templated":true}]}}