{"id":954390,"date":"2025-09-27T17:05:00","date_gmt":"2025-09-27T15:05:00","guid":{"rendered":"https:\/\/dmcsrb.com\/uncategorized\/vojinovic-crna-gora-danas-vodi-nikad-odlucniju-i-istorijsku-borbu-protiv-kriminala\/"},"modified":"2025-09-27T17:05:00","modified_gmt":"2025-09-27T15:05:00","slug":"vojinovic-crna-gora-danas-vodi-nikad-odlucniju-i-istorijsku-borbu-protiv-kriminala","status":"publish","type":"post","link":"https:\/\/dmcsrb.com\/en\/politika\/vojinovic-crna-gora-danas-vodi-nikad-odlucniju-i-istorijsku-borbu-protiv-kriminala\/","title":{"rendered":"Vojinovi\u0107: Crna Gora danas vodi nikad odlu\u010dniju i istorijsku borbu protiv kriminala"},"content":{"rendered":"<p><\/p>\n\n\n\n<p>\u201cVidje\u0107emo u narednom periodu da li organizacija skupova i interpelacija, iza kojih stoji&nbsp;<strong>Milo \u0110ukanovi\u0107<\/strong>&nbsp;i njegova, svi znamo koja ekipa, ima veze sa aktivnostima osoba koje sjede na optu\u017eeni\u010dkim klupama\u201d, naglasila je Vojinovi\u0107.<\/p>\n\n\n\n<p>Mi\u0161ljenja je da je previ\u0161e slu\u010dajnosti da bi bile slu\u010dajne.<\/p>\n\n\n\n<p>\u201cSumnjive su gadosti i uvrede kojima se slu\u017ee pojedini poslanici i poslanice opozicije kada se saop\u0161ti ova \u010dijenica, jer su im uvrede bile i ostale jedini alat za bla\u0107enje, po\u0161to argumente nikada nijesu imali\u201d, tvrdi ona.<\/p>\n\n\n\n<p>Prema rije\u010dima Vojinovi\u0107, ministri u sektoru bezbjednosti imaju naslije\u0111ene probleme i svakoga dana se bore da prona\u0111u rje\u0161enja.<\/p>\n\n\n\n<p>\u201cOpozicija, me\u0111utim, u sektoru bezbjednosti neumorno radi da prona\u0111e probleme. To je ta razlika, izme\u0111u onih koji grade i onih koji ru\u0161e. Intezitet napada na sektor bezbjednosti i svaki reformski proces unazad dvije godine, sa jedne, kao i kontinuirana zloupotreba u politi\u010dke svrhe tragedija i kriminalnih obra\u010duna koji se dogadjaju u svim zemljama, sa druge strane, jasno ukazuju \u0161ta je modus operandi kriminalnih struktura, ko im je problem i \u0161ta je cilj.&nbsp;A sve zato \u0161to nikada vi\u0161e mafija ne\u0107e upravljati dr\u017eavom i zato \u0161to pravdu niko ne mo\u017ee izbje\u0107i\u201d, jasna je ona.<\/p>\n\n\n\n<p>Dodaje da Crna Gora danas vodi nikad odlu\u010dniju, ja\u010du i istorijsku borbu protiv svih oblika kriminala.<\/p>\n\n\n\n<p>\u201cTo ne ka\u017eem ja, to pokazuju \u010dinjenice, podaci i rezultati, to otvoreno ka\u017eu i na\u0161i me\u0111unarodni partneri. Opozicija ima pravo na svoje mi\u0161ljenje, ali kao \u0161to svi vide, oni ne raspola\u017eu \u010dinjenicama. A kad nema \u010dinjenica, ostaje im samo da vi\u010du, da vrije\u0111aju i da rade ono \u0161to najbolje znaju, da poku\u0161aju da unesu haos tamo gdje ga nema, naravno sve u dogovoru sa osobama sa optu\u017eeni\u010dkih klupa\u201d, zaklju\u010dila je.<\/p>","protected":false},"excerpt":{"rendered":"<p>Poslanica Demokrata\u00a0An\u0111ela Vojinovi\u0107, saop\u0161tila je da Crna Gora danas vodi nikad odlu\u010dniju i istorijsku borbu protiv svih oblika kriminala.<\/p>","protected":false},"author":1,"featured_media":909003,"comment_status":"open","ping_status":"open","sticky":false,"template":"","format":"standard","meta":{"_acf_changed":false,"footnotes":""},"categories":[12],"tags":[229,1355],"naslovna":[],"class_list":["post-954390","post","type-post","status-publish","format-standard","has-post-thumbnail","hentry","category-politika","tag-andjela-vojinovic","tag-demokrate"],"acf":[],"yoast_head":"<!-- This site is optimized with the Yoast SEO plugin v27.0 - https:\/\/yoast.com\/product\/yoast-seo-wordpress\/ -->\n<title>Vojinovi\u0107: Crna Gora danas vodi nikad odlu\u010dniju i istorijsku borbu protiv kriminala - dmcsrb.com<\/title>\n<meta name=\"robots\" content=\"index, follow, max-snippet:-1, max-image-preview:large, max-video-preview:-1\" \/>\n<link rel=\"canonical\" href=\"https:\/\/dmcsrb.com\/en\/politika\/vojinovic-crna-gora-danas-vodi-nikad-odlucniju-i-istorijsku-borbu-protiv-kriminala\/\" \/>\n<meta property=\"og:locale\" content=\"en_GB\" \/>\n<meta property=\"og:type\" content=\"article\" \/>\n<meta property=\"og:title\" content=\"Vojinovi\u0107: Crna Gora danas vodi nikad odlu\u010dniju i istorijsku borbu protiv kriminala - dmcsrb.com\" \/>\n<meta property=\"og:description\" content=\"Poslanica Demokrata\u00a0An\u0111ela Vojinovi\u0107, saop\u0161tila je da Crna Gora danas vodi nikad odlu\u010dniju i istorijsku borbu protiv svih oblika kriminala.\" \/>\n<meta property=\"og:url\" content=\"https:\/\/dmcsrb.com\/en\/politika\/vojinovic-crna-gora-danas-vodi-nikad-odlucniju-i-istorijsku-borbu-protiv-kriminala\/\" \/>\n<meta property=\"og:site_name\" content=\"dmcsrb.com\" \/>\n<meta property=\"article:published_time\" content=\"2025-09-27T15:05:00+00:00\" \/>\n<meta property=\"og:image\" content=\"https:\/\/dmcsrb.com\/wp-content\/uploads\/2026\/01\/Andjela-Vojinovic-Demokrate.jpg\" \/>\n\t<meta property=\"og:image:width\" content=\"1600\" \/>\n\t<meta property=\"og:image:height\" content=\"1067\" \/>\n\t<meta property=\"og:image:type\" content=\"image\/jpeg\" \/>\n<meta name=\"author\" content=\"dmcsrbija.com@gmail.com\" \/>\n<meta name=\"twitter:card\" content=\"summary_large_image\" \/>\n<meta name=\"twitter:label1\" content=\"Written by\" \/>\n\t<meta name=\"twitter:data1\" content=\"dmcsrbija.com@gmail.com\" \/>\n\t<meta name=\"twitter:label2\" content=\"Estimated reading time\" \/>\n\t<meta name=\"twitter:data2\" content=\"2 minutes\" \/>\n<script type=\"application\/ld+json\" class=\"yoast-schema-graph\">{\"@context\":\"https:\/\/schema.org\",\"@graph\":[{\"@type\":\"Article\",\"@id\":\"https:\/\/dmcsrb.com\/politika\/vojinovic-crna-gora-danas-vodi-nikad-odlucniju-i-istorijsku-borbu-protiv-kriminala\/#article\",\"isPartOf\":{\"@id\":\"https:\/\/dmcsrb.com\/politika\/vojinovic-crna-gora-danas-vodi-nikad-odlucniju-i-istorijsku-borbu-protiv-kriminala\/\"},\"author\":{\"name\":\"dmcsrbija.com@gmail.com\",\"@id\":\"https:\/\/dmcsrb.com\/#\/schema\/person\/5c39170f12db1b8b457732d0b5c854e2\"},\"headline\":\"Vojinovi\u0107: Crna Gora danas vodi nikad odlu\u010dniju i istorijsku borbu protiv kriminala\",\"datePublished\":\"2025-09-27T15:05:00+00:00\",\"mainEntityOfPage\":{\"@id\":\"https:\/\/dmcsrb.com\/politika\/vojinovic-crna-gora-danas-vodi-nikad-odlucniju-i-istorijsku-borbu-protiv-kriminala\/\"},\"wordCount\":333,\"commentCount\":0,\"image\":{\"@id\":\"https:\/\/dmcsrb.com\/politika\/vojinovic-crna-gora-danas-vodi-nikad-odlucniju-i-istorijsku-borbu-protiv-kriminala\/#primaryimage\"},\"thumbnailUrl\":\"https:\/\/dmcsrb.com\/wp-content\/uploads\/2026\/01\/Andjela-Vojinovic-Demokrate.jpg\",\"keywords\":[\"An\u0111ela Vojinovi\u0107\",\"Demokrate\"],\"articleSection\":[\"Politika\"],\"inLanguage\":\"en-GB\",\"potentialAction\":[{\"@type\":\"CommentAction\",\"name\":\"Comment\",\"target\":[\"https:\/\/dmcsrb.com\/politika\/vojinovic-crna-gora-danas-vodi-nikad-odlucniju-i-istorijsku-borbu-protiv-kriminala\/#respond\"]}]},{\"@type\":\"WebPage\",\"@id\":\"https:\/\/dmcsrb.com\/politika\/vojinovic-crna-gora-danas-vodi-nikad-odlucniju-i-istorijsku-borbu-protiv-kriminala\/\",\"url\":\"https:\/\/dmcsrb.com\/politika\/vojinovic-crna-gora-danas-vodi-nikad-odlucniju-i-istorijsku-borbu-protiv-kriminala\/\",\"name\":\"Vojinovi\u0107: Crna Gora danas vodi nikad odlu\u010dniju i istorijsku borbu protiv kriminala - dmcsrb.com\",\"isPartOf\":{\"@id\":\"https:\/\/dmcsrb.com\/#website\"},\"primaryImageOfPage\":{\"@id\":\"https:\/\/dmcsrb.com\/politika\/vojinovic-crna-gora-danas-vodi-nikad-odlucniju-i-istorijsku-borbu-protiv-kriminala\/#primaryimage\"},\"image\":{\"@id\":\"https:\/\/dmcsrb.com\/politika\/vojinovic-crna-gora-danas-vodi-nikad-odlucniju-i-istorijsku-borbu-protiv-kriminala\/#primaryimage\"},\"thumbnailUrl\":\"https:\/\/dmcsrb.com\/wp-content\/uploads\/2026\/01\/Andjela-Vojinovic-Demokrate.jpg\",\"datePublished\":\"2025-09-27T15:05:00+00:00\",\"author\":{\"@id\":\"https:\/\/dmcsrb.com\/#\/schema\/person\/5c39170f12db1b8b457732d0b5c854e2\"},\"breadcrumb\":{\"@id\":\"https:\/\/dmcsrb.com\/politika\/vojinovic-crna-gora-danas-vodi-nikad-odlucniju-i-istorijsku-borbu-protiv-kriminala\/#breadcrumb\"},\"inLanguage\":\"en-GB\",\"potentialAction\":[{\"@type\":\"ReadAction\",\"target\":[\"https:\/\/dmcsrb.com\/politika\/vojinovic-crna-gora-danas-vodi-nikad-odlucniju-i-istorijsku-borbu-protiv-kriminala\/\"]}]},{\"@type\":\"ImageObject\",\"inLanguage\":\"en-GB\",\"@id\":\"https:\/\/dmcsrb.com\/politika\/vojinovic-crna-gora-danas-vodi-nikad-odlucniju-i-istorijsku-borbu-protiv-kriminala\/#primaryimage\",\"url\":\"https:\/\/dmcsrb.com\/wp-content\/uploads\/2026\/01\/Andjela-Vojinovic-Demokrate.jpg\",\"contentUrl\":\"https:\/\/dmcsrb.com\/wp-content\/uploads\/2026\/01\/Andjela-Vojinovic-Demokrate.jpg\",\"width\":1600,\"height\":1067},{\"@type\":\"BreadcrumbList\",\"@id\":\"https:\/\/dmcsrb.com\/politika\/vojinovic-crna-gora-danas-vodi-nikad-odlucniju-i-istorijsku-borbu-protiv-kriminala\/#breadcrumb\",\"itemListElement\":[{\"@type\":\"ListItem\",\"position\":1,\"name\":\"Home\",\"item\":\"https:\/\/dmcsrb.com\/\"},{\"@type\":\"ListItem\",\"position\":2,\"name\":\"Vojinovi\u0107: Crna Gora danas vodi nikad odlu\u010dniju i istorijsku borbu protiv kriminala\"}]},{\"@type\":\"WebSite\",\"@id\":\"https:\/\/dmcsrb.com\/#website\",\"url\":\"https:\/\/dmcsrb.com\/\",\"name\":\"dmcsrb.com\",\"description\":\"\",\"potentialAction\":[{\"@type\":\"SearchAction\",\"target\":{\"@type\":\"EntryPoint\",\"urlTemplate\":\"https:\/\/dmcsrb.com\/?s={search_term_string}\"},\"query-input\":{\"@type\":\"PropertyValueSpecification\",\"valueRequired\":true,\"valueName\":\"search_term_string\"}}],\"inLanguage\":\"en-GB\"},{\"@type\":\"Person\",\"@id\":\"https:\/\/dmcsrb.com\/#\/schema\/person\/5c39170f12db1b8b457732d0b5c854e2\",\"name\":\"dmcsrbija.com@gmail.com\",\"image\":{\"@type\":\"ImageObject\",\"inLanguage\":\"en-GB\",\"@id\":\"https:\/\/dmcsrb.com\/#\/schema\/person\/image\/\",\"url\":\"https:\/\/secure.gravatar.com\/avatar\/68592660ad6347fad0fb587f8d5d8f1a7b44961362f56e4f2cd524feb87e9069?s=96&d=mm&r=g\",\"contentUrl\":\"https:\/\/secure.gravatar.com\/avatar\/68592660ad6347fad0fb587f8d5d8f1a7b44961362f56e4f2cd524feb87e9069?s=96&d=mm&r=g\",\"caption\":\"dmcsrbija.com@gmail.com\"},\"sameAs\":[\"https:\/\/dmcsrb.com\"],\"url\":\"https:\/\/dmcsrb.com\/en\/author\/dmcsrbija-comgmail-com\/\"}]}<\/script>\n<!-- \/ Yoast SEO plugin. -->","yoast_head_json":{"title":"Vojinovi\u0107: Crna Gora danas vodi nikad odlu\u010dniju i istorijsku borbu protiv kriminala - dmcsrb.com","robots":{"index":"index","follow":"follow","max-snippet":"max-snippet:-1","max-image-preview":"max-image-preview:large","max-video-preview":"max-video-preview:-1"},"canonical":"https:\/\/dmcsrb.com\/en\/politika\/vojinovic-crna-gora-danas-vodi-nikad-odlucniju-i-istorijsku-borbu-protiv-kriminala\/","og_locale":"en_GB","og_type":"article","og_title":"Vojinovi\u0107: Crna Gora danas vodi nikad odlu\u010dniju i istorijsku borbu protiv kriminala - dmcsrb.com","og_description":"Poslanica Demokrata\u00a0An\u0111ela Vojinovi\u0107, saop\u0161tila je da Crna Gora danas vodi nikad odlu\u010dniju i istorijsku borbu protiv svih oblika kriminala.","og_url":"https:\/\/dmcsrb.com\/en\/politika\/vojinovic-crna-gora-danas-vodi-nikad-odlucniju-i-istorijsku-borbu-protiv-kriminala\/","og_site_name":"dmcsrb.com","article_published_time":"2025-09-27T15:05:00+00:00","og_image":[{"width":1600,"height":1067,"url":"https:\/\/dmcsrb.com\/wp-content\/uploads\/2026\/01\/Andjela-Vojinovic-Demokrate.jpg","type":"image\/jpeg"}],"author":"dmcsrbija.com@gmail.com","twitter_card":"summary_large_image","twitter_misc":{"Written by":"dmcsrbija.com@gmail.com","Estimated reading time":"2 minutes"},"schema":{"@context":"https:\/\/schema.org","@graph":[{"@type":"Article","@id":"https:\/\/dmcsrb.com\/politika\/vojinovic-crna-gora-danas-vodi-nikad-odlucniju-i-istorijsku-borbu-protiv-kriminala\/#article","isPartOf":{"@id":"https:\/\/dmcsrb.com\/politika\/vojinovic-crna-gora-danas-vodi-nikad-odlucniju-i-istorijsku-borbu-protiv-kriminala\/"},"author":{"name":"dmcsrbija.com@gmail.com","@id":"https:\/\/dmcsrb.com\/#\/schema\/person\/5c39170f12db1b8b457732d0b5c854e2"},"headline":"Vojinovi\u0107: Crna Gora danas vodi nikad odlu\u010dniju i istorijsku borbu protiv kriminala","datePublished":"2025-09-27T15:05:00+00:00","mainEntityOfPage":{"@id":"https:\/\/dmcsrb.com\/politika\/vojinovic-crna-gora-danas-vodi-nikad-odlucniju-i-istorijsku-borbu-protiv-kriminala\/"},"wordCount":333,"commentCount":0,"image":{"@id":"https:\/\/dmcsrb.com\/politika\/vojinovic-crna-gora-danas-vodi-nikad-odlucniju-i-istorijsku-borbu-protiv-kriminala\/#primaryimage"},"thumbnailUrl":"https:\/\/dmcsrb.com\/wp-content\/uploads\/2026\/01\/Andjela-Vojinovic-Demokrate.jpg","keywords":["An\u0111ela Vojinovi\u0107","Demokrate"],"articleSection":["Politika"],"inLanguage":"en-GB","potentialAction":[{"@type":"CommentAction","name":"Comment","target":["https:\/\/dmcsrb.com\/politika\/vojinovic-crna-gora-danas-vodi-nikad-odlucniju-i-istorijsku-borbu-protiv-kriminala\/#respond"]}]},{"@type":"WebPage","@id":"https:\/\/dmcsrb.com\/politika\/vojinovic-crna-gora-danas-vodi-nikad-odlucniju-i-istorijsku-borbu-protiv-kriminala\/","url":"https:\/\/dmcsrb.com\/politika\/vojinovic-crna-gora-danas-vodi-nikad-odlucniju-i-istorijsku-borbu-protiv-kriminala\/","name":"Vojinovi\u0107: Crna Gora danas vodi nikad odlu\u010dniju i istorijsku borbu protiv kriminala - dmcsrb.com","isPartOf":{"@id":"https:\/\/dmcsrb.com\/#website"},"primaryImageOfPage":{"@id":"https:\/\/dmcsrb.com\/politika\/vojinovic-crna-gora-danas-vodi-nikad-odlucniju-i-istorijsku-borbu-protiv-kriminala\/#primaryimage"},"image":{"@id":"https:\/\/dmcsrb.com\/politika\/vojinovic-crna-gora-danas-vodi-nikad-odlucniju-i-istorijsku-borbu-protiv-kriminala\/#primaryimage"},"thumbnailUrl":"https:\/\/dmcsrb.com\/wp-content\/uploads\/2026\/01\/Andjela-Vojinovic-Demokrate.jpg","datePublished":"2025-09-27T15:05:00+00:00","author":{"@id":"https:\/\/dmcsrb.com\/#\/schema\/person\/5c39170f12db1b8b457732d0b5c854e2"},"breadcrumb":{"@id":"https:\/\/dmcsrb.com\/politika\/vojinovic-crna-gora-danas-vodi-nikad-odlucniju-i-istorijsku-borbu-protiv-kriminala\/#breadcrumb"},"inLanguage":"en-GB","potentialAction":[{"@type":"ReadAction","target":["https:\/\/dmcsrb.com\/politika\/vojinovic-crna-gora-danas-vodi-nikad-odlucniju-i-istorijsku-borbu-protiv-kriminala\/"]}]},{"@type":"ImageObject","inLanguage":"en-GB","@id":"https:\/\/dmcsrb.com\/politika\/vojinovic-crna-gora-danas-vodi-nikad-odlucniju-i-istorijsku-borbu-protiv-kriminala\/#primaryimage","url":"https:\/\/dmcsrb.com\/wp-content\/uploads\/2026\/01\/Andjela-Vojinovic-Demokrate.jpg","contentUrl":"https:\/\/dmcsrb.com\/wp-content\/uploads\/2026\/01\/Andjela-Vojinovic-Demokrate.jpg","width":1600,"height":1067},{"@type":"BreadcrumbList","@id":"https:\/\/dmcsrb.com\/politika\/vojinovic-crna-gora-danas-vodi-nikad-odlucniju-i-istorijsku-borbu-protiv-kriminala\/#breadcrumb","itemListElement":[{"@type":"ListItem","position":1,"name":"Home","item":"https:\/\/dmcsrb.com\/"},{"@type":"ListItem","position":2,"name":"Vojinovi\u0107: Crna Gora danas vodi nikad odlu\u010dniju i istorijsku borbu protiv kriminala"}]},{"@type":"WebSite","@id":"https:\/\/dmcsrb.com\/#website","url":"https:\/\/dmcsrb.com\/","name":"dmcsrb.com","description":"","potentialAction":[{"@type":"SearchAction","target":{"@type":"EntryPoint","urlTemplate":"https:\/\/dmcsrb.com\/?s={search_term_string}"},"query-input":{"@type":"PropertyValueSpecification","valueRequired":true,"valueName":"search_term_string"}}],"inLanguage":"en-GB"},{"@type":"Person","@id":"https:\/\/dmcsrb.com\/#\/schema\/person\/5c39170f12db1b8b457732d0b5c854e2","name":"dmcsrbija.com@gmail.com","image":{"@type":"ImageObject","inLanguage":"en-GB","@id":"https:\/\/dmcsrb.com\/#\/schema\/person\/image\/","url":"https:\/\/secure.gravatar.com\/avatar\/68592660ad6347fad0fb587f8d5d8f1a7b44961362f56e4f2cd524feb87e9069?s=96&d=mm&r=g","contentUrl":"https:\/\/secure.gravatar.com\/avatar\/68592660ad6347fad0fb587f8d5d8f1a7b44961362f56e4f2cd524feb87e9069?s=96&d=mm&r=g","caption":"dmcsrbija.com@gmail.com"},"sameAs":["https:\/\/dmcsrb.com"],"url":"https:\/\/dmcsrb.com\/en\/author\/dmcsrbija-comgmail-com\/"}]}},"_links":{"self":[{"href":"https:\/\/dmcsrb.com\/en\/wp-json\/wp\/v2\/posts\/954390","targetHints":{"allow":["GET"]}}],"collection":[{"href":"https:\/\/dmcsrb.com\/en\/wp-json\/wp\/v2\/posts"}],"about":[{"href":"https:\/\/dmcsrb.com\/en\/wp-json\/wp\/v2\/types\/post"}],"author":[{"embeddable":true,"href":"https:\/\/dmcsrb.com\/en\/wp-json\/wp\/v2\/users\/1"}],"replies":[{"embeddable":true,"href":"https:\/\/dmcsrb.com\/en\/wp-json\/wp\/v2\/comments?post=954390"}],"version-history":[{"count":0,"href":"https:\/\/dmcsrb.com\/en\/wp-json\/wp\/v2\/posts\/954390\/revisions"}],"wp:featuredmedia":[{"embeddable":true,"href":"https:\/\/dmcsrb.com\/en\/wp-json\/wp\/v2\/media\/909003"}],"wp:attachment":[{"href":"https:\/\/dmcsrb.com\/en\/wp-json\/wp\/v2\/media?parent=954390"}],"wp:term":[{"taxonomy":"category","embeddable":true,"href":"https:\/\/dmcsrb.com\/en\/wp-json\/wp\/v2\/categories?post=954390"},{"taxonomy":"post_tag","embeddable":true,"href":"https:\/\/dmcsrb.com\/en\/wp-json\/wp\/v2\/tags?post=954390"},{"taxonomy":"naslovna","embeddable":true,"href":"https:\/\/dmcsrb.com\/en\/wp-json\/wp\/v2\/naslovna?post=954390"}],"curies":[{"name":"wp","href":"https:\/\/api.w.org\/{rel}","templated":true}]}}