{"id":954363,"date":"2025-09-27T14:00:00","date_gmt":"2025-09-27T12:00:00","guid":{"rendered":"https:\/\/dmcsrb.com\/uncategorized\/rovcanin-politika-koja-se-gradi-na-stigmatizaciji-jednog-naroda-nije-evropska\/"},"modified":"2025-09-27T14:00:00","modified_gmt":"2025-09-27T12:00:00","slug":"rovcanin-politika-koja-se-gradi-na-stigmatizaciji-jednog-naroda-nije-evropska","status":"publish","type":"post","link":"https:\/\/dmcsrb.com\/en\/politika\/rovcanin-politika-koja-se-gradi-na-stigmatizaciji-jednog-naroda-nije-evropska\/","title":{"rendered":"Rov\u010danin: Politika koja se gradi na stigmatizaciji jednog naroda nije evropska"},"content":{"rendered":"<p>&#8220;Danas je opet iz iste kuhinje o\u017eivjela ideolo\u0161ka stigmatizacija prema srpskom narodu, ali da se prije svega vratimo malo unazad i sjetimo nekada\u0161njeg usmjerenja ove ideolo\u0161ke-politi\u010dke o\u0161trice. Kontinuirano potencirana i pa\u017eljivo dozirana, ona je bila pogonsko gorivo za realnu diskriminaciju, pa smo imali 2015.godine samo sedam odsto zaposlenih gra\u0111ana u dr\u017eavnoj upravi koji se nacionalno izja\u0161njavaju kao Srbi, prema zvani\u010dnim podacima. Korijen ideolo\u0161ke diskriminacije nastaje iz teze &#8216;po\u017eeljnosti&#8217;. Pa ka\u017eu kreatori: &#8220;po\u017eeljno je da je ovih manje&#8221;, &#8220;ovi su protiv dr\u017eave&#8221;, &#8220;oni destabilizuju prilike i na\u0161e te\u017enje&#8221;. U samom finalu, oti\u0161lo se do mjere udara na Crkvu i njenu imovinu. Ishod tog nauma je poznat&#8221;, rekao je Rov\u010danin.&nbsp;<\/p>\n\n\n\n<p>Naravno, dodaje, ni jedan narod nije problem.<\/p>\n\n\n\n<p>&#8220;Svi narodi su sinovi i k\u0107eri Crne Gore sa jednakim pravima, kao \u0161to je i svaka vjerska zajednica sa svojim posebnostima. Me\u0111utim, danas se izgleda opet povampirila takva ideologija. Pa ondje gdje je jedan narod ve\u0107ina, ka\u017eu, tamo je nestabilnije i tamo je ugro\u017eenija dr\u017eava u odnosu na druge teritorije. Pa upravo tamo treba &#8220;udariti&#8221; i politi\u010dki i buntovno. Veoma je opasna teza na kojoj po\u010diva takav naum da onaj ko nije uz moje mi\u0161ljenje i vi\u0111enje, on je moj neprijatelj i protivnik dru\u0161tva, dr\u017eave&#8230;&#8221;, ka\u017ee Rov\u010danin.&nbsp;<\/p>\n\n\n\n<p>Kako je rekao, na toj ideolo\u0161koj magistrali imali smo i populacionu diskriminaciju. Ukazuje da danas u Crnoj Gori \u017eivi 48.878 gra\u0111ana koji nemaju dr\u017eavljanstvo, a isto tako 90.000 je vi\u0161e upisanih u bira\u010dki spisak od broja punoljetnih gra\u0111ana u dr\u017eavi ili 576.755 dr\u017eavljana naspram 542.468 upisanih u bira\u010dki spisak.<\/p>\n\n\n\n<p>&#8220;Dakle, efekat je potpuni statisti\u010dki slom logike. Zato je va\u017eno da ova dr\u017eava kao budu\u0107a \u010dlanica EU i narod Crne Gore kojoj god naciji da pripada, napravi otklon od ovakvih politika. Po\u0161tovanje, tolerancija i uva\u017eavanje druga\u010dijih stavova su principi kojima moramo te\u017eiti. Rje\u0161avanje prava svih gra\u0111ana Crne Gore koji \u017eive ovdje, a nemaju formalnu ustavno-pravnu vezu sa dr\u017eavom, njih 46.878, predstavlja obavezu. \u010cuvanje ustavnih prava vjerskih zajednica na odvojenost od dr\u017eave i njihovih prava na svoje stavove koji mogu da se razlikuju, demokratska je tekovina. I na kraju, odstupanje od principa totalitarnih re\u017eima iz na\u0161e bliske pro\u0161losti, koji su po\u010divali na &#8216;su\u0111enjima narodu, njihovom dr\u017eanju i djelovalju, bez suda&#8217;, na\u0161a je i me\u0111unarodna obaveza na koju upu\u0107uju brojne deklaracije koje su sve rekle o takvim re\u017eimima&#8221;, rekao je Rov\u010danin.&nbsp;<\/p>","protected":false},"excerpt":{"rendered":"<p>Decenijama su u Crnoj Gori bile na snazi ideolo\u0161ke stigmatizacije naroda koje su u krajnjem imale razli\u010dite kleptokratske ciljeve. U zavisnosti od politi\u010dkog trenutka i potrebe mijenjale su se mete ideolo\u0161ke diskriminacije u vi\u0161edecenijskom sijanju podjela, izjavio je poslanik Demokratske Crne Gore Nikola Rov\u010danin.<\/p>","protected":false},"author":1,"featured_media":954364,"comment_status":"open","ping_status":"open","sticky":false,"template":"","format":"standard","meta":{"_acf_changed":false,"footnotes":""},"categories":[12],"tags":[1355,2028,9428],"naslovna":[],"class_list":["post-954363","post","type-post","status-publish","format-standard","has-post-thumbnail","hentry","category-politika","tag-demokrate","tag-nikola-rovcanin-2","tag-stigmatizacija"],"acf":[],"yoast_head":"<!-- This site is optimized with the Yoast SEO plugin v27.4 - https:\/\/yoast.com\/product\/yoast-seo-wordpress\/ -->\n<title>Rov\u010danin: Politika koja se gradi na stigmatizaciji jednog naroda nije evropska - dmcsrb.com<\/title>\n<meta name=\"robots\" content=\"index, follow, max-snippet:-1, max-image-preview:large, max-video-preview:-1\" \/>\n<link rel=\"canonical\" href=\"https:\/\/dmcsrb.com\/en\/politika\/rovcanin-politika-koja-se-gradi-na-stigmatizaciji-jednog-naroda-nije-evropska\/\" \/>\n<meta property=\"og:locale\" content=\"en_GB\" \/>\n<meta property=\"og:type\" content=\"article\" \/>\n<meta property=\"og:title\" content=\"Rov\u010danin: Politika koja se gradi na stigmatizaciji jednog naroda nije evropska - dmcsrb.com\" \/>\n<meta property=\"og:description\" content=\"Decenijama su u Crnoj Gori bile na snazi ideolo\u0161ke stigmatizacije naroda koje su u krajnjem imale razli\u010dite kleptokratske ciljeve. U zavisnosti od politi\u010dkog trenutka i potrebe mijenjale su se mete ideolo\u0161ke diskriminacije u vi\u0161edecenijskom sijanju podjela, izjavio je poslanik Demokratske Crne Gore Nikola Rov\u010danin.\" \/>\n<meta property=\"og:url\" content=\"https:\/\/dmcsrb.com\/en\/politika\/rovcanin-politika-koja-se-gradi-na-stigmatizaciji-jednog-naroda-nije-evropska\/\" \/>\n<meta property=\"og:site_name\" content=\"dmcsrb.com\" \/>\n<meta property=\"article:published_time\" content=\"2025-09-27T12:00:00+00:00\" \/>\n<meta property=\"og:image\" content=\"https:\/\/dmcsrb.com\/wp-content\/uploads\/2026\/01\/Nikola-Rovcanin2.webp\" \/>\n\t<meta property=\"og:image:width\" content=\"1736\" \/>\n\t<meta property=\"og:image:height\" content=\"862\" \/>\n\t<meta property=\"og:image:type\" content=\"image\/jpeg\" \/>\n<meta name=\"author\" content=\"dmcsrbija.com@gmail.com\" \/>\n<meta name=\"twitter:card\" content=\"summary_large_image\" \/>\n<meta name=\"twitter:label1\" content=\"Written by\" \/>\n\t<meta name=\"twitter:data1\" content=\"dmcsrbija.com@gmail.com\" \/>\n\t<meta name=\"twitter:label2\" content=\"Estimated reading time\" \/>\n\t<meta name=\"twitter:data2\" content=\"2 minutes\" \/>\n<script type=\"application\/ld+json\" class=\"yoast-schema-graph\">{\"@context\":\"https:\\\/\\\/schema.org\",\"@graph\":[{\"@type\":\"Article\",\"@id\":\"https:\\\/\\\/dmcsrb.com\\\/en\\\/politika\\\/rovcanin-politika-koja-se-gradi-na-stigmatizaciji-jednog-naroda-nije-evropska\\\/#article\",\"isPartOf\":{\"@id\":\"https:\\\/\\\/dmcsrb.com\\\/en\\\/politika\\\/rovcanin-politika-koja-se-gradi-na-stigmatizaciji-jednog-naroda-nije-evropska\\\/\"},\"author\":{\"name\":\"dmcsrbija.com@gmail.com\",\"@id\":\"https:\\\/\\\/dmcsrb.com\\\/#\\\/schema\\\/person\\\/5c39170f12db1b8b457732d0b5c854e2\"},\"headline\":\"Rov\u010danin: Politika koja se gradi na stigmatizaciji jednog naroda nije evropska\",\"datePublished\":\"2025-09-27T12:00:00+00:00\",\"mainEntityOfPage\":{\"@id\":\"https:\\\/\\\/dmcsrb.com\\\/en\\\/politika\\\/rovcanin-politika-koja-se-gradi-na-stigmatizaciji-jednog-naroda-nije-evropska\\\/\"},\"wordCount\":456,\"commentCount\":0,\"image\":{\"@id\":\"https:\\\/\\\/dmcsrb.com\\\/en\\\/politika\\\/rovcanin-politika-koja-se-gradi-na-stigmatizaciji-jednog-naroda-nije-evropska\\\/#primaryimage\"},\"thumbnailUrl\":\"https:\\\/\\\/dmcsrb.com\\\/wp-content\\\/uploads\\\/2026\\\/01\\\/Nikola-Rovcanin2.webp\",\"keywords\":[\"Demokrate\",\"Nikola Rov\u010danin\",\"Stigmatizacija\"],\"articleSection\":[\"Politika\"],\"inLanguage\":\"en-GB\",\"potentialAction\":[{\"@type\":\"CommentAction\",\"name\":\"Comment\",\"target\":[\"https:\\\/\\\/dmcsrb.com\\\/en\\\/politika\\\/rovcanin-politika-koja-se-gradi-na-stigmatizaciji-jednog-naroda-nije-evropska\\\/#respond\"]}]},{\"@type\":\"WebPage\",\"@id\":\"https:\\\/\\\/dmcsrb.com\\\/en\\\/politika\\\/rovcanin-politika-koja-se-gradi-na-stigmatizaciji-jednog-naroda-nije-evropska\\\/\",\"url\":\"https:\\\/\\\/dmcsrb.com\\\/en\\\/politika\\\/rovcanin-politika-koja-se-gradi-na-stigmatizaciji-jednog-naroda-nije-evropska\\\/\",\"name\":\"Rov\u010danin: Politika koja se gradi na stigmatizaciji jednog naroda nije evropska - dmcsrb.com\",\"isPartOf\":{\"@id\":\"https:\\\/\\\/dmcsrb.com\\\/#website\"},\"primaryImageOfPage\":{\"@id\":\"https:\\\/\\\/dmcsrb.com\\\/en\\\/politika\\\/rovcanin-politika-koja-se-gradi-na-stigmatizaciji-jednog-naroda-nije-evropska\\\/#primaryimage\"},\"image\":{\"@id\":\"https:\\\/\\\/dmcsrb.com\\\/en\\\/politika\\\/rovcanin-politika-koja-se-gradi-na-stigmatizaciji-jednog-naroda-nije-evropska\\\/#primaryimage\"},\"thumbnailUrl\":\"https:\\\/\\\/dmcsrb.com\\\/wp-content\\\/uploads\\\/2026\\\/01\\\/Nikola-Rovcanin2.webp\",\"datePublished\":\"2025-09-27T12:00:00+00:00\",\"author\":{\"@id\":\"https:\\\/\\\/dmcsrb.com\\\/#\\\/schema\\\/person\\\/5c39170f12db1b8b457732d0b5c854e2\"},\"breadcrumb\":{\"@id\":\"https:\\\/\\\/dmcsrb.com\\\/en\\\/politika\\\/rovcanin-politika-koja-se-gradi-na-stigmatizaciji-jednog-naroda-nije-evropska\\\/#breadcrumb\"},\"inLanguage\":\"en-GB\",\"potentialAction\":[{\"@type\":\"ReadAction\",\"target\":[\"https:\\\/\\\/dmcsrb.com\\\/en\\\/politika\\\/rovcanin-politika-koja-se-gradi-na-stigmatizaciji-jednog-naroda-nije-evropska\\\/\"]}]},{\"@type\":\"ImageObject\",\"inLanguage\":\"en-GB\",\"@id\":\"https:\\\/\\\/dmcsrb.com\\\/en\\\/politika\\\/rovcanin-politika-koja-se-gradi-na-stigmatizaciji-jednog-naroda-nije-evropska\\\/#primaryimage\",\"url\":\"https:\\\/\\\/dmcsrb.com\\\/wp-content\\\/uploads\\\/2026\\\/01\\\/Nikola-Rovcanin2.webp\",\"contentUrl\":\"https:\\\/\\\/dmcsrb.com\\\/wp-content\\\/uploads\\\/2026\\\/01\\\/Nikola-Rovcanin2.webp\",\"width\":1736,\"height\":862},{\"@type\":\"BreadcrumbList\",\"@id\":\"https:\\\/\\\/dmcsrb.com\\\/en\\\/politika\\\/rovcanin-politika-koja-se-gradi-na-stigmatizaciji-jednog-naroda-nije-evropska\\\/#breadcrumb\",\"itemListElement\":[{\"@type\":\"ListItem\",\"position\":1,\"name\":\"Home\",\"item\":\"https:\\\/\\\/dmcsrb.com\\\/\"},{\"@type\":\"ListItem\",\"position\":2,\"name\":\"Rov\u010danin: Politika koja se gradi na stigmatizaciji jednog naroda nije evropska\"}]},{\"@type\":\"WebSite\",\"@id\":\"https:\\\/\\\/dmcsrb.com\\\/#website\",\"url\":\"https:\\\/\\\/dmcsrb.com\\\/\",\"name\":\"dmcsrb.com\",\"description\":\"\",\"potentialAction\":[{\"@type\":\"SearchAction\",\"target\":{\"@type\":\"EntryPoint\",\"urlTemplate\":\"https:\\\/\\\/dmcsrb.com\\\/?s={search_term_string}\"},\"query-input\":{\"@type\":\"PropertyValueSpecification\",\"valueRequired\":true,\"valueName\":\"search_term_string\"}}],\"inLanguage\":\"en-GB\"},{\"@type\":\"Person\",\"@id\":\"https:\\\/\\\/dmcsrb.com\\\/#\\\/schema\\\/person\\\/5c39170f12db1b8b457732d0b5c854e2\",\"name\":\"dmcsrbija.com@gmail.com\",\"image\":{\"@type\":\"ImageObject\",\"inLanguage\":\"en-GB\",\"@id\":\"https:\\\/\\\/secure.gravatar.com\\\/avatar\\\/68592660ad6347fad0fb587f8d5d8f1a7b44961362f56e4f2cd524feb87e9069?s=96&d=mm&r=g\",\"url\":\"https:\\\/\\\/secure.gravatar.com\\\/avatar\\\/68592660ad6347fad0fb587f8d5d8f1a7b44961362f56e4f2cd524feb87e9069?s=96&d=mm&r=g\",\"contentUrl\":\"https:\\\/\\\/secure.gravatar.com\\\/avatar\\\/68592660ad6347fad0fb587f8d5d8f1a7b44961362f56e4f2cd524feb87e9069?s=96&d=mm&r=g\",\"caption\":\"dmcsrbija.com@gmail.com\"},\"sameAs\":[\"https:\\\/\\\/dmcsrb.com\"],\"url\":\"https:\\\/\\\/dmcsrb.com\\\/en\\\/author\\\/dmcsrbija-comgmail-com\\\/\"}]}<\/script>\n<!-- \/ Yoast SEO plugin. -->","yoast_head_json":{"title":"Rov\u010danin: Politika koja se gradi na stigmatizaciji jednog naroda nije evropska - dmcsrb.com","robots":{"index":"index","follow":"follow","max-snippet":"max-snippet:-1","max-image-preview":"max-image-preview:large","max-video-preview":"max-video-preview:-1"},"canonical":"https:\/\/dmcsrb.com\/en\/politika\/rovcanin-politika-koja-se-gradi-na-stigmatizaciji-jednog-naroda-nije-evropska\/","og_locale":"en_GB","og_type":"article","og_title":"Rov\u010danin: Politika koja se gradi na stigmatizaciji jednog naroda nije evropska - dmcsrb.com","og_description":"Decenijama su u Crnoj Gori bile na snazi ideolo\u0161ke stigmatizacije naroda koje su u krajnjem imale razli\u010dite kleptokratske ciljeve. U zavisnosti od politi\u010dkog trenutka i potrebe mijenjale su se mete ideolo\u0161ke diskriminacije u vi\u0161edecenijskom sijanju podjela, izjavio je poslanik Demokratske Crne Gore Nikola Rov\u010danin.","og_url":"https:\/\/dmcsrb.com\/en\/politika\/rovcanin-politika-koja-se-gradi-na-stigmatizaciji-jednog-naroda-nije-evropska\/","og_site_name":"dmcsrb.com","article_published_time":"2025-09-27T12:00:00+00:00","og_image":[{"width":1736,"height":862,"url":"https:\/\/dmcsrb.com\/wp-content\/uploads\/2026\/01\/Nikola-Rovcanin2.webp","type":"image\/jpeg"}],"author":"dmcsrbija.com@gmail.com","twitter_card":"summary_large_image","twitter_misc":{"Written by":"dmcsrbija.com@gmail.com","Estimated reading time":"2 minutes"},"schema":{"@context":"https:\/\/schema.org","@graph":[{"@type":"Article","@id":"https:\/\/dmcsrb.com\/en\/politika\/rovcanin-politika-koja-se-gradi-na-stigmatizaciji-jednog-naroda-nije-evropska\/#article","isPartOf":{"@id":"https:\/\/dmcsrb.com\/en\/politika\/rovcanin-politika-koja-se-gradi-na-stigmatizaciji-jednog-naroda-nije-evropska\/"},"author":{"name":"dmcsrbija.com@gmail.com","@id":"https:\/\/dmcsrb.com\/#\/schema\/person\/5c39170f12db1b8b457732d0b5c854e2"},"headline":"Rov\u010danin: Politika koja se gradi na stigmatizaciji jednog naroda nije evropska","datePublished":"2025-09-27T12:00:00+00:00","mainEntityOfPage":{"@id":"https:\/\/dmcsrb.com\/en\/politika\/rovcanin-politika-koja-se-gradi-na-stigmatizaciji-jednog-naroda-nije-evropska\/"},"wordCount":456,"commentCount":0,"image":{"@id":"https:\/\/dmcsrb.com\/en\/politika\/rovcanin-politika-koja-se-gradi-na-stigmatizaciji-jednog-naroda-nije-evropska\/#primaryimage"},"thumbnailUrl":"https:\/\/dmcsrb.com\/wp-content\/uploads\/2026\/01\/Nikola-Rovcanin2.webp","keywords":["Demokrate","Nikola Rov\u010danin","Stigmatizacija"],"articleSection":["Politika"],"inLanguage":"en-GB","potentialAction":[{"@type":"CommentAction","name":"Comment","target":["https:\/\/dmcsrb.com\/en\/politika\/rovcanin-politika-koja-se-gradi-na-stigmatizaciji-jednog-naroda-nije-evropska\/#respond"]}]},{"@type":"WebPage","@id":"https:\/\/dmcsrb.com\/en\/politika\/rovcanin-politika-koja-se-gradi-na-stigmatizaciji-jednog-naroda-nije-evropska\/","url":"https:\/\/dmcsrb.com\/en\/politika\/rovcanin-politika-koja-se-gradi-na-stigmatizaciji-jednog-naroda-nije-evropska\/","name":"Rov\u010danin: Politika koja se gradi na stigmatizaciji jednog naroda nije evropska - dmcsrb.com","isPartOf":{"@id":"https:\/\/dmcsrb.com\/#website"},"primaryImageOfPage":{"@id":"https:\/\/dmcsrb.com\/en\/politika\/rovcanin-politika-koja-se-gradi-na-stigmatizaciji-jednog-naroda-nije-evropska\/#primaryimage"},"image":{"@id":"https:\/\/dmcsrb.com\/en\/politika\/rovcanin-politika-koja-se-gradi-na-stigmatizaciji-jednog-naroda-nije-evropska\/#primaryimage"},"thumbnailUrl":"https:\/\/dmcsrb.com\/wp-content\/uploads\/2026\/01\/Nikola-Rovcanin2.webp","datePublished":"2025-09-27T12:00:00+00:00","author":{"@id":"https:\/\/dmcsrb.com\/#\/schema\/person\/5c39170f12db1b8b457732d0b5c854e2"},"breadcrumb":{"@id":"https:\/\/dmcsrb.com\/en\/politika\/rovcanin-politika-koja-se-gradi-na-stigmatizaciji-jednog-naroda-nije-evropska\/#breadcrumb"},"inLanguage":"en-GB","potentialAction":[{"@type":"ReadAction","target":["https:\/\/dmcsrb.com\/en\/politika\/rovcanin-politika-koja-se-gradi-na-stigmatizaciji-jednog-naroda-nije-evropska\/"]}]},{"@type":"ImageObject","inLanguage":"en-GB","@id":"https:\/\/dmcsrb.com\/en\/politika\/rovcanin-politika-koja-se-gradi-na-stigmatizaciji-jednog-naroda-nije-evropska\/#primaryimage","url":"https:\/\/dmcsrb.com\/wp-content\/uploads\/2026\/01\/Nikola-Rovcanin2.webp","contentUrl":"https:\/\/dmcsrb.com\/wp-content\/uploads\/2026\/01\/Nikola-Rovcanin2.webp","width":1736,"height":862},{"@type":"BreadcrumbList","@id":"https:\/\/dmcsrb.com\/en\/politika\/rovcanin-politika-koja-se-gradi-na-stigmatizaciji-jednog-naroda-nije-evropska\/#breadcrumb","itemListElement":[{"@type":"ListItem","position":1,"name":"Home","item":"https:\/\/dmcsrb.com\/"},{"@type":"ListItem","position":2,"name":"Rov\u010danin: Politika koja se gradi na stigmatizaciji jednog naroda nije evropska"}]},{"@type":"WebSite","@id":"https:\/\/dmcsrb.com\/#website","url":"https:\/\/dmcsrb.com\/","name":"dmcsrb.com","description":"","potentialAction":[{"@type":"SearchAction","target":{"@type":"EntryPoint","urlTemplate":"https:\/\/dmcsrb.com\/?s={search_term_string}"},"query-input":{"@type":"PropertyValueSpecification","valueRequired":true,"valueName":"search_term_string"}}],"inLanguage":"en-GB"},{"@type":"Person","@id":"https:\/\/dmcsrb.com\/#\/schema\/person\/5c39170f12db1b8b457732d0b5c854e2","name":"dmcsrbija.com@gmail.com","image":{"@type":"ImageObject","inLanguage":"en-GB","@id":"https:\/\/secure.gravatar.com\/avatar\/68592660ad6347fad0fb587f8d5d8f1a7b44961362f56e4f2cd524feb87e9069?s=96&d=mm&r=g","url":"https:\/\/secure.gravatar.com\/avatar\/68592660ad6347fad0fb587f8d5d8f1a7b44961362f56e4f2cd524feb87e9069?s=96&d=mm&r=g","contentUrl":"https:\/\/secure.gravatar.com\/avatar\/68592660ad6347fad0fb587f8d5d8f1a7b44961362f56e4f2cd524feb87e9069?s=96&d=mm&r=g","caption":"dmcsrbija.com@gmail.com"},"sameAs":["https:\/\/dmcsrb.com"],"url":"https:\/\/dmcsrb.com\/en\/author\/dmcsrbija-comgmail-com\/"}]}},"_links":{"self":[{"href":"https:\/\/dmcsrb.com\/en\/wp-json\/wp\/v2\/posts\/954363","targetHints":{"allow":["GET"]}}],"collection":[{"href":"https:\/\/dmcsrb.com\/en\/wp-json\/wp\/v2\/posts"}],"about":[{"href":"https:\/\/dmcsrb.com\/en\/wp-json\/wp\/v2\/types\/post"}],"author":[{"embeddable":true,"href":"https:\/\/dmcsrb.com\/en\/wp-json\/wp\/v2\/users\/1"}],"replies":[{"embeddable":true,"href":"https:\/\/dmcsrb.com\/en\/wp-json\/wp\/v2\/comments?post=954363"}],"version-history":[{"count":0,"href":"https:\/\/dmcsrb.com\/en\/wp-json\/wp\/v2\/posts\/954363\/revisions"}],"wp:featuredmedia":[{"embeddable":true,"href":"https:\/\/dmcsrb.com\/en\/wp-json\/wp\/v2\/media\/954364"}],"wp:attachment":[{"href":"https:\/\/dmcsrb.com\/en\/wp-json\/wp\/v2\/media?parent=954363"}],"wp:term":[{"taxonomy":"category","embeddable":true,"href":"https:\/\/dmcsrb.com\/en\/wp-json\/wp\/v2\/categories?post=954363"},{"taxonomy":"post_tag","embeddable":true,"href":"https:\/\/dmcsrb.com\/en\/wp-json\/wp\/v2\/tags?post=954363"},{"taxonomy":"naslovna","embeddable":true,"href":"https:\/\/dmcsrb.com\/en\/wp-json\/wp\/v2\/naslovna?post=954363"}],"curies":[{"name":"wp","href":"https:\/\/api.w.org\/{rel}","templated":true}]}}