{"id":954346,"date":"2025-09-27T14:14:00","date_gmt":"2025-09-27T12:14:00","guid":{"rendered":"https:\/\/dmcsrb.com\/uncategorized\/konkurs-knjizevne-zajednice-mirko-banjevic\/"},"modified":"2025-09-27T14:14:00","modified_gmt":"2025-09-27T12:14:00","slug":"konkurs-knjizevne-zajednice-mirko-banjevic","status":"publish","type":"post","link":"https:\/\/dmcsrb.com\/en\/kultura\/konkurs-knjizevne-zajednice-mirko-banjevic\/","title":{"rendered":"Konkurs Knji\u017eevne zajednice \u201eMirko Banjevi\u0107\u201c"},"content":{"rendered":"<p><\/p>\n\n\n\n<p>Knji\u017eevna zajednica \u201eMirko Banjevi\u0107\u201c iz Nik\u0161i\u0107a raspisuje Konkurs za dodjelu Knji\u017eevne nagrade \u201eMirko Banjevi\u0107\u201c.<\/p>\n\n\n\n<p>Nagrada se dodjeljuje za knjigu poezije i knjigu proze, objavljene u 2023. i 2024. godini. Nagrada \u0107e biti dodijeljena i za prvu knjigu poezije, objavljenu u navedenom periodu.<\/p>\n\n\n\n<p>Neophodno je poslati tri primjerka knjige s biografijom autora i predlogom na adresu: Knji\u017eevna zajednica \u201eMirko Banjevi\u0107\u201c, Ul. Nika Miljani\u0107a, br. 10., sprat 3, Nik\u0161i\u0107, sa naznakom: za predsjednika Knji\u017eevne zajednice, Radislava Garda\u0161evi\u0107a. Konkurs je otvoren trideset dana od dana objave.<\/p>","protected":false},"excerpt":{"rendered":"<p>Zbog ve\u0107eg stepena transparentnosti, Knji\u017eevna zajednica \u201eMirko Banjevi\u0107\u201c iz Nik\u0161i\u0107a obnavlja poziv za Konkurs svim zainteresovanim autorima, prvi put objavljen 13. septembra, koji traje 30 dana, zaklju\u010dno sa 13. oktobrom ove godine, saop\u0161teno je iz ove Knji\u017eevne zajednice.<\/p>","protected":false},"author":1,"featured_media":954347,"comment_status":"open","ping_status":"open","sticky":false,"template":"","format":"standard","meta":{"_acf_changed":false,"footnotes":""},"categories":[50],"tags":[9421,9422,1326],"naslovna":[],"class_list":["post-954346","post","type-post","status-publish","format-standard","has-post-thumbnail","hentry","category-kultura","tag-mirko-banjevic","tag-knjizevna-zajednica","tag-konkurs"],"acf":[],"yoast_head":"<!-- This site is optimized with the Yoast SEO plugin v27.4 - https:\/\/yoast.com\/product\/yoast-seo-wordpress\/ -->\n<title>Konkurs Knji\u017eevne zajednice \u201eMirko Banjevi\u0107\u201c - dmcsrb.com<\/title>\n<meta name=\"robots\" content=\"index, follow, max-snippet:-1, max-image-preview:large, max-video-preview:-1\" \/>\n<link rel=\"canonical\" href=\"https:\/\/dmcsrb.com\/en\/kultura\/konkurs-knjizevne-zajednice-mirko-banjevic\/\" \/>\n<meta property=\"og:locale\" content=\"en_GB\" \/>\n<meta property=\"og:type\" content=\"article\" \/>\n<meta property=\"og:title\" content=\"Konkurs Knji\u017eevne zajednice \u201eMirko Banjevi\u0107\u201c - dmcsrb.com\" \/>\n<meta property=\"og:description\" content=\"Zbog ve\u0107eg stepena transparentnosti, Knji\u017eevna zajednica \u201eMirko Banjevi\u0107\u201c iz Nik\u0161i\u0107a obnavlja poziv za Konkurs svim zainteresovanim autorima, prvi put objavljen 13. septembra, koji traje 30 dana, zaklju\u010dno sa 13. oktobrom ove godine, saop\u0161teno je iz ove Knji\u017eevne zajednice.\" \/>\n<meta property=\"og:url\" content=\"https:\/\/dmcsrb.com\/en\/kultura\/konkurs-knjizevne-zajednice-mirko-banjevic\/\" \/>\n<meta property=\"og:site_name\" content=\"dmcsrb.com\" \/>\n<meta property=\"article:published_time\" content=\"2025-09-27T12:14:00+00:00\" \/>\n<meta property=\"og:image\" content=\"https:\/\/dmcsrb.com\/wp-content\/uploads\/2026\/01\/lossy-page1-179px-Logo_KZ_Mirko_Banjevic.tif.webp\" \/>\n\t<meta property=\"og:image:width\" content=\"179\" \/>\n\t<meta property=\"og:image:height\" content=\"179\" \/>\n\t<meta property=\"og:image:type\" content=\"image\/jpeg\" \/>\n<meta name=\"author\" content=\"dmcsrbija.com@gmail.com\" \/>\n<meta name=\"twitter:card\" content=\"summary_large_image\" \/>\n<meta name=\"twitter:label1\" content=\"Written by\" \/>\n\t<meta name=\"twitter:data1\" content=\"dmcsrbija.com@gmail.com\" \/>\n<script type=\"application\/ld+json\" class=\"yoast-schema-graph\">{\"@context\":\"https:\\\/\\\/schema.org\",\"@graph\":[{\"@type\":\"Article\",\"@id\":\"https:\\\/\\\/dmcsrb.com\\\/kultura\\\/konkurs-knjizevne-zajednice-mirko-banjevic\\\/#article\",\"isPartOf\":{\"@id\":\"https:\\\/\\\/dmcsrb.com\\\/kultura\\\/konkurs-knjizevne-zajednice-mirko-banjevic\\\/\"},\"author\":{\"name\":\"dmcsrbija.com@gmail.com\",\"@id\":\"https:\\\/\\\/dmcsrb.com\\\/#\\\/schema\\\/person\\\/5c39170f12db1b8b457732d0b5c854e2\"},\"headline\":\"Konkurs Knji\u017eevne zajednice \u201eMirko Banjevi\u0107\u201c\",\"datePublished\":\"2025-09-27T12:14:00+00:00\",\"mainEntityOfPage\":{\"@id\":\"https:\\\/\\\/dmcsrb.com\\\/kultura\\\/konkurs-knjizevne-zajednice-mirko-banjevic\\\/\"},\"wordCount\":95,\"commentCount\":0,\"image\":{\"@id\":\"https:\\\/\\\/dmcsrb.com\\\/kultura\\\/konkurs-knjizevne-zajednice-mirko-banjevic\\\/#primaryimage\"},\"thumbnailUrl\":\"https:\\\/\\\/dmcsrb.com\\\/wp-content\\\/uploads\\\/2026\\\/01\\\/lossy-page1-179px-Logo_KZ_Mirko_Banjevic.tif.webp\",\"keywords\":[\"''Mirko Banjevi\u0107+''\",\"Knji\u017eevna zajednica\",\"konkurs\"],\"articleSection\":[\"Kultura\"],\"inLanguage\":\"en-GB\",\"potentialAction\":[{\"@type\":\"CommentAction\",\"name\":\"Comment\",\"target\":[\"https:\\\/\\\/dmcsrb.com\\\/kultura\\\/konkurs-knjizevne-zajednice-mirko-banjevic\\\/#respond\"]}]},{\"@type\":\"WebPage\",\"@id\":\"https:\\\/\\\/dmcsrb.com\\\/kultura\\\/konkurs-knjizevne-zajednice-mirko-banjevic\\\/\",\"url\":\"https:\\\/\\\/dmcsrb.com\\\/kultura\\\/konkurs-knjizevne-zajednice-mirko-banjevic\\\/\",\"name\":\"Konkurs Knji\u017eevne zajednice \u201eMirko Banjevi\u0107\u201c - dmcsrb.com\",\"isPartOf\":{\"@id\":\"https:\\\/\\\/dmcsrb.com\\\/#website\"},\"primaryImageOfPage\":{\"@id\":\"https:\\\/\\\/dmcsrb.com\\\/kultura\\\/konkurs-knjizevne-zajednice-mirko-banjevic\\\/#primaryimage\"},\"image\":{\"@id\":\"https:\\\/\\\/dmcsrb.com\\\/kultura\\\/konkurs-knjizevne-zajednice-mirko-banjevic\\\/#primaryimage\"},\"thumbnailUrl\":\"https:\\\/\\\/dmcsrb.com\\\/wp-content\\\/uploads\\\/2026\\\/01\\\/lossy-page1-179px-Logo_KZ_Mirko_Banjevic.tif.webp\",\"datePublished\":\"2025-09-27T12:14:00+00:00\",\"author\":{\"@id\":\"https:\\\/\\\/dmcsrb.com\\\/#\\\/schema\\\/person\\\/5c39170f12db1b8b457732d0b5c854e2\"},\"breadcrumb\":{\"@id\":\"https:\\\/\\\/dmcsrb.com\\\/kultura\\\/konkurs-knjizevne-zajednice-mirko-banjevic\\\/#breadcrumb\"},\"inLanguage\":\"en-GB\",\"potentialAction\":[{\"@type\":\"ReadAction\",\"target\":[\"https:\\\/\\\/dmcsrb.com\\\/kultura\\\/konkurs-knjizevne-zajednice-mirko-banjevic\\\/\"]}]},{\"@type\":\"ImageObject\",\"inLanguage\":\"en-GB\",\"@id\":\"https:\\\/\\\/dmcsrb.com\\\/kultura\\\/konkurs-knjizevne-zajednice-mirko-banjevic\\\/#primaryimage\",\"url\":\"https:\\\/\\\/dmcsrb.com\\\/wp-content\\\/uploads\\\/2026\\\/01\\\/lossy-page1-179px-Logo_KZ_Mirko_Banjevic.tif.webp\",\"contentUrl\":\"https:\\\/\\\/dmcsrb.com\\\/wp-content\\\/uploads\\\/2026\\\/01\\\/lossy-page1-179px-Logo_KZ_Mirko_Banjevic.tif.webp\",\"width\":179,\"height\":179},{\"@type\":\"BreadcrumbList\",\"@id\":\"https:\\\/\\\/dmcsrb.com\\\/kultura\\\/konkurs-knjizevne-zajednice-mirko-banjevic\\\/#breadcrumb\",\"itemListElement\":[{\"@type\":\"ListItem\",\"position\":1,\"name\":\"Home\",\"item\":\"https:\\\/\\\/dmcsrb.com\\\/\"},{\"@type\":\"ListItem\",\"position\":2,\"name\":\"Konkurs Knji\u017eevne zajednice \u201eMirko Banjevi\u0107\u201c\"}]},{\"@type\":\"WebSite\",\"@id\":\"https:\\\/\\\/dmcsrb.com\\\/#website\",\"url\":\"https:\\\/\\\/dmcsrb.com\\\/\",\"name\":\"dmcsrb.com\",\"description\":\"\",\"potentialAction\":[{\"@type\":\"SearchAction\",\"target\":{\"@type\":\"EntryPoint\",\"urlTemplate\":\"https:\\\/\\\/dmcsrb.com\\\/?s={search_term_string}\"},\"query-input\":{\"@type\":\"PropertyValueSpecification\",\"valueRequired\":true,\"valueName\":\"search_term_string\"}}],\"inLanguage\":\"en-GB\"},{\"@type\":\"Person\",\"@id\":\"https:\\\/\\\/dmcsrb.com\\\/#\\\/schema\\\/person\\\/5c39170f12db1b8b457732d0b5c854e2\",\"name\":\"dmcsrbija.com@gmail.com\",\"image\":{\"@type\":\"ImageObject\",\"inLanguage\":\"en-GB\",\"@id\":\"https:\\\/\\\/secure.gravatar.com\\\/avatar\\\/68592660ad6347fad0fb587f8d5d8f1a7b44961362f56e4f2cd524feb87e9069?s=96&d=mm&r=g\",\"url\":\"https:\\\/\\\/secure.gravatar.com\\\/avatar\\\/68592660ad6347fad0fb587f8d5d8f1a7b44961362f56e4f2cd524feb87e9069?s=96&d=mm&r=g\",\"contentUrl\":\"https:\\\/\\\/secure.gravatar.com\\\/avatar\\\/68592660ad6347fad0fb587f8d5d8f1a7b44961362f56e4f2cd524feb87e9069?s=96&d=mm&r=g\",\"caption\":\"dmcsrbija.com@gmail.com\"},\"sameAs\":[\"https:\\\/\\\/dmcsrb.com\"],\"url\":\"https:\\\/\\\/dmcsrb.com\\\/en\\\/author\\\/dmcsrbija-comgmail-com\\\/\"}]}<\/script>\n<!-- \/ Yoast SEO plugin. -->","yoast_head_json":{"title":"Konkurs Knji\u017eevne zajednice \u201eMirko Banjevi\u0107\u201c - dmcsrb.com","robots":{"index":"index","follow":"follow","max-snippet":"max-snippet:-1","max-image-preview":"max-image-preview:large","max-video-preview":"max-video-preview:-1"},"canonical":"https:\/\/dmcsrb.com\/en\/kultura\/konkurs-knjizevne-zajednice-mirko-banjevic\/","og_locale":"en_GB","og_type":"article","og_title":"Konkurs Knji\u017eevne zajednice \u201eMirko Banjevi\u0107\u201c - dmcsrb.com","og_description":"Zbog ve\u0107eg stepena transparentnosti, Knji\u017eevna zajednica \u201eMirko Banjevi\u0107\u201c iz Nik\u0161i\u0107a obnavlja poziv za Konkurs svim zainteresovanim autorima, prvi put objavljen 13. septembra, koji traje 30 dana, zaklju\u010dno sa 13. oktobrom ove godine, saop\u0161teno je iz ove Knji\u017eevne zajednice.","og_url":"https:\/\/dmcsrb.com\/en\/kultura\/konkurs-knjizevne-zajednice-mirko-banjevic\/","og_site_name":"dmcsrb.com","article_published_time":"2025-09-27T12:14:00+00:00","og_image":[{"width":179,"height":179,"url":"https:\/\/dmcsrb.com\/wp-content\/uploads\/2026\/01\/lossy-page1-179px-Logo_KZ_Mirko_Banjevic.tif.webp","type":"image\/jpeg"}],"author":"dmcsrbija.com@gmail.com","twitter_card":"summary_large_image","twitter_misc":{"Written by":"dmcsrbija.com@gmail.com"},"schema":{"@context":"https:\/\/schema.org","@graph":[{"@type":"Article","@id":"https:\/\/dmcsrb.com\/kultura\/konkurs-knjizevne-zajednice-mirko-banjevic\/#article","isPartOf":{"@id":"https:\/\/dmcsrb.com\/kultura\/konkurs-knjizevne-zajednice-mirko-banjevic\/"},"author":{"name":"dmcsrbija.com@gmail.com","@id":"https:\/\/dmcsrb.com\/#\/schema\/person\/5c39170f12db1b8b457732d0b5c854e2"},"headline":"Konkurs Knji\u017eevne zajednice \u201eMirko Banjevi\u0107\u201c","datePublished":"2025-09-27T12:14:00+00:00","mainEntityOfPage":{"@id":"https:\/\/dmcsrb.com\/kultura\/konkurs-knjizevne-zajednice-mirko-banjevic\/"},"wordCount":95,"commentCount":0,"image":{"@id":"https:\/\/dmcsrb.com\/kultura\/konkurs-knjizevne-zajednice-mirko-banjevic\/#primaryimage"},"thumbnailUrl":"https:\/\/dmcsrb.com\/wp-content\/uploads\/2026\/01\/lossy-page1-179px-Logo_KZ_Mirko_Banjevic.tif.webp","keywords":["''Mirko Banjevi\u0107+''","Knji\u017eevna zajednica","konkurs"],"articleSection":["Kultura"],"inLanguage":"en-GB","potentialAction":[{"@type":"CommentAction","name":"Comment","target":["https:\/\/dmcsrb.com\/kultura\/konkurs-knjizevne-zajednice-mirko-banjevic\/#respond"]}]},{"@type":"WebPage","@id":"https:\/\/dmcsrb.com\/kultura\/konkurs-knjizevne-zajednice-mirko-banjevic\/","url":"https:\/\/dmcsrb.com\/kultura\/konkurs-knjizevne-zajednice-mirko-banjevic\/","name":"Konkurs Knji\u017eevne zajednice \u201eMirko Banjevi\u0107\u201c - dmcsrb.com","isPartOf":{"@id":"https:\/\/dmcsrb.com\/#website"},"primaryImageOfPage":{"@id":"https:\/\/dmcsrb.com\/kultura\/konkurs-knjizevne-zajednice-mirko-banjevic\/#primaryimage"},"image":{"@id":"https:\/\/dmcsrb.com\/kultura\/konkurs-knjizevne-zajednice-mirko-banjevic\/#primaryimage"},"thumbnailUrl":"https:\/\/dmcsrb.com\/wp-content\/uploads\/2026\/01\/lossy-page1-179px-Logo_KZ_Mirko_Banjevic.tif.webp","datePublished":"2025-09-27T12:14:00+00:00","author":{"@id":"https:\/\/dmcsrb.com\/#\/schema\/person\/5c39170f12db1b8b457732d0b5c854e2"},"breadcrumb":{"@id":"https:\/\/dmcsrb.com\/kultura\/konkurs-knjizevne-zajednice-mirko-banjevic\/#breadcrumb"},"inLanguage":"en-GB","potentialAction":[{"@type":"ReadAction","target":["https:\/\/dmcsrb.com\/kultura\/konkurs-knjizevne-zajednice-mirko-banjevic\/"]}]},{"@type":"ImageObject","inLanguage":"en-GB","@id":"https:\/\/dmcsrb.com\/kultura\/konkurs-knjizevne-zajednice-mirko-banjevic\/#primaryimage","url":"https:\/\/dmcsrb.com\/wp-content\/uploads\/2026\/01\/lossy-page1-179px-Logo_KZ_Mirko_Banjevic.tif.webp","contentUrl":"https:\/\/dmcsrb.com\/wp-content\/uploads\/2026\/01\/lossy-page1-179px-Logo_KZ_Mirko_Banjevic.tif.webp","width":179,"height":179},{"@type":"BreadcrumbList","@id":"https:\/\/dmcsrb.com\/kultura\/konkurs-knjizevne-zajednice-mirko-banjevic\/#breadcrumb","itemListElement":[{"@type":"ListItem","position":1,"name":"Home","item":"https:\/\/dmcsrb.com\/"},{"@type":"ListItem","position":2,"name":"Konkurs Knji\u017eevne zajednice \u201eMirko Banjevi\u0107\u201c"}]},{"@type":"WebSite","@id":"https:\/\/dmcsrb.com\/#website","url":"https:\/\/dmcsrb.com\/","name":"dmcsrb.com","description":"","potentialAction":[{"@type":"SearchAction","target":{"@type":"EntryPoint","urlTemplate":"https:\/\/dmcsrb.com\/?s={search_term_string}"},"query-input":{"@type":"PropertyValueSpecification","valueRequired":true,"valueName":"search_term_string"}}],"inLanguage":"en-GB"},{"@type":"Person","@id":"https:\/\/dmcsrb.com\/#\/schema\/person\/5c39170f12db1b8b457732d0b5c854e2","name":"dmcsrbija.com@gmail.com","image":{"@type":"ImageObject","inLanguage":"en-GB","@id":"https:\/\/secure.gravatar.com\/avatar\/68592660ad6347fad0fb587f8d5d8f1a7b44961362f56e4f2cd524feb87e9069?s=96&d=mm&r=g","url":"https:\/\/secure.gravatar.com\/avatar\/68592660ad6347fad0fb587f8d5d8f1a7b44961362f56e4f2cd524feb87e9069?s=96&d=mm&r=g","contentUrl":"https:\/\/secure.gravatar.com\/avatar\/68592660ad6347fad0fb587f8d5d8f1a7b44961362f56e4f2cd524feb87e9069?s=96&d=mm&r=g","caption":"dmcsrbija.com@gmail.com"},"sameAs":["https:\/\/dmcsrb.com"],"url":"https:\/\/dmcsrb.com\/en\/author\/dmcsrbija-comgmail-com\/"}]}},"_links":{"self":[{"href":"https:\/\/dmcsrb.com\/en\/wp-json\/wp\/v2\/posts\/954346","targetHints":{"allow":["GET"]}}],"collection":[{"href":"https:\/\/dmcsrb.com\/en\/wp-json\/wp\/v2\/posts"}],"about":[{"href":"https:\/\/dmcsrb.com\/en\/wp-json\/wp\/v2\/types\/post"}],"author":[{"embeddable":true,"href":"https:\/\/dmcsrb.com\/en\/wp-json\/wp\/v2\/users\/1"}],"replies":[{"embeddable":true,"href":"https:\/\/dmcsrb.com\/en\/wp-json\/wp\/v2\/comments?post=954346"}],"version-history":[{"count":0,"href":"https:\/\/dmcsrb.com\/en\/wp-json\/wp\/v2\/posts\/954346\/revisions"}],"wp:featuredmedia":[{"embeddable":true,"href":"https:\/\/dmcsrb.com\/en\/wp-json\/wp\/v2\/media\/954347"}],"wp:attachment":[{"href":"https:\/\/dmcsrb.com\/en\/wp-json\/wp\/v2\/media?parent=954346"}],"wp:term":[{"taxonomy":"category","embeddable":true,"href":"https:\/\/dmcsrb.com\/en\/wp-json\/wp\/v2\/categories?post=954346"},{"taxonomy":"post_tag","embeddable":true,"href":"https:\/\/dmcsrb.com\/en\/wp-json\/wp\/v2\/tags?post=954346"},{"taxonomy":"naslovna","embeddable":true,"href":"https:\/\/dmcsrb.com\/en\/wp-json\/wp\/v2\/naslovna?post=954346"}],"curies":[{"name":"wp","href":"https:\/\/api.w.org\/{rel}","templated":true}]}}