{"id":954313,"date":"2025-09-27T10:08:00","date_gmt":"2025-09-27T08:08:00","guid":{"rendered":"https:\/\/dmcsrb.com\/uncategorized\/bosnjacko-vijece-dan-bosnjaka-prilika-da-se-podsjetimo-na-sve-vrijednosti-koje-su-ga-oblikovale-na-njegovim-povijesnim-prostorima\/"},"modified":"2025-09-27T10:08:00","modified_gmt":"2025-09-27T08:08:00","slug":"bosnjacko-vijece-dan-bosnjaka-prilika-da-se-podsjetimo-na-sve-vrijednosti-koje-su-ga-oblikovale-na-njegovim-povijesnim-prostorima","status":"publish","type":"post","link":"https:\/\/dmcsrb.com\/en\/drustvo\/bosnjacko-vijece-dan-bosnjaka-prilika-da-se-podsjetimo-na-sve-vrijednosti-koje-su-ga-oblikovale-na-njegovim-povijesnim-prostorima\/","title":{"rendered":"Bo\u0161nja\u010dko vije\u0107e: Dan Bo\u0161njaka prilika da se podsjetimo na sve vrijednosti koje su ga oblikovale na njegovim povijesnim prostorima"},"content":{"rendered":"<p><\/p>\n\n\n\n<p>Ovaj veliki datum podsje\u0107a na vrijeme kada je na Prvom bo\u0161nja\u010dkom saboru, vra\u0107eno nacionalno ime \u2013 Bo\u0161njak, a maternji bosanski jezik ponovo nazvan svojim pravim imenom, navode iz Vije\u0107a.<\/p>\n\n\n\n<p>&#8221;Prije 32 godine, 27.i 28. septembra, u okupiranom Sarajevu, svojim okupljanjem i odlukom, najugledniji i najzna\u010dajniji intelektualci, dali su jedinstveni odgovor kojim je odbranjeno historijsko pravo na vlastiti identitet, ime i postojanje&#8221;, kazali su iz Vije\u0107a.<\/p>\n\n\n\n<p>Dan Bo\u0161njaka je prilika da se podsjetimo i na zajedni\u010dku pro\u0161lost i identitet naroda i sve vrijednosti koje su ga oblikovale na njegovim povijesnim prostorima. Utemeljeni i autohtoni na svojim vijekovnim ognji\u0161tima, \u017eivimo u razli\u010ditim dr\u017eavama -Bosni i Hercegovini, Crnoj Gori, Srbiji, Hrvatskoj, Kosovu, Sjevernoj Makedoniji, i \u0161irom svijeta u dijaspori, ali sa punom svije\u0161\u0107u o pripadnosti jedinstvenom narodu, navode iz Vije\u0107a.<\/p>\n\n\n\n<p>&#8221;Bo\u0161njaci u svojoj domovini Crnoj Gori, kao i u dr\u017eavama regiona, opredijeljeni su za su\u017eivot sa drugima i po\u0161tivanje razli\u010ditosti, podupiru\u0107i prosperitet i demokratski razvoj gra\u0111anskog dru\u0161tva, te \u017eele graditi mostove saradnje i integracija&#8221;, poru\u010duju iz Vije\u0107a.<\/p>\n\n\n\n<p>Me\u0111utim, dodaju, svjesni izazova i okolnosti u kojima \u017eivimo, spremni smo da se odlu\u010dno, demokratskim sredstvima, suprotstavimo poku\u0161ajima dezintegracije, fa\u0161isoidnim pojavama i idejama prekrajanja granica i revizije pro\u0161losti.<\/p>\n\n\n\n<p>Na\u0161e nacionalno jedinstvo po\u010diva na pripadnosti istom kulturnom, jezi\u010dkom i vjerskom identitetu, te na punoj zrelosti i svijesti o velikim uzletima, ali i te\u0161kim isku\u0161enjima kroz koje smo prolazili u daljoj i bli\u017eoj pro\u0161losti, navode iz Vije\u0107a.<\/p>\n\n\n\n<p>&#8221;\u017delimo ja\u010dati saradnju sa ciljem izgradnje zajedni\u010dkih institucija koje \u0107e na sistemski i temeljan na\u010din brinuti o zajedni\u010dkim potrebama i objediniti duhovne i stvarala\u010dke potencijale, posebno na polju istra\u017eivanja, \u010duvanja i prezentacije na\u0161enacionalne ba\u0161tine&#8221;, isti\u010du iz Vije\u0107a.<\/p>\n\n\n\n<p>U nedjelju, 28.septembra, okupljanjem i velikom sve\u010danom akademijom i prigodnim programom, u Novom Pazaru, sva bo\u0161nja\u010dka vije\u0107ima iz regiona, zajednio, u organizaciji Mati\u010dnog dru\u0161tva i doma\u0107instvu Bo\u0161nja\u010dkog vije\u0107a u Srbiji, sa brojnim gostima i zvanicama, obilje\u017ei\u0107e ovaj blagdan koji simbolizira bo\u0161nja\u010dko nacionalno jedinstvo, poru\u010dili su iz Vije\u0107a.<\/p>\n\n\n\n<p>&#8221;Svim Bo\u0161njakinjama i Bo\u0161njacima, \u010destitamo ovaj veliki blagdan bo\u0161nja\u010dkog jedinstva i zajedni\u0161tva&#8221;, zaklju\u010duju iz Bo\u0161nja\u010dkog vije\u0107a.<\/p>","protected":false},"excerpt":{"rendered":"<p>Bo\u0161nja\u010dko vije\u0107e u Crnoj Gori \u010destitalo je svim sunarodnicima 28.septembar -Dan Bo\u0161njaka.<\/p>","protected":false},"author":1,"featured_media":943480,"comment_status":"open","ping_status":"open","sticky":false,"template":"","format":"standard","meta":{"_acf_changed":false,"footnotes":""},"categories":[2],"tags":[1223,9389,9390,9391,9392],"naslovna":[],"class_list":["post-954313","post","type-post","status-publish","format-standard","has-post-thumbnail","hentry","category-drustvo","tag-bosnjacko-vijece","tag-dan-bosnjaka","tag-identitet-naroda","tag-povijesni-prostori","tag-zajednicka-proslost"],"acf":[],"yoast_head":"<!-- This site is optimized with the Yoast SEO plugin v27.0 - https:\/\/yoast.com\/product\/yoast-seo-wordpress\/ -->\n<title>Bo\u0161nja\u010dko vije\u0107e: Dan Bo\u0161njaka prilika da se podsjetimo na sve vrijednosti koje su ga oblikovale na njegovim povijesnim prostorima - dmcsrb.com<\/title>\n<meta name=\"robots\" content=\"index, follow, max-snippet:-1, max-image-preview:large, max-video-preview:-1\" \/>\n<link rel=\"canonical\" href=\"https:\/\/dmcsrb.com\/en\/drustvo\/bosnjacko-vijece-dan-bosnjaka-prilika-da-se-podsjetimo-na-sve-vrijednosti-koje-su-ga-oblikovale-na-njegovim-povijesnim-prostorima\/\" \/>\n<meta property=\"og:locale\" content=\"en_GB\" \/>\n<meta property=\"og:type\" content=\"article\" \/>\n<meta property=\"og:title\" content=\"Bo\u0161nja\u010dko vije\u0107e: Dan Bo\u0161njaka prilika da se podsjetimo na sve vrijednosti koje su ga oblikovale na njegovim povijesnim prostorima - dmcsrb.com\" \/>\n<meta property=\"og:description\" content=\"Bo\u0161nja\u010dko vije\u0107e u Crnoj Gori \u010destitalo je svim sunarodnicima 28.septembar -Dan Bo\u0161njaka.\" \/>\n<meta property=\"og:url\" content=\"https:\/\/dmcsrb.com\/en\/drustvo\/bosnjacko-vijece-dan-bosnjaka-prilika-da-se-podsjetimo-na-sve-vrijednosti-koje-su-ga-oblikovale-na-njegovim-povijesnim-prostorima\/\" \/>\n<meta property=\"og:site_name\" content=\"dmcsrb.com\" \/>\n<meta property=\"article:published_time\" content=\"2025-09-27T08:08:00+00:00\" \/>\n<meta property=\"og:image\" content=\"https:\/\/dmcsrb.com\/wp-content\/uploads\/2026\/01\/Bosnjacko-vijece.webp\" \/>\n\t<meta property=\"og:image:width\" content=\"861\" \/>\n\t<meta property=\"og:image:height\" content=\"858\" \/>\n\t<meta property=\"og:image:type\" content=\"image\/jpeg\" \/>\n<meta name=\"author\" content=\"dmcsrbija.com@gmail.com\" \/>\n<meta name=\"twitter:card\" content=\"summary_large_image\" \/>\n<meta name=\"twitter:label1\" content=\"Written by\" \/>\n\t<meta name=\"twitter:data1\" content=\"dmcsrbija.com@gmail.com\" \/>\n\t<meta name=\"twitter:label2\" content=\"Estimated reading time\" \/>\n\t<meta name=\"twitter:data2\" content=\"2 minutes\" \/>\n<script type=\"application\/ld+json\" class=\"yoast-schema-graph\">{\"@context\":\"https:\/\/schema.org\",\"@graph\":[{\"@type\":\"Article\",\"@id\":\"https:\/\/dmcsrb.com\/drustvo\/bosnjacko-vijece-dan-bosnjaka-prilika-da-se-podsjetimo-na-sve-vrijednosti-koje-su-ga-oblikovale-na-njegovim-povijesnim-prostorima\/#article\",\"isPartOf\":{\"@id\":\"https:\/\/dmcsrb.com\/drustvo\/bosnjacko-vijece-dan-bosnjaka-prilika-da-se-podsjetimo-na-sve-vrijednosti-koje-su-ga-oblikovale-na-njegovim-povijesnim-prostorima\/\"},\"author\":{\"name\":\"dmcsrbija.com@gmail.com\",\"@id\":\"https:\/\/dmcsrb.com\/#\/schema\/person\/5c39170f12db1b8b457732d0b5c854e2\"},\"headline\":\"Bo\u0161nja\u010dko vije\u0107e: Dan Bo\u0161njaka prilika da se podsjetimo na sve vrijednosti koje su ga oblikovale na njegovim povijesnim prostorima\",\"datePublished\":\"2025-09-27T08:08:00+00:00\",\"mainEntityOfPage\":{\"@id\":\"https:\/\/dmcsrb.com\/drustvo\/bosnjacko-vijece-dan-bosnjaka-prilika-da-se-podsjetimo-na-sve-vrijednosti-koje-su-ga-oblikovale-na-njegovim-povijesnim-prostorima\/\"},\"wordCount\":423,\"commentCount\":0,\"image\":{\"@id\":\"https:\/\/dmcsrb.com\/drustvo\/bosnjacko-vijece-dan-bosnjaka-prilika-da-se-podsjetimo-na-sve-vrijednosti-koje-su-ga-oblikovale-na-njegovim-povijesnim-prostorima\/#primaryimage\"},\"thumbnailUrl\":\"https:\/\/dmcsrb.com\/wp-content\/uploads\/2026\/01\/Bosnjacko-vijece.webp\",\"keywords\":[\"bo\u0161nja\u010dko vije\u0107e\",\"Dan Bo\u0161njaka\",\"Identitet naroda\",\"Povijesni prostori\",\"Zajedni\u010dka pro\u0161lost\"],\"articleSection\":[\"Dru\u0161tvo\"],\"inLanguage\":\"en-GB\",\"potentialAction\":[{\"@type\":\"CommentAction\",\"name\":\"Comment\",\"target\":[\"https:\/\/dmcsrb.com\/drustvo\/bosnjacko-vijece-dan-bosnjaka-prilika-da-se-podsjetimo-na-sve-vrijednosti-koje-su-ga-oblikovale-na-njegovim-povijesnim-prostorima\/#respond\"]}]},{\"@type\":\"WebPage\",\"@id\":\"https:\/\/dmcsrb.com\/drustvo\/bosnjacko-vijece-dan-bosnjaka-prilika-da-se-podsjetimo-na-sve-vrijednosti-koje-su-ga-oblikovale-na-njegovim-povijesnim-prostorima\/\",\"url\":\"https:\/\/dmcsrb.com\/drustvo\/bosnjacko-vijece-dan-bosnjaka-prilika-da-se-podsjetimo-na-sve-vrijednosti-koje-su-ga-oblikovale-na-njegovim-povijesnim-prostorima\/\",\"name\":\"Bo\u0161nja\u010dko vije\u0107e: Dan Bo\u0161njaka prilika da se podsjetimo na sve vrijednosti koje su ga oblikovale na njegovim povijesnim prostorima - dmcsrb.com\",\"isPartOf\":{\"@id\":\"https:\/\/dmcsrb.com\/#website\"},\"primaryImageOfPage\":{\"@id\":\"https:\/\/dmcsrb.com\/drustvo\/bosnjacko-vijece-dan-bosnjaka-prilika-da-se-podsjetimo-na-sve-vrijednosti-koje-su-ga-oblikovale-na-njegovim-povijesnim-prostorima\/#primaryimage\"},\"image\":{\"@id\":\"https:\/\/dmcsrb.com\/drustvo\/bosnjacko-vijece-dan-bosnjaka-prilika-da-se-podsjetimo-na-sve-vrijednosti-koje-su-ga-oblikovale-na-njegovim-povijesnim-prostorima\/#primaryimage\"},\"thumbnailUrl\":\"https:\/\/dmcsrb.com\/wp-content\/uploads\/2026\/01\/Bosnjacko-vijece.webp\",\"datePublished\":\"2025-09-27T08:08:00+00:00\",\"author\":{\"@id\":\"https:\/\/dmcsrb.com\/#\/schema\/person\/5c39170f12db1b8b457732d0b5c854e2\"},\"breadcrumb\":{\"@id\":\"https:\/\/dmcsrb.com\/drustvo\/bosnjacko-vijece-dan-bosnjaka-prilika-da-se-podsjetimo-na-sve-vrijednosti-koje-su-ga-oblikovale-na-njegovim-povijesnim-prostorima\/#breadcrumb\"},\"inLanguage\":\"en-GB\",\"potentialAction\":[{\"@type\":\"ReadAction\",\"target\":[\"https:\/\/dmcsrb.com\/drustvo\/bosnjacko-vijece-dan-bosnjaka-prilika-da-se-podsjetimo-na-sve-vrijednosti-koje-su-ga-oblikovale-na-njegovim-povijesnim-prostorima\/\"]}]},{\"@type\":\"ImageObject\",\"inLanguage\":\"en-GB\",\"@id\":\"https:\/\/dmcsrb.com\/drustvo\/bosnjacko-vijece-dan-bosnjaka-prilika-da-se-podsjetimo-na-sve-vrijednosti-koje-su-ga-oblikovale-na-njegovim-povijesnim-prostorima\/#primaryimage\",\"url\":\"https:\/\/dmcsrb.com\/wp-content\/uploads\/2026\/01\/Bosnjacko-vijece.webp\",\"contentUrl\":\"https:\/\/dmcsrb.com\/wp-content\/uploads\/2026\/01\/Bosnjacko-vijece.webp\",\"width\":861,\"height\":858},{\"@type\":\"BreadcrumbList\",\"@id\":\"https:\/\/dmcsrb.com\/drustvo\/bosnjacko-vijece-dan-bosnjaka-prilika-da-se-podsjetimo-na-sve-vrijednosti-koje-su-ga-oblikovale-na-njegovim-povijesnim-prostorima\/#breadcrumb\",\"itemListElement\":[{\"@type\":\"ListItem\",\"position\":1,\"name\":\"Home\",\"item\":\"https:\/\/dmcsrb.com\/\"},{\"@type\":\"ListItem\",\"position\":2,\"name\":\"Bo\u0161nja\u010dko vije\u0107e: Dan Bo\u0161njaka prilika da se podsjetimo na sve vrijednosti koje su ga oblikovale na njegovim povijesnim prostorima\"}]},{\"@type\":\"WebSite\",\"@id\":\"https:\/\/dmcsrb.com\/#website\",\"url\":\"https:\/\/dmcsrb.com\/\",\"name\":\"dmcsrb.com\",\"description\":\"\",\"potentialAction\":[{\"@type\":\"SearchAction\",\"target\":{\"@type\":\"EntryPoint\",\"urlTemplate\":\"https:\/\/dmcsrb.com\/?s={search_term_string}\"},\"query-input\":{\"@type\":\"PropertyValueSpecification\",\"valueRequired\":true,\"valueName\":\"search_term_string\"}}],\"inLanguage\":\"en-GB\"},{\"@type\":\"Person\",\"@id\":\"https:\/\/dmcsrb.com\/#\/schema\/person\/5c39170f12db1b8b457732d0b5c854e2\",\"name\":\"dmcsrbija.com@gmail.com\",\"image\":{\"@type\":\"ImageObject\",\"inLanguage\":\"en-GB\",\"@id\":\"https:\/\/dmcsrb.com\/#\/schema\/person\/image\/\",\"url\":\"https:\/\/secure.gravatar.com\/avatar\/68592660ad6347fad0fb587f8d5d8f1a7b44961362f56e4f2cd524feb87e9069?s=96&d=mm&r=g\",\"contentUrl\":\"https:\/\/secure.gravatar.com\/avatar\/68592660ad6347fad0fb587f8d5d8f1a7b44961362f56e4f2cd524feb87e9069?s=96&d=mm&r=g\",\"caption\":\"dmcsrbija.com@gmail.com\"},\"sameAs\":[\"https:\/\/dmcsrb.com\"],\"url\":\"https:\/\/dmcsrb.com\/en\/author\/dmcsrbija-comgmail-com\/\"}]}<\/script>\n<!-- \/ Yoast SEO plugin. -->","yoast_head_json":{"title":"Bo\u0161nja\u010dko vije\u0107e: Dan Bo\u0161njaka prilika da se podsjetimo na sve vrijednosti koje su ga oblikovale na njegovim povijesnim prostorima - dmcsrb.com","robots":{"index":"index","follow":"follow","max-snippet":"max-snippet:-1","max-image-preview":"max-image-preview:large","max-video-preview":"max-video-preview:-1"},"canonical":"https:\/\/dmcsrb.com\/en\/drustvo\/bosnjacko-vijece-dan-bosnjaka-prilika-da-se-podsjetimo-na-sve-vrijednosti-koje-su-ga-oblikovale-na-njegovim-povijesnim-prostorima\/","og_locale":"en_GB","og_type":"article","og_title":"Bo\u0161nja\u010dko vije\u0107e: Dan Bo\u0161njaka prilika da se podsjetimo na sve vrijednosti koje su ga oblikovale na njegovim povijesnim prostorima - dmcsrb.com","og_description":"Bo\u0161nja\u010dko vije\u0107e u Crnoj Gori \u010destitalo je svim sunarodnicima 28.septembar -Dan Bo\u0161njaka.","og_url":"https:\/\/dmcsrb.com\/en\/drustvo\/bosnjacko-vijece-dan-bosnjaka-prilika-da-se-podsjetimo-na-sve-vrijednosti-koje-su-ga-oblikovale-na-njegovim-povijesnim-prostorima\/","og_site_name":"dmcsrb.com","article_published_time":"2025-09-27T08:08:00+00:00","og_image":[{"width":861,"height":858,"url":"https:\/\/dmcsrb.com\/wp-content\/uploads\/2026\/01\/Bosnjacko-vijece.webp","type":"image\/jpeg"}],"author":"dmcsrbija.com@gmail.com","twitter_card":"summary_large_image","twitter_misc":{"Written by":"dmcsrbija.com@gmail.com","Estimated reading time":"2 minutes"},"schema":{"@context":"https:\/\/schema.org","@graph":[{"@type":"Article","@id":"https:\/\/dmcsrb.com\/drustvo\/bosnjacko-vijece-dan-bosnjaka-prilika-da-se-podsjetimo-na-sve-vrijednosti-koje-su-ga-oblikovale-na-njegovim-povijesnim-prostorima\/#article","isPartOf":{"@id":"https:\/\/dmcsrb.com\/drustvo\/bosnjacko-vijece-dan-bosnjaka-prilika-da-se-podsjetimo-na-sve-vrijednosti-koje-su-ga-oblikovale-na-njegovim-povijesnim-prostorima\/"},"author":{"name":"dmcsrbija.com@gmail.com","@id":"https:\/\/dmcsrb.com\/#\/schema\/person\/5c39170f12db1b8b457732d0b5c854e2"},"headline":"Bo\u0161nja\u010dko vije\u0107e: Dan Bo\u0161njaka prilika da se podsjetimo na sve vrijednosti koje su ga oblikovale na njegovim povijesnim prostorima","datePublished":"2025-09-27T08:08:00+00:00","mainEntityOfPage":{"@id":"https:\/\/dmcsrb.com\/drustvo\/bosnjacko-vijece-dan-bosnjaka-prilika-da-se-podsjetimo-na-sve-vrijednosti-koje-su-ga-oblikovale-na-njegovim-povijesnim-prostorima\/"},"wordCount":423,"commentCount":0,"image":{"@id":"https:\/\/dmcsrb.com\/drustvo\/bosnjacko-vijece-dan-bosnjaka-prilika-da-se-podsjetimo-na-sve-vrijednosti-koje-su-ga-oblikovale-na-njegovim-povijesnim-prostorima\/#primaryimage"},"thumbnailUrl":"https:\/\/dmcsrb.com\/wp-content\/uploads\/2026\/01\/Bosnjacko-vijece.webp","keywords":["bo\u0161nja\u010dko vije\u0107e","Dan Bo\u0161njaka","Identitet naroda","Povijesni prostori","Zajedni\u010dka pro\u0161lost"],"articleSection":["Dru\u0161tvo"],"inLanguage":"en-GB","potentialAction":[{"@type":"CommentAction","name":"Comment","target":["https:\/\/dmcsrb.com\/drustvo\/bosnjacko-vijece-dan-bosnjaka-prilika-da-se-podsjetimo-na-sve-vrijednosti-koje-su-ga-oblikovale-na-njegovim-povijesnim-prostorima\/#respond"]}]},{"@type":"WebPage","@id":"https:\/\/dmcsrb.com\/drustvo\/bosnjacko-vijece-dan-bosnjaka-prilika-da-se-podsjetimo-na-sve-vrijednosti-koje-su-ga-oblikovale-na-njegovim-povijesnim-prostorima\/","url":"https:\/\/dmcsrb.com\/drustvo\/bosnjacko-vijece-dan-bosnjaka-prilika-da-se-podsjetimo-na-sve-vrijednosti-koje-su-ga-oblikovale-na-njegovim-povijesnim-prostorima\/","name":"Bo\u0161nja\u010dko vije\u0107e: Dan Bo\u0161njaka prilika da se podsjetimo na sve vrijednosti koje su ga oblikovale na njegovim povijesnim prostorima - dmcsrb.com","isPartOf":{"@id":"https:\/\/dmcsrb.com\/#website"},"primaryImageOfPage":{"@id":"https:\/\/dmcsrb.com\/drustvo\/bosnjacko-vijece-dan-bosnjaka-prilika-da-se-podsjetimo-na-sve-vrijednosti-koje-su-ga-oblikovale-na-njegovim-povijesnim-prostorima\/#primaryimage"},"image":{"@id":"https:\/\/dmcsrb.com\/drustvo\/bosnjacko-vijece-dan-bosnjaka-prilika-da-se-podsjetimo-na-sve-vrijednosti-koje-su-ga-oblikovale-na-njegovim-povijesnim-prostorima\/#primaryimage"},"thumbnailUrl":"https:\/\/dmcsrb.com\/wp-content\/uploads\/2026\/01\/Bosnjacko-vijece.webp","datePublished":"2025-09-27T08:08:00+00:00","author":{"@id":"https:\/\/dmcsrb.com\/#\/schema\/person\/5c39170f12db1b8b457732d0b5c854e2"},"breadcrumb":{"@id":"https:\/\/dmcsrb.com\/drustvo\/bosnjacko-vijece-dan-bosnjaka-prilika-da-se-podsjetimo-na-sve-vrijednosti-koje-su-ga-oblikovale-na-njegovim-povijesnim-prostorima\/#breadcrumb"},"inLanguage":"en-GB","potentialAction":[{"@type":"ReadAction","target":["https:\/\/dmcsrb.com\/drustvo\/bosnjacko-vijece-dan-bosnjaka-prilika-da-se-podsjetimo-na-sve-vrijednosti-koje-su-ga-oblikovale-na-njegovim-povijesnim-prostorima\/"]}]},{"@type":"ImageObject","inLanguage":"en-GB","@id":"https:\/\/dmcsrb.com\/drustvo\/bosnjacko-vijece-dan-bosnjaka-prilika-da-se-podsjetimo-na-sve-vrijednosti-koje-su-ga-oblikovale-na-njegovim-povijesnim-prostorima\/#primaryimage","url":"https:\/\/dmcsrb.com\/wp-content\/uploads\/2026\/01\/Bosnjacko-vijece.webp","contentUrl":"https:\/\/dmcsrb.com\/wp-content\/uploads\/2026\/01\/Bosnjacko-vijece.webp","width":861,"height":858},{"@type":"BreadcrumbList","@id":"https:\/\/dmcsrb.com\/drustvo\/bosnjacko-vijece-dan-bosnjaka-prilika-da-se-podsjetimo-na-sve-vrijednosti-koje-su-ga-oblikovale-na-njegovim-povijesnim-prostorima\/#breadcrumb","itemListElement":[{"@type":"ListItem","position":1,"name":"Home","item":"https:\/\/dmcsrb.com\/"},{"@type":"ListItem","position":2,"name":"Bo\u0161nja\u010dko vije\u0107e: Dan Bo\u0161njaka prilika da se podsjetimo na sve vrijednosti koje su ga oblikovale na njegovim povijesnim prostorima"}]},{"@type":"WebSite","@id":"https:\/\/dmcsrb.com\/#website","url":"https:\/\/dmcsrb.com\/","name":"dmcsrb.com","description":"","potentialAction":[{"@type":"SearchAction","target":{"@type":"EntryPoint","urlTemplate":"https:\/\/dmcsrb.com\/?s={search_term_string}"},"query-input":{"@type":"PropertyValueSpecification","valueRequired":true,"valueName":"search_term_string"}}],"inLanguage":"en-GB"},{"@type":"Person","@id":"https:\/\/dmcsrb.com\/#\/schema\/person\/5c39170f12db1b8b457732d0b5c854e2","name":"dmcsrbija.com@gmail.com","image":{"@type":"ImageObject","inLanguage":"en-GB","@id":"https:\/\/dmcsrb.com\/#\/schema\/person\/image\/","url":"https:\/\/secure.gravatar.com\/avatar\/68592660ad6347fad0fb587f8d5d8f1a7b44961362f56e4f2cd524feb87e9069?s=96&d=mm&r=g","contentUrl":"https:\/\/secure.gravatar.com\/avatar\/68592660ad6347fad0fb587f8d5d8f1a7b44961362f56e4f2cd524feb87e9069?s=96&d=mm&r=g","caption":"dmcsrbija.com@gmail.com"},"sameAs":["https:\/\/dmcsrb.com"],"url":"https:\/\/dmcsrb.com\/en\/author\/dmcsrbija-comgmail-com\/"}]}},"_links":{"self":[{"href":"https:\/\/dmcsrb.com\/en\/wp-json\/wp\/v2\/posts\/954313","targetHints":{"allow":["GET"]}}],"collection":[{"href":"https:\/\/dmcsrb.com\/en\/wp-json\/wp\/v2\/posts"}],"about":[{"href":"https:\/\/dmcsrb.com\/en\/wp-json\/wp\/v2\/types\/post"}],"author":[{"embeddable":true,"href":"https:\/\/dmcsrb.com\/en\/wp-json\/wp\/v2\/users\/1"}],"replies":[{"embeddable":true,"href":"https:\/\/dmcsrb.com\/en\/wp-json\/wp\/v2\/comments?post=954313"}],"version-history":[{"count":0,"href":"https:\/\/dmcsrb.com\/en\/wp-json\/wp\/v2\/posts\/954313\/revisions"}],"wp:featuredmedia":[{"embeddable":true,"href":"https:\/\/dmcsrb.com\/en\/wp-json\/wp\/v2\/media\/943480"}],"wp:attachment":[{"href":"https:\/\/dmcsrb.com\/en\/wp-json\/wp\/v2\/media?parent=954313"}],"wp:term":[{"taxonomy":"category","embeddable":true,"href":"https:\/\/dmcsrb.com\/en\/wp-json\/wp\/v2\/categories?post=954313"},{"taxonomy":"post_tag","embeddable":true,"href":"https:\/\/dmcsrb.com\/en\/wp-json\/wp\/v2\/tags?post=954313"},{"taxonomy":"naslovna","embeddable":true,"href":"https:\/\/dmcsrb.com\/en\/wp-json\/wp\/v2\/naslovna?post=954313"}],"curies":[{"name":"wp","href":"https:\/\/api.w.org\/{rel}","templated":true}]}}