{"id":954285,"date":"2025-09-27T06:24:00","date_gmt":"2025-09-27T04:24:00","guid":{"rendered":"https:\/\/dmcsrb.com\/uncategorized\/djeljosaj-tvrdnje-da-sam-general-su-lazi-neke-gluposti-ne-treba-komentarisati\/"},"modified":"2025-09-27T06:24:00","modified_gmt":"2025-09-27T04:24:00","slug":"djeljosaj-tvrdnje-da-sam-general-su-lazi-neke-gluposti-ne-treba-komentarisati","status":"publish","type":"post","link":"https:\/\/dmcsrb.com\/en\/podgorica\/djeljosaj-tvrdnje-da-sam-general-su-lazi-neke-gluposti-ne-treba-komentarisati\/","title":{"rendered":"\u0110eljo\u0161aj: Tvrdnje da sam \u201cGeneral\u201d su la\u017ei, neke gluposti ne treba komentarisati"},"content":{"rendered":"<p><\/p>\n\n\n\n<p>\u201cPonekad neke gluposti ne treba komentarisati, iskreno. Nisam neinformisan o nekim stvarima, iako ne pri\u010dam nekad o tome. To je neistina, to je takva la\u017e da to nema veze sa normalnim okolnostima\u201d, rekao je \u0110eljo\u0161aj u emisiji \u201cMinula ne\u0111elja\u201d na Aplus televiziji.<\/p>\n\n\n\n<p>Podsjetimo, tvrdnje da se \u0110eljo\u0161aj u Skaj komunikaciji vodi pod kodnim imenom \u201cGeneral\u201d u javnosti je iznio lider Pokreta za promjene (PzP)&nbsp;<strong>Neboj\u0161a Medojevi\u0107.<\/strong><\/p>\n\n\n\n<p>Medojevi\u0107 je krajem juna ove godine tvrdio da \u0110eljo\u0161aj nije uhap\u0161en jer, kako je kazao, postoje politi\u010dke barijere kod tu\u017eila\u0161tva.<\/p>\n\n\n\n<p>\u0110eljo\u0161aj, sa druge strane, tvrdi da je povezivanje njega i akcije \u201cGeneral\u201d politi\u010dki in\u017eenjering.<\/p>\n\n\n\n<p>\u201cTo je zloupotreba biv\u0161eg politi\u010dara, pa je tako po\u010deo i politi\u010dki obra\u010dun\u201d, dodao je \u0110eljo\u0161aj.<\/p>\n\n\n\n<p>\u0110eljo\u0161aj je tokom gostovanja na Aplus televiziji kazao da nekad misli da je u politiku zalutao, po\u0161to poku\u0161ava da se dr\u017ei stavova i principa za koje misli da su ispravni.<\/p>\n\n\n\n<p>\u201cDrugima to zna da zasmeta. Oni sa takvim motivima nisu u\u0161li u politiku, pa poku\u0161avaju da politi\u010dku konkurenciju na takav na\u010din kompromituju. Tamo gdje ja \u017eivim i gdje dobijam politi\u010dku podr\u0161ku, ovakve stvari nemaju nikakav uticaj. \u017divim u malom mjestu gdje svako svakoga zna\u201d, istakao je \u0110eljo\u0161aj.<\/p>\n\n\n\n<p>Dodao je da ovakve tvrdnje na njega nemaju nikakav uticaj, niti mu stvaraju pritisak.<\/p>\n\n\n\n<p>\u201cZnam \u0161ta sam radio u \u017eivotu, znam ko sam i \u0161ta sam. Svaku odluku koju sam donio znam koja je. Ko ima dokaze \u2013 sre\u0107no mu bilo\u201d, zaklju\u010dio je \u0110eljo\u0161aj.<\/p>\n\n\n\n<p>Podsjetimo, u akciji \u201cGeneral\u201d policija je uhapsila vi\u0161e osoba, zbog sumnje da su preko za\u0161ti\u0107enih aplikacija SKY i Anom, tokom 2020. i 2021. godine, organizovali \u0161verc preko 2,5 tona kokaina iz Ju\u017ene Amerike u Australiju.<\/p>\n\n\n\n<p>Prekookeanskim brodovima tovari su slati u vi\u0161e navrata i to 1.570 kilograma u oktobru 2020. godine, a \u0161verc su sprije\u010dili organi Kolumbije.<\/p>\n\n\n\n<p>Ista organizacija je poku\u0161ala \u0161verc i 900 kilograma u junu 2021, ali je i taj tovar zaplijenjen u vodama Australije.<\/p>","protected":false},"excerpt":{"rendered":"<p>Tvrdnje da sam povezan sa akcijom \u201cGeneral\u201d i da se u Skaj prepiskama vodim pod kodnim imenom \u201cGeneral\u201d su neistine, tvrdi potpredsjednik Vlade Crne Gore i ministar ekonomskog razvoja Nik \u0110eljo\u0161aj.<\/p>","protected":false},"author":1,"featured_media":912406,"comment_status":"open","ping_status":"open","sticky":false,"template":"","format":"standard","meta":{"_acf_changed":false,"footnotes":""},"categories":[56],"tags":[9358,9359,9360,1275],"naslovna":[],"class_list":["post-954285","post","type-post","status-publish","format-standard","has-post-thumbnail","hentry","category-podgorica","tag-tvrdnje","tag-gluposti","tag-lazi","tag-nik-djeljosaj"],"acf":[],"yoast_head":"<!-- This site is optimized with the Yoast SEO plugin v27.4 - https:\/\/yoast.com\/product\/yoast-seo-wordpress\/ -->\n<title>\u0110eljo\u0161aj: Tvrdnje da sam \u201cGeneral\u201d su la\u017ei, neke gluposti ne treba komentarisati - dmcsrb.com<\/title>\n<meta name=\"robots\" content=\"index, follow, max-snippet:-1, max-image-preview:large, max-video-preview:-1\" \/>\n<link rel=\"canonical\" href=\"https:\/\/dmcsrb.com\/en\/podgorica\/djeljosaj-tvrdnje-da-sam-general-su-lazi-neke-gluposti-ne-treba-komentarisati\/\" \/>\n<meta property=\"og:locale\" content=\"en_GB\" \/>\n<meta property=\"og:type\" content=\"article\" \/>\n<meta property=\"og:title\" content=\"\u0110eljo\u0161aj: Tvrdnje da sam \u201cGeneral\u201d su la\u017ei, neke gluposti ne treba komentarisati - dmcsrb.com\" \/>\n<meta property=\"og:description\" content=\"Tvrdnje da sam povezan sa akcijom \u201cGeneral\u201d i da se u Skaj prepiskama vodim pod kodnim imenom \u201cGeneral\u201d su neistine, tvrdi potpredsjednik Vlade Crne Gore i ministar ekonomskog razvoja Nik \u0110eljo\u0161aj.\" \/>\n<meta property=\"og:url\" content=\"https:\/\/dmcsrb.com\/en\/podgorica\/djeljosaj-tvrdnje-da-sam-general-su-lazi-neke-gluposti-ne-treba-komentarisati\/\" \/>\n<meta property=\"og:site_name\" content=\"dmcsrb.com\" \/>\n<meta property=\"article:published_time\" content=\"2025-09-27T04:24:00+00:00\" \/>\n<meta property=\"og:image\" content=\"https:\/\/dmcsrb.com\/wp-content\/uploads\/2026\/01\/IMG-20250429-WA0001_598x900.jpg\" \/>\n\t<meta property=\"og:image:width\" content=\"899\" \/>\n\t<meta property=\"og:image:height\" content=\"598\" \/>\n\t<meta property=\"og:image:type\" content=\"image\/jpeg\" \/>\n<meta name=\"author\" content=\"dmcsrbija.com@gmail.com\" \/>\n<meta name=\"twitter:card\" content=\"summary_large_image\" \/>\n<meta name=\"twitter:label1\" content=\"Written by\" \/>\n\t<meta name=\"twitter:data1\" content=\"dmcsrbija.com@gmail.com\" \/>\n\t<meta name=\"twitter:label2\" content=\"Estimated reading time\" \/>\n\t<meta name=\"twitter:data2\" content=\"2 minutes\" \/>\n<script type=\"application\/ld+json\" class=\"yoast-schema-graph\">{\"@context\":\"https:\\\/\\\/schema.org\",\"@graph\":[{\"@type\":\"Article\",\"@id\":\"https:\\\/\\\/dmcsrb.com\\\/en\\\/podgorica\\\/djeljosaj-tvrdnje-da-sam-general-su-lazi-neke-gluposti-ne-treba-komentarisati\\\/#article\",\"isPartOf\":{\"@id\":\"https:\\\/\\\/dmcsrb.com\\\/en\\\/podgorica\\\/djeljosaj-tvrdnje-da-sam-general-su-lazi-neke-gluposti-ne-treba-komentarisati\\\/\"},\"author\":{\"name\":\"dmcsrbija.com@gmail.com\",\"@id\":\"https:\\\/\\\/dmcsrb.com\\\/#\\\/schema\\\/person\\\/5c39170f12db1b8b457732d0b5c854e2\"},\"headline\":\"\u0110eljo\u0161aj: Tvrdnje da sam \u201cGeneral\u201d su la\u017ei, neke gluposti ne treba komentarisati\",\"datePublished\":\"2025-09-27T04:24:00+00:00\",\"mainEntityOfPage\":{\"@id\":\"https:\\\/\\\/dmcsrb.com\\\/en\\\/podgorica\\\/djeljosaj-tvrdnje-da-sam-general-su-lazi-neke-gluposti-ne-treba-komentarisati\\\/\"},\"wordCount\":360,\"commentCount\":0,\"image\":{\"@id\":\"https:\\\/\\\/dmcsrb.com\\\/en\\\/podgorica\\\/djeljosaj-tvrdnje-da-sam-general-su-lazi-neke-gluposti-ne-treba-komentarisati\\\/#primaryimage\"},\"thumbnailUrl\":\"https:\\\/\\\/dmcsrb.com\\\/wp-content\\\/uploads\\\/2026\\\/01\\\/IMG-20250429-WA0001_598x900.jpg\",\"keywords\":[\"''Tvrdnje''\",\"Gluposti\",\"La\u017ei\",\"Nik \u0110eljo\u0161aj\"],\"articleSection\":[\"Podgorica\"],\"inLanguage\":\"en-GB\",\"potentialAction\":[{\"@type\":\"CommentAction\",\"name\":\"Comment\",\"target\":[\"https:\\\/\\\/dmcsrb.com\\\/en\\\/podgorica\\\/djeljosaj-tvrdnje-da-sam-general-su-lazi-neke-gluposti-ne-treba-komentarisati\\\/#respond\"]}]},{\"@type\":\"WebPage\",\"@id\":\"https:\\\/\\\/dmcsrb.com\\\/en\\\/podgorica\\\/djeljosaj-tvrdnje-da-sam-general-su-lazi-neke-gluposti-ne-treba-komentarisati\\\/\",\"url\":\"https:\\\/\\\/dmcsrb.com\\\/en\\\/podgorica\\\/djeljosaj-tvrdnje-da-sam-general-su-lazi-neke-gluposti-ne-treba-komentarisati\\\/\",\"name\":\"\u0110eljo\u0161aj: Tvrdnje da sam \u201cGeneral\u201d su la\u017ei, neke gluposti ne treba komentarisati - dmcsrb.com\",\"isPartOf\":{\"@id\":\"https:\\\/\\\/dmcsrb.com\\\/#website\"},\"primaryImageOfPage\":{\"@id\":\"https:\\\/\\\/dmcsrb.com\\\/en\\\/podgorica\\\/djeljosaj-tvrdnje-da-sam-general-su-lazi-neke-gluposti-ne-treba-komentarisati\\\/#primaryimage\"},\"image\":{\"@id\":\"https:\\\/\\\/dmcsrb.com\\\/en\\\/podgorica\\\/djeljosaj-tvrdnje-da-sam-general-su-lazi-neke-gluposti-ne-treba-komentarisati\\\/#primaryimage\"},\"thumbnailUrl\":\"https:\\\/\\\/dmcsrb.com\\\/wp-content\\\/uploads\\\/2026\\\/01\\\/IMG-20250429-WA0001_598x900.jpg\",\"datePublished\":\"2025-09-27T04:24:00+00:00\",\"author\":{\"@id\":\"https:\\\/\\\/dmcsrb.com\\\/#\\\/schema\\\/person\\\/5c39170f12db1b8b457732d0b5c854e2\"},\"breadcrumb\":{\"@id\":\"https:\\\/\\\/dmcsrb.com\\\/en\\\/podgorica\\\/djeljosaj-tvrdnje-da-sam-general-su-lazi-neke-gluposti-ne-treba-komentarisati\\\/#breadcrumb\"},\"inLanguage\":\"en-GB\",\"potentialAction\":[{\"@type\":\"ReadAction\",\"target\":[\"https:\\\/\\\/dmcsrb.com\\\/en\\\/podgorica\\\/djeljosaj-tvrdnje-da-sam-general-su-lazi-neke-gluposti-ne-treba-komentarisati\\\/\"]}]},{\"@type\":\"ImageObject\",\"inLanguage\":\"en-GB\",\"@id\":\"https:\\\/\\\/dmcsrb.com\\\/en\\\/podgorica\\\/djeljosaj-tvrdnje-da-sam-general-su-lazi-neke-gluposti-ne-treba-komentarisati\\\/#primaryimage\",\"url\":\"https:\\\/\\\/dmcsrb.com\\\/wp-content\\\/uploads\\\/2026\\\/01\\\/IMG-20250429-WA0001_598x900.jpg\",\"contentUrl\":\"https:\\\/\\\/dmcsrb.com\\\/wp-content\\\/uploads\\\/2026\\\/01\\\/IMG-20250429-WA0001_598x900.jpg\",\"width\":899,\"height\":598},{\"@type\":\"BreadcrumbList\",\"@id\":\"https:\\\/\\\/dmcsrb.com\\\/en\\\/podgorica\\\/djeljosaj-tvrdnje-da-sam-general-su-lazi-neke-gluposti-ne-treba-komentarisati\\\/#breadcrumb\",\"itemListElement\":[{\"@type\":\"ListItem\",\"position\":1,\"name\":\"Home\",\"item\":\"https:\\\/\\\/dmcsrb.com\\\/\"},{\"@type\":\"ListItem\",\"position\":2,\"name\":\"\u0110eljo\u0161aj: Tvrdnje da sam \u201cGeneral\u201d su la\u017ei, neke gluposti ne treba komentarisati\"}]},{\"@type\":\"WebSite\",\"@id\":\"https:\\\/\\\/dmcsrb.com\\\/#website\",\"url\":\"https:\\\/\\\/dmcsrb.com\\\/\",\"name\":\"dmcsrb.com\",\"description\":\"\",\"potentialAction\":[{\"@type\":\"SearchAction\",\"target\":{\"@type\":\"EntryPoint\",\"urlTemplate\":\"https:\\\/\\\/dmcsrb.com\\\/?s={search_term_string}\"},\"query-input\":{\"@type\":\"PropertyValueSpecification\",\"valueRequired\":true,\"valueName\":\"search_term_string\"}}],\"inLanguage\":\"en-GB\"},{\"@type\":\"Person\",\"@id\":\"https:\\\/\\\/dmcsrb.com\\\/#\\\/schema\\\/person\\\/5c39170f12db1b8b457732d0b5c854e2\",\"name\":\"dmcsrbija.com@gmail.com\",\"image\":{\"@type\":\"ImageObject\",\"inLanguage\":\"en-GB\",\"@id\":\"https:\\\/\\\/secure.gravatar.com\\\/avatar\\\/68592660ad6347fad0fb587f8d5d8f1a7b44961362f56e4f2cd524feb87e9069?s=96&d=mm&r=g\",\"url\":\"https:\\\/\\\/secure.gravatar.com\\\/avatar\\\/68592660ad6347fad0fb587f8d5d8f1a7b44961362f56e4f2cd524feb87e9069?s=96&d=mm&r=g\",\"contentUrl\":\"https:\\\/\\\/secure.gravatar.com\\\/avatar\\\/68592660ad6347fad0fb587f8d5d8f1a7b44961362f56e4f2cd524feb87e9069?s=96&d=mm&r=g\",\"caption\":\"dmcsrbija.com@gmail.com\"},\"sameAs\":[\"https:\\\/\\\/dmcsrb.com\"],\"url\":\"https:\\\/\\\/dmcsrb.com\\\/en\\\/author\\\/dmcsrbija-comgmail-com\\\/\"}]}<\/script>\n<!-- \/ Yoast SEO plugin. -->","yoast_head_json":{"title":"\u0110eljo\u0161aj: Tvrdnje da sam \u201cGeneral\u201d su la\u017ei, neke gluposti ne treba komentarisati - dmcsrb.com","robots":{"index":"index","follow":"follow","max-snippet":"max-snippet:-1","max-image-preview":"max-image-preview:large","max-video-preview":"max-video-preview:-1"},"canonical":"https:\/\/dmcsrb.com\/en\/podgorica\/djeljosaj-tvrdnje-da-sam-general-su-lazi-neke-gluposti-ne-treba-komentarisati\/","og_locale":"en_GB","og_type":"article","og_title":"\u0110eljo\u0161aj: Tvrdnje da sam \u201cGeneral\u201d su la\u017ei, neke gluposti ne treba komentarisati - dmcsrb.com","og_description":"Tvrdnje da sam povezan sa akcijom \u201cGeneral\u201d i da se u Skaj prepiskama vodim pod kodnim imenom \u201cGeneral\u201d su neistine, tvrdi potpredsjednik Vlade Crne Gore i ministar ekonomskog razvoja Nik \u0110eljo\u0161aj.","og_url":"https:\/\/dmcsrb.com\/en\/podgorica\/djeljosaj-tvrdnje-da-sam-general-su-lazi-neke-gluposti-ne-treba-komentarisati\/","og_site_name":"dmcsrb.com","article_published_time":"2025-09-27T04:24:00+00:00","og_image":[{"width":899,"height":598,"url":"https:\/\/dmcsrb.com\/wp-content\/uploads\/2026\/01\/IMG-20250429-WA0001_598x900.jpg","type":"image\/jpeg"}],"author":"dmcsrbija.com@gmail.com","twitter_card":"summary_large_image","twitter_misc":{"Written by":"dmcsrbija.com@gmail.com","Estimated reading time":"2 minutes"},"schema":{"@context":"https:\/\/schema.org","@graph":[{"@type":"Article","@id":"https:\/\/dmcsrb.com\/en\/podgorica\/djeljosaj-tvrdnje-da-sam-general-su-lazi-neke-gluposti-ne-treba-komentarisati\/#article","isPartOf":{"@id":"https:\/\/dmcsrb.com\/en\/podgorica\/djeljosaj-tvrdnje-da-sam-general-su-lazi-neke-gluposti-ne-treba-komentarisati\/"},"author":{"name":"dmcsrbija.com@gmail.com","@id":"https:\/\/dmcsrb.com\/#\/schema\/person\/5c39170f12db1b8b457732d0b5c854e2"},"headline":"\u0110eljo\u0161aj: Tvrdnje da sam \u201cGeneral\u201d su la\u017ei, neke gluposti ne treba komentarisati","datePublished":"2025-09-27T04:24:00+00:00","mainEntityOfPage":{"@id":"https:\/\/dmcsrb.com\/en\/podgorica\/djeljosaj-tvrdnje-da-sam-general-su-lazi-neke-gluposti-ne-treba-komentarisati\/"},"wordCount":360,"commentCount":0,"image":{"@id":"https:\/\/dmcsrb.com\/en\/podgorica\/djeljosaj-tvrdnje-da-sam-general-su-lazi-neke-gluposti-ne-treba-komentarisati\/#primaryimage"},"thumbnailUrl":"https:\/\/dmcsrb.com\/wp-content\/uploads\/2026\/01\/IMG-20250429-WA0001_598x900.jpg","keywords":["''Tvrdnje''","Gluposti","La\u017ei","Nik \u0110eljo\u0161aj"],"articleSection":["Podgorica"],"inLanguage":"en-GB","potentialAction":[{"@type":"CommentAction","name":"Comment","target":["https:\/\/dmcsrb.com\/en\/podgorica\/djeljosaj-tvrdnje-da-sam-general-su-lazi-neke-gluposti-ne-treba-komentarisati\/#respond"]}]},{"@type":"WebPage","@id":"https:\/\/dmcsrb.com\/en\/podgorica\/djeljosaj-tvrdnje-da-sam-general-su-lazi-neke-gluposti-ne-treba-komentarisati\/","url":"https:\/\/dmcsrb.com\/en\/podgorica\/djeljosaj-tvrdnje-da-sam-general-su-lazi-neke-gluposti-ne-treba-komentarisati\/","name":"\u0110eljo\u0161aj: Tvrdnje da sam \u201cGeneral\u201d su la\u017ei, neke gluposti ne treba komentarisati - dmcsrb.com","isPartOf":{"@id":"https:\/\/dmcsrb.com\/#website"},"primaryImageOfPage":{"@id":"https:\/\/dmcsrb.com\/en\/podgorica\/djeljosaj-tvrdnje-da-sam-general-su-lazi-neke-gluposti-ne-treba-komentarisati\/#primaryimage"},"image":{"@id":"https:\/\/dmcsrb.com\/en\/podgorica\/djeljosaj-tvrdnje-da-sam-general-su-lazi-neke-gluposti-ne-treba-komentarisati\/#primaryimage"},"thumbnailUrl":"https:\/\/dmcsrb.com\/wp-content\/uploads\/2026\/01\/IMG-20250429-WA0001_598x900.jpg","datePublished":"2025-09-27T04:24:00+00:00","author":{"@id":"https:\/\/dmcsrb.com\/#\/schema\/person\/5c39170f12db1b8b457732d0b5c854e2"},"breadcrumb":{"@id":"https:\/\/dmcsrb.com\/en\/podgorica\/djeljosaj-tvrdnje-da-sam-general-su-lazi-neke-gluposti-ne-treba-komentarisati\/#breadcrumb"},"inLanguage":"en-GB","potentialAction":[{"@type":"ReadAction","target":["https:\/\/dmcsrb.com\/en\/podgorica\/djeljosaj-tvrdnje-da-sam-general-su-lazi-neke-gluposti-ne-treba-komentarisati\/"]}]},{"@type":"ImageObject","inLanguage":"en-GB","@id":"https:\/\/dmcsrb.com\/en\/podgorica\/djeljosaj-tvrdnje-da-sam-general-su-lazi-neke-gluposti-ne-treba-komentarisati\/#primaryimage","url":"https:\/\/dmcsrb.com\/wp-content\/uploads\/2026\/01\/IMG-20250429-WA0001_598x900.jpg","contentUrl":"https:\/\/dmcsrb.com\/wp-content\/uploads\/2026\/01\/IMG-20250429-WA0001_598x900.jpg","width":899,"height":598},{"@type":"BreadcrumbList","@id":"https:\/\/dmcsrb.com\/en\/podgorica\/djeljosaj-tvrdnje-da-sam-general-su-lazi-neke-gluposti-ne-treba-komentarisati\/#breadcrumb","itemListElement":[{"@type":"ListItem","position":1,"name":"Home","item":"https:\/\/dmcsrb.com\/"},{"@type":"ListItem","position":2,"name":"\u0110eljo\u0161aj: Tvrdnje da sam \u201cGeneral\u201d su la\u017ei, neke gluposti ne treba komentarisati"}]},{"@type":"WebSite","@id":"https:\/\/dmcsrb.com\/#website","url":"https:\/\/dmcsrb.com\/","name":"dmcsrb.com","description":"","potentialAction":[{"@type":"SearchAction","target":{"@type":"EntryPoint","urlTemplate":"https:\/\/dmcsrb.com\/?s={search_term_string}"},"query-input":{"@type":"PropertyValueSpecification","valueRequired":true,"valueName":"search_term_string"}}],"inLanguage":"en-GB"},{"@type":"Person","@id":"https:\/\/dmcsrb.com\/#\/schema\/person\/5c39170f12db1b8b457732d0b5c854e2","name":"dmcsrbija.com@gmail.com","image":{"@type":"ImageObject","inLanguage":"en-GB","@id":"https:\/\/secure.gravatar.com\/avatar\/68592660ad6347fad0fb587f8d5d8f1a7b44961362f56e4f2cd524feb87e9069?s=96&d=mm&r=g","url":"https:\/\/secure.gravatar.com\/avatar\/68592660ad6347fad0fb587f8d5d8f1a7b44961362f56e4f2cd524feb87e9069?s=96&d=mm&r=g","contentUrl":"https:\/\/secure.gravatar.com\/avatar\/68592660ad6347fad0fb587f8d5d8f1a7b44961362f56e4f2cd524feb87e9069?s=96&d=mm&r=g","caption":"dmcsrbija.com@gmail.com"},"sameAs":["https:\/\/dmcsrb.com"],"url":"https:\/\/dmcsrb.com\/en\/author\/dmcsrbija-comgmail-com\/"}]}},"_links":{"self":[{"href":"https:\/\/dmcsrb.com\/en\/wp-json\/wp\/v2\/posts\/954285","targetHints":{"allow":["GET"]}}],"collection":[{"href":"https:\/\/dmcsrb.com\/en\/wp-json\/wp\/v2\/posts"}],"about":[{"href":"https:\/\/dmcsrb.com\/en\/wp-json\/wp\/v2\/types\/post"}],"author":[{"embeddable":true,"href":"https:\/\/dmcsrb.com\/en\/wp-json\/wp\/v2\/users\/1"}],"replies":[{"embeddable":true,"href":"https:\/\/dmcsrb.com\/en\/wp-json\/wp\/v2\/comments?post=954285"}],"version-history":[{"count":0,"href":"https:\/\/dmcsrb.com\/en\/wp-json\/wp\/v2\/posts\/954285\/revisions"}],"wp:featuredmedia":[{"embeddable":true,"href":"https:\/\/dmcsrb.com\/en\/wp-json\/wp\/v2\/media\/912406"}],"wp:attachment":[{"href":"https:\/\/dmcsrb.com\/en\/wp-json\/wp\/v2\/media?parent=954285"}],"wp:term":[{"taxonomy":"category","embeddable":true,"href":"https:\/\/dmcsrb.com\/en\/wp-json\/wp\/v2\/categories?post=954285"},{"taxonomy":"post_tag","embeddable":true,"href":"https:\/\/dmcsrb.com\/en\/wp-json\/wp\/v2\/tags?post=954285"},{"taxonomy":"naslovna","embeddable":true,"href":"https:\/\/dmcsrb.com\/en\/wp-json\/wp\/v2\/naslovna?post=954285"}],"curies":[{"name":"wp","href":"https:\/\/api.w.org\/{rel}","templated":true}]}}