{"id":954255,"date":"2025-09-26T18:42:00","date_gmt":"2025-09-26T16:42:00","guid":{"rendered":"https:\/\/dmcsrb.com\/uncategorized\/gjelaj-odlukom-odt-a-da-odbaci-neosnovanu-prijavu-protiv-gjeloshaja-jasno-potvrdjeno-da-u-njegovoj-komunikaciji-sa-predsjednikom-drzave-nije-bilo-prijetnji\/"},"modified":"2025-09-26T18:42:00","modified_gmt":"2025-09-26T16:42:00","slug":"gjelaj-odlukom-odt-a-da-odbaci-neosnovanu-prijavu-protiv-gjeloshaja-jasno-potvrdjeno-da-u-njegovoj-komunikaciji-sa-predsjednikom-drzave-nije-bilo-prijetnji","status":"publish","type":"post","link":"https:\/\/dmcsrb.com\/en\/politika\/gjelaj-odlukom-odt-a-da-odbaci-neosnovanu-prijavu-protiv-gjeloshaja-jasno-potvrdjeno-da-u-njegovoj-komunikaciji-sa-predsjednikom-drzave-nije-bilo-prijetnji\/","title":{"rendered":"Gjelaj: Odlukom ODT-a da odbaci neosnovanu prijavu protiv Gjeloshaja jasno potvr\u0111eno da u njegovoj komunikaciji sa predsjednikom dr\u017eave nije bilo prijetnji"},"content":{"rendered":"<p><\/p>\n\n\n\n<p>&#8221;Poku\u0161aj predsjednika da pisanu polemiku predstavi kao krivi\u010dno djelo pokazao se ne samo kao proma\u0161aj, ve\u0107 i kao poku\u0161aj diskreditacije jednog politi\u010dara koji u\u017eiva veliko povjerenje svojih gra\u0111ana&#8221;, naveo je Gjelaj.<\/p>\n\n\n\n<p>Nik Gjeloshaj je u na\u0161em kraju i \u0161irom Crne Gore prepoznat kao lider koji se, svim zakonskim mogu\u0107nostima i sa punim srcem, bori za svoje mjesto i svoju zajednicu. Odluka tu\u017eila\u0161tva stoga nije samo njegova li\u010dna satisfakcija, ve\u0107 i potvrda da pravda mora biti iznad politi\u010dkih kalkulacija, poru\u010dio je Gjelaj.<\/p>\n\n\n\n<p>&#8221;Kao predsjednik Op\u0161tine Tuzi, izra\u017eavam punu podr\u0161ku gospodinu Gjeloshaju i uvjeren sam da \u0107e nastaviti da dosljedno, hrabro i odgovorno brani interese na\u0161ih gra\u0111ana i cijele Crne Gore&#8221;, zaklju\u010duje Gjelaj.<\/p>","protected":false},"excerpt":{"rendered":"<p>Pozdravljam odluku Osnovnog dr\u017eavnog tu\u017eila\u0161tva u Podgorici da odbaci neosnovanu prijavu protiv potpredsjednika Vlade, gospodina Nika Gjeloshaja. Ovim je jasno potvr\u0111eno da u njegovoj komunikaciji sa predsjednikom dr\u017eave nije bilo prijetnji, ve\u0107 legitimne komunikacije za interese gra\u0111ana, saop\u0161tio je predsjednik Op\u0161tine Tuzi Lindon Gjelaj.<\/p>","protected":false},"author":1,"featured_media":954256,"comment_status":"open","ping_status":"open","sticky":false,"template":"","format":"standard","meta":{"_acf_changed":false,"footnotes":""},"categories":[12],"tags":[2610,9330,9331,2542,9332,9333],"naslovna":[],"class_list":["post-954255","post","type-post","status-publish","format-standard","has-post-thumbnail","hentry","category-politika","tag-komunikacija","tag-lindon-gjelaj","tag-neosnovana-prijava","tag-nik-gjeloshaj","tag-odluka-odt-a","tag-predsjednik-drzave"],"acf":[],"yoast_head":"<!-- This site is optimized with the Yoast SEO plugin v27.4 - https:\/\/yoast.com\/product\/yoast-seo-wordpress\/ -->\n<title>Gjelaj: Odlukom ODT-a da odbaci neosnovanu prijavu protiv Gjeloshaja jasno potvr\u0111eno da u njegovoj komunikaciji sa predsjednikom dr\u017eave nije bilo prijetnji - dmcsrb.com<\/title>\n<meta name=\"robots\" content=\"index, follow, max-snippet:-1, max-image-preview:large, max-video-preview:-1\" \/>\n<link rel=\"canonical\" href=\"https:\/\/dmcsrb.com\/en\/politika\/gjelaj-odlukom-odt-a-da-odbaci-neosnovanu-prijavu-protiv-gjeloshaja-jasno-potvrdjeno-da-u-njegovoj-komunikaciji-sa-predsjednikom-drzave-nije-bilo-prijetnji\/\" \/>\n<meta property=\"og:locale\" content=\"en_GB\" \/>\n<meta property=\"og:type\" content=\"article\" \/>\n<meta property=\"og:title\" content=\"Gjelaj: Odlukom ODT-a da odbaci neosnovanu prijavu protiv Gjeloshaja jasno potvr\u0111eno da u njegovoj komunikaciji sa predsjednikom dr\u017eave nije bilo prijetnji - dmcsrb.com\" \/>\n<meta property=\"og:description\" content=\"Pozdravljam odluku Osnovnog dr\u017eavnog tu\u017eila\u0161tva u Podgorici da odbaci neosnovanu prijavu protiv potpredsjednika Vlade, gospodina Nika Gjeloshaja. Ovim je jasno potvr\u0111eno da u njegovoj komunikaciji sa predsjednikom dr\u017eave nije bilo prijetnji, ve\u0107 legitimne komunikacije za interese gra\u0111ana, saop\u0161tio je predsjednik Op\u0161tine Tuzi Lindon Gjelaj.\" \/>\n<meta property=\"og:url\" content=\"https:\/\/dmcsrb.com\/en\/politika\/gjelaj-odlukom-odt-a-da-odbaci-neosnovanu-prijavu-protiv-gjeloshaja-jasno-potvrdjeno-da-u-njegovoj-komunikaciji-sa-predsjednikom-drzave-nije-bilo-prijetnji\/\" \/>\n<meta property=\"og:site_name\" content=\"dmcsrb.com\" \/>\n<meta property=\"article:published_time\" content=\"2025-09-26T16:42:00+00:00\" \/>\n<meta property=\"og:image\" content=\"https:\/\/dmcsrb.com\/wp-content\/uploads\/2026\/01\/1732984299-lindon-deljaj-foto-by-opstina-tuzi-i_960x600.webp\" \/>\n\t<meta property=\"og:image:width\" content=\"960\" \/>\n\t<meta property=\"og:image:height\" content=\"600\" \/>\n\t<meta property=\"og:image:type\" content=\"image\/png\" \/>\n<meta name=\"author\" content=\"dmcsrbija.com@gmail.com\" \/>\n<meta name=\"twitter:card\" content=\"summary_large_image\" \/>\n<meta name=\"twitter:label1\" content=\"Written by\" \/>\n\t<meta name=\"twitter:data1\" content=\"dmcsrbija.com@gmail.com\" \/>\n\t<meta name=\"twitter:label2\" content=\"Estimated reading time\" \/>\n\t<meta name=\"twitter:data2\" content=\"1 minute\" \/>\n<script type=\"application\/ld+json\" class=\"yoast-schema-graph\">{\"@context\":\"https:\\\/\\\/schema.org\",\"@graph\":[{\"@type\":\"Article\",\"@id\":\"https:\\\/\\\/dmcsrb.com\\\/politika\\\/gjelaj-odlukom-odt-a-da-odbaci-neosnovanu-prijavu-protiv-gjeloshaja-jasno-potvrdjeno-da-u-njegovoj-komunikaciji-sa-predsjednikom-drzave-nije-bilo-prijetnji\\\/#article\",\"isPartOf\":{\"@id\":\"https:\\\/\\\/dmcsrb.com\\\/politika\\\/gjelaj-odlukom-odt-a-da-odbaci-neosnovanu-prijavu-protiv-gjeloshaja-jasno-potvrdjeno-da-u-njegovoj-komunikaciji-sa-predsjednikom-drzave-nije-bilo-prijetnji\\\/\"},\"author\":{\"name\":\"dmcsrbija.com@gmail.com\",\"@id\":\"https:\\\/\\\/dmcsrb.com\\\/#\\\/schema\\\/person\\\/5c39170f12db1b8b457732d0b5c854e2\"},\"headline\":\"Gjelaj: Odlukom ODT-a da odbaci neosnovanu prijavu protiv Gjeloshaja jasno potvr\u0111eno da u njegovoj komunikaciji sa predsjednikom dr\u017eave nije bilo prijetnji\",\"datePublished\":\"2025-09-26T16:42:00+00:00\",\"mainEntityOfPage\":{\"@id\":\"https:\\\/\\\/dmcsrb.com\\\/politika\\\/gjelaj-odlukom-odt-a-da-odbaci-neosnovanu-prijavu-protiv-gjeloshaja-jasno-potvrdjeno-da-u-njegovoj-komunikaciji-sa-predsjednikom-drzave-nije-bilo-prijetnji\\\/\"},\"wordCount\":154,\"commentCount\":0,\"image\":{\"@id\":\"https:\\\/\\\/dmcsrb.com\\\/politika\\\/gjelaj-odlukom-odt-a-da-odbaci-neosnovanu-prijavu-protiv-gjeloshaja-jasno-potvrdjeno-da-u-njegovoj-komunikaciji-sa-predsjednikom-drzave-nije-bilo-prijetnji\\\/#primaryimage\"},\"thumbnailUrl\":\"https:\\\/\\\/dmcsrb.com\\\/wp-content\\\/uploads\\\/2026\\\/01\\\/1732984299-lindon-deljaj-foto-by-opstina-tuzi-i_960x600.webp\",\"keywords\":[\"komunikacija\",\"Lindon Gjelaj\",\"Neosnovana prijava\",\"Nik Gjeloshaj\",\"Odluka ODT-a\",\"predsjednik dr\u017eave\"],\"articleSection\":[\"Politika\"],\"inLanguage\":\"en-GB\",\"potentialAction\":[{\"@type\":\"CommentAction\",\"name\":\"Comment\",\"target\":[\"https:\\\/\\\/dmcsrb.com\\\/politika\\\/gjelaj-odlukom-odt-a-da-odbaci-neosnovanu-prijavu-protiv-gjeloshaja-jasno-potvrdjeno-da-u-njegovoj-komunikaciji-sa-predsjednikom-drzave-nije-bilo-prijetnji\\\/#respond\"]}]},{\"@type\":\"WebPage\",\"@id\":\"https:\\\/\\\/dmcsrb.com\\\/politika\\\/gjelaj-odlukom-odt-a-da-odbaci-neosnovanu-prijavu-protiv-gjeloshaja-jasno-potvrdjeno-da-u-njegovoj-komunikaciji-sa-predsjednikom-drzave-nije-bilo-prijetnji\\\/\",\"url\":\"https:\\\/\\\/dmcsrb.com\\\/politika\\\/gjelaj-odlukom-odt-a-da-odbaci-neosnovanu-prijavu-protiv-gjeloshaja-jasno-potvrdjeno-da-u-njegovoj-komunikaciji-sa-predsjednikom-drzave-nije-bilo-prijetnji\\\/\",\"name\":\"Gjelaj: Odlukom ODT-a da odbaci neosnovanu prijavu protiv Gjeloshaja jasno potvr\u0111eno da u njegovoj komunikaciji sa predsjednikom dr\u017eave nije bilo prijetnji - dmcsrb.com\",\"isPartOf\":{\"@id\":\"https:\\\/\\\/dmcsrb.com\\\/#website\"},\"primaryImageOfPage\":{\"@id\":\"https:\\\/\\\/dmcsrb.com\\\/politika\\\/gjelaj-odlukom-odt-a-da-odbaci-neosnovanu-prijavu-protiv-gjeloshaja-jasno-potvrdjeno-da-u-njegovoj-komunikaciji-sa-predsjednikom-drzave-nije-bilo-prijetnji\\\/#primaryimage\"},\"image\":{\"@id\":\"https:\\\/\\\/dmcsrb.com\\\/politika\\\/gjelaj-odlukom-odt-a-da-odbaci-neosnovanu-prijavu-protiv-gjeloshaja-jasno-potvrdjeno-da-u-njegovoj-komunikaciji-sa-predsjednikom-drzave-nije-bilo-prijetnji\\\/#primaryimage\"},\"thumbnailUrl\":\"https:\\\/\\\/dmcsrb.com\\\/wp-content\\\/uploads\\\/2026\\\/01\\\/1732984299-lindon-deljaj-foto-by-opstina-tuzi-i_960x600.webp\",\"datePublished\":\"2025-09-26T16:42:00+00:00\",\"author\":{\"@id\":\"https:\\\/\\\/dmcsrb.com\\\/#\\\/schema\\\/person\\\/5c39170f12db1b8b457732d0b5c854e2\"},\"breadcrumb\":{\"@id\":\"https:\\\/\\\/dmcsrb.com\\\/politika\\\/gjelaj-odlukom-odt-a-da-odbaci-neosnovanu-prijavu-protiv-gjeloshaja-jasno-potvrdjeno-da-u-njegovoj-komunikaciji-sa-predsjednikom-drzave-nije-bilo-prijetnji\\\/#breadcrumb\"},\"inLanguage\":\"en-GB\",\"potentialAction\":[{\"@type\":\"ReadAction\",\"target\":[\"https:\\\/\\\/dmcsrb.com\\\/politika\\\/gjelaj-odlukom-odt-a-da-odbaci-neosnovanu-prijavu-protiv-gjeloshaja-jasno-potvrdjeno-da-u-njegovoj-komunikaciji-sa-predsjednikom-drzave-nije-bilo-prijetnji\\\/\"]}]},{\"@type\":\"ImageObject\",\"inLanguage\":\"en-GB\",\"@id\":\"https:\\\/\\\/dmcsrb.com\\\/politika\\\/gjelaj-odlukom-odt-a-da-odbaci-neosnovanu-prijavu-protiv-gjeloshaja-jasno-potvrdjeno-da-u-njegovoj-komunikaciji-sa-predsjednikom-drzave-nije-bilo-prijetnji\\\/#primaryimage\",\"url\":\"https:\\\/\\\/dmcsrb.com\\\/wp-content\\\/uploads\\\/2026\\\/01\\\/1732984299-lindon-deljaj-foto-by-opstina-tuzi-i_960x600.webp\",\"contentUrl\":\"https:\\\/\\\/dmcsrb.com\\\/wp-content\\\/uploads\\\/2026\\\/01\\\/1732984299-lindon-deljaj-foto-by-opstina-tuzi-i_960x600.webp\",\"width\":960,\"height\":600},{\"@type\":\"BreadcrumbList\",\"@id\":\"https:\\\/\\\/dmcsrb.com\\\/politika\\\/gjelaj-odlukom-odt-a-da-odbaci-neosnovanu-prijavu-protiv-gjeloshaja-jasno-potvrdjeno-da-u-njegovoj-komunikaciji-sa-predsjednikom-drzave-nije-bilo-prijetnji\\\/#breadcrumb\",\"itemListElement\":[{\"@type\":\"ListItem\",\"position\":1,\"name\":\"Home\",\"item\":\"https:\\\/\\\/dmcsrb.com\\\/\"},{\"@type\":\"ListItem\",\"position\":2,\"name\":\"Gjelaj: Odlukom ODT-a da odbaci neosnovanu prijavu protiv Gjeloshaja jasno potvr\u0111eno da u njegovoj komunikaciji sa predsjednikom dr\u017eave nije bilo prijetnji\"}]},{\"@type\":\"WebSite\",\"@id\":\"https:\\\/\\\/dmcsrb.com\\\/#website\",\"url\":\"https:\\\/\\\/dmcsrb.com\\\/\",\"name\":\"dmcsrb.com\",\"description\":\"\",\"potentialAction\":[{\"@type\":\"SearchAction\",\"target\":{\"@type\":\"EntryPoint\",\"urlTemplate\":\"https:\\\/\\\/dmcsrb.com\\\/?s={search_term_string}\"},\"query-input\":{\"@type\":\"PropertyValueSpecification\",\"valueRequired\":true,\"valueName\":\"search_term_string\"}}],\"inLanguage\":\"en-GB\"},{\"@type\":\"Person\",\"@id\":\"https:\\\/\\\/dmcsrb.com\\\/#\\\/schema\\\/person\\\/5c39170f12db1b8b457732d0b5c854e2\",\"name\":\"dmcsrbija.com@gmail.com\",\"image\":{\"@type\":\"ImageObject\",\"inLanguage\":\"en-GB\",\"@id\":\"https:\\\/\\\/secure.gravatar.com\\\/avatar\\\/68592660ad6347fad0fb587f8d5d8f1a7b44961362f56e4f2cd524feb87e9069?s=96&d=mm&r=g\",\"url\":\"https:\\\/\\\/secure.gravatar.com\\\/avatar\\\/68592660ad6347fad0fb587f8d5d8f1a7b44961362f56e4f2cd524feb87e9069?s=96&d=mm&r=g\",\"contentUrl\":\"https:\\\/\\\/secure.gravatar.com\\\/avatar\\\/68592660ad6347fad0fb587f8d5d8f1a7b44961362f56e4f2cd524feb87e9069?s=96&d=mm&r=g\",\"caption\":\"dmcsrbija.com@gmail.com\"},\"sameAs\":[\"https:\\\/\\\/dmcsrb.com\"],\"url\":\"https:\\\/\\\/dmcsrb.com\\\/en\\\/author\\\/dmcsrbija-comgmail-com\\\/\"}]}<\/script>\n<!-- \/ Yoast SEO plugin. -->","yoast_head_json":{"title":"Gjelaj: Odlukom ODT-a da odbaci neosnovanu prijavu protiv Gjeloshaja jasno potvr\u0111eno da u njegovoj komunikaciji sa predsjednikom dr\u017eave nije bilo prijetnji - dmcsrb.com","robots":{"index":"index","follow":"follow","max-snippet":"max-snippet:-1","max-image-preview":"max-image-preview:large","max-video-preview":"max-video-preview:-1"},"canonical":"https:\/\/dmcsrb.com\/en\/politika\/gjelaj-odlukom-odt-a-da-odbaci-neosnovanu-prijavu-protiv-gjeloshaja-jasno-potvrdjeno-da-u-njegovoj-komunikaciji-sa-predsjednikom-drzave-nije-bilo-prijetnji\/","og_locale":"en_GB","og_type":"article","og_title":"Gjelaj: Odlukom ODT-a da odbaci neosnovanu prijavu protiv Gjeloshaja jasno potvr\u0111eno da u njegovoj komunikaciji sa predsjednikom dr\u017eave nije bilo prijetnji - dmcsrb.com","og_description":"Pozdravljam odluku Osnovnog dr\u017eavnog tu\u017eila\u0161tva u Podgorici da odbaci neosnovanu prijavu protiv potpredsjednika Vlade, gospodina Nika Gjeloshaja. Ovim je jasno potvr\u0111eno da u njegovoj komunikaciji sa predsjednikom dr\u017eave nije bilo prijetnji, ve\u0107 legitimne komunikacije za interese gra\u0111ana, saop\u0161tio je predsjednik Op\u0161tine Tuzi Lindon Gjelaj.","og_url":"https:\/\/dmcsrb.com\/en\/politika\/gjelaj-odlukom-odt-a-da-odbaci-neosnovanu-prijavu-protiv-gjeloshaja-jasno-potvrdjeno-da-u-njegovoj-komunikaciji-sa-predsjednikom-drzave-nije-bilo-prijetnji\/","og_site_name":"dmcsrb.com","article_published_time":"2025-09-26T16:42:00+00:00","og_image":[{"width":960,"height":600,"url":"https:\/\/dmcsrb.com\/wp-content\/uploads\/2026\/01\/1732984299-lindon-deljaj-foto-by-opstina-tuzi-i_960x600.webp","type":"image\/png"}],"author":"dmcsrbija.com@gmail.com","twitter_card":"summary_large_image","twitter_misc":{"Written by":"dmcsrbija.com@gmail.com","Estimated reading time":"1 minute"},"schema":{"@context":"https:\/\/schema.org","@graph":[{"@type":"Article","@id":"https:\/\/dmcsrb.com\/politika\/gjelaj-odlukom-odt-a-da-odbaci-neosnovanu-prijavu-protiv-gjeloshaja-jasno-potvrdjeno-da-u-njegovoj-komunikaciji-sa-predsjednikom-drzave-nije-bilo-prijetnji\/#article","isPartOf":{"@id":"https:\/\/dmcsrb.com\/politika\/gjelaj-odlukom-odt-a-da-odbaci-neosnovanu-prijavu-protiv-gjeloshaja-jasno-potvrdjeno-da-u-njegovoj-komunikaciji-sa-predsjednikom-drzave-nije-bilo-prijetnji\/"},"author":{"name":"dmcsrbija.com@gmail.com","@id":"https:\/\/dmcsrb.com\/#\/schema\/person\/5c39170f12db1b8b457732d0b5c854e2"},"headline":"Gjelaj: Odlukom ODT-a da odbaci neosnovanu prijavu protiv Gjeloshaja jasno potvr\u0111eno da u njegovoj komunikaciji sa predsjednikom dr\u017eave nije bilo prijetnji","datePublished":"2025-09-26T16:42:00+00:00","mainEntityOfPage":{"@id":"https:\/\/dmcsrb.com\/politika\/gjelaj-odlukom-odt-a-da-odbaci-neosnovanu-prijavu-protiv-gjeloshaja-jasno-potvrdjeno-da-u-njegovoj-komunikaciji-sa-predsjednikom-drzave-nije-bilo-prijetnji\/"},"wordCount":154,"commentCount":0,"image":{"@id":"https:\/\/dmcsrb.com\/politika\/gjelaj-odlukom-odt-a-da-odbaci-neosnovanu-prijavu-protiv-gjeloshaja-jasno-potvrdjeno-da-u-njegovoj-komunikaciji-sa-predsjednikom-drzave-nije-bilo-prijetnji\/#primaryimage"},"thumbnailUrl":"https:\/\/dmcsrb.com\/wp-content\/uploads\/2026\/01\/1732984299-lindon-deljaj-foto-by-opstina-tuzi-i_960x600.webp","keywords":["komunikacija","Lindon Gjelaj","Neosnovana prijava","Nik Gjeloshaj","Odluka ODT-a","predsjednik dr\u017eave"],"articleSection":["Politika"],"inLanguage":"en-GB","potentialAction":[{"@type":"CommentAction","name":"Comment","target":["https:\/\/dmcsrb.com\/politika\/gjelaj-odlukom-odt-a-da-odbaci-neosnovanu-prijavu-protiv-gjeloshaja-jasno-potvrdjeno-da-u-njegovoj-komunikaciji-sa-predsjednikom-drzave-nije-bilo-prijetnji\/#respond"]}]},{"@type":"WebPage","@id":"https:\/\/dmcsrb.com\/politika\/gjelaj-odlukom-odt-a-da-odbaci-neosnovanu-prijavu-protiv-gjeloshaja-jasno-potvrdjeno-da-u-njegovoj-komunikaciji-sa-predsjednikom-drzave-nije-bilo-prijetnji\/","url":"https:\/\/dmcsrb.com\/politika\/gjelaj-odlukom-odt-a-da-odbaci-neosnovanu-prijavu-protiv-gjeloshaja-jasno-potvrdjeno-da-u-njegovoj-komunikaciji-sa-predsjednikom-drzave-nije-bilo-prijetnji\/","name":"Gjelaj: Odlukom ODT-a da odbaci neosnovanu prijavu protiv Gjeloshaja jasno potvr\u0111eno da u njegovoj komunikaciji sa predsjednikom dr\u017eave nije bilo prijetnji - dmcsrb.com","isPartOf":{"@id":"https:\/\/dmcsrb.com\/#website"},"primaryImageOfPage":{"@id":"https:\/\/dmcsrb.com\/politika\/gjelaj-odlukom-odt-a-da-odbaci-neosnovanu-prijavu-protiv-gjeloshaja-jasno-potvrdjeno-da-u-njegovoj-komunikaciji-sa-predsjednikom-drzave-nije-bilo-prijetnji\/#primaryimage"},"image":{"@id":"https:\/\/dmcsrb.com\/politika\/gjelaj-odlukom-odt-a-da-odbaci-neosnovanu-prijavu-protiv-gjeloshaja-jasno-potvrdjeno-da-u-njegovoj-komunikaciji-sa-predsjednikom-drzave-nije-bilo-prijetnji\/#primaryimage"},"thumbnailUrl":"https:\/\/dmcsrb.com\/wp-content\/uploads\/2026\/01\/1732984299-lindon-deljaj-foto-by-opstina-tuzi-i_960x600.webp","datePublished":"2025-09-26T16:42:00+00:00","author":{"@id":"https:\/\/dmcsrb.com\/#\/schema\/person\/5c39170f12db1b8b457732d0b5c854e2"},"breadcrumb":{"@id":"https:\/\/dmcsrb.com\/politika\/gjelaj-odlukom-odt-a-da-odbaci-neosnovanu-prijavu-protiv-gjeloshaja-jasno-potvrdjeno-da-u-njegovoj-komunikaciji-sa-predsjednikom-drzave-nije-bilo-prijetnji\/#breadcrumb"},"inLanguage":"en-GB","potentialAction":[{"@type":"ReadAction","target":["https:\/\/dmcsrb.com\/politika\/gjelaj-odlukom-odt-a-da-odbaci-neosnovanu-prijavu-protiv-gjeloshaja-jasno-potvrdjeno-da-u-njegovoj-komunikaciji-sa-predsjednikom-drzave-nije-bilo-prijetnji\/"]}]},{"@type":"ImageObject","inLanguage":"en-GB","@id":"https:\/\/dmcsrb.com\/politika\/gjelaj-odlukom-odt-a-da-odbaci-neosnovanu-prijavu-protiv-gjeloshaja-jasno-potvrdjeno-da-u-njegovoj-komunikaciji-sa-predsjednikom-drzave-nije-bilo-prijetnji\/#primaryimage","url":"https:\/\/dmcsrb.com\/wp-content\/uploads\/2026\/01\/1732984299-lindon-deljaj-foto-by-opstina-tuzi-i_960x600.webp","contentUrl":"https:\/\/dmcsrb.com\/wp-content\/uploads\/2026\/01\/1732984299-lindon-deljaj-foto-by-opstina-tuzi-i_960x600.webp","width":960,"height":600},{"@type":"BreadcrumbList","@id":"https:\/\/dmcsrb.com\/politika\/gjelaj-odlukom-odt-a-da-odbaci-neosnovanu-prijavu-protiv-gjeloshaja-jasno-potvrdjeno-da-u-njegovoj-komunikaciji-sa-predsjednikom-drzave-nije-bilo-prijetnji\/#breadcrumb","itemListElement":[{"@type":"ListItem","position":1,"name":"Home","item":"https:\/\/dmcsrb.com\/"},{"@type":"ListItem","position":2,"name":"Gjelaj: Odlukom ODT-a da odbaci neosnovanu prijavu protiv Gjeloshaja jasno potvr\u0111eno da u njegovoj komunikaciji sa predsjednikom dr\u017eave nije bilo prijetnji"}]},{"@type":"WebSite","@id":"https:\/\/dmcsrb.com\/#website","url":"https:\/\/dmcsrb.com\/","name":"dmcsrb.com","description":"","potentialAction":[{"@type":"SearchAction","target":{"@type":"EntryPoint","urlTemplate":"https:\/\/dmcsrb.com\/?s={search_term_string}"},"query-input":{"@type":"PropertyValueSpecification","valueRequired":true,"valueName":"search_term_string"}}],"inLanguage":"en-GB"},{"@type":"Person","@id":"https:\/\/dmcsrb.com\/#\/schema\/person\/5c39170f12db1b8b457732d0b5c854e2","name":"dmcsrbija.com@gmail.com","image":{"@type":"ImageObject","inLanguage":"en-GB","@id":"https:\/\/secure.gravatar.com\/avatar\/68592660ad6347fad0fb587f8d5d8f1a7b44961362f56e4f2cd524feb87e9069?s=96&d=mm&r=g","url":"https:\/\/secure.gravatar.com\/avatar\/68592660ad6347fad0fb587f8d5d8f1a7b44961362f56e4f2cd524feb87e9069?s=96&d=mm&r=g","contentUrl":"https:\/\/secure.gravatar.com\/avatar\/68592660ad6347fad0fb587f8d5d8f1a7b44961362f56e4f2cd524feb87e9069?s=96&d=mm&r=g","caption":"dmcsrbija.com@gmail.com"},"sameAs":["https:\/\/dmcsrb.com"],"url":"https:\/\/dmcsrb.com\/en\/author\/dmcsrbija-comgmail-com\/"}]}},"_links":{"self":[{"href":"https:\/\/dmcsrb.com\/en\/wp-json\/wp\/v2\/posts\/954255","targetHints":{"allow":["GET"]}}],"collection":[{"href":"https:\/\/dmcsrb.com\/en\/wp-json\/wp\/v2\/posts"}],"about":[{"href":"https:\/\/dmcsrb.com\/en\/wp-json\/wp\/v2\/types\/post"}],"author":[{"embeddable":true,"href":"https:\/\/dmcsrb.com\/en\/wp-json\/wp\/v2\/users\/1"}],"replies":[{"embeddable":true,"href":"https:\/\/dmcsrb.com\/en\/wp-json\/wp\/v2\/comments?post=954255"}],"version-history":[{"count":0,"href":"https:\/\/dmcsrb.com\/en\/wp-json\/wp\/v2\/posts\/954255\/revisions"}],"wp:featuredmedia":[{"embeddable":true,"href":"https:\/\/dmcsrb.com\/en\/wp-json\/wp\/v2\/media\/954256"}],"wp:attachment":[{"href":"https:\/\/dmcsrb.com\/en\/wp-json\/wp\/v2\/media?parent=954255"}],"wp:term":[{"taxonomy":"category","embeddable":true,"href":"https:\/\/dmcsrb.com\/en\/wp-json\/wp\/v2\/categories?post=954255"},{"taxonomy":"post_tag","embeddable":true,"href":"https:\/\/dmcsrb.com\/en\/wp-json\/wp\/v2\/tags?post=954255"},{"taxonomy":"naslovna","embeddable":true,"href":"https:\/\/dmcsrb.com\/en\/wp-json\/wp\/v2\/naslovna?post=954255"}],"curies":[{"name":"wp","href":"https:\/\/api.w.org\/{rel}","templated":true}]}}