{"id":954254,"date":"2025-09-26T18:29:00","date_gmt":"2025-09-26T16:29:00","guid":{"rendered":"https:\/\/dmcsrb.com\/uncategorized\/zirojevic-o-izjavi-krapovica-nemamo-mi-strucnjaka-za-ove-dijagnoze\/"},"modified":"2025-09-26T18:29:00","modified_gmt":"2025-09-26T16:29:00","slug":"zirojevic-o-izjavi-krapovica-nemamo-mi-strucnjaka-za-ove-dijagnoze","status":"publish","type":"post","link":"https:\/\/dmcsrb.com\/en\/politika\/zirojevic-o-izjavi-krapovica-nemamo-mi-strucnjaka-za-ove-dijagnoze\/","title":{"rendered":"Zirojevi\u0107 o izjavi Krapovi\u0107a: Nemamo mi stru\u010dnjaka za ove dijagnoze"},"content":{"rendered":"<p><\/p>\n\n\n\n<p>Ministar odbrane nas mo\u017eda od ne\u010dega i odbrani, ali od sopstvenog i ludila njegovih partijskih kolega, \u0161anse nema, kazao je Zirojevi\u0107.<\/p>\n\n\n\n<p>&#8221;Nemamo mi stru\u010dnjaka za ove dijagnoze&#8221;, zaklju\u010duje Zirojevi\u0107.<\/p>\n\n\n\n<figure class=\"wp-block-embed is-type-rich is-provider-twitter wp-block-embed-twitter\"><div class=\"wp-block-embed__wrapper\">\n<blockquote class=\"twitter-tweet\" data-width=\"500\" data-dnt=\"true\"><p lang=\"und\" dir=\"ltr\">Ministar odbrane nas mo\u017eda od ne\u010dega i odbrani, ali od sopstvenog i ludila njegovih partijskih kolega, \u0161anse nema.<br><br>Nemamo mi stru\u010dnjaka za ove dijagnoze. <a href=\"https:\/\/t.co\/1wdyLgw8fk\">pic.twitter.com\/1wdyLgw8fk<\/a><\/p>&mdash; Nikola Zirojevic (@ZirojevicNikola) <a href=\"https:\/\/twitter.com\/ZirojevicNikola\/status\/1971624031385538756?ref_src=twsrc%5Etfw\">September 26, 2025<\/a><\/blockquote><script async src=\"https:\/\/platform.twitter.com\/widgets.js\" charset=\"utf-8\"><\/script>\n<\/div><\/figure>","protected":false},"excerpt":{"rendered":"<p>Poslanik SD-a i predstavnik Evropskog saveza Nikola Zirojevi\u0107 komentarisao je na mre\u017ei X izjavu potpredsjednika Demokrata i ministra odbrane Dragana Krapovi\u0107a o obra\u010dunima klanova.<\/p>","protected":false},"author":1,"featured_media":913717,"comment_status":"open","ping_status":"open","sticky":false,"template":"","format":"standard","meta":{"_acf_changed":false,"footnotes":""},"categories":[12],"tags":[9328,60,9329,1823,3510],"naslovna":[],"class_list":["post-954254","post","type-post","status-publish","format-standard","has-post-thumbnail","hentry","category-politika","tag-dijagnoze","tag-dragan-krapovic","tag-izjava","tag-nikola-zirojevic","tag-strucnjaci"],"acf":[],"yoast_head":"<!-- This site is optimized with the Yoast SEO plugin v27.0 - https:\/\/yoast.com\/product\/yoast-seo-wordpress\/ -->\n<title>Zirojevi\u0107 o izjavi Krapovi\u0107a: Nemamo mi stru\u010dnjaka za ove dijagnoze - dmcsrb.com<\/title>\n<meta name=\"robots\" content=\"index, follow, max-snippet:-1, max-image-preview:large, max-video-preview:-1\" \/>\n<link rel=\"canonical\" href=\"https:\/\/dmcsrb.com\/en\/politika\/zirojevic-o-izjavi-krapovica-nemamo-mi-strucnjaka-za-ove-dijagnoze\/\" \/>\n<meta property=\"og:locale\" content=\"en_GB\" \/>\n<meta property=\"og:type\" content=\"article\" \/>\n<meta property=\"og:title\" content=\"Zirojevi\u0107 o izjavi Krapovi\u0107a: Nemamo mi stru\u010dnjaka za ove dijagnoze - dmcsrb.com\" \/>\n<meta property=\"og:description\" content=\"Poslanik SD-a i predstavnik Evropskog saveza Nikola Zirojevi\u0107 komentarisao je na mre\u017ei X izjavu potpredsjednika Demokrata i ministra odbrane Dragana Krapovi\u0107a o obra\u010dunima klanova.\" \/>\n<meta property=\"og:url\" content=\"https:\/\/dmcsrb.com\/en\/politika\/zirojevic-o-izjavi-krapovica-nemamo-mi-strucnjaka-za-ove-dijagnoze\/\" \/>\n<meta property=\"og:site_name\" content=\"dmcsrb.com\" \/>\n<meta property=\"article:published_time\" content=\"2025-09-26T16:29:00+00:00\" \/>\n<meta property=\"og:image\" content=\"https:\/\/dmcsrb.com\/wp-content\/uploads\/2026\/01\/nikola-zirojevic-768x4371-1.jpg\" \/>\n\t<meta property=\"og:image:width\" content=\"768\" \/>\n\t<meta property=\"og:image:height\" content=\"437\" \/>\n\t<meta property=\"og:image:type\" content=\"image\/jpeg\" \/>\n<meta name=\"author\" content=\"dmcsrbija.com@gmail.com\" \/>\n<meta name=\"twitter:card\" content=\"summary_large_image\" \/>\n<meta name=\"twitter:label1\" content=\"Written by\" \/>\n\t<meta name=\"twitter:data1\" content=\"dmcsrbija.com@gmail.com\" \/>\n<script type=\"application\/ld+json\" class=\"yoast-schema-graph\">{\"@context\":\"https:\/\/schema.org\",\"@graph\":[{\"@type\":\"Article\",\"@id\":\"https:\/\/dmcsrb.com\/politika\/zirojevic-o-izjavi-krapovica-nemamo-mi-strucnjaka-za-ove-dijagnoze\/#article\",\"isPartOf\":{\"@id\":\"https:\/\/dmcsrb.com\/politika\/zirojevic-o-izjavi-krapovica-nemamo-mi-strucnjaka-za-ove-dijagnoze\/\"},\"author\":{\"name\":\"dmcsrbija.com@gmail.com\",\"@id\":\"https:\/\/dmcsrb.com\/#\/schema\/person\/5c39170f12db1b8b457732d0b5c854e2\"},\"headline\":\"Zirojevi\u0107 o izjavi Krapovi\u0107a: Nemamo mi stru\u010dnjaka za ove dijagnoze\",\"datePublished\":\"2025-09-26T16:29:00+00:00\",\"mainEntityOfPage\":{\"@id\":\"https:\/\/dmcsrb.com\/politika\/zirojevic-o-izjavi-krapovica-nemamo-mi-strucnjaka-za-ove-dijagnoze\/\"},\"wordCount\":50,\"commentCount\":0,\"image\":{\"@id\":\"https:\/\/dmcsrb.com\/politika\/zirojevic-o-izjavi-krapovica-nemamo-mi-strucnjaka-za-ove-dijagnoze\/#primaryimage\"},\"thumbnailUrl\":\"https:\/\/dmcsrb.com\/wp-content\/uploads\/2026\/01\/nikola-zirojevic-768x4371-1.jpg\",\"keywords\":[\"Dijagnoze\",\"Dragan Krapovi\u0107\",\"Izjava\",\"Nikola Zirojevi\u0107\",\"stru\u010dnjaci\"],\"articleSection\":[\"Politika\"],\"inLanguage\":\"en-GB\",\"potentialAction\":[{\"@type\":\"CommentAction\",\"name\":\"Comment\",\"target\":[\"https:\/\/dmcsrb.com\/politika\/zirojevic-o-izjavi-krapovica-nemamo-mi-strucnjaka-za-ove-dijagnoze\/#respond\"]}]},{\"@type\":\"WebPage\",\"@id\":\"https:\/\/dmcsrb.com\/politika\/zirojevic-o-izjavi-krapovica-nemamo-mi-strucnjaka-za-ove-dijagnoze\/\",\"url\":\"https:\/\/dmcsrb.com\/politika\/zirojevic-o-izjavi-krapovica-nemamo-mi-strucnjaka-za-ove-dijagnoze\/\",\"name\":\"Zirojevi\u0107 o izjavi Krapovi\u0107a: Nemamo mi stru\u010dnjaka za ove dijagnoze - dmcsrb.com\",\"isPartOf\":{\"@id\":\"https:\/\/dmcsrb.com\/#website\"},\"primaryImageOfPage\":{\"@id\":\"https:\/\/dmcsrb.com\/politika\/zirojevic-o-izjavi-krapovica-nemamo-mi-strucnjaka-za-ove-dijagnoze\/#primaryimage\"},\"image\":{\"@id\":\"https:\/\/dmcsrb.com\/politika\/zirojevic-o-izjavi-krapovica-nemamo-mi-strucnjaka-za-ove-dijagnoze\/#primaryimage\"},\"thumbnailUrl\":\"https:\/\/dmcsrb.com\/wp-content\/uploads\/2026\/01\/nikola-zirojevic-768x4371-1.jpg\",\"datePublished\":\"2025-09-26T16:29:00+00:00\",\"author\":{\"@id\":\"https:\/\/dmcsrb.com\/#\/schema\/person\/5c39170f12db1b8b457732d0b5c854e2\"},\"breadcrumb\":{\"@id\":\"https:\/\/dmcsrb.com\/politika\/zirojevic-o-izjavi-krapovica-nemamo-mi-strucnjaka-za-ove-dijagnoze\/#breadcrumb\"},\"inLanguage\":\"en-GB\",\"potentialAction\":[{\"@type\":\"ReadAction\",\"target\":[\"https:\/\/dmcsrb.com\/politika\/zirojevic-o-izjavi-krapovica-nemamo-mi-strucnjaka-za-ove-dijagnoze\/\"]}]},{\"@type\":\"ImageObject\",\"inLanguage\":\"en-GB\",\"@id\":\"https:\/\/dmcsrb.com\/politika\/zirojevic-o-izjavi-krapovica-nemamo-mi-strucnjaka-za-ove-dijagnoze\/#primaryimage\",\"url\":\"https:\/\/dmcsrb.com\/wp-content\/uploads\/2026\/01\/nikola-zirojevic-768x4371-1.jpg\",\"contentUrl\":\"https:\/\/dmcsrb.com\/wp-content\/uploads\/2026\/01\/nikola-zirojevic-768x4371-1.jpg\",\"width\":768,\"height\":437},{\"@type\":\"BreadcrumbList\",\"@id\":\"https:\/\/dmcsrb.com\/politika\/zirojevic-o-izjavi-krapovica-nemamo-mi-strucnjaka-za-ove-dijagnoze\/#breadcrumb\",\"itemListElement\":[{\"@type\":\"ListItem\",\"position\":1,\"name\":\"Home\",\"item\":\"https:\/\/dmcsrb.com\/\"},{\"@type\":\"ListItem\",\"position\":2,\"name\":\"Zirojevi\u0107 o izjavi Krapovi\u0107a: Nemamo mi stru\u010dnjaka za ove dijagnoze\"}]},{\"@type\":\"WebSite\",\"@id\":\"https:\/\/dmcsrb.com\/#website\",\"url\":\"https:\/\/dmcsrb.com\/\",\"name\":\"dmcsrb.com\",\"description\":\"\",\"potentialAction\":[{\"@type\":\"SearchAction\",\"target\":{\"@type\":\"EntryPoint\",\"urlTemplate\":\"https:\/\/dmcsrb.com\/?s={search_term_string}\"},\"query-input\":{\"@type\":\"PropertyValueSpecification\",\"valueRequired\":true,\"valueName\":\"search_term_string\"}}],\"inLanguage\":\"en-GB\"},{\"@type\":\"Person\",\"@id\":\"https:\/\/dmcsrb.com\/#\/schema\/person\/5c39170f12db1b8b457732d0b5c854e2\",\"name\":\"dmcsrbija.com@gmail.com\",\"image\":{\"@type\":\"ImageObject\",\"inLanguage\":\"en-GB\",\"@id\":\"https:\/\/dmcsrb.com\/#\/schema\/person\/image\/\",\"url\":\"https:\/\/secure.gravatar.com\/avatar\/68592660ad6347fad0fb587f8d5d8f1a7b44961362f56e4f2cd524feb87e9069?s=96&d=mm&r=g\",\"contentUrl\":\"https:\/\/secure.gravatar.com\/avatar\/68592660ad6347fad0fb587f8d5d8f1a7b44961362f56e4f2cd524feb87e9069?s=96&d=mm&r=g\",\"caption\":\"dmcsrbija.com@gmail.com\"},\"sameAs\":[\"https:\/\/dmcsrb.com\"],\"url\":\"https:\/\/dmcsrb.com\/en\/author\/dmcsrbija-comgmail-com\/\"}]}<\/script>\n<!-- \/ Yoast SEO plugin. -->","yoast_head_json":{"title":"Zirojevi\u0107 o izjavi Krapovi\u0107a: Nemamo mi stru\u010dnjaka za ove dijagnoze - dmcsrb.com","robots":{"index":"index","follow":"follow","max-snippet":"max-snippet:-1","max-image-preview":"max-image-preview:large","max-video-preview":"max-video-preview:-1"},"canonical":"https:\/\/dmcsrb.com\/en\/politika\/zirojevic-o-izjavi-krapovica-nemamo-mi-strucnjaka-za-ove-dijagnoze\/","og_locale":"en_GB","og_type":"article","og_title":"Zirojevi\u0107 o izjavi Krapovi\u0107a: Nemamo mi stru\u010dnjaka za ove dijagnoze - dmcsrb.com","og_description":"Poslanik SD-a i predstavnik Evropskog saveza Nikola Zirojevi\u0107 komentarisao je na mre\u017ei X izjavu potpredsjednika Demokrata i ministra odbrane Dragana Krapovi\u0107a o obra\u010dunima klanova.","og_url":"https:\/\/dmcsrb.com\/en\/politika\/zirojevic-o-izjavi-krapovica-nemamo-mi-strucnjaka-za-ove-dijagnoze\/","og_site_name":"dmcsrb.com","article_published_time":"2025-09-26T16:29:00+00:00","og_image":[{"width":768,"height":437,"url":"https:\/\/dmcsrb.com\/wp-content\/uploads\/2026\/01\/nikola-zirojevic-768x4371-1.jpg","type":"image\/jpeg"}],"author":"dmcsrbija.com@gmail.com","twitter_card":"summary_large_image","twitter_misc":{"Written by":"dmcsrbija.com@gmail.com"},"schema":{"@context":"https:\/\/schema.org","@graph":[{"@type":"Article","@id":"https:\/\/dmcsrb.com\/politika\/zirojevic-o-izjavi-krapovica-nemamo-mi-strucnjaka-za-ove-dijagnoze\/#article","isPartOf":{"@id":"https:\/\/dmcsrb.com\/politika\/zirojevic-o-izjavi-krapovica-nemamo-mi-strucnjaka-za-ove-dijagnoze\/"},"author":{"name":"dmcsrbija.com@gmail.com","@id":"https:\/\/dmcsrb.com\/#\/schema\/person\/5c39170f12db1b8b457732d0b5c854e2"},"headline":"Zirojevi\u0107 o izjavi Krapovi\u0107a: Nemamo mi stru\u010dnjaka za ove dijagnoze","datePublished":"2025-09-26T16:29:00+00:00","mainEntityOfPage":{"@id":"https:\/\/dmcsrb.com\/politika\/zirojevic-o-izjavi-krapovica-nemamo-mi-strucnjaka-za-ove-dijagnoze\/"},"wordCount":50,"commentCount":0,"image":{"@id":"https:\/\/dmcsrb.com\/politika\/zirojevic-o-izjavi-krapovica-nemamo-mi-strucnjaka-za-ove-dijagnoze\/#primaryimage"},"thumbnailUrl":"https:\/\/dmcsrb.com\/wp-content\/uploads\/2026\/01\/nikola-zirojevic-768x4371-1.jpg","keywords":["Dijagnoze","Dragan Krapovi\u0107","Izjava","Nikola Zirojevi\u0107","stru\u010dnjaci"],"articleSection":["Politika"],"inLanguage":"en-GB","potentialAction":[{"@type":"CommentAction","name":"Comment","target":["https:\/\/dmcsrb.com\/politika\/zirojevic-o-izjavi-krapovica-nemamo-mi-strucnjaka-za-ove-dijagnoze\/#respond"]}]},{"@type":"WebPage","@id":"https:\/\/dmcsrb.com\/politika\/zirojevic-o-izjavi-krapovica-nemamo-mi-strucnjaka-za-ove-dijagnoze\/","url":"https:\/\/dmcsrb.com\/politika\/zirojevic-o-izjavi-krapovica-nemamo-mi-strucnjaka-za-ove-dijagnoze\/","name":"Zirojevi\u0107 o izjavi Krapovi\u0107a: Nemamo mi stru\u010dnjaka za ove dijagnoze - dmcsrb.com","isPartOf":{"@id":"https:\/\/dmcsrb.com\/#website"},"primaryImageOfPage":{"@id":"https:\/\/dmcsrb.com\/politika\/zirojevic-o-izjavi-krapovica-nemamo-mi-strucnjaka-za-ove-dijagnoze\/#primaryimage"},"image":{"@id":"https:\/\/dmcsrb.com\/politika\/zirojevic-o-izjavi-krapovica-nemamo-mi-strucnjaka-za-ove-dijagnoze\/#primaryimage"},"thumbnailUrl":"https:\/\/dmcsrb.com\/wp-content\/uploads\/2026\/01\/nikola-zirojevic-768x4371-1.jpg","datePublished":"2025-09-26T16:29:00+00:00","author":{"@id":"https:\/\/dmcsrb.com\/#\/schema\/person\/5c39170f12db1b8b457732d0b5c854e2"},"breadcrumb":{"@id":"https:\/\/dmcsrb.com\/politika\/zirojevic-o-izjavi-krapovica-nemamo-mi-strucnjaka-za-ove-dijagnoze\/#breadcrumb"},"inLanguage":"en-GB","potentialAction":[{"@type":"ReadAction","target":["https:\/\/dmcsrb.com\/politika\/zirojevic-o-izjavi-krapovica-nemamo-mi-strucnjaka-za-ove-dijagnoze\/"]}]},{"@type":"ImageObject","inLanguage":"en-GB","@id":"https:\/\/dmcsrb.com\/politika\/zirojevic-o-izjavi-krapovica-nemamo-mi-strucnjaka-za-ove-dijagnoze\/#primaryimage","url":"https:\/\/dmcsrb.com\/wp-content\/uploads\/2026\/01\/nikola-zirojevic-768x4371-1.jpg","contentUrl":"https:\/\/dmcsrb.com\/wp-content\/uploads\/2026\/01\/nikola-zirojevic-768x4371-1.jpg","width":768,"height":437},{"@type":"BreadcrumbList","@id":"https:\/\/dmcsrb.com\/politika\/zirojevic-o-izjavi-krapovica-nemamo-mi-strucnjaka-za-ove-dijagnoze\/#breadcrumb","itemListElement":[{"@type":"ListItem","position":1,"name":"Home","item":"https:\/\/dmcsrb.com\/"},{"@type":"ListItem","position":2,"name":"Zirojevi\u0107 o izjavi Krapovi\u0107a: Nemamo mi stru\u010dnjaka za ove dijagnoze"}]},{"@type":"WebSite","@id":"https:\/\/dmcsrb.com\/#website","url":"https:\/\/dmcsrb.com\/","name":"dmcsrb.com","description":"","potentialAction":[{"@type":"SearchAction","target":{"@type":"EntryPoint","urlTemplate":"https:\/\/dmcsrb.com\/?s={search_term_string}"},"query-input":{"@type":"PropertyValueSpecification","valueRequired":true,"valueName":"search_term_string"}}],"inLanguage":"en-GB"},{"@type":"Person","@id":"https:\/\/dmcsrb.com\/#\/schema\/person\/5c39170f12db1b8b457732d0b5c854e2","name":"dmcsrbija.com@gmail.com","image":{"@type":"ImageObject","inLanguage":"en-GB","@id":"https:\/\/dmcsrb.com\/#\/schema\/person\/image\/","url":"https:\/\/secure.gravatar.com\/avatar\/68592660ad6347fad0fb587f8d5d8f1a7b44961362f56e4f2cd524feb87e9069?s=96&d=mm&r=g","contentUrl":"https:\/\/secure.gravatar.com\/avatar\/68592660ad6347fad0fb587f8d5d8f1a7b44961362f56e4f2cd524feb87e9069?s=96&d=mm&r=g","caption":"dmcsrbija.com@gmail.com"},"sameAs":["https:\/\/dmcsrb.com"],"url":"https:\/\/dmcsrb.com\/en\/author\/dmcsrbija-comgmail-com\/"}]}},"_links":{"self":[{"href":"https:\/\/dmcsrb.com\/en\/wp-json\/wp\/v2\/posts\/954254","targetHints":{"allow":["GET"]}}],"collection":[{"href":"https:\/\/dmcsrb.com\/en\/wp-json\/wp\/v2\/posts"}],"about":[{"href":"https:\/\/dmcsrb.com\/en\/wp-json\/wp\/v2\/types\/post"}],"author":[{"embeddable":true,"href":"https:\/\/dmcsrb.com\/en\/wp-json\/wp\/v2\/users\/1"}],"replies":[{"embeddable":true,"href":"https:\/\/dmcsrb.com\/en\/wp-json\/wp\/v2\/comments?post=954254"}],"version-history":[{"count":0,"href":"https:\/\/dmcsrb.com\/en\/wp-json\/wp\/v2\/posts\/954254\/revisions"}],"wp:featuredmedia":[{"embeddable":true,"href":"https:\/\/dmcsrb.com\/en\/wp-json\/wp\/v2\/media\/913717"}],"wp:attachment":[{"href":"https:\/\/dmcsrb.com\/en\/wp-json\/wp\/v2\/media?parent=954254"}],"wp:term":[{"taxonomy":"category","embeddable":true,"href":"https:\/\/dmcsrb.com\/en\/wp-json\/wp\/v2\/categories?post=954254"},{"taxonomy":"post_tag","embeddable":true,"href":"https:\/\/dmcsrb.com\/en\/wp-json\/wp\/v2\/tags?post=954254"},{"taxonomy":"naslovna","embeddable":true,"href":"https:\/\/dmcsrb.com\/en\/wp-json\/wp\/v2\/naslovna?post=954254"}],"curies":[{"name":"wp","href":"https:\/\/api.w.org\/{rel}","templated":true}]}}