{"id":954242,"date":"2025-09-26T17:04:45","date_gmt":"2025-09-26T15:04:45","guid":{"rendered":"https:\/\/dmcsrb.com\/uncategorized\/zenovic-spc-nije-remetilacki-faktor-za-proces-integracija-pejovic-napredak-na-evropskom-putu-stagnirao-za-vrijeme-vlade-abazovica\/"},"modified":"2025-09-26T17:04:45","modified_gmt":"2025-09-26T15:04:45","slug":"zenovic-spc-nije-remetilacki-faktor-za-proces-integracija-pejovic-napredak-na-evropskom-putu-stagnirao-za-vrijeme-vlade-abazovica","status":"publish","type":"post","link":"https:\/\/dmcsrb.com\/en\/politika\/zenovic-spc-nije-remetilacki-faktor-za-proces-integracija-pejovic-napredak-na-evropskom-putu-stagnirao-za-vrijeme-vlade-abazovica\/","title":{"rendered":"Zenovi\u0107: SPC nije remetila\u010dki faktor za proces integracija; Pejovi\u0107: Napredak na evropskom putu stagnirao za vrijeme Vlade Abazovi\u0107a"},"content":{"rendered":"<p>Glavni pregovara\u010d sa EU Predrag Zenovi\u0107, odbacio je tvrdnje DPS-a da Srpska pravoslavna crkva mo\u017ee predstavljati remetila\u010dki faktor u procesu evropskih integracija.<\/p>\n\n\n\n<p>&#8220;Iz razloga \u0161to neke stvari postaju sve u\u010destalije &#8211; \u00a0imali smo nedavnu situaciju u gornjem Zaostru, pa i mnoge druge koje uti\u010du na politi\u010dku situaciju i evropski proces i integracije&#8221;, kazao je poslanik Demokratske partije socijalista Mihailo An\u0111u\u0161i\u0107, na \u0161ta je Zenovi\u0107 odgovorio da se ne sla\u017ee.<\/p>\n\n\n\n<p>&#8220;Ne smatram da postoji i jedan dru\u0161tveni faktor, posebno ne onaj koji u\u017eiva jedno zna\u010dajno povjerenje ve\u0107ine gra\u0111ana, a koji bih ja ozna\u010dio kao remetila\u010dki faktor za proces integracija Crne Gore&#8221;, istakao je Zenovi\u0107:<\/p>\n\n\n\n<p>Iz Pokreta Evropa Sad ka\u017eu da je napredak na evropskom putu stagnirao za vrijeme prethodne vlade \u2013 Dritana Abazovi\u0107a.<\/p>\n\n\n\n<p>&#8220;Kada se formirala ta 43. Vlada, brojne kolege, koje kritikuju dinamiku procesa pregovora, su nas ubje\u0111ivale\u00a0da se ta Vlada formira kako bi se ubrzao proces integracija, a sada imamo priliku da \u010dujemo da je iza kulisa dogovaran temeljni ugovor. Svi konstituenti te Vlade su bili itekako upoznati \u0161to su bili dogovori, pa kada se potpisao Temeljni ugovor, onda smo imali potpuno druga\u010diju reakciju u odnosu na to \u0161to je pisalo u samom koalicionom sporazumu&#8221;, kazao je Pejovi\u0107.<\/p>\n\n\n\n<p>A opozicija je odbacila optu\u017ebe PES-a da opstruira realizaciju preporuka Venecijanske komisije u vezi Ustavnog suda.<\/p>\n\n\n\n<p>&#8220;Eto prosto negdje poziv svim kolegama da ne optu\u017euju opoziciju za to \u0161to nije kriva, jer je to klasi\u010dna manipulacija, a\u00a0 ss druge strane treba neke institucije da po\u0161tede krute politi\u010dke trgovine izme\u0111u konstituenata ve\u0107ine&#8221;, kazao je poslanik SD-a, Boris Mugo\u0161a.<\/p>\n\n\n\n<p>Zenovi\u0107 je zaklju\u010dio da je od dobijanja Ibara pozitivna dinamika u procesu pregovora sa EU na istom nivou, te da Crna Gora ima volju da zavr\u0161i proces integracija. \u00a0<\/p>","protected":false},"excerpt":{"rendered":"<p>Odbor za evropske integracije razmatrao je tok pristupnih pregovara sa Evropskom unijom \u2013 opre\u010dni stavovi vlasti i opozicije o tome \u0161ta sve mo\u017ee biti prepreka na tom putu.<\/p>","protected":false},"author":1,"featured_media":954243,"comment_status":"open","ping_status":"open","sticky":false,"template":"","format":"standard","meta":{"_acf_changed":false,"footnotes":""},"categories":[12],"tags":[2370,9314,2075,3619],"naslovna":[],"class_list":["post-954242","post","type-post","status-publish","format-standard","has-post-thumbnail","hentry","category-politika","tag-boris-pejovic","tag-evropske-integracije","tag-mihailo-andjusic","tag-predrag-zenovic"],"acf":[],"yoast_head":"<!-- This site is optimized with the Yoast SEO plugin v27.0 - https:\/\/yoast.com\/product\/yoast-seo-wordpress\/ -->\n<title>Zenovi\u0107: SPC nije remetila\u010dki faktor za proces integracija; Pejovi\u0107: Napredak na evropskom putu stagnirao za vrijeme Vlade Abazovi\u0107a - dmcsrb.com<\/title>\n<meta name=\"robots\" content=\"index, follow, max-snippet:-1, max-image-preview:large, max-video-preview:-1\" \/>\n<link rel=\"canonical\" href=\"https:\/\/dmcsrb.com\/en\/politika\/zenovic-spc-nije-remetilacki-faktor-za-proces-integracija-pejovic-napredak-na-evropskom-putu-stagnirao-za-vrijeme-vlade-abazovica\/\" \/>\n<meta property=\"og:locale\" content=\"en_GB\" \/>\n<meta property=\"og:type\" content=\"article\" \/>\n<meta property=\"og:title\" content=\"Zenovi\u0107: SPC nije remetila\u010dki faktor za proces integracija; Pejovi\u0107: Napredak na evropskom putu stagnirao za vrijeme Vlade Abazovi\u0107a - dmcsrb.com\" \/>\n<meta property=\"og:description\" content=\"Odbor za evropske integracije razmatrao je tok pristupnih pregovara sa Evropskom unijom \u2013 opre\u010dni stavovi vlasti i opozicije o tome \u0161ta sve mo\u017ee biti prepreka na tom putu.\" \/>\n<meta property=\"og:url\" content=\"https:\/\/dmcsrb.com\/en\/politika\/zenovic-spc-nije-remetilacki-faktor-za-proces-integracija-pejovic-napredak-na-evropskom-putu-stagnirao-za-vrijeme-vlade-abazovica\/\" \/>\n<meta property=\"og:site_name\" content=\"dmcsrb.com\" \/>\n<meta property=\"article:published_time\" content=\"2025-09-26T15:04:45+00:00\" \/>\n<meta property=\"og:image\" content=\"https:\/\/dmcsrb.com\/wp-content\/uploads\/2026\/01\/Predrag-Zenovic-foto-agencija-cg-news.webp\" \/>\n\t<meta property=\"og:image:width\" content=\"1156\" \/>\n\t<meta property=\"og:image:height\" content=\"688\" \/>\n\t<meta property=\"og:image:type\" content=\"image\/jpeg\" \/>\n<meta name=\"author\" content=\"dmcsrbija.com@gmail.com\" \/>\n<meta name=\"twitter:card\" content=\"summary_large_image\" \/>\n<meta name=\"twitter:label1\" content=\"Written by\" \/>\n\t<meta name=\"twitter:data1\" content=\"dmcsrbija.com@gmail.com\" \/>\n\t<meta name=\"twitter:label2\" content=\"Estimated reading time\" \/>\n\t<meta name=\"twitter:data2\" content=\"2 minutes\" \/>\n<script type=\"application\/ld+json\" class=\"yoast-schema-graph\">{\"@context\":\"https:\/\/schema.org\",\"@graph\":[{\"@type\":\"Article\",\"@id\":\"https:\/\/dmcsrb.com\/politika\/zenovic-spc-nije-remetilacki-faktor-za-proces-integracija-pejovic-napredak-na-evropskom-putu-stagnirao-za-vrijeme-vlade-abazovica\/#article\",\"isPartOf\":{\"@id\":\"https:\/\/dmcsrb.com\/politika\/zenovic-spc-nije-remetilacki-faktor-za-proces-integracija-pejovic-napredak-na-evropskom-putu-stagnirao-za-vrijeme-vlade-abazovica\/\"},\"author\":{\"name\":\"dmcsrbija.com@gmail.com\",\"@id\":\"https:\/\/dmcsrb.com\/#\/schema\/person\/5c39170f12db1b8b457732d0b5c854e2\"},\"headline\":\"Zenovi\u0107: SPC nije remetila\u010dki faktor za proces integracija; Pejovi\u0107: Napredak na evropskom putu stagnirao za vrijeme Vlade Abazovi\u0107a\",\"datePublished\":\"2025-09-26T15:04:45+00:00\",\"mainEntityOfPage\":{\"@id\":\"https:\/\/dmcsrb.com\/politika\/zenovic-spc-nije-remetilacki-faktor-za-proces-integracija-pejovic-napredak-na-evropskom-putu-stagnirao-za-vrijeme-vlade-abazovica\/\"},\"wordCount\":332,\"commentCount\":0,\"image\":{\"@id\":\"https:\/\/dmcsrb.com\/politika\/zenovic-spc-nije-remetilacki-faktor-za-proces-integracija-pejovic-napredak-na-evropskom-putu-stagnirao-za-vrijeme-vlade-abazovica\/#primaryimage\"},\"thumbnailUrl\":\"https:\/\/dmcsrb.com\/wp-content\/uploads\/2026\/01\/Predrag-Zenovic-foto-agencija-cg-news.webp\",\"keywords\":[\"boris pejovi\u0107\",\"Evropske integracije\",\"Mihailo An\u0111u\u0161i\u0107\",\"Predrag Zenovi\u0107\"],\"articleSection\":[\"Politika\"],\"inLanguage\":\"en-GB\",\"potentialAction\":[{\"@type\":\"CommentAction\",\"name\":\"Comment\",\"target\":[\"https:\/\/dmcsrb.com\/politika\/zenovic-spc-nije-remetilacki-faktor-za-proces-integracija-pejovic-napredak-na-evropskom-putu-stagnirao-za-vrijeme-vlade-abazovica\/#respond\"]}]},{\"@type\":\"WebPage\",\"@id\":\"https:\/\/dmcsrb.com\/politika\/zenovic-spc-nije-remetilacki-faktor-za-proces-integracija-pejovic-napredak-na-evropskom-putu-stagnirao-za-vrijeme-vlade-abazovica\/\",\"url\":\"https:\/\/dmcsrb.com\/politika\/zenovic-spc-nije-remetilacki-faktor-za-proces-integracija-pejovic-napredak-na-evropskom-putu-stagnirao-za-vrijeme-vlade-abazovica\/\",\"name\":\"Zenovi\u0107: SPC nije remetila\u010dki faktor za proces integracija; Pejovi\u0107: Napredak na evropskom putu stagnirao za vrijeme Vlade Abazovi\u0107a - dmcsrb.com\",\"isPartOf\":{\"@id\":\"https:\/\/dmcsrb.com\/#website\"},\"primaryImageOfPage\":{\"@id\":\"https:\/\/dmcsrb.com\/politika\/zenovic-spc-nije-remetilacki-faktor-za-proces-integracija-pejovic-napredak-na-evropskom-putu-stagnirao-za-vrijeme-vlade-abazovica\/#primaryimage\"},\"image\":{\"@id\":\"https:\/\/dmcsrb.com\/politika\/zenovic-spc-nije-remetilacki-faktor-za-proces-integracija-pejovic-napredak-na-evropskom-putu-stagnirao-za-vrijeme-vlade-abazovica\/#primaryimage\"},\"thumbnailUrl\":\"https:\/\/dmcsrb.com\/wp-content\/uploads\/2026\/01\/Predrag-Zenovic-foto-agencija-cg-news.webp\",\"datePublished\":\"2025-09-26T15:04:45+00:00\",\"author\":{\"@id\":\"https:\/\/dmcsrb.com\/#\/schema\/person\/5c39170f12db1b8b457732d0b5c854e2\"},\"breadcrumb\":{\"@id\":\"https:\/\/dmcsrb.com\/politika\/zenovic-spc-nije-remetilacki-faktor-za-proces-integracija-pejovic-napredak-na-evropskom-putu-stagnirao-za-vrijeme-vlade-abazovica\/#breadcrumb\"},\"inLanguage\":\"en-GB\",\"potentialAction\":[{\"@type\":\"ReadAction\",\"target\":[\"https:\/\/dmcsrb.com\/politika\/zenovic-spc-nije-remetilacki-faktor-za-proces-integracija-pejovic-napredak-na-evropskom-putu-stagnirao-za-vrijeme-vlade-abazovica\/\"]}]},{\"@type\":\"ImageObject\",\"inLanguage\":\"en-GB\",\"@id\":\"https:\/\/dmcsrb.com\/politika\/zenovic-spc-nije-remetilacki-faktor-za-proces-integracija-pejovic-napredak-na-evropskom-putu-stagnirao-za-vrijeme-vlade-abazovica\/#primaryimage\",\"url\":\"https:\/\/dmcsrb.com\/wp-content\/uploads\/2026\/01\/Predrag-Zenovic-foto-agencija-cg-news.webp\",\"contentUrl\":\"https:\/\/dmcsrb.com\/wp-content\/uploads\/2026\/01\/Predrag-Zenovic-foto-agencija-cg-news.webp\",\"width\":1156,\"height\":688},{\"@type\":\"BreadcrumbList\",\"@id\":\"https:\/\/dmcsrb.com\/politika\/zenovic-spc-nije-remetilacki-faktor-za-proces-integracija-pejovic-napredak-na-evropskom-putu-stagnirao-za-vrijeme-vlade-abazovica\/#breadcrumb\",\"itemListElement\":[{\"@type\":\"ListItem\",\"position\":1,\"name\":\"Home\",\"item\":\"https:\/\/dmcsrb.com\/\"},{\"@type\":\"ListItem\",\"position\":2,\"name\":\"Zenovi\u0107: SPC nije remetila\u010dki faktor za proces integracija; Pejovi\u0107: Napredak na evropskom putu stagnirao za vrijeme Vlade Abazovi\u0107a\"}]},{\"@type\":\"WebSite\",\"@id\":\"https:\/\/dmcsrb.com\/#website\",\"url\":\"https:\/\/dmcsrb.com\/\",\"name\":\"dmcsrb.com\",\"description\":\"\",\"potentialAction\":[{\"@type\":\"SearchAction\",\"target\":{\"@type\":\"EntryPoint\",\"urlTemplate\":\"https:\/\/dmcsrb.com\/?s={search_term_string}\"},\"query-input\":{\"@type\":\"PropertyValueSpecification\",\"valueRequired\":true,\"valueName\":\"search_term_string\"}}],\"inLanguage\":\"en-GB\"},{\"@type\":\"Person\",\"@id\":\"https:\/\/dmcsrb.com\/#\/schema\/person\/5c39170f12db1b8b457732d0b5c854e2\",\"name\":\"dmcsrbija.com@gmail.com\",\"image\":{\"@type\":\"ImageObject\",\"inLanguage\":\"en-GB\",\"@id\":\"https:\/\/dmcsrb.com\/#\/schema\/person\/image\/\",\"url\":\"https:\/\/secure.gravatar.com\/avatar\/68592660ad6347fad0fb587f8d5d8f1a7b44961362f56e4f2cd524feb87e9069?s=96&d=mm&r=g\",\"contentUrl\":\"https:\/\/secure.gravatar.com\/avatar\/68592660ad6347fad0fb587f8d5d8f1a7b44961362f56e4f2cd524feb87e9069?s=96&d=mm&r=g\",\"caption\":\"dmcsrbija.com@gmail.com\"},\"sameAs\":[\"https:\/\/dmcsrb.com\"],\"url\":\"https:\/\/dmcsrb.com\/en\/author\/dmcsrbija-comgmail-com\/\"}]}<\/script>\n<!-- \/ Yoast SEO plugin. -->","yoast_head_json":{"title":"Zenovi\u0107: SPC nije remetila\u010dki faktor za proces integracija; Pejovi\u0107: Napredak na evropskom putu stagnirao za vrijeme Vlade Abazovi\u0107a - dmcsrb.com","robots":{"index":"index","follow":"follow","max-snippet":"max-snippet:-1","max-image-preview":"max-image-preview:large","max-video-preview":"max-video-preview:-1"},"canonical":"https:\/\/dmcsrb.com\/en\/politika\/zenovic-spc-nije-remetilacki-faktor-za-proces-integracija-pejovic-napredak-na-evropskom-putu-stagnirao-za-vrijeme-vlade-abazovica\/","og_locale":"en_GB","og_type":"article","og_title":"Zenovi\u0107: SPC nije remetila\u010dki faktor za proces integracija; Pejovi\u0107: Napredak na evropskom putu stagnirao za vrijeme Vlade Abazovi\u0107a - dmcsrb.com","og_description":"Odbor za evropske integracije razmatrao je tok pristupnih pregovara sa Evropskom unijom \u2013 opre\u010dni stavovi vlasti i opozicije o tome \u0161ta sve mo\u017ee biti prepreka na tom putu.","og_url":"https:\/\/dmcsrb.com\/en\/politika\/zenovic-spc-nije-remetilacki-faktor-za-proces-integracija-pejovic-napredak-na-evropskom-putu-stagnirao-za-vrijeme-vlade-abazovica\/","og_site_name":"dmcsrb.com","article_published_time":"2025-09-26T15:04:45+00:00","og_image":[{"width":1156,"height":688,"url":"https:\/\/dmcsrb.com\/wp-content\/uploads\/2026\/01\/Predrag-Zenovic-foto-agencija-cg-news.webp","type":"image\/jpeg"}],"author":"dmcsrbija.com@gmail.com","twitter_card":"summary_large_image","twitter_misc":{"Written by":"dmcsrbija.com@gmail.com","Estimated reading time":"2 minutes"},"schema":{"@context":"https:\/\/schema.org","@graph":[{"@type":"Article","@id":"https:\/\/dmcsrb.com\/politika\/zenovic-spc-nije-remetilacki-faktor-za-proces-integracija-pejovic-napredak-na-evropskom-putu-stagnirao-za-vrijeme-vlade-abazovica\/#article","isPartOf":{"@id":"https:\/\/dmcsrb.com\/politika\/zenovic-spc-nije-remetilacki-faktor-za-proces-integracija-pejovic-napredak-na-evropskom-putu-stagnirao-za-vrijeme-vlade-abazovica\/"},"author":{"name":"dmcsrbija.com@gmail.com","@id":"https:\/\/dmcsrb.com\/#\/schema\/person\/5c39170f12db1b8b457732d0b5c854e2"},"headline":"Zenovi\u0107: SPC nije remetila\u010dki faktor za proces integracija; Pejovi\u0107: Napredak na evropskom putu stagnirao za vrijeme Vlade Abazovi\u0107a","datePublished":"2025-09-26T15:04:45+00:00","mainEntityOfPage":{"@id":"https:\/\/dmcsrb.com\/politika\/zenovic-spc-nije-remetilacki-faktor-za-proces-integracija-pejovic-napredak-na-evropskom-putu-stagnirao-za-vrijeme-vlade-abazovica\/"},"wordCount":332,"commentCount":0,"image":{"@id":"https:\/\/dmcsrb.com\/politika\/zenovic-spc-nije-remetilacki-faktor-za-proces-integracija-pejovic-napredak-na-evropskom-putu-stagnirao-za-vrijeme-vlade-abazovica\/#primaryimage"},"thumbnailUrl":"https:\/\/dmcsrb.com\/wp-content\/uploads\/2026\/01\/Predrag-Zenovic-foto-agencija-cg-news.webp","keywords":["boris pejovi\u0107","Evropske integracije","Mihailo An\u0111u\u0161i\u0107","Predrag Zenovi\u0107"],"articleSection":["Politika"],"inLanguage":"en-GB","potentialAction":[{"@type":"CommentAction","name":"Comment","target":["https:\/\/dmcsrb.com\/politika\/zenovic-spc-nije-remetilacki-faktor-za-proces-integracija-pejovic-napredak-na-evropskom-putu-stagnirao-za-vrijeme-vlade-abazovica\/#respond"]}]},{"@type":"WebPage","@id":"https:\/\/dmcsrb.com\/politika\/zenovic-spc-nije-remetilacki-faktor-za-proces-integracija-pejovic-napredak-na-evropskom-putu-stagnirao-za-vrijeme-vlade-abazovica\/","url":"https:\/\/dmcsrb.com\/politika\/zenovic-spc-nije-remetilacki-faktor-za-proces-integracija-pejovic-napredak-na-evropskom-putu-stagnirao-za-vrijeme-vlade-abazovica\/","name":"Zenovi\u0107: SPC nije remetila\u010dki faktor za proces integracija; Pejovi\u0107: Napredak na evropskom putu stagnirao za vrijeme Vlade Abazovi\u0107a - dmcsrb.com","isPartOf":{"@id":"https:\/\/dmcsrb.com\/#website"},"primaryImageOfPage":{"@id":"https:\/\/dmcsrb.com\/politika\/zenovic-spc-nije-remetilacki-faktor-za-proces-integracija-pejovic-napredak-na-evropskom-putu-stagnirao-za-vrijeme-vlade-abazovica\/#primaryimage"},"image":{"@id":"https:\/\/dmcsrb.com\/politika\/zenovic-spc-nije-remetilacki-faktor-za-proces-integracija-pejovic-napredak-na-evropskom-putu-stagnirao-za-vrijeme-vlade-abazovica\/#primaryimage"},"thumbnailUrl":"https:\/\/dmcsrb.com\/wp-content\/uploads\/2026\/01\/Predrag-Zenovic-foto-agencija-cg-news.webp","datePublished":"2025-09-26T15:04:45+00:00","author":{"@id":"https:\/\/dmcsrb.com\/#\/schema\/person\/5c39170f12db1b8b457732d0b5c854e2"},"breadcrumb":{"@id":"https:\/\/dmcsrb.com\/politika\/zenovic-spc-nije-remetilacki-faktor-za-proces-integracija-pejovic-napredak-na-evropskom-putu-stagnirao-za-vrijeme-vlade-abazovica\/#breadcrumb"},"inLanguage":"en-GB","potentialAction":[{"@type":"ReadAction","target":["https:\/\/dmcsrb.com\/politika\/zenovic-spc-nije-remetilacki-faktor-za-proces-integracija-pejovic-napredak-na-evropskom-putu-stagnirao-za-vrijeme-vlade-abazovica\/"]}]},{"@type":"ImageObject","inLanguage":"en-GB","@id":"https:\/\/dmcsrb.com\/politika\/zenovic-spc-nije-remetilacki-faktor-za-proces-integracija-pejovic-napredak-na-evropskom-putu-stagnirao-za-vrijeme-vlade-abazovica\/#primaryimage","url":"https:\/\/dmcsrb.com\/wp-content\/uploads\/2026\/01\/Predrag-Zenovic-foto-agencija-cg-news.webp","contentUrl":"https:\/\/dmcsrb.com\/wp-content\/uploads\/2026\/01\/Predrag-Zenovic-foto-agencija-cg-news.webp","width":1156,"height":688},{"@type":"BreadcrumbList","@id":"https:\/\/dmcsrb.com\/politika\/zenovic-spc-nije-remetilacki-faktor-za-proces-integracija-pejovic-napredak-na-evropskom-putu-stagnirao-za-vrijeme-vlade-abazovica\/#breadcrumb","itemListElement":[{"@type":"ListItem","position":1,"name":"Home","item":"https:\/\/dmcsrb.com\/"},{"@type":"ListItem","position":2,"name":"Zenovi\u0107: SPC nije remetila\u010dki faktor za proces integracija; Pejovi\u0107: Napredak na evropskom putu stagnirao za vrijeme Vlade Abazovi\u0107a"}]},{"@type":"WebSite","@id":"https:\/\/dmcsrb.com\/#website","url":"https:\/\/dmcsrb.com\/","name":"dmcsrb.com","description":"","potentialAction":[{"@type":"SearchAction","target":{"@type":"EntryPoint","urlTemplate":"https:\/\/dmcsrb.com\/?s={search_term_string}"},"query-input":{"@type":"PropertyValueSpecification","valueRequired":true,"valueName":"search_term_string"}}],"inLanguage":"en-GB"},{"@type":"Person","@id":"https:\/\/dmcsrb.com\/#\/schema\/person\/5c39170f12db1b8b457732d0b5c854e2","name":"dmcsrbija.com@gmail.com","image":{"@type":"ImageObject","inLanguage":"en-GB","@id":"https:\/\/dmcsrb.com\/#\/schema\/person\/image\/","url":"https:\/\/secure.gravatar.com\/avatar\/68592660ad6347fad0fb587f8d5d8f1a7b44961362f56e4f2cd524feb87e9069?s=96&d=mm&r=g","contentUrl":"https:\/\/secure.gravatar.com\/avatar\/68592660ad6347fad0fb587f8d5d8f1a7b44961362f56e4f2cd524feb87e9069?s=96&d=mm&r=g","caption":"dmcsrbija.com@gmail.com"},"sameAs":["https:\/\/dmcsrb.com"],"url":"https:\/\/dmcsrb.com\/en\/author\/dmcsrbija-comgmail-com\/"}]}},"_links":{"self":[{"href":"https:\/\/dmcsrb.com\/en\/wp-json\/wp\/v2\/posts\/954242","targetHints":{"allow":["GET"]}}],"collection":[{"href":"https:\/\/dmcsrb.com\/en\/wp-json\/wp\/v2\/posts"}],"about":[{"href":"https:\/\/dmcsrb.com\/en\/wp-json\/wp\/v2\/types\/post"}],"author":[{"embeddable":true,"href":"https:\/\/dmcsrb.com\/en\/wp-json\/wp\/v2\/users\/1"}],"replies":[{"embeddable":true,"href":"https:\/\/dmcsrb.com\/en\/wp-json\/wp\/v2\/comments?post=954242"}],"version-history":[{"count":0,"href":"https:\/\/dmcsrb.com\/en\/wp-json\/wp\/v2\/posts\/954242\/revisions"}],"wp:featuredmedia":[{"embeddable":true,"href":"https:\/\/dmcsrb.com\/en\/wp-json\/wp\/v2\/media\/954243"}],"wp:attachment":[{"href":"https:\/\/dmcsrb.com\/en\/wp-json\/wp\/v2\/media?parent=954242"}],"wp:term":[{"taxonomy":"category","embeddable":true,"href":"https:\/\/dmcsrb.com\/en\/wp-json\/wp\/v2\/categories?post=954242"},{"taxonomy":"post_tag","embeddable":true,"href":"https:\/\/dmcsrb.com\/en\/wp-json\/wp\/v2\/tags?post=954242"},{"taxonomy":"naslovna","embeddable":true,"href":"https:\/\/dmcsrb.com\/en\/wp-json\/wp\/v2\/naslovna?post=954242"}],"curies":[{"name":"wp","href":"https:\/\/api.w.org\/{rel}","templated":true}]}}