{"id":954240,"date":"2025-09-26T16:00:00","date_gmt":"2025-09-26T14:00:00","guid":{"rendered":"https:\/\/dmcsrb.com\/uncategorized\/lutovac-srbofobija-dps-a-prelazi-u-oblike-politickog-fasizma\/"},"modified":"2025-09-26T16:00:00","modified_gmt":"2025-09-26T14:00:00","slug":"lutovac-srbofobija-dps-a-prelazi-u-oblike-politickog-fasizma","status":"publish","type":"post","link":"https:\/\/dmcsrb.com\/en\/politika\/lutovac-srbofobija-dps-a-prelazi-u-oblike-politickog-fasizma\/","title":{"rendered":"Lutovac: Srbofobija DPS-a prelazi u oblike politi\u010dkog fa\u0161izma"},"content":{"rendered":"<p><\/p>\n\n\n\n<p>Takva retorika predstavlja kontinuitet otvorene srbofobije ove partije, koja sve vi\u0161e poprima obrise politi\u010dkog fa\u0161izma. Jasno je da DPS nikada nije bio, niti jeste, gra\u0111anska partija \u2013 uprkos vi\u0161egodi\u0161njem insistiranju da se tako predstavi. Podsje\u0107am da su Srbi konstitutivan narod u Crnoj Gori \u2013 narod koji je neraskidivo vezan za ovu zemlju, koji je branio i gradio, i koji \u0107e je uvijek do\u017eivljavati kao svoj dom, poru\u010dio je Lutovac.<\/p>\n\n\n\n<p>&#8221;Berane je \u010dvrsto u Crnoj Gori i nijedna izjava, niti poku\u0161aj etiketiranja, ne mo\u017ee promijeniti \u010dinjenicu da je ovo grad slobodnih ljudi. Ako DPS zaista tra\u017ei \u201emjesto gdje je Crna Gora najugro\u017eenija\u201c, neka po\u010dnu od svojih partijskih prostorija \u2013 jer upravo se iz njih godinama uru\u0161avala, potkradala i ugro\u017eavala Crna Gora&#8221;, zaklju\u010duje Lutovac.<\/p>","protected":false},"excerpt":{"rendered":"<p>Izjava poslanice DPS-a Aleksandre Vukovi\u0107-Ku\u010d, da \u0107e njihova partija \u201epo\u010deti skupove tamo gdje je dr\u017eava najugro\u017eenija \u2013 u Beranama, Pljevljima, Nik\u0161i\u0107u, Herceg Novom i drugim gradovima\u201c, jo\u0161 jednom potvr\u0111uje nastavak politike DPS-a usmjerene ka targetiranju sredina sa ve\u0107inskim srpskim stanovni\u0161tvom, saop\u0161tio je predsjednik Op\u0161tine Berane \u0110ole Lutovac.<\/p>","protected":false},"author":1,"featured_media":954241,"comment_status":"open","ping_status":"open","sticky":false,"template":"","format":"standard","meta":{"_acf_changed":false,"footnotes":""},"categories":[12],"tags":[546,63,9312,9313],"naslovna":[],"class_list":["post-954240","post","type-post","status-publish","format-standard","has-post-thumbnail","hentry","category-politika","tag-djole-lutovac","tag-dps","tag-politicki-fasizam","tag-srbofobija"],"acf":[],"yoast_head":"<!-- This site is optimized with the Yoast SEO plugin v27.4 - https:\/\/yoast.com\/product\/yoast-seo-wordpress\/ -->\n<title>Lutovac: Srbofobija DPS-a prelazi u oblike politi\u010dkog fa\u0161izma - dmcsrb.com<\/title>\n<meta name=\"robots\" content=\"index, follow, max-snippet:-1, max-image-preview:large, max-video-preview:-1\" \/>\n<link rel=\"canonical\" href=\"https:\/\/dmcsrb.com\/en\/politika\/lutovac-srbofobija-dps-a-prelazi-u-oblike-politickog-fasizma\/\" \/>\n<meta property=\"og:locale\" content=\"en_GB\" \/>\n<meta property=\"og:type\" content=\"article\" \/>\n<meta property=\"og:title\" content=\"Lutovac: Srbofobija DPS-a prelazi u oblike politi\u010dkog fa\u0161izma - dmcsrb.com\" \/>\n<meta property=\"og:description\" content=\"Izjava poslanice DPS-a Aleksandre Vukovi\u0107-Ku\u010d, da \u0107e njihova partija \u201epo\u010deti skupove tamo gdje je dr\u017eava najugro\u017eenija \u2013 u Beranama, Pljevljima, Nik\u0161i\u0107u, Herceg Novom i drugim gradovima\u201c, jo\u0161 jednom potvr\u0111uje nastavak politike DPS-a usmjerene ka targetiranju sredina sa ve\u0107inskim srpskim stanovni\u0161tvom, saop\u0161tio je predsjednik Op\u0161tine Berane \u0110ole Lutovac.\" \/>\n<meta property=\"og:url\" content=\"https:\/\/dmcsrb.com\/en\/politika\/lutovac-srbofobija-dps-a-prelazi-u-oblike-politickog-fasizma\/\" \/>\n<meta property=\"og:site_name\" content=\"dmcsrb.com\" \/>\n<meta property=\"article:published_time\" content=\"2025-09-26T14:00:00+00:00\" \/>\n<meta property=\"og:image\" content=\"https:\/\/dmcsrb.com\/wp-content\/uploads\/2026\/01\/lutovac.webp\" \/>\n\t<meta property=\"og:image:width\" content=\"1840\" \/>\n\t<meta property=\"og:image:height\" content=\"885\" \/>\n\t<meta property=\"og:image:type\" content=\"image\/jpeg\" \/>\n<meta name=\"author\" content=\"dmcsrbija.com@gmail.com\" \/>\n<meta name=\"twitter:card\" content=\"summary_large_image\" \/>\n<meta name=\"twitter:label1\" content=\"Written by\" \/>\n\t<meta name=\"twitter:data1\" content=\"dmcsrbija.com@gmail.com\" \/>\n\t<meta name=\"twitter:label2\" content=\"Estimated reading time\" \/>\n\t<meta name=\"twitter:data2\" content=\"1 minute\" \/>\n<script type=\"application\/ld+json\" class=\"yoast-schema-graph\">{\"@context\":\"https:\\\/\\\/schema.org\",\"@graph\":[{\"@type\":\"Article\",\"@id\":\"https:\\\/\\\/dmcsrb.com\\\/politika\\\/lutovac-srbofobija-dps-a-prelazi-u-oblike-politickog-fasizma\\\/#article\",\"isPartOf\":{\"@id\":\"https:\\\/\\\/dmcsrb.com\\\/politika\\\/lutovac-srbofobija-dps-a-prelazi-u-oblike-politickog-fasizma\\\/\"},\"author\":{\"name\":\"dmcsrbija.com@gmail.com\",\"@id\":\"https:\\\/\\\/dmcsrb.com\\\/#\\\/schema\\\/person\\\/5c39170f12db1b8b457732d0b5c854e2\"},\"headline\":\"Lutovac: Srbofobija DPS-a prelazi u oblike politi\u010dkog fa\u0161izma\",\"datePublished\":\"2025-09-26T14:00:00+00:00\",\"mainEntityOfPage\":{\"@id\":\"https:\\\/\\\/dmcsrb.com\\\/politika\\\/lutovac-srbofobija-dps-a-prelazi-u-oblike-politickog-fasizma\\\/\"},\"wordCount\":146,\"commentCount\":0,\"image\":{\"@id\":\"https:\\\/\\\/dmcsrb.com\\\/politika\\\/lutovac-srbofobija-dps-a-prelazi-u-oblike-politickog-fasizma\\\/#primaryimage\"},\"thumbnailUrl\":\"https:\\\/\\\/dmcsrb.com\\\/wp-content\\\/uploads\\\/2026\\\/01\\\/lutovac.webp\",\"keywords\":[\"\u0110ole Lutovac\",\"DPS\",\"Politi\u010dki fa\u0161izam\",\"Srbofobija\"],\"articleSection\":[\"Politika\"],\"inLanguage\":\"en-GB\",\"potentialAction\":[{\"@type\":\"CommentAction\",\"name\":\"Comment\",\"target\":[\"https:\\\/\\\/dmcsrb.com\\\/politika\\\/lutovac-srbofobija-dps-a-prelazi-u-oblike-politickog-fasizma\\\/#respond\"]}]},{\"@type\":\"WebPage\",\"@id\":\"https:\\\/\\\/dmcsrb.com\\\/politika\\\/lutovac-srbofobija-dps-a-prelazi-u-oblike-politickog-fasizma\\\/\",\"url\":\"https:\\\/\\\/dmcsrb.com\\\/politika\\\/lutovac-srbofobija-dps-a-prelazi-u-oblike-politickog-fasizma\\\/\",\"name\":\"Lutovac: Srbofobija DPS-a prelazi u oblike politi\u010dkog fa\u0161izma - dmcsrb.com\",\"isPartOf\":{\"@id\":\"https:\\\/\\\/dmcsrb.com\\\/#website\"},\"primaryImageOfPage\":{\"@id\":\"https:\\\/\\\/dmcsrb.com\\\/politika\\\/lutovac-srbofobija-dps-a-prelazi-u-oblike-politickog-fasizma\\\/#primaryimage\"},\"image\":{\"@id\":\"https:\\\/\\\/dmcsrb.com\\\/politika\\\/lutovac-srbofobija-dps-a-prelazi-u-oblike-politickog-fasizma\\\/#primaryimage\"},\"thumbnailUrl\":\"https:\\\/\\\/dmcsrb.com\\\/wp-content\\\/uploads\\\/2026\\\/01\\\/lutovac.webp\",\"datePublished\":\"2025-09-26T14:00:00+00:00\",\"author\":{\"@id\":\"https:\\\/\\\/dmcsrb.com\\\/#\\\/schema\\\/person\\\/5c39170f12db1b8b457732d0b5c854e2\"},\"breadcrumb\":{\"@id\":\"https:\\\/\\\/dmcsrb.com\\\/politika\\\/lutovac-srbofobija-dps-a-prelazi-u-oblike-politickog-fasizma\\\/#breadcrumb\"},\"inLanguage\":\"en-GB\",\"potentialAction\":[{\"@type\":\"ReadAction\",\"target\":[\"https:\\\/\\\/dmcsrb.com\\\/politika\\\/lutovac-srbofobija-dps-a-prelazi-u-oblike-politickog-fasizma\\\/\"]}]},{\"@type\":\"ImageObject\",\"inLanguage\":\"en-GB\",\"@id\":\"https:\\\/\\\/dmcsrb.com\\\/politika\\\/lutovac-srbofobija-dps-a-prelazi-u-oblike-politickog-fasizma\\\/#primaryimage\",\"url\":\"https:\\\/\\\/dmcsrb.com\\\/wp-content\\\/uploads\\\/2026\\\/01\\\/lutovac.webp\",\"contentUrl\":\"https:\\\/\\\/dmcsrb.com\\\/wp-content\\\/uploads\\\/2026\\\/01\\\/lutovac.webp\",\"width\":1840,\"height\":885},{\"@type\":\"BreadcrumbList\",\"@id\":\"https:\\\/\\\/dmcsrb.com\\\/politika\\\/lutovac-srbofobija-dps-a-prelazi-u-oblike-politickog-fasizma\\\/#breadcrumb\",\"itemListElement\":[{\"@type\":\"ListItem\",\"position\":1,\"name\":\"Home\",\"item\":\"https:\\\/\\\/dmcsrb.com\\\/\"},{\"@type\":\"ListItem\",\"position\":2,\"name\":\"Lutovac: Srbofobija DPS-a prelazi u oblike politi\u010dkog fa\u0161izma\"}]},{\"@type\":\"WebSite\",\"@id\":\"https:\\\/\\\/dmcsrb.com\\\/#website\",\"url\":\"https:\\\/\\\/dmcsrb.com\\\/\",\"name\":\"dmcsrb.com\",\"description\":\"\",\"potentialAction\":[{\"@type\":\"SearchAction\",\"target\":{\"@type\":\"EntryPoint\",\"urlTemplate\":\"https:\\\/\\\/dmcsrb.com\\\/?s={search_term_string}\"},\"query-input\":{\"@type\":\"PropertyValueSpecification\",\"valueRequired\":true,\"valueName\":\"search_term_string\"}}],\"inLanguage\":\"en-GB\"},{\"@type\":\"Person\",\"@id\":\"https:\\\/\\\/dmcsrb.com\\\/#\\\/schema\\\/person\\\/5c39170f12db1b8b457732d0b5c854e2\",\"name\":\"dmcsrbija.com@gmail.com\",\"image\":{\"@type\":\"ImageObject\",\"inLanguage\":\"en-GB\",\"@id\":\"https:\\\/\\\/secure.gravatar.com\\\/avatar\\\/68592660ad6347fad0fb587f8d5d8f1a7b44961362f56e4f2cd524feb87e9069?s=96&d=mm&r=g\",\"url\":\"https:\\\/\\\/secure.gravatar.com\\\/avatar\\\/68592660ad6347fad0fb587f8d5d8f1a7b44961362f56e4f2cd524feb87e9069?s=96&d=mm&r=g\",\"contentUrl\":\"https:\\\/\\\/secure.gravatar.com\\\/avatar\\\/68592660ad6347fad0fb587f8d5d8f1a7b44961362f56e4f2cd524feb87e9069?s=96&d=mm&r=g\",\"caption\":\"dmcsrbija.com@gmail.com\"},\"sameAs\":[\"https:\\\/\\\/dmcsrb.com\"],\"url\":\"https:\\\/\\\/dmcsrb.com\\\/en\\\/author\\\/dmcsrbija-comgmail-com\\\/\"}]}<\/script>\n<!-- \/ Yoast SEO plugin. -->","yoast_head_json":{"title":"Lutovac: Srbofobija DPS-a prelazi u oblike politi\u010dkog fa\u0161izma - dmcsrb.com","robots":{"index":"index","follow":"follow","max-snippet":"max-snippet:-1","max-image-preview":"max-image-preview:large","max-video-preview":"max-video-preview:-1"},"canonical":"https:\/\/dmcsrb.com\/en\/politika\/lutovac-srbofobija-dps-a-prelazi-u-oblike-politickog-fasizma\/","og_locale":"en_GB","og_type":"article","og_title":"Lutovac: Srbofobija DPS-a prelazi u oblike politi\u010dkog fa\u0161izma - dmcsrb.com","og_description":"Izjava poslanice DPS-a Aleksandre Vukovi\u0107-Ku\u010d, da \u0107e njihova partija \u201epo\u010deti skupove tamo gdje je dr\u017eava najugro\u017eenija \u2013 u Beranama, Pljevljima, Nik\u0161i\u0107u, Herceg Novom i drugim gradovima\u201c, jo\u0161 jednom potvr\u0111uje nastavak politike DPS-a usmjerene ka targetiranju sredina sa ve\u0107inskim srpskim stanovni\u0161tvom, saop\u0161tio je predsjednik Op\u0161tine Berane \u0110ole Lutovac.","og_url":"https:\/\/dmcsrb.com\/en\/politika\/lutovac-srbofobija-dps-a-prelazi-u-oblike-politickog-fasizma\/","og_site_name":"dmcsrb.com","article_published_time":"2025-09-26T14:00:00+00:00","og_image":[{"width":1840,"height":885,"url":"https:\/\/dmcsrb.com\/wp-content\/uploads\/2026\/01\/lutovac.webp","type":"image\/jpeg"}],"author":"dmcsrbija.com@gmail.com","twitter_card":"summary_large_image","twitter_misc":{"Written by":"dmcsrbija.com@gmail.com","Estimated reading time":"1 minute"},"schema":{"@context":"https:\/\/schema.org","@graph":[{"@type":"Article","@id":"https:\/\/dmcsrb.com\/politika\/lutovac-srbofobija-dps-a-prelazi-u-oblike-politickog-fasizma\/#article","isPartOf":{"@id":"https:\/\/dmcsrb.com\/politika\/lutovac-srbofobija-dps-a-prelazi-u-oblike-politickog-fasizma\/"},"author":{"name":"dmcsrbija.com@gmail.com","@id":"https:\/\/dmcsrb.com\/#\/schema\/person\/5c39170f12db1b8b457732d0b5c854e2"},"headline":"Lutovac: Srbofobija DPS-a prelazi u oblike politi\u010dkog fa\u0161izma","datePublished":"2025-09-26T14:00:00+00:00","mainEntityOfPage":{"@id":"https:\/\/dmcsrb.com\/politika\/lutovac-srbofobija-dps-a-prelazi-u-oblike-politickog-fasizma\/"},"wordCount":146,"commentCount":0,"image":{"@id":"https:\/\/dmcsrb.com\/politika\/lutovac-srbofobija-dps-a-prelazi-u-oblike-politickog-fasizma\/#primaryimage"},"thumbnailUrl":"https:\/\/dmcsrb.com\/wp-content\/uploads\/2026\/01\/lutovac.webp","keywords":["\u0110ole Lutovac","DPS","Politi\u010dki fa\u0161izam","Srbofobija"],"articleSection":["Politika"],"inLanguage":"en-GB","potentialAction":[{"@type":"CommentAction","name":"Comment","target":["https:\/\/dmcsrb.com\/politika\/lutovac-srbofobija-dps-a-prelazi-u-oblike-politickog-fasizma\/#respond"]}]},{"@type":"WebPage","@id":"https:\/\/dmcsrb.com\/politika\/lutovac-srbofobija-dps-a-prelazi-u-oblike-politickog-fasizma\/","url":"https:\/\/dmcsrb.com\/politika\/lutovac-srbofobija-dps-a-prelazi-u-oblike-politickog-fasizma\/","name":"Lutovac: Srbofobija DPS-a prelazi u oblike politi\u010dkog fa\u0161izma - dmcsrb.com","isPartOf":{"@id":"https:\/\/dmcsrb.com\/#website"},"primaryImageOfPage":{"@id":"https:\/\/dmcsrb.com\/politika\/lutovac-srbofobija-dps-a-prelazi-u-oblike-politickog-fasizma\/#primaryimage"},"image":{"@id":"https:\/\/dmcsrb.com\/politika\/lutovac-srbofobija-dps-a-prelazi-u-oblike-politickog-fasizma\/#primaryimage"},"thumbnailUrl":"https:\/\/dmcsrb.com\/wp-content\/uploads\/2026\/01\/lutovac.webp","datePublished":"2025-09-26T14:00:00+00:00","author":{"@id":"https:\/\/dmcsrb.com\/#\/schema\/person\/5c39170f12db1b8b457732d0b5c854e2"},"breadcrumb":{"@id":"https:\/\/dmcsrb.com\/politika\/lutovac-srbofobija-dps-a-prelazi-u-oblike-politickog-fasizma\/#breadcrumb"},"inLanguage":"en-GB","potentialAction":[{"@type":"ReadAction","target":["https:\/\/dmcsrb.com\/politika\/lutovac-srbofobija-dps-a-prelazi-u-oblike-politickog-fasizma\/"]}]},{"@type":"ImageObject","inLanguage":"en-GB","@id":"https:\/\/dmcsrb.com\/politika\/lutovac-srbofobija-dps-a-prelazi-u-oblike-politickog-fasizma\/#primaryimage","url":"https:\/\/dmcsrb.com\/wp-content\/uploads\/2026\/01\/lutovac.webp","contentUrl":"https:\/\/dmcsrb.com\/wp-content\/uploads\/2026\/01\/lutovac.webp","width":1840,"height":885},{"@type":"BreadcrumbList","@id":"https:\/\/dmcsrb.com\/politika\/lutovac-srbofobija-dps-a-prelazi-u-oblike-politickog-fasizma\/#breadcrumb","itemListElement":[{"@type":"ListItem","position":1,"name":"Home","item":"https:\/\/dmcsrb.com\/"},{"@type":"ListItem","position":2,"name":"Lutovac: Srbofobija DPS-a prelazi u oblike politi\u010dkog fa\u0161izma"}]},{"@type":"WebSite","@id":"https:\/\/dmcsrb.com\/#website","url":"https:\/\/dmcsrb.com\/","name":"dmcsrb.com","description":"","potentialAction":[{"@type":"SearchAction","target":{"@type":"EntryPoint","urlTemplate":"https:\/\/dmcsrb.com\/?s={search_term_string}"},"query-input":{"@type":"PropertyValueSpecification","valueRequired":true,"valueName":"search_term_string"}}],"inLanguage":"en-GB"},{"@type":"Person","@id":"https:\/\/dmcsrb.com\/#\/schema\/person\/5c39170f12db1b8b457732d0b5c854e2","name":"dmcsrbija.com@gmail.com","image":{"@type":"ImageObject","inLanguage":"en-GB","@id":"https:\/\/secure.gravatar.com\/avatar\/68592660ad6347fad0fb587f8d5d8f1a7b44961362f56e4f2cd524feb87e9069?s=96&d=mm&r=g","url":"https:\/\/secure.gravatar.com\/avatar\/68592660ad6347fad0fb587f8d5d8f1a7b44961362f56e4f2cd524feb87e9069?s=96&d=mm&r=g","contentUrl":"https:\/\/secure.gravatar.com\/avatar\/68592660ad6347fad0fb587f8d5d8f1a7b44961362f56e4f2cd524feb87e9069?s=96&d=mm&r=g","caption":"dmcsrbija.com@gmail.com"},"sameAs":["https:\/\/dmcsrb.com"],"url":"https:\/\/dmcsrb.com\/en\/author\/dmcsrbija-comgmail-com\/"}]}},"_links":{"self":[{"href":"https:\/\/dmcsrb.com\/en\/wp-json\/wp\/v2\/posts\/954240","targetHints":{"allow":["GET"]}}],"collection":[{"href":"https:\/\/dmcsrb.com\/en\/wp-json\/wp\/v2\/posts"}],"about":[{"href":"https:\/\/dmcsrb.com\/en\/wp-json\/wp\/v2\/types\/post"}],"author":[{"embeddable":true,"href":"https:\/\/dmcsrb.com\/en\/wp-json\/wp\/v2\/users\/1"}],"replies":[{"embeddable":true,"href":"https:\/\/dmcsrb.com\/en\/wp-json\/wp\/v2\/comments?post=954240"}],"version-history":[{"count":0,"href":"https:\/\/dmcsrb.com\/en\/wp-json\/wp\/v2\/posts\/954240\/revisions"}],"wp:featuredmedia":[{"embeddable":true,"href":"https:\/\/dmcsrb.com\/en\/wp-json\/wp\/v2\/media\/954241"}],"wp:attachment":[{"href":"https:\/\/dmcsrb.com\/en\/wp-json\/wp\/v2\/media?parent=954240"}],"wp:term":[{"taxonomy":"category","embeddable":true,"href":"https:\/\/dmcsrb.com\/en\/wp-json\/wp\/v2\/categories?post=954240"},{"taxonomy":"post_tag","embeddable":true,"href":"https:\/\/dmcsrb.com\/en\/wp-json\/wp\/v2\/tags?post=954240"},{"taxonomy":"naslovna","embeddable":true,"href":"https:\/\/dmcsrb.com\/en\/wp-json\/wp\/v2\/naslovna?post=954240"}],"curies":[{"name":"wp","href":"https:\/\/api.w.org\/{rel}","templated":true}]}}