{"id":954235,"date":"2025-09-26T17:39:00","date_gmt":"2025-09-26T15:39:00","guid":{"rendered":"https:\/\/dmcsrb.com\/uncategorized\/video-vucicevic-trg-bozane-vucinic-dobija-novi-izgled-uskoro-zavrsetak-gradskog-pozorista\/"},"modified":"2025-09-26T17:39:00","modified_gmt":"2025-09-26T15:39:00","slug":"video-vucicevic-trg-bozane-vucinic-dobija-novi-izgled-uskoro-zavrsetak-gradskog-pozorista","status":"publish","type":"post","link":"https:\/\/dmcsrb.com\/en\/podgorica\/video-vucicevic-trg-bozane-vucinic-dobija-novi-izgled-uskoro-zavrsetak-gradskog-pozorista\/","title":{"rendered":"(VIDEO) Vu\u010di\u0107evi\u0107: Trg Bo\u017eane Vu\u010dini\u0107 dobija novi izgled, uskoro zavr\u0161etak Gradskog pozori\u0161ta"},"content":{"rendered":"<p><\/p>\n\n\n\n<p>&#8220;Zavr\u0161en je idejni projekat i poslat glavnoj gradskoj arhitektici na saglasnost, tako da \u0107e taj cijeli dio imati jednu dodatnu vrijednost&#8221;, isti\u010de za RTV Podgorica Vu\u010di\u0107evi\u0107.<\/p>\n\n\n\n<p>Iako su postojale nepredvi\u0111ene okolnosti i produ\u017een rok zavr\u0161etka radova, kako ka\u017ee Vu\u010di\u0107evi\u0107, starovaro\u0161ka ulica Ljubovi\u0107 se privodi kraju. Bi\u0107e zavr\u0161ena, kako najavljuje, sredinom oktobra.&nbsp;<\/p>\n\n\n\n<p>&#8220;Stara Varo\u0161 \u0107e imati reprezentativnu ulicu, bi\u0107e poplo\u010dana kaldrmom i svi \u0107e biti zadovoljni&#8221;, navodi Vu\u010di\u0107evi\u0107.<\/p>\n\n\n\n<p>Napreduju radovi i u Vu\u010dedolskoj ulici. A novi izgled dobi\u0107e i Trg Bo\u017eane Vu\u010dini\u0107.&nbsp;<\/p>\n\n\n\n<p>&#8220;Dobi\u0107e podzemnu gara\u017eu sa 350 parking mjesta u nekoliko eta\u017ea, dok \u0107e gornji dio dobiti pje\u0161a\u010dku zonu koja \u0107e biti ograni\u010dena za saobra\u0107aj: u smislu samo za dostavna vozila i zanatske radnje koje se nalaze na trgu&#8221;, poja\u0161njava Vu\u010di\u0107evi\u0107.<\/p>\n\n\n\n<p>Uskoro bi, najavljuje Vu\u010di\u0107evi\u0107, trebalo da se otvore vrata Gradskog pozori\u0161ta. Zavr\u0161eno je, kako navodi, devedeset odsto radova.\u00a0<\/p>\n\n\n\n<p>&#8220;Uslov za nastavak izgradnje pozori\u0161ta bio je da se odaberu izvo\u0111a\u010di radova na termo tehni\u0109kim instalacijama. Za sve ostale faze imamo ugovorene radove: gra\u0111evinsko-zanatske, ure\u0111enje prostora, nastre\u0161nice, testiranje hidro-tehni\u010dkim instalacija&#8221;, isti\u010de Vu\u010di\u0107evi\u0107.<\/p>\n\n\n\n<p>Radi se i na drugim projektima, kada je rije\u010d o podgori\u010dkoj infrastrukturi i ulicama: tamnica Jusova\u010da, &#8220;Podgori\u010danka&#8221;, SC Ljubovi\u0107, podvo\u017enjak na Zlatici i brojni drugi, najavio je Vu\u010di\u0107evi\u0107.<\/p>\n\n\n\n<figure class=\"wp-block-embed is-type-video is-provider-youtube wp-block-embed-youtube wp-embed-aspect-16-9 wp-has-aspect-ratio\"><div class=\"wp-block-embed__wrapper\">\n<iframe loading=\"lazy\" title=\"Vu\u010di\u0107evi\u0107: Trg Bo\u017eane Vu\u010dini\u0107 dobija novi izgled, uskoro zavr\u0161etak Gradskog pozori\u0161ta\" width=\"500\" height=\"281\" src=\"https:\/\/www.youtube.com\/embed\/iKO9o5FfbpQ?feature=oembed\" frameborder=\"0\" allow=\"accelerometer; autoplay; clipboard-write; encrypted-media; gyroscope; picture-in-picture; web-share\" referrerpolicy=\"strict-origin-when-cross-origin\" allowfullscreen><\/iframe>\n<\/div><\/figure>","protected":false},"excerpt":{"rendered":"<p>Podgorica se intenzivno gradi, radovi izvode na vi\u0161e lokacija, a prema rije\u010dima direktora Agencije za izgradnju i razvoj Bajka Vu\u010di\u0107evi\u0107a, svi projekti usmjereni su na pobolj\u0161anje uslova \u017eivota u gradu. Pored ostalog, radi se i na Trgu Golooto\u010dkih \u017ertava.<\/p>","protected":false},"author":1,"featured_media":954236,"comment_status":"open","ping_status":"open","sticky":false,"template":"","format":"standard","meta":{"_acf_changed":false,"footnotes":""},"categories":[56],"tags":[9307,2213,2940],"naslovna":[],"class_list":["post-954235","post","type-post","status-publish","format-standard","has-post-thumbnail","hentry","category-podgorica","tag-bajko-vucicevic","tag-gradsko-pozoriste","tag-trg-bozane-vucinic"],"acf":[],"yoast_head":"<!-- This site is optimized with the Yoast SEO plugin v27.4 - https:\/\/yoast.com\/product\/yoast-seo-wordpress\/ -->\n<title>(VIDEO) Vu\u010di\u0107evi\u0107: Trg Bo\u017eane Vu\u010dini\u0107 dobija novi izgled, uskoro zavr\u0161etak Gradskog pozori\u0161ta - dmcsrb.com<\/title>\n<meta name=\"robots\" content=\"index, follow, max-snippet:-1, max-image-preview:large, max-video-preview:-1\" \/>\n<link rel=\"canonical\" href=\"https:\/\/dmcsrb.com\/en\/podgorica\/video-vucicevic-trg-bozane-vucinic-dobija-novi-izgled-uskoro-zavrsetak-gradskog-pozorista\/\" \/>\n<meta property=\"og:locale\" content=\"en_GB\" \/>\n<meta property=\"og:type\" content=\"article\" \/>\n<meta property=\"og:title\" content=\"(VIDEO) Vu\u010di\u0107evi\u0107: Trg Bo\u017eane Vu\u010dini\u0107 dobija novi izgled, uskoro zavr\u0161etak Gradskog pozori\u0161ta - dmcsrb.com\" \/>\n<meta property=\"og:description\" content=\"Podgorica se intenzivno gradi, radovi izvode na vi\u0161e lokacija, a prema rije\u010dima direktora Agencije za izgradnju i razvoj Bajka Vu\u010di\u0107evi\u0107a, svi projekti usmjereni su na pobolj\u0161anje uslova \u017eivota u gradu. Pored ostalog, radi se i na Trgu Golooto\u010dkih \u017ertava.\" \/>\n<meta property=\"og:url\" content=\"https:\/\/dmcsrb.com\/en\/podgorica\/video-vucicevic-trg-bozane-vucinic-dobija-novi-izgled-uskoro-zavrsetak-gradskog-pozorista\/\" \/>\n<meta property=\"og:site_name\" content=\"dmcsrb.com\" \/>\n<meta property=\"article:published_time\" content=\"2025-09-26T15:39:00+00:00\" \/>\n<meta property=\"og:image\" content=\"https:\/\/dmcsrb.com\/wp-content\/uploads\/2026\/01\/Capture-61-2.webp\" \/>\n\t<meta property=\"og:image:width\" content=\"1853\" \/>\n\t<meta property=\"og:image:height\" content=\"890\" \/>\n\t<meta property=\"og:image:type\" content=\"image\/jpeg\" \/>\n<meta name=\"author\" content=\"dmcsrbija.com@gmail.com\" \/>\n<meta name=\"twitter:card\" content=\"summary_large_image\" \/>\n<meta name=\"twitter:label1\" content=\"Written by\" \/>\n\t<meta name=\"twitter:data1\" content=\"dmcsrbija.com@gmail.com\" \/>\n\t<meta name=\"twitter:label2\" content=\"Estimated reading time\" \/>\n\t<meta name=\"twitter:data2\" content=\"1 minute\" \/>\n<script type=\"application\/ld+json\" class=\"yoast-schema-graph\">{\"@context\":\"https:\\\/\\\/schema.org\",\"@graph\":[{\"@type\":\"Article\",\"@id\":\"https:\\\/\\\/dmcsrb.com\\\/podgorica\\\/video-vucicevic-trg-bozane-vucinic-dobija-novi-izgled-uskoro-zavrsetak-gradskog-pozorista\\\/#article\",\"isPartOf\":{\"@id\":\"https:\\\/\\\/dmcsrb.com\\\/podgorica\\\/video-vucicevic-trg-bozane-vucinic-dobija-novi-izgled-uskoro-zavrsetak-gradskog-pozorista\\\/\"},\"author\":{\"name\":\"dmcsrbija.com@gmail.com\",\"@id\":\"https:\\\/\\\/dmcsrb.com\\\/#\\\/schema\\\/person\\\/5c39170f12db1b8b457732d0b5c854e2\"},\"headline\":\"(VIDEO) Vu\u010di\u0107evi\u0107: Trg Bo\u017eane Vu\u010dini\u0107 dobija novi izgled, uskoro zavr\u0161etak Gradskog pozori\u0161ta\",\"datePublished\":\"2025-09-26T15:39:00+00:00\",\"mainEntityOfPage\":{\"@id\":\"https:\\\/\\\/dmcsrb.com\\\/podgorica\\\/video-vucicevic-trg-bozane-vucinic-dobija-novi-izgled-uskoro-zavrsetak-gradskog-pozorista\\\/\"},\"wordCount\":275,\"commentCount\":0,\"image\":{\"@id\":\"https:\\\/\\\/dmcsrb.com\\\/podgorica\\\/video-vucicevic-trg-bozane-vucinic-dobija-novi-izgled-uskoro-zavrsetak-gradskog-pozorista\\\/#primaryimage\"},\"thumbnailUrl\":\"https:\\\/\\\/dmcsrb.com\\\/wp-content\\\/uploads\\\/2026\\\/01\\\/Capture-61-2.webp\",\"keywords\":[\"Bajko Vu\u010di\u0107evi\u0107\",\"gradsko pozori\u0161te\",\"Trg Bo\u017eane Vu\u010dini\u0107\"],\"articleSection\":[\"Podgorica\"],\"inLanguage\":\"en-GB\",\"potentialAction\":[{\"@type\":\"CommentAction\",\"name\":\"Comment\",\"target\":[\"https:\\\/\\\/dmcsrb.com\\\/podgorica\\\/video-vucicevic-trg-bozane-vucinic-dobija-novi-izgled-uskoro-zavrsetak-gradskog-pozorista\\\/#respond\"]}]},{\"@type\":\"WebPage\",\"@id\":\"https:\\\/\\\/dmcsrb.com\\\/podgorica\\\/video-vucicevic-trg-bozane-vucinic-dobija-novi-izgled-uskoro-zavrsetak-gradskog-pozorista\\\/\",\"url\":\"https:\\\/\\\/dmcsrb.com\\\/podgorica\\\/video-vucicevic-trg-bozane-vucinic-dobija-novi-izgled-uskoro-zavrsetak-gradskog-pozorista\\\/\",\"name\":\"(VIDEO) Vu\u010di\u0107evi\u0107: Trg Bo\u017eane Vu\u010dini\u0107 dobija novi izgled, uskoro zavr\u0161etak Gradskog pozori\u0161ta - dmcsrb.com\",\"isPartOf\":{\"@id\":\"https:\\\/\\\/dmcsrb.com\\\/#website\"},\"primaryImageOfPage\":{\"@id\":\"https:\\\/\\\/dmcsrb.com\\\/podgorica\\\/video-vucicevic-trg-bozane-vucinic-dobija-novi-izgled-uskoro-zavrsetak-gradskog-pozorista\\\/#primaryimage\"},\"image\":{\"@id\":\"https:\\\/\\\/dmcsrb.com\\\/podgorica\\\/video-vucicevic-trg-bozane-vucinic-dobija-novi-izgled-uskoro-zavrsetak-gradskog-pozorista\\\/#primaryimage\"},\"thumbnailUrl\":\"https:\\\/\\\/dmcsrb.com\\\/wp-content\\\/uploads\\\/2026\\\/01\\\/Capture-61-2.webp\",\"datePublished\":\"2025-09-26T15:39:00+00:00\",\"author\":{\"@id\":\"https:\\\/\\\/dmcsrb.com\\\/#\\\/schema\\\/person\\\/5c39170f12db1b8b457732d0b5c854e2\"},\"breadcrumb\":{\"@id\":\"https:\\\/\\\/dmcsrb.com\\\/podgorica\\\/video-vucicevic-trg-bozane-vucinic-dobija-novi-izgled-uskoro-zavrsetak-gradskog-pozorista\\\/#breadcrumb\"},\"inLanguage\":\"en-GB\",\"potentialAction\":[{\"@type\":\"ReadAction\",\"target\":[\"https:\\\/\\\/dmcsrb.com\\\/podgorica\\\/video-vucicevic-trg-bozane-vucinic-dobija-novi-izgled-uskoro-zavrsetak-gradskog-pozorista\\\/\"]}]},{\"@type\":\"ImageObject\",\"inLanguage\":\"en-GB\",\"@id\":\"https:\\\/\\\/dmcsrb.com\\\/podgorica\\\/video-vucicevic-trg-bozane-vucinic-dobija-novi-izgled-uskoro-zavrsetak-gradskog-pozorista\\\/#primaryimage\",\"url\":\"https:\\\/\\\/dmcsrb.com\\\/wp-content\\\/uploads\\\/2026\\\/01\\\/Capture-61-2.webp\",\"contentUrl\":\"https:\\\/\\\/dmcsrb.com\\\/wp-content\\\/uploads\\\/2026\\\/01\\\/Capture-61-2.webp\",\"width\":1853,\"height\":890},{\"@type\":\"BreadcrumbList\",\"@id\":\"https:\\\/\\\/dmcsrb.com\\\/podgorica\\\/video-vucicevic-trg-bozane-vucinic-dobija-novi-izgled-uskoro-zavrsetak-gradskog-pozorista\\\/#breadcrumb\",\"itemListElement\":[{\"@type\":\"ListItem\",\"position\":1,\"name\":\"Home\",\"item\":\"https:\\\/\\\/dmcsrb.com\\\/\"},{\"@type\":\"ListItem\",\"position\":2,\"name\":\"(VIDEO) Vu\u010di\u0107evi\u0107: Trg Bo\u017eane Vu\u010dini\u0107 dobija novi izgled, uskoro zavr\u0161etak Gradskog pozori\u0161ta\"}]},{\"@type\":\"WebSite\",\"@id\":\"https:\\\/\\\/dmcsrb.com\\\/#website\",\"url\":\"https:\\\/\\\/dmcsrb.com\\\/\",\"name\":\"dmcsrb.com\",\"description\":\"\",\"potentialAction\":[{\"@type\":\"SearchAction\",\"target\":{\"@type\":\"EntryPoint\",\"urlTemplate\":\"https:\\\/\\\/dmcsrb.com\\\/?s={search_term_string}\"},\"query-input\":{\"@type\":\"PropertyValueSpecification\",\"valueRequired\":true,\"valueName\":\"search_term_string\"}}],\"inLanguage\":\"en-GB\"},{\"@type\":\"Person\",\"@id\":\"https:\\\/\\\/dmcsrb.com\\\/#\\\/schema\\\/person\\\/5c39170f12db1b8b457732d0b5c854e2\",\"name\":\"dmcsrbija.com@gmail.com\",\"image\":{\"@type\":\"ImageObject\",\"inLanguage\":\"en-GB\",\"@id\":\"https:\\\/\\\/secure.gravatar.com\\\/avatar\\\/68592660ad6347fad0fb587f8d5d8f1a7b44961362f56e4f2cd524feb87e9069?s=96&d=mm&r=g\",\"url\":\"https:\\\/\\\/secure.gravatar.com\\\/avatar\\\/68592660ad6347fad0fb587f8d5d8f1a7b44961362f56e4f2cd524feb87e9069?s=96&d=mm&r=g\",\"contentUrl\":\"https:\\\/\\\/secure.gravatar.com\\\/avatar\\\/68592660ad6347fad0fb587f8d5d8f1a7b44961362f56e4f2cd524feb87e9069?s=96&d=mm&r=g\",\"caption\":\"dmcsrbija.com@gmail.com\"},\"sameAs\":[\"https:\\\/\\\/dmcsrb.com\"],\"url\":\"https:\\\/\\\/dmcsrb.com\\\/en\\\/author\\\/dmcsrbija-comgmail-com\\\/\"}]}<\/script>\n<!-- \/ Yoast SEO plugin. -->","yoast_head_json":{"title":"(VIDEO) Vu\u010di\u0107evi\u0107: Trg Bo\u017eane Vu\u010dini\u0107 dobija novi izgled, uskoro zavr\u0161etak Gradskog pozori\u0161ta - dmcsrb.com","robots":{"index":"index","follow":"follow","max-snippet":"max-snippet:-1","max-image-preview":"max-image-preview:large","max-video-preview":"max-video-preview:-1"},"canonical":"https:\/\/dmcsrb.com\/en\/podgorica\/video-vucicevic-trg-bozane-vucinic-dobija-novi-izgled-uskoro-zavrsetak-gradskog-pozorista\/","og_locale":"en_GB","og_type":"article","og_title":"(VIDEO) Vu\u010di\u0107evi\u0107: Trg Bo\u017eane Vu\u010dini\u0107 dobija novi izgled, uskoro zavr\u0161etak Gradskog pozori\u0161ta - dmcsrb.com","og_description":"Podgorica se intenzivno gradi, radovi izvode na vi\u0161e lokacija, a prema rije\u010dima direktora Agencije za izgradnju i razvoj Bajka Vu\u010di\u0107evi\u0107a, svi projekti usmjereni su na pobolj\u0161anje uslova \u017eivota u gradu. Pored ostalog, radi se i na Trgu Golooto\u010dkih \u017ertava.","og_url":"https:\/\/dmcsrb.com\/en\/podgorica\/video-vucicevic-trg-bozane-vucinic-dobija-novi-izgled-uskoro-zavrsetak-gradskog-pozorista\/","og_site_name":"dmcsrb.com","article_published_time":"2025-09-26T15:39:00+00:00","og_image":[{"width":1853,"height":890,"url":"https:\/\/dmcsrb.com\/wp-content\/uploads\/2026\/01\/Capture-61-2.webp","type":"image\/jpeg"}],"author":"dmcsrbija.com@gmail.com","twitter_card":"summary_large_image","twitter_misc":{"Written by":"dmcsrbija.com@gmail.com","Estimated reading time":"1 minute"},"schema":{"@context":"https:\/\/schema.org","@graph":[{"@type":"Article","@id":"https:\/\/dmcsrb.com\/podgorica\/video-vucicevic-trg-bozane-vucinic-dobija-novi-izgled-uskoro-zavrsetak-gradskog-pozorista\/#article","isPartOf":{"@id":"https:\/\/dmcsrb.com\/podgorica\/video-vucicevic-trg-bozane-vucinic-dobija-novi-izgled-uskoro-zavrsetak-gradskog-pozorista\/"},"author":{"name":"dmcsrbija.com@gmail.com","@id":"https:\/\/dmcsrb.com\/#\/schema\/person\/5c39170f12db1b8b457732d0b5c854e2"},"headline":"(VIDEO) Vu\u010di\u0107evi\u0107: Trg Bo\u017eane Vu\u010dini\u0107 dobija novi izgled, uskoro zavr\u0161etak Gradskog pozori\u0161ta","datePublished":"2025-09-26T15:39:00+00:00","mainEntityOfPage":{"@id":"https:\/\/dmcsrb.com\/podgorica\/video-vucicevic-trg-bozane-vucinic-dobija-novi-izgled-uskoro-zavrsetak-gradskog-pozorista\/"},"wordCount":275,"commentCount":0,"image":{"@id":"https:\/\/dmcsrb.com\/podgorica\/video-vucicevic-trg-bozane-vucinic-dobija-novi-izgled-uskoro-zavrsetak-gradskog-pozorista\/#primaryimage"},"thumbnailUrl":"https:\/\/dmcsrb.com\/wp-content\/uploads\/2026\/01\/Capture-61-2.webp","keywords":["Bajko Vu\u010di\u0107evi\u0107","gradsko pozori\u0161te","Trg Bo\u017eane Vu\u010dini\u0107"],"articleSection":["Podgorica"],"inLanguage":"en-GB","potentialAction":[{"@type":"CommentAction","name":"Comment","target":["https:\/\/dmcsrb.com\/podgorica\/video-vucicevic-trg-bozane-vucinic-dobija-novi-izgled-uskoro-zavrsetak-gradskog-pozorista\/#respond"]}]},{"@type":"WebPage","@id":"https:\/\/dmcsrb.com\/podgorica\/video-vucicevic-trg-bozane-vucinic-dobija-novi-izgled-uskoro-zavrsetak-gradskog-pozorista\/","url":"https:\/\/dmcsrb.com\/podgorica\/video-vucicevic-trg-bozane-vucinic-dobija-novi-izgled-uskoro-zavrsetak-gradskog-pozorista\/","name":"(VIDEO) Vu\u010di\u0107evi\u0107: Trg Bo\u017eane Vu\u010dini\u0107 dobija novi izgled, uskoro zavr\u0161etak Gradskog pozori\u0161ta - dmcsrb.com","isPartOf":{"@id":"https:\/\/dmcsrb.com\/#website"},"primaryImageOfPage":{"@id":"https:\/\/dmcsrb.com\/podgorica\/video-vucicevic-trg-bozane-vucinic-dobija-novi-izgled-uskoro-zavrsetak-gradskog-pozorista\/#primaryimage"},"image":{"@id":"https:\/\/dmcsrb.com\/podgorica\/video-vucicevic-trg-bozane-vucinic-dobija-novi-izgled-uskoro-zavrsetak-gradskog-pozorista\/#primaryimage"},"thumbnailUrl":"https:\/\/dmcsrb.com\/wp-content\/uploads\/2026\/01\/Capture-61-2.webp","datePublished":"2025-09-26T15:39:00+00:00","author":{"@id":"https:\/\/dmcsrb.com\/#\/schema\/person\/5c39170f12db1b8b457732d0b5c854e2"},"breadcrumb":{"@id":"https:\/\/dmcsrb.com\/podgorica\/video-vucicevic-trg-bozane-vucinic-dobija-novi-izgled-uskoro-zavrsetak-gradskog-pozorista\/#breadcrumb"},"inLanguage":"en-GB","potentialAction":[{"@type":"ReadAction","target":["https:\/\/dmcsrb.com\/podgorica\/video-vucicevic-trg-bozane-vucinic-dobija-novi-izgled-uskoro-zavrsetak-gradskog-pozorista\/"]}]},{"@type":"ImageObject","inLanguage":"en-GB","@id":"https:\/\/dmcsrb.com\/podgorica\/video-vucicevic-trg-bozane-vucinic-dobija-novi-izgled-uskoro-zavrsetak-gradskog-pozorista\/#primaryimage","url":"https:\/\/dmcsrb.com\/wp-content\/uploads\/2026\/01\/Capture-61-2.webp","contentUrl":"https:\/\/dmcsrb.com\/wp-content\/uploads\/2026\/01\/Capture-61-2.webp","width":1853,"height":890},{"@type":"BreadcrumbList","@id":"https:\/\/dmcsrb.com\/podgorica\/video-vucicevic-trg-bozane-vucinic-dobija-novi-izgled-uskoro-zavrsetak-gradskog-pozorista\/#breadcrumb","itemListElement":[{"@type":"ListItem","position":1,"name":"Home","item":"https:\/\/dmcsrb.com\/"},{"@type":"ListItem","position":2,"name":"(VIDEO) Vu\u010di\u0107evi\u0107: Trg Bo\u017eane Vu\u010dini\u0107 dobija novi izgled, uskoro zavr\u0161etak Gradskog pozori\u0161ta"}]},{"@type":"WebSite","@id":"https:\/\/dmcsrb.com\/#website","url":"https:\/\/dmcsrb.com\/","name":"dmcsrb.com","description":"","potentialAction":[{"@type":"SearchAction","target":{"@type":"EntryPoint","urlTemplate":"https:\/\/dmcsrb.com\/?s={search_term_string}"},"query-input":{"@type":"PropertyValueSpecification","valueRequired":true,"valueName":"search_term_string"}}],"inLanguage":"en-GB"},{"@type":"Person","@id":"https:\/\/dmcsrb.com\/#\/schema\/person\/5c39170f12db1b8b457732d0b5c854e2","name":"dmcsrbija.com@gmail.com","image":{"@type":"ImageObject","inLanguage":"en-GB","@id":"https:\/\/secure.gravatar.com\/avatar\/68592660ad6347fad0fb587f8d5d8f1a7b44961362f56e4f2cd524feb87e9069?s=96&d=mm&r=g","url":"https:\/\/secure.gravatar.com\/avatar\/68592660ad6347fad0fb587f8d5d8f1a7b44961362f56e4f2cd524feb87e9069?s=96&d=mm&r=g","contentUrl":"https:\/\/secure.gravatar.com\/avatar\/68592660ad6347fad0fb587f8d5d8f1a7b44961362f56e4f2cd524feb87e9069?s=96&d=mm&r=g","caption":"dmcsrbija.com@gmail.com"},"sameAs":["https:\/\/dmcsrb.com"],"url":"https:\/\/dmcsrb.com\/en\/author\/dmcsrbija-comgmail-com\/"}]}},"_links":{"self":[{"href":"https:\/\/dmcsrb.com\/en\/wp-json\/wp\/v2\/posts\/954235","targetHints":{"allow":["GET"]}}],"collection":[{"href":"https:\/\/dmcsrb.com\/en\/wp-json\/wp\/v2\/posts"}],"about":[{"href":"https:\/\/dmcsrb.com\/en\/wp-json\/wp\/v2\/types\/post"}],"author":[{"embeddable":true,"href":"https:\/\/dmcsrb.com\/en\/wp-json\/wp\/v2\/users\/1"}],"replies":[{"embeddable":true,"href":"https:\/\/dmcsrb.com\/en\/wp-json\/wp\/v2\/comments?post=954235"}],"version-history":[{"count":0,"href":"https:\/\/dmcsrb.com\/en\/wp-json\/wp\/v2\/posts\/954235\/revisions"}],"wp:featuredmedia":[{"embeddable":true,"href":"https:\/\/dmcsrb.com\/en\/wp-json\/wp\/v2\/media\/954236"}],"wp:attachment":[{"href":"https:\/\/dmcsrb.com\/en\/wp-json\/wp\/v2\/media?parent=954235"}],"wp:term":[{"taxonomy":"category","embeddable":true,"href":"https:\/\/dmcsrb.com\/en\/wp-json\/wp\/v2\/categories?post=954235"},{"taxonomy":"post_tag","embeddable":true,"href":"https:\/\/dmcsrb.com\/en\/wp-json\/wp\/v2\/tags?post=954235"},{"taxonomy":"naslovna","embeddable":true,"href":"https:\/\/dmcsrb.com\/en\/wp-json\/wp\/v2\/naslovna?post=954235"}],"curies":[{"name":"wp","href":"https:\/\/api.w.org\/{rel}","templated":true}]}}