{"id":954175,"date":"2025-09-26T11:07:36","date_gmt":"2025-09-26T09:07:36","guid":{"rendered":"https:\/\/dmcsrb.com\/uncategorized\/borovinic-bojovic-naredne-sedmice-sastanak-sa-kandidatima-za-vd-predsjednike-mjesnih-zajednica\/"},"modified":"2025-09-26T11:07:36","modified_gmt":"2025-09-26T09:07:36","slug":"borovinic-bojovic-naredne-sedmice-sastanak-sa-kandidatima-za-vd-predsjednike-mjesnih-zajednica","status":"publish","type":"post","link":"https:\/\/dmcsrb.com\/en\/podgorica\/borovinic-bojovic-naredne-sedmice-sastanak-sa-kandidatima-za-vd-predsjednike-mjesnih-zajednica\/","title":{"rendered":"Borovini\u0107 Bojovi\u0107: Naredne sedmice sastanak sa kandidatima za vd predsjednike mjesnih zajednica"},"content":{"rendered":"<p><\/p>\n\n\n\n<p>&#8220;Razgovarali smo o dostavljenim predlozima za odre\u0111ivanje vr\u0161ilaca du\u017enosti predsjednika savjeta mjesnih zajednica i zasijedanju Odbora za izbor i imenovanja. U narednoj sedmici planiramo i poseban sastanak sa kandidatima, kako bismo definisali smjernice za njihov rad i dodatno osna\u017eili vezu izme\u0111u gra\u0111ana i institucija.<\/p>\n\n\n\n<p>Na\u0161a zajedni\u010dka obaveza je da lokalne zajednice u\u010dinimo mjestom aktivnog u\u010de\u0161\u0107a i saradnje \u2013 u interesu svih gra\u0111anki i gra\u0111ana Podgorice&#8221;, kazala je ona.<\/p>","protected":false},"excerpt":{"rendered":"<p>Ju\u010de sam odr\u017eala sastanak sa gradona\u010delnikom prof. dr Sa\u0161om Mujovi\u0107em, sekretarom za finansije Bal\u0161om \u0160padijerom i \u0161efovima odborni\u010dkih klubova parlamentarne ve\u0107ine u susret odr\u017eavanju Posebne XII sjednice Skup\u0161tine Glavnog grada, saop\u0161tila je predsjednica Jelena Borovini\u0107 Bojovi\u0107.<\/p>","protected":false},"author":1,"featured_media":954176,"comment_status":"open","ping_status":"open","sticky":false,"template":"","format":"standard","meta":{"_acf_changed":false,"footnotes":""},"categories":[56],"tags":[404,9276,968],"naslovna":[],"class_list":["post-954175","post","type-post","status-publish","format-standard","has-post-thumbnail","hentry","category-podgorica","tag-borovinic-bojovic","tag-mjesne-zajedncie","tag-mujovic"],"acf":[],"yoast_head":"<!-- This site is optimized with the Yoast SEO plugin v27.4 - https:\/\/yoast.com\/product\/yoast-seo-wordpress\/ -->\n<title>Borovini\u0107 Bojovi\u0107: Naredne sedmice sastanak sa kandidatima za vd predsjednike mjesnih zajednica - dmcsrb.com<\/title>\n<meta name=\"robots\" content=\"index, follow, max-snippet:-1, max-image-preview:large, max-video-preview:-1\" \/>\n<link rel=\"canonical\" href=\"https:\/\/dmcsrb.com\/en\/podgorica\/borovinic-bojovic-naredne-sedmice-sastanak-sa-kandidatima-za-vd-predsjednike-mjesnih-zajednica\/\" \/>\n<meta property=\"og:locale\" content=\"en_GB\" \/>\n<meta property=\"og:type\" content=\"article\" \/>\n<meta property=\"og:title\" content=\"Borovini\u0107 Bojovi\u0107: Naredne sedmice sastanak sa kandidatima za vd predsjednike mjesnih zajednica - dmcsrb.com\" \/>\n<meta property=\"og:description\" content=\"Ju\u010de sam odr\u017eala sastanak sa gradona\u010delnikom prof. dr Sa\u0161om Mujovi\u0107em, sekretarom za finansije Bal\u0161om \u0160padijerom i \u0161efovima odborni\u010dkih klubova parlamentarne ve\u0107ine u susret odr\u017eavanju Posebne XII sjednice Skup\u0161tine Glavnog grada, saop\u0161tila je predsjednica Jelena Borovini\u0107 Bojovi\u0107.\" \/>\n<meta property=\"og:url\" content=\"https:\/\/dmcsrb.com\/en\/podgorica\/borovinic-bojovic-naredne-sedmice-sastanak-sa-kandidatima-za-vd-predsjednike-mjesnih-zajednica\/\" \/>\n<meta property=\"og:site_name\" content=\"dmcsrb.com\" \/>\n<meta property=\"article:published_time\" content=\"2025-09-26T09:07:36+00:00\" \/>\n<meta property=\"og:image\" content=\"https:\/\/dmcsrb.com\/wp-content\/uploads\/2026\/01\/555083131_786826597377528_3395964730080192585_n.webp\" \/>\n\t<meta property=\"og:image:width\" content=\"1600\" \/>\n\t<meta property=\"og:image:height\" content=\"1200\" \/>\n\t<meta property=\"og:image:type\" content=\"image\/jpeg\" \/>\n<meta name=\"author\" content=\"dmcsrbija.com@gmail.com\" \/>\n<meta name=\"twitter:card\" content=\"summary_large_image\" \/>\n<meta name=\"twitter:label1\" content=\"Written by\" \/>\n\t<meta name=\"twitter:data1\" content=\"dmcsrbija.com@gmail.com\" \/>\n<script type=\"application\/ld+json\" class=\"yoast-schema-graph\">{\"@context\":\"https:\\\/\\\/schema.org\",\"@graph\":[{\"@type\":\"Article\",\"@id\":\"https:\\\/\\\/dmcsrb.com\\\/podgorica\\\/borovinic-bojovic-naredne-sedmice-sastanak-sa-kandidatima-za-vd-predsjednike-mjesnih-zajednica\\\/#article\",\"isPartOf\":{\"@id\":\"https:\\\/\\\/dmcsrb.com\\\/podgorica\\\/borovinic-bojovic-naredne-sedmice-sastanak-sa-kandidatima-za-vd-predsjednike-mjesnih-zajednica\\\/\"},\"author\":{\"name\":\"dmcsrbija.com@gmail.com\",\"@id\":\"https:\\\/\\\/dmcsrb.com\\\/#\\\/schema\\\/person\\\/5c39170f12db1b8b457732d0b5c854e2\"},\"headline\":\"Borovini\u0107 Bojovi\u0107: Naredne sedmice sastanak sa kandidatima za vd predsjednike mjesnih zajednica\",\"datePublished\":\"2025-09-26T09:07:36+00:00\",\"mainEntityOfPage\":{\"@id\":\"https:\\\/\\\/dmcsrb.com\\\/podgorica\\\/borovinic-bojovic-naredne-sedmice-sastanak-sa-kandidatima-za-vd-predsjednike-mjesnih-zajednica\\\/\"},\"wordCount\":92,\"commentCount\":0,\"image\":{\"@id\":\"https:\\\/\\\/dmcsrb.com\\\/podgorica\\\/borovinic-bojovic-naredne-sedmice-sastanak-sa-kandidatima-za-vd-predsjednike-mjesnih-zajednica\\\/#primaryimage\"},\"thumbnailUrl\":\"https:\\\/\\\/dmcsrb.com\\\/wp-content\\\/uploads\\\/2026\\\/01\\\/555083131_786826597377528_3395964730080192585_n.webp\",\"keywords\":[\"borovinic bojovic\",\"mjesne zajedncie\",\"mujovi\u0107\"],\"articleSection\":[\"Podgorica\"],\"inLanguage\":\"en-GB\",\"potentialAction\":[{\"@type\":\"CommentAction\",\"name\":\"Comment\",\"target\":[\"https:\\\/\\\/dmcsrb.com\\\/podgorica\\\/borovinic-bojovic-naredne-sedmice-sastanak-sa-kandidatima-za-vd-predsjednike-mjesnih-zajednica\\\/#respond\"]}]},{\"@type\":\"WebPage\",\"@id\":\"https:\\\/\\\/dmcsrb.com\\\/podgorica\\\/borovinic-bojovic-naredne-sedmice-sastanak-sa-kandidatima-za-vd-predsjednike-mjesnih-zajednica\\\/\",\"url\":\"https:\\\/\\\/dmcsrb.com\\\/podgorica\\\/borovinic-bojovic-naredne-sedmice-sastanak-sa-kandidatima-za-vd-predsjednike-mjesnih-zajednica\\\/\",\"name\":\"Borovini\u0107 Bojovi\u0107: Naredne sedmice sastanak sa kandidatima za vd predsjednike mjesnih zajednica - dmcsrb.com\",\"isPartOf\":{\"@id\":\"https:\\\/\\\/dmcsrb.com\\\/#website\"},\"primaryImageOfPage\":{\"@id\":\"https:\\\/\\\/dmcsrb.com\\\/podgorica\\\/borovinic-bojovic-naredne-sedmice-sastanak-sa-kandidatima-za-vd-predsjednike-mjesnih-zajednica\\\/#primaryimage\"},\"image\":{\"@id\":\"https:\\\/\\\/dmcsrb.com\\\/podgorica\\\/borovinic-bojovic-naredne-sedmice-sastanak-sa-kandidatima-za-vd-predsjednike-mjesnih-zajednica\\\/#primaryimage\"},\"thumbnailUrl\":\"https:\\\/\\\/dmcsrb.com\\\/wp-content\\\/uploads\\\/2026\\\/01\\\/555083131_786826597377528_3395964730080192585_n.webp\",\"datePublished\":\"2025-09-26T09:07:36+00:00\",\"author\":{\"@id\":\"https:\\\/\\\/dmcsrb.com\\\/#\\\/schema\\\/person\\\/5c39170f12db1b8b457732d0b5c854e2\"},\"breadcrumb\":{\"@id\":\"https:\\\/\\\/dmcsrb.com\\\/podgorica\\\/borovinic-bojovic-naredne-sedmice-sastanak-sa-kandidatima-za-vd-predsjednike-mjesnih-zajednica\\\/#breadcrumb\"},\"inLanguage\":\"en-GB\",\"potentialAction\":[{\"@type\":\"ReadAction\",\"target\":[\"https:\\\/\\\/dmcsrb.com\\\/podgorica\\\/borovinic-bojovic-naredne-sedmice-sastanak-sa-kandidatima-za-vd-predsjednike-mjesnih-zajednica\\\/\"]}]},{\"@type\":\"ImageObject\",\"inLanguage\":\"en-GB\",\"@id\":\"https:\\\/\\\/dmcsrb.com\\\/podgorica\\\/borovinic-bojovic-naredne-sedmice-sastanak-sa-kandidatima-za-vd-predsjednike-mjesnih-zajednica\\\/#primaryimage\",\"url\":\"https:\\\/\\\/dmcsrb.com\\\/wp-content\\\/uploads\\\/2026\\\/01\\\/555083131_786826597377528_3395964730080192585_n.webp\",\"contentUrl\":\"https:\\\/\\\/dmcsrb.com\\\/wp-content\\\/uploads\\\/2026\\\/01\\\/555083131_786826597377528_3395964730080192585_n.webp\",\"width\":1600,\"height\":1200},{\"@type\":\"BreadcrumbList\",\"@id\":\"https:\\\/\\\/dmcsrb.com\\\/podgorica\\\/borovinic-bojovic-naredne-sedmice-sastanak-sa-kandidatima-za-vd-predsjednike-mjesnih-zajednica\\\/#breadcrumb\",\"itemListElement\":[{\"@type\":\"ListItem\",\"position\":1,\"name\":\"Home\",\"item\":\"https:\\\/\\\/dmcsrb.com\\\/\"},{\"@type\":\"ListItem\",\"position\":2,\"name\":\"Borovini\u0107 Bojovi\u0107: Naredne sedmice sastanak sa kandidatima za vd predsjednike mjesnih zajednica\"}]},{\"@type\":\"WebSite\",\"@id\":\"https:\\\/\\\/dmcsrb.com\\\/#website\",\"url\":\"https:\\\/\\\/dmcsrb.com\\\/\",\"name\":\"dmcsrb.com\",\"description\":\"\",\"potentialAction\":[{\"@type\":\"SearchAction\",\"target\":{\"@type\":\"EntryPoint\",\"urlTemplate\":\"https:\\\/\\\/dmcsrb.com\\\/?s={search_term_string}\"},\"query-input\":{\"@type\":\"PropertyValueSpecification\",\"valueRequired\":true,\"valueName\":\"search_term_string\"}}],\"inLanguage\":\"en-GB\"},{\"@type\":\"Person\",\"@id\":\"https:\\\/\\\/dmcsrb.com\\\/#\\\/schema\\\/person\\\/5c39170f12db1b8b457732d0b5c854e2\",\"name\":\"dmcsrbija.com@gmail.com\",\"image\":{\"@type\":\"ImageObject\",\"inLanguage\":\"en-GB\",\"@id\":\"https:\\\/\\\/secure.gravatar.com\\\/avatar\\\/68592660ad6347fad0fb587f8d5d8f1a7b44961362f56e4f2cd524feb87e9069?s=96&d=mm&r=g\",\"url\":\"https:\\\/\\\/secure.gravatar.com\\\/avatar\\\/68592660ad6347fad0fb587f8d5d8f1a7b44961362f56e4f2cd524feb87e9069?s=96&d=mm&r=g\",\"contentUrl\":\"https:\\\/\\\/secure.gravatar.com\\\/avatar\\\/68592660ad6347fad0fb587f8d5d8f1a7b44961362f56e4f2cd524feb87e9069?s=96&d=mm&r=g\",\"caption\":\"dmcsrbija.com@gmail.com\"},\"sameAs\":[\"https:\\\/\\\/dmcsrb.com\"],\"url\":\"https:\\\/\\\/dmcsrb.com\\\/en\\\/author\\\/dmcsrbija-comgmail-com\\\/\"}]}<\/script>\n<!-- \/ Yoast SEO plugin. -->","yoast_head_json":{"title":"Borovini\u0107 Bojovi\u0107: Naredne sedmice sastanak sa kandidatima za vd predsjednike mjesnih zajednica - dmcsrb.com","robots":{"index":"index","follow":"follow","max-snippet":"max-snippet:-1","max-image-preview":"max-image-preview:large","max-video-preview":"max-video-preview:-1"},"canonical":"https:\/\/dmcsrb.com\/en\/podgorica\/borovinic-bojovic-naredne-sedmice-sastanak-sa-kandidatima-za-vd-predsjednike-mjesnih-zajednica\/","og_locale":"en_GB","og_type":"article","og_title":"Borovini\u0107 Bojovi\u0107: Naredne sedmice sastanak sa kandidatima za vd predsjednike mjesnih zajednica - dmcsrb.com","og_description":"Ju\u010de sam odr\u017eala sastanak sa gradona\u010delnikom prof. dr Sa\u0161om Mujovi\u0107em, sekretarom za finansije Bal\u0161om \u0160padijerom i \u0161efovima odborni\u010dkih klubova parlamentarne ve\u0107ine u susret odr\u017eavanju Posebne XII sjednice Skup\u0161tine Glavnog grada, saop\u0161tila je predsjednica Jelena Borovini\u0107 Bojovi\u0107.","og_url":"https:\/\/dmcsrb.com\/en\/podgorica\/borovinic-bojovic-naredne-sedmice-sastanak-sa-kandidatima-za-vd-predsjednike-mjesnih-zajednica\/","og_site_name":"dmcsrb.com","article_published_time":"2025-09-26T09:07:36+00:00","og_image":[{"width":1600,"height":1200,"url":"https:\/\/dmcsrb.com\/wp-content\/uploads\/2026\/01\/555083131_786826597377528_3395964730080192585_n.webp","type":"image\/jpeg"}],"author":"dmcsrbija.com@gmail.com","twitter_card":"summary_large_image","twitter_misc":{"Written by":"dmcsrbija.com@gmail.com"},"schema":{"@context":"https:\/\/schema.org","@graph":[{"@type":"Article","@id":"https:\/\/dmcsrb.com\/podgorica\/borovinic-bojovic-naredne-sedmice-sastanak-sa-kandidatima-za-vd-predsjednike-mjesnih-zajednica\/#article","isPartOf":{"@id":"https:\/\/dmcsrb.com\/podgorica\/borovinic-bojovic-naredne-sedmice-sastanak-sa-kandidatima-za-vd-predsjednike-mjesnih-zajednica\/"},"author":{"name":"dmcsrbija.com@gmail.com","@id":"https:\/\/dmcsrb.com\/#\/schema\/person\/5c39170f12db1b8b457732d0b5c854e2"},"headline":"Borovini\u0107 Bojovi\u0107: Naredne sedmice sastanak sa kandidatima za vd predsjednike mjesnih zajednica","datePublished":"2025-09-26T09:07:36+00:00","mainEntityOfPage":{"@id":"https:\/\/dmcsrb.com\/podgorica\/borovinic-bojovic-naredne-sedmice-sastanak-sa-kandidatima-za-vd-predsjednike-mjesnih-zajednica\/"},"wordCount":92,"commentCount":0,"image":{"@id":"https:\/\/dmcsrb.com\/podgorica\/borovinic-bojovic-naredne-sedmice-sastanak-sa-kandidatima-za-vd-predsjednike-mjesnih-zajednica\/#primaryimage"},"thumbnailUrl":"https:\/\/dmcsrb.com\/wp-content\/uploads\/2026\/01\/555083131_786826597377528_3395964730080192585_n.webp","keywords":["borovinic bojovic","mjesne zajedncie","mujovi\u0107"],"articleSection":["Podgorica"],"inLanguage":"en-GB","potentialAction":[{"@type":"CommentAction","name":"Comment","target":["https:\/\/dmcsrb.com\/podgorica\/borovinic-bojovic-naredne-sedmice-sastanak-sa-kandidatima-za-vd-predsjednike-mjesnih-zajednica\/#respond"]}]},{"@type":"WebPage","@id":"https:\/\/dmcsrb.com\/podgorica\/borovinic-bojovic-naredne-sedmice-sastanak-sa-kandidatima-za-vd-predsjednike-mjesnih-zajednica\/","url":"https:\/\/dmcsrb.com\/podgorica\/borovinic-bojovic-naredne-sedmice-sastanak-sa-kandidatima-za-vd-predsjednike-mjesnih-zajednica\/","name":"Borovini\u0107 Bojovi\u0107: Naredne sedmice sastanak sa kandidatima za vd predsjednike mjesnih zajednica - dmcsrb.com","isPartOf":{"@id":"https:\/\/dmcsrb.com\/#website"},"primaryImageOfPage":{"@id":"https:\/\/dmcsrb.com\/podgorica\/borovinic-bojovic-naredne-sedmice-sastanak-sa-kandidatima-za-vd-predsjednike-mjesnih-zajednica\/#primaryimage"},"image":{"@id":"https:\/\/dmcsrb.com\/podgorica\/borovinic-bojovic-naredne-sedmice-sastanak-sa-kandidatima-za-vd-predsjednike-mjesnih-zajednica\/#primaryimage"},"thumbnailUrl":"https:\/\/dmcsrb.com\/wp-content\/uploads\/2026\/01\/555083131_786826597377528_3395964730080192585_n.webp","datePublished":"2025-09-26T09:07:36+00:00","author":{"@id":"https:\/\/dmcsrb.com\/#\/schema\/person\/5c39170f12db1b8b457732d0b5c854e2"},"breadcrumb":{"@id":"https:\/\/dmcsrb.com\/podgorica\/borovinic-bojovic-naredne-sedmice-sastanak-sa-kandidatima-za-vd-predsjednike-mjesnih-zajednica\/#breadcrumb"},"inLanguage":"en-GB","potentialAction":[{"@type":"ReadAction","target":["https:\/\/dmcsrb.com\/podgorica\/borovinic-bojovic-naredne-sedmice-sastanak-sa-kandidatima-za-vd-predsjednike-mjesnih-zajednica\/"]}]},{"@type":"ImageObject","inLanguage":"en-GB","@id":"https:\/\/dmcsrb.com\/podgorica\/borovinic-bojovic-naredne-sedmice-sastanak-sa-kandidatima-za-vd-predsjednike-mjesnih-zajednica\/#primaryimage","url":"https:\/\/dmcsrb.com\/wp-content\/uploads\/2026\/01\/555083131_786826597377528_3395964730080192585_n.webp","contentUrl":"https:\/\/dmcsrb.com\/wp-content\/uploads\/2026\/01\/555083131_786826597377528_3395964730080192585_n.webp","width":1600,"height":1200},{"@type":"BreadcrumbList","@id":"https:\/\/dmcsrb.com\/podgorica\/borovinic-bojovic-naredne-sedmice-sastanak-sa-kandidatima-za-vd-predsjednike-mjesnih-zajednica\/#breadcrumb","itemListElement":[{"@type":"ListItem","position":1,"name":"Home","item":"https:\/\/dmcsrb.com\/"},{"@type":"ListItem","position":2,"name":"Borovini\u0107 Bojovi\u0107: Naredne sedmice sastanak sa kandidatima za vd predsjednike mjesnih zajednica"}]},{"@type":"WebSite","@id":"https:\/\/dmcsrb.com\/#website","url":"https:\/\/dmcsrb.com\/","name":"dmcsrb.com","description":"","potentialAction":[{"@type":"SearchAction","target":{"@type":"EntryPoint","urlTemplate":"https:\/\/dmcsrb.com\/?s={search_term_string}"},"query-input":{"@type":"PropertyValueSpecification","valueRequired":true,"valueName":"search_term_string"}}],"inLanguage":"en-GB"},{"@type":"Person","@id":"https:\/\/dmcsrb.com\/#\/schema\/person\/5c39170f12db1b8b457732d0b5c854e2","name":"dmcsrbija.com@gmail.com","image":{"@type":"ImageObject","inLanguage":"en-GB","@id":"https:\/\/secure.gravatar.com\/avatar\/68592660ad6347fad0fb587f8d5d8f1a7b44961362f56e4f2cd524feb87e9069?s=96&d=mm&r=g","url":"https:\/\/secure.gravatar.com\/avatar\/68592660ad6347fad0fb587f8d5d8f1a7b44961362f56e4f2cd524feb87e9069?s=96&d=mm&r=g","contentUrl":"https:\/\/secure.gravatar.com\/avatar\/68592660ad6347fad0fb587f8d5d8f1a7b44961362f56e4f2cd524feb87e9069?s=96&d=mm&r=g","caption":"dmcsrbija.com@gmail.com"},"sameAs":["https:\/\/dmcsrb.com"],"url":"https:\/\/dmcsrb.com\/en\/author\/dmcsrbija-comgmail-com\/"}]}},"_links":{"self":[{"href":"https:\/\/dmcsrb.com\/en\/wp-json\/wp\/v2\/posts\/954175","targetHints":{"allow":["GET"]}}],"collection":[{"href":"https:\/\/dmcsrb.com\/en\/wp-json\/wp\/v2\/posts"}],"about":[{"href":"https:\/\/dmcsrb.com\/en\/wp-json\/wp\/v2\/types\/post"}],"author":[{"embeddable":true,"href":"https:\/\/dmcsrb.com\/en\/wp-json\/wp\/v2\/users\/1"}],"replies":[{"embeddable":true,"href":"https:\/\/dmcsrb.com\/en\/wp-json\/wp\/v2\/comments?post=954175"}],"version-history":[{"count":0,"href":"https:\/\/dmcsrb.com\/en\/wp-json\/wp\/v2\/posts\/954175\/revisions"}],"wp:featuredmedia":[{"embeddable":true,"href":"https:\/\/dmcsrb.com\/en\/wp-json\/wp\/v2\/media\/954176"}],"wp:attachment":[{"href":"https:\/\/dmcsrb.com\/en\/wp-json\/wp\/v2\/media?parent=954175"}],"wp:term":[{"taxonomy":"category","embeddable":true,"href":"https:\/\/dmcsrb.com\/en\/wp-json\/wp\/v2\/categories?post=954175"},{"taxonomy":"post_tag","embeddable":true,"href":"https:\/\/dmcsrb.com\/en\/wp-json\/wp\/v2\/tags?post=954175"},{"taxonomy":"naslovna","embeddable":true,"href":"https:\/\/dmcsrb.com\/en\/wp-json\/wp\/v2\/naslovna?post=954175"}],"curies":[{"name":"wp","href":"https:\/\/api.w.org\/{rel}","templated":true}]}}