{"id":954152,"date":"2025-09-26T09:50:00","date_gmt":"2025-09-26T07:50:00","guid":{"rendered":"https:\/\/dmcsrb.com\/uncategorized\/vucurovic-trazi-da-se-ponisti-odluka-o-njenoj-smjeni\/"},"modified":"2025-09-26T09:50:00","modified_gmt":"2025-09-26T07:50:00","slug":"vucurovic-trazi-da-se-ponisti-odluka-o-njenoj-smjeni","status":"publish","type":"post","link":"https:\/\/dmcsrb.com\/en\/drustvo\/vucurovic-trazi-da-se-ponisti-odluka-o-njenoj-smjeni\/","title":{"rendered":"Vu\u010durovi\u0107 tra\u017ei da se poni\u0161ti odluka o njenoj smjeni"},"content":{"rendered":"<p><\/p>\n\n\n\n<p>Iz Osnovnog suda u Podgorici Pobjedi je re\u010deno da je pred tim sudom formiran predmet po tu\u017ebi Vu\u010durovi\u0107 protiv Ministarstva prosvjete, nauke i inovacija, radi poni\u0161taja odluke.<\/p>\n\n\n\n<p>\u201cRo\u010di\u0161te u navedenom predmetu nije zakazano\u201d, naveli su oni.<\/p>\n\n\n\n<p>Vu\u010durovi\u0107 je u januaru ove godine ostala bez direktorske funkcije zbog toga \u0161to je utvr\u0111eno da nije adekvatno reagovala u slu\u010daju profesora&nbsp;<strong>Radomana \u010ce\u010dovi\u0107a<\/strong>. Vu\u010durovi\u0107 je nakon razrje\u0161enja ubrzo napustila Gimnaziju i, kako je tada objavljeno, po\u010dela je da radi kao savjetnica predsjednika Skup\u0161tine Crne Gore&nbsp;<strong>Andrije Mandi\u0107a<\/strong>.<\/p>\n\n\n\n<p>Ministarka prosvjete, nauke i inovacija&nbsp;<strong>An\u0111ela Jak\u0161i\u0107-Stojanovi\u0107<\/strong>&nbsp;na prijedlog Prosvjetne inspekcije zbog evidentiranih propusta u slu\u010daju profesora \u010ce\u010dovi\u0107a razrije\u0161ila je Vu\u010durovi\u0107 sa funkcije direktorice. Ona je tada poru\u010dila da \u0107e se boriti za pravdu i da \u0107e dokazati da je smijenjena mimo propisa. Iz resornog ministarstva joj je tada odgovoreno da su postupali na osnovu nalaza inspekcije.<\/p>\n\n\n\n<p><strong>Uzrok<\/strong><\/p>\n\n\n\n<p>Ministarstvo prosvjete, nauke i inovacija u decembru je tu\u017eila\u0161tvu prijavilo da se profesor \u010ce\u010dovi\u0107 neprili\u010dno pona\u0161ao prema biv\u0161oj u\u010denici, \u010dim se saznalo za taj slu\u010daj koji je javno objelodanjen. Ispostavilo se da tom resoru tada\u0161nja direktorica Vu\u010durovi\u0107 nije prijavila uznemiruju\u0107e poruke koje je \u010ce\u010dovi\u0107 slao biv\u0161oj u\u010denici&nbsp;<strong>Sari Vujisi\u0107<\/strong>. Prosvjetna inspekcija je u decembru istra\u017eila kako je Vu\u010durovi\u0107 po saznanju o ovom slu\u010daju postupila i na kraju je ocijenila da je direktorica napravila propuste. Inspekcija je utvrdila da Vu\u010durovi\u0107 slu\u010daj nije prijavila nadle\u017enima, niti je provjerila da li se \u010ce\u010dovi\u0107 nedopustivo pona\u0161a i prema nekim drugim u\u010denicima, kako joj je prijavila biv\u0161a u\u010denica Vujisi\u0107.<\/p>\n\n\n\n<p>Osnovno dr\u017eavno tu\u017eila\u0161tvo u Podgorici u slu\u010daju profesora \u010ce\u010dovi\u0107a izjasnilo se da je za eventualno postojanje krivi\u010dnog djela proganjanja u ovom predmetu nastupila zastara i prije podno\u0161enja krivi\u010dne prijave, odnosno prije nego \u0161to je doga\u0111aj prijavljen. Tu\u017eila\u0161tvo je ocijenilo da \u010ce\u010dovi\u0107 ne mo\u017ee da odgovara ni zbog krivi\u010dnog djela seksualno uznemiravanje, jer prijavljeno djelo nije bilo krivi\u010dno u vrijeme izvr\u0161enja.<\/p>\n\n\n\n<p>Tada je advokat&nbsp;<strong>Veselin Radulovi\u0107<\/strong>&nbsp;komentarisao da je Vu\u010durovi\u0107 trebalo da prijavi sporno pona\u0161anje profesora \u010ce\u010dovi\u0107a od prije \u010detiri godine, jer da je to uradila, slu\u010daj ne bi zastario. \u010ce\u010dovi\u0107 je mogao da odgovara za krivi\u010dno djelo proganjanje, jer je poku\u0161avao da uspostavi jednu vrstu kontakta sa biv\u0161om u\u010denicom Sarom Vujisi\u0107 koja mu je otvoreno davala do znanja da to ne \u017eeli, poru\u010divao je tada Radulovi\u0107.<\/p>\n\n\n\n<p>Advokat Radulovi\u0107 smatra da je Vu\u010durovi\u0107 trebalo da prijavi profesora na vrijeme kako bi tu\u017eila\u0161tvo moglo da reaguje i provjeri da li tu ima uslova za krivi\u010dno djelo proganjanje koje je propisano 2017. godine Krivi\u010dnim zakonikom, te predvi\u0111ena kazna za osnovni oblik je do tri godine zatvora. Radulovi\u0107 je precizirao da je zastara nastupila nakon proticanja tri godine od u\u010dinjenog djela.<\/p>\n\n\n\n<p>Vu\u010durovi\u0107 se nakon odluke ODT-a tada oglasila i zatra\u017eila ostavku ministarke, navode\u0107i da je kao direktorica nepravedno ka\u017enjena u ovom slu\u010daju. Iz Ministarstva joj je tada odgovoreno da im je \u017eao \u0161to Vu\u010durovi\u0107 prenosi temu na politi\u010dki teren, mije\u0161aju\u0107i nadle\u017enosti Ministarstva i tu\u017eila\u0161tva, te su podsjetili da je platila funkcijom zato \u0161to nije reagovala po propisima kada je saznala za ovaj slu\u010daj.<\/p>\n\n\n\n<p>Vu\u010durovi\u0107 je tada najavila da \u0107e pred nadle\u017enim organima da tra\u017ei zakonsku satisfakciju, uvjerena da \u0107e ,,pravda zakucati na vrata svih koji su bili dio ove konstruisane podlosti\u201c. Ona je navela da \u0107e nastaviti da se bori zbog \u201enepravedne kazne\u201c.<\/p>\n\n\n\n<p>Iz Ministarstva prosvjete, nauke i inovacija odgovorili su da se u procesu dono\u0161enja odluke o prestanku radnog odnosa \u010ce\u010dovi\u0107a, kao i razrje\u0161enja biv\u0161e direktorice Vu\u010durovi\u0107, nije vodilo postojanjem krivi\u010dne odgovornosti. Rekli su da to nije u nadle\u017enosti Ministarstva, niti bi se u tom slu\u010daju odluka mogla donijeti bez prethodno sprovedenog postupka utvr\u0111ivanja te odgovornosti.<\/p>\n\n\n\n<p>Po\u0161tuju\u0107i prezumpciju nevinosti, Ministarstvo je odluku donijelo po osnovu nalaza inspekcije koja je, izme\u0111u ostalog, utvrdila propuste u procesu odlu\u010divanja, neprimjereno dr\u017eanje kako \u010ce\u010dovi\u0107a, tako i Vu\u010durovi\u0107, prilikom prijave ovog slu\u010daja, \u010dime su drasti\u010dno povrijedili na\u010dela prosvjetne etike i poljuljali povjerenje u sigurnost i bezbjednost \u0161kolskog sistema, saop\u0161teno je tada iz Ministarstva.<\/p>\n\n\n\n<p>Iz Ministarstva su istakli da sve uklju\u010dene strane mogu zadovoljenje pravde tra\u017eiti pred pravosudnim organima.<\/p>\n\n\n\n<p>Biv\u0161a u\u010denica Vujisi\u0107 u decembru pro\u0161le godine je na dru\u0161tvenim mre\u017eama objavila svoju ispovijest i iznijela detalje prepiske sa profesorom \u010ce\u010dovi\u0107em. Objavljivala je i skrin\u0161otove i negodovala zbog reakcije direktorice Vu\u010durovi\u0107 i sankcije koju je izrekla profesoru. Ona je sa gra\u0111anskim aktivistom Kostom Miju\u0161kovi\u0107em organizovala protest sa kojeg su gra\u0111ani tra\u017eili da se zabrani \u010ce\u010dovi\u0107u da radi u bilo kojoj ustanovi, ali se tra\u017eila i odgovornost direktorice, odnosno njeno razrje\u0161enje. Vu\u010durovi\u0107 je \u010ce\u010dovi\u0107a otpustila, jer nakon objavljivanja njegovog spornog pona\u0161anja prema biv\u0161oj u\u010denici i organizacije protesta, on nije dolazio na posao.<\/p>","protected":false},"excerpt":{"rendered":"<p>Biv\u0161a direktorica podgori\u010dke Gimnazije ,,Slobodan \u0160kerovi\u0107\u201c,\u00a0Biljana Vu\u010durovi\u0107\u00a0tu\u017eila je Ministarstvo prosvjete, nauke i inovacija, tra\u017ee\u0107i da se poni\u0161ti odluka o njenom razrje\u0161enju sa te funkcije, pi\u0161e Pobjeda.<\/p>","protected":false},"author":1,"featured_media":954153,"comment_status":"open","ping_status":"open","sticky":false,"template":"","format":"standard","meta":{"_acf_changed":false,"footnotes":""},"categories":[2],"tags":[9265,9178,418],"naslovna":[],"class_list":["post-954152","post","type-post","status-publish","format-standard","has-post-thumbnail","hentry","category-drustvo","tag-biljana-vucurovic","tag-gimnazija","tag-ministarstvo-prosvjete-nauke-i-inovacija"],"acf":[],"yoast_head":"<!-- This site is optimized with the Yoast SEO plugin v27.0 - https:\/\/yoast.com\/product\/yoast-seo-wordpress\/ -->\n<title>Vu\u010durovi\u0107 tra\u017ei da se poni\u0161ti odluka o njenoj smjeni - dmcsrb.com<\/title>\n<meta name=\"robots\" content=\"index, follow, max-snippet:-1, max-image-preview:large, max-video-preview:-1\" \/>\n<link rel=\"canonical\" href=\"https:\/\/dmcsrb.com\/en\/drustvo\/vucurovic-trazi-da-se-ponisti-odluka-o-njenoj-smjeni\/\" \/>\n<meta property=\"og:locale\" content=\"en_GB\" \/>\n<meta property=\"og:type\" content=\"article\" \/>\n<meta property=\"og:title\" content=\"Vu\u010durovi\u0107 tra\u017ei da se poni\u0161ti odluka o njenoj smjeni - dmcsrb.com\" \/>\n<meta property=\"og:description\" content=\"Biv\u0161a direktorica podgori\u010dke Gimnazije ,,Slobodan \u0160kerovi\u0107\u201c,\u00a0Biljana Vu\u010durovi\u0107\u00a0tu\u017eila je Ministarstvo prosvjete, nauke i inovacija, tra\u017ee\u0107i da se poni\u0161ti odluka o njenom razrje\u0161enju sa te funkcije, pi\u0161e Pobjeda.\" \/>\n<meta property=\"og:url\" content=\"https:\/\/dmcsrb.com\/en\/drustvo\/vucurovic-trazi-da-se-ponisti-odluka-o-njenoj-smjeni\/\" \/>\n<meta property=\"og:site_name\" content=\"dmcsrb.com\" \/>\n<meta property=\"article:published_time\" content=\"2025-09-26T07:50:00+00:00\" \/>\n<meta property=\"og:image\" content=\"https:\/\/dmcsrb.com\/wp-content\/uploads\/2026\/01\/Biljana-Vucurovic-foto-rtcg.webp\" \/>\n\t<meta property=\"og:image:width\" content=\"865\" \/>\n\t<meta property=\"og:image:height\" content=\"519\" \/>\n\t<meta property=\"og:image:type\" content=\"image\/jpeg\" \/>\n<meta name=\"author\" content=\"dmcsrbija.com@gmail.com\" \/>\n<meta name=\"twitter:card\" content=\"summary_large_image\" \/>\n<meta name=\"twitter:label1\" content=\"Written by\" \/>\n\t<meta name=\"twitter:data1\" content=\"dmcsrbija.com@gmail.com\" \/>\n\t<meta name=\"twitter:label2\" content=\"Estimated reading time\" \/>\n\t<meta name=\"twitter:data2\" content=\"5 minutes\" \/>\n<script type=\"application\/ld+json\" class=\"yoast-schema-graph\">{\"@context\":\"https:\/\/schema.org\",\"@graph\":[{\"@type\":\"Article\",\"@id\":\"https:\/\/dmcsrb.com\/drustvo\/vucurovic-trazi-da-se-ponisti-odluka-o-njenoj-smjeni\/#article\",\"isPartOf\":{\"@id\":\"https:\/\/dmcsrb.com\/drustvo\/vucurovic-trazi-da-se-ponisti-odluka-o-njenoj-smjeni\/\"},\"author\":{\"name\":\"dmcsrbija.com@gmail.com\",\"@id\":\"https:\/\/dmcsrb.com\/#\/schema\/person\/5c39170f12db1b8b457732d0b5c854e2\"},\"headline\":\"Vu\u010durovi\u0107 tra\u017ei da se poni\u0161ti odluka o njenoj smjeni\",\"datePublished\":\"2025-09-26T07:50:00+00:00\",\"mainEntityOfPage\":{\"@id\":\"https:\/\/dmcsrb.com\/drustvo\/vucurovic-trazi-da-se-ponisti-odluka-o-njenoj-smjeni\/\"},\"wordCount\":914,\"commentCount\":0,\"image\":{\"@id\":\"https:\/\/dmcsrb.com\/drustvo\/vucurovic-trazi-da-se-ponisti-odluka-o-njenoj-smjeni\/#primaryimage\"},\"thumbnailUrl\":\"https:\/\/dmcsrb.com\/wp-content\/uploads\/2026\/01\/Biljana-Vucurovic-foto-rtcg.webp\",\"keywords\":[\"Biljana Vu\u010durovi\u0107\",\"Gimnazija\",\"Ministarstvo prosvjete nauke i inovacija\"],\"articleSection\":[\"Dru\u0161tvo\"],\"inLanguage\":\"en-GB\",\"potentialAction\":[{\"@type\":\"CommentAction\",\"name\":\"Comment\",\"target\":[\"https:\/\/dmcsrb.com\/drustvo\/vucurovic-trazi-da-se-ponisti-odluka-o-njenoj-smjeni\/#respond\"]}]},{\"@type\":\"WebPage\",\"@id\":\"https:\/\/dmcsrb.com\/drustvo\/vucurovic-trazi-da-se-ponisti-odluka-o-njenoj-smjeni\/\",\"url\":\"https:\/\/dmcsrb.com\/drustvo\/vucurovic-trazi-da-se-ponisti-odluka-o-njenoj-smjeni\/\",\"name\":\"Vu\u010durovi\u0107 tra\u017ei da se poni\u0161ti odluka o njenoj smjeni - dmcsrb.com\",\"isPartOf\":{\"@id\":\"https:\/\/dmcsrb.com\/#website\"},\"primaryImageOfPage\":{\"@id\":\"https:\/\/dmcsrb.com\/drustvo\/vucurovic-trazi-da-se-ponisti-odluka-o-njenoj-smjeni\/#primaryimage\"},\"image\":{\"@id\":\"https:\/\/dmcsrb.com\/drustvo\/vucurovic-trazi-da-se-ponisti-odluka-o-njenoj-smjeni\/#primaryimage\"},\"thumbnailUrl\":\"https:\/\/dmcsrb.com\/wp-content\/uploads\/2026\/01\/Biljana-Vucurovic-foto-rtcg.webp\",\"datePublished\":\"2025-09-26T07:50:00+00:00\",\"author\":{\"@id\":\"https:\/\/dmcsrb.com\/#\/schema\/person\/5c39170f12db1b8b457732d0b5c854e2\"},\"breadcrumb\":{\"@id\":\"https:\/\/dmcsrb.com\/drustvo\/vucurovic-trazi-da-se-ponisti-odluka-o-njenoj-smjeni\/#breadcrumb\"},\"inLanguage\":\"en-GB\",\"potentialAction\":[{\"@type\":\"ReadAction\",\"target\":[\"https:\/\/dmcsrb.com\/drustvo\/vucurovic-trazi-da-se-ponisti-odluka-o-njenoj-smjeni\/\"]}]},{\"@type\":\"ImageObject\",\"inLanguage\":\"en-GB\",\"@id\":\"https:\/\/dmcsrb.com\/drustvo\/vucurovic-trazi-da-se-ponisti-odluka-o-njenoj-smjeni\/#primaryimage\",\"url\":\"https:\/\/dmcsrb.com\/wp-content\/uploads\/2026\/01\/Biljana-Vucurovic-foto-rtcg.webp\",\"contentUrl\":\"https:\/\/dmcsrb.com\/wp-content\/uploads\/2026\/01\/Biljana-Vucurovic-foto-rtcg.webp\",\"width\":865,\"height\":519},{\"@type\":\"BreadcrumbList\",\"@id\":\"https:\/\/dmcsrb.com\/drustvo\/vucurovic-trazi-da-se-ponisti-odluka-o-njenoj-smjeni\/#breadcrumb\",\"itemListElement\":[{\"@type\":\"ListItem\",\"position\":1,\"name\":\"Home\",\"item\":\"https:\/\/dmcsrb.com\/\"},{\"@type\":\"ListItem\",\"position\":2,\"name\":\"Vu\u010durovi\u0107 tra\u017ei da se poni\u0161ti odluka o njenoj smjeni\"}]},{\"@type\":\"WebSite\",\"@id\":\"https:\/\/dmcsrb.com\/#website\",\"url\":\"https:\/\/dmcsrb.com\/\",\"name\":\"dmcsrb.com\",\"description\":\"\",\"potentialAction\":[{\"@type\":\"SearchAction\",\"target\":{\"@type\":\"EntryPoint\",\"urlTemplate\":\"https:\/\/dmcsrb.com\/?s={search_term_string}\"},\"query-input\":{\"@type\":\"PropertyValueSpecification\",\"valueRequired\":true,\"valueName\":\"search_term_string\"}}],\"inLanguage\":\"en-GB\"},{\"@type\":\"Person\",\"@id\":\"https:\/\/dmcsrb.com\/#\/schema\/person\/5c39170f12db1b8b457732d0b5c854e2\",\"name\":\"dmcsrbija.com@gmail.com\",\"image\":{\"@type\":\"ImageObject\",\"inLanguage\":\"en-GB\",\"@id\":\"https:\/\/dmcsrb.com\/#\/schema\/person\/image\/\",\"url\":\"https:\/\/secure.gravatar.com\/avatar\/68592660ad6347fad0fb587f8d5d8f1a7b44961362f56e4f2cd524feb87e9069?s=96&d=mm&r=g\",\"contentUrl\":\"https:\/\/secure.gravatar.com\/avatar\/68592660ad6347fad0fb587f8d5d8f1a7b44961362f56e4f2cd524feb87e9069?s=96&d=mm&r=g\",\"caption\":\"dmcsrbija.com@gmail.com\"},\"sameAs\":[\"https:\/\/dmcsrb.com\"],\"url\":\"https:\/\/dmcsrb.com\/en\/author\/dmcsrbija-comgmail-com\/\"}]}<\/script>\n<!-- \/ Yoast SEO plugin. -->","yoast_head_json":{"title":"Vu\u010durovi\u0107 tra\u017ei da se poni\u0161ti odluka o njenoj smjeni - dmcsrb.com","robots":{"index":"index","follow":"follow","max-snippet":"max-snippet:-1","max-image-preview":"max-image-preview:large","max-video-preview":"max-video-preview:-1"},"canonical":"https:\/\/dmcsrb.com\/en\/drustvo\/vucurovic-trazi-da-se-ponisti-odluka-o-njenoj-smjeni\/","og_locale":"en_GB","og_type":"article","og_title":"Vu\u010durovi\u0107 tra\u017ei da se poni\u0161ti odluka o njenoj smjeni - dmcsrb.com","og_description":"Biv\u0161a direktorica podgori\u010dke Gimnazije ,,Slobodan \u0160kerovi\u0107\u201c,\u00a0Biljana Vu\u010durovi\u0107\u00a0tu\u017eila je Ministarstvo prosvjete, nauke i inovacija, tra\u017ee\u0107i da se poni\u0161ti odluka o njenom razrje\u0161enju sa te funkcije, pi\u0161e Pobjeda.","og_url":"https:\/\/dmcsrb.com\/en\/drustvo\/vucurovic-trazi-da-se-ponisti-odluka-o-njenoj-smjeni\/","og_site_name":"dmcsrb.com","article_published_time":"2025-09-26T07:50:00+00:00","og_image":[{"width":865,"height":519,"url":"https:\/\/dmcsrb.com\/wp-content\/uploads\/2026\/01\/Biljana-Vucurovic-foto-rtcg.webp","type":"image\/jpeg"}],"author":"dmcsrbija.com@gmail.com","twitter_card":"summary_large_image","twitter_misc":{"Written by":"dmcsrbija.com@gmail.com","Estimated reading time":"5 minutes"},"schema":{"@context":"https:\/\/schema.org","@graph":[{"@type":"Article","@id":"https:\/\/dmcsrb.com\/drustvo\/vucurovic-trazi-da-se-ponisti-odluka-o-njenoj-smjeni\/#article","isPartOf":{"@id":"https:\/\/dmcsrb.com\/drustvo\/vucurovic-trazi-da-se-ponisti-odluka-o-njenoj-smjeni\/"},"author":{"name":"dmcsrbija.com@gmail.com","@id":"https:\/\/dmcsrb.com\/#\/schema\/person\/5c39170f12db1b8b457732d0b5c854e2"},"headline":"Vu\u010durovi\u0107 tra\u017ei da se poni\u0161ti odluka o njenoj smjeni","datePublished":"2025-09-26T07:50:00+00:00","mainEntityOfPage":{"@id":"https:\/\/dmcsrb.com\/drustvo\/vucurovic-trazi-da-se-ponisti-odluka-o-njenoj-smjeni\/"},"wordCount":914,"commentCount":0,"image":{"@id":"https:\/\/dmcsrb.com\/drustvo\/vucurovic-trazi-da-se-ponisti-odluka-o-njenoj-smjeni\/#primaryimage"},"thumbnailUrl":"https:\/\/dmcsrb.com\/wp-content\/uploads\/2026\/01\/Biljana-Vucurovic-foto-rtcg.webp","keywords":["Biljana Vu\u010durovi\u0107","Gimnazija","Ministarstvo prosvjete nauke i inovacija"],"articleSection":["Dru\u0161tvo"],"inLanguage":"en-GB","potentialAction":[{"@type":"CommentAction","name":"Comment","target":["https:\/\/dmcsrb.com\/drustvo\/vucurovic-trazi-da-se-ponisti-odluka-o-njenoj-smjeni\/#respond"]}]},{"@type":"WebPage","@id":"https:\/\/dmcsrb.com\/drustvo\/vucurovic-trazi-da-se-ponisti-odluka-o-njenoj-smjeni\/","url":"https:\/\/dmcsrb.com\/drustvo\/vucurovic-trazi-da-se-ponisti-odluka-o-njenoj-smjeni\/","name":"Vu\u010durovi\u0107 tra\u017ei da se poni\u0161ti odluka o njenoj smjeni - dmcsrb.com","isPartOf":{"@id":"https:\/\/dmcsrb.com\/#website"},"primaryImageOfPage":{"@id":"https:\/\/dmcsrb.com\/drustvo\/vucurovic-trazi-da-se-ponisti-odluka-o-njenoj-smjeni\/#primaryimage"},"image":{"@id":"https:\/\/dmcsrb.com\/drustvo\/vucurovic-trazi-da-se-ponisti-odluka-o-njenoj-smjeni\/#primaryimage"},"thumbnailUrl":"https:\/\/dmcsrb.com\/wp-content\/uploads\/2026\/01\/Biljana-Vucurovic-foto-rtcg.webp","datePublished":"2025-09-26T07:50:00+00:00","author":{"@id":"https:\/\/dmcsrb.com\/#\/schema\/person\/5c39170f12db1b8b457732d0b5c854e2"},"breadcrumb":{"@id":"https:\/\/dmcsrb.com\/drustvo\/vucurovic-trazi-da-se-ponisti-odluka-o-njenoj-smjeni\/#breadcrumb"},"inLanguage":"en-GB","potentialAction":[{"@type":"ReadAction","target":["https:\/\/dmcsrb.com\/drustvo\/vucurovic-trazi-da-se-ponisti-odluka-o-njenoj-smjeni\/"]}]},{"@type":"ImageObject","inLanguage":"en-GB","@id":"https:\/\/dmcsrb.com\/drustvo\/vucurovic-trazi-da-se-ponisti-odluka-o-njenoj-smjeni\/#primaryimage","url":"https:\/\/dmcsrb.com\/wp-content\/uploads\/2026\/01\/Biljana-Vucurovic-foto-rtcg.webp","contentUrl":"https:\/\/dmcsrb.com\/wp-content\/uploads\/2026\/01\/Biljana-Vucurovic-foto-rtcg.webp","width":865,"height":519},{"@type":"BreadcrumbList","@id":"https:\/\/dmcsrb.com\/drustvo\/vucurovic-trazi-da-se-ponisti-odluka-o-njenoj-smjeni\/#breadcrumb","itemListElement":[{"@type":"ListItem","position":1,"name":"Home","item":"https:\/\/dmcsrb.com\/"},{"@type":"ListItem","position":2,"name":"Vu\u010durovi\u0107 tra\u017ei da se poni\u0161ti odluka o njenoj smjeni"}]},{"@type":"WebSite","@id":"https:\/\/dmcsrb.com\/#website","url":"https:\/\/dmcsrb.com\/","name":"dmcsrb.com","description":"","potentialAction":[{"@type":"SearchAction","target":{"@type":"EntryPoint","urlTemplate":"https:\/\/dmcsrb.com\/?s={search_term_string}"},"query-input":{"@type":"PropertyValueSpecification","valueRequired":true,"valueName":"search_term_string"}}],"inLanguage":"en-GB"},{"@type":"Person","@id":"https:\/\/dmcsrb.com\/#\/schema\/person\/5c39170f12db1b8b457732d0b5c854e2","name":"dmcsrbija.com@gmail.com","image":{"@type":"ImageObject","inLanguage":"en-GB","@id":"https:\/\/dmcsrb.com\/#\/schema\/person\/image\/","url":"https:\/\/secure.gravatar.com\/avatar\/68592660ad6347fad0fb587f8d5d8f1a7b44961362f56e4f2cd524feb87e9069?s=96&d=mm&r=g","contentUrl":"https:\/\/secure.gravatar.com\/avatar\/68592660ad6347fad0fb587f8d5d8f1a7b44961362f56e4f2cd524feb87e9069?s=96&d=mm&r=g","caption":"dmcsrbija.com@gmail.com"},"sameAs":["https:\/\/dmcsrb.com"],"url":"https:\/\/dmcsrb.com\/en\/author\/dmcsrbija-comgmail-com\/"}]}},"_links":{"self":[{"href":"https:\/\/dmcsrb.com\/en\/wp-json\/wp\/v2\/posts\/954152","targetHints":{"allow":["GET"]}}],"collection":[{"href":"https:\/\/dmcsrb.com\/en\/wp-json\/wp\/v2\/posts"}],"about":[{"href":"https:\/\/dmcsrb.com\/en\/wp-json\/wp\/v2\/types\/post"}],"author":[{"embeddable":true,"href":"https:\/\/dmcsrb.com\/en\/wp-json\/wp\/v2\/users\/1"}],"replies":[{"embeddable":true,"href":"https:\/\/dmcsrb.com\/en\/wp-json\/wp\/v2\/comments?post=954152"}],"version-history":[{"count":0,"href":"https:\/\/dmcsrb.com\/en\/wp-json\/wp\/v2\/posts\/954152\/revisions"}],"wp:featuredmedia":[{"embeddable":true,"href":"https:\/\/dmcsrb.com\/en\/wp-json\/wp\/v2\/media\/954153"}],"wp:attachment":[{"href":"https:\/\/dmcsrb.com\/en\/wp-json\/wp\/v2\/media?parent=954152"}],"wp:term":[{"taxonomy":"category","embeddable":true,"href":"https:\/\/dmcsrb.com\/en\/wp-json\/wp\/v2\/categories?post=954152"},{"taxonomy":"post_tag","embeddable":true,"href":"https:\/\/dmcsrb.com\/en\/wp-json\/wp\/v2\/tags?post=954152"},{"taxonomy":"naslovna","embeddable":true,"href":"https:\/\/dmcsrb.com\/en\/wp-json\/wp\/v2\/naslovna?post=954152"}],"curies":[{"name":"wp","href":"https:\/\/api.w.org\/{rel}","templated":true}]}}