{"id":954137,"date":"2025-09-26T08:47:34","date_gmt":"2025-09-26T06:47:34","guid":{"rendered":"https:\/\/dmcsrb.com\/uncategorized\/kazanegra-stanisic-crna-gora-ostaje-dosledna-svojoj-posvecenosti-jacanju-institucionalnih-kapaciteta\/"},"modified":"2025-09-26T08:47:34","modified_gmt":"2025-09-26T06:47:34","slug":"kazanegra-stanisic-crna-gora-ostaje-dosledna-svojoj-posvecenosti-jacanju-institucionalnih-kapaciteta","status":"publish","type":"post","link":"https:\/\/dmcsrb.com\/en\/hronika\/kazanegra-stanisic-crna-gora-ostaje-dosledna-svojoj-posvecenosti-jacanju-institucionalnih-kapaciteta\/","title":{"rendered":"Ka\u017eanegra Stani\u0161i\u0107: Crna Gora ostaje dosledna svojoj posve\u0107enosti ja\u010danju institucionalnih kapaciteta"},"content":{"rendered":"<p><\/p>\n\n\n\n<p>Konferencija je, kako je saop\u0161teno iz MUP-a, imala za cilj ja\u010danje partnerstva izme\u0111u institucija, lokalnih vlasti i eksperata, kako bi se uspostavila osnova za dugoro\u010dne mehanizme koordinacije u regionu Dunava, omogu\u0107avaju\u0107i da napori pojedina\u010dnih dr\u017eava prerastu u zajedni\u010dku, odr\u017eivu strategiju za prevenciju i odgovor na prijetnje.<\/p>\n\n\n\n<p>Ka\u017eanegra Stani\u0161i\u0107 je istakla da Crna Gora ostaje dosledna svojoj posve\u0107enosti ja\u010danju institucionalnih kapaciteta, unapre\u0111enju zakonodavnog okvira i primjeni najvi\u0161ih me\u0111unarodnih standarda u oblasti prevencije radikalizacije i nasilnog ekstremizma.<\/p>\n\n\n\n<p>\u201cPodr\u0161ka i partnerstvo sa Evropskom unijom imaju klju\u010dnu ulogu, a saradnja sa institucijama i partnerima iz regiona i EU predstavlja dragocjen oslonac u daljem razvoju politika\u201d, navela je Ka\u017eanegra Stani\u0161i\u0107.<\/p>\n\n\n\n<p>Koprivica je naveo da su&nbsp; trenutno u procesu izrade nove Strategije za prevenciju i suzbijanje radikalizacije i nasilnog ekstremizma za period 2025-2030.<\/p>\n\n\n\n<p>\u201cRadna grupa aktivno sprovodi aktivnosti na njenoj finalizaciji u skladu sa smjernicama eksperata Radicalisation Awareness Network (RAN) Policy Support in the Western Balkans\u201d, dodao je Koprivica.<\/p>\n\n\n\n<p>Oni su istakli da poseban akcenat stavljaju na budu\u0107e aktivnosti koje uklju\u010duju edukacije, razmjenu informacija i druge oblike saradnje izme\u0111u nacionalnih i lokalnih struktura.<\/p>\n\n\n\n<p>\u201cCilj ovih mjera je unapre\u0111enje prevencije i suzbijanja svih oblika nasilnog ekstremizma i radikalizacije, kroz odr\u017eive i inkluzivne mehanizme koji omogu\u0107avaju proaktivno djelovanje i izgradnju otpornosti unutar zajednica\u201d, istakli su crnogorski predstavnici.<\/p>\n\n\n\n<p>Konferencija je organizovana u okviru projekta finansiranog kroz program INTERREG i Strategiju Evropske unije za razvoj Dunavskog regiona (EUSDR), s fokusom na ja\u010danje regionalne saradnje i uspostavljanje dugoro\u010dnih koordinacionih mehanizama.<\/p>\n\n\n\n<p>\u201cTokom doga\u0111aja razmjenjena su iskustva i dobre prakse saradnje izme\u0111u organa reda, lokalnih vlasti, akademske zajednice i civilnog dru\u0161tva u prevenciji hibridnih prijetnji i dezinformacija\u201d, zaklju\u010deno je u saop\u0161tenju.<\/p>","protected":false},"excerpt":{"rendered":"<p>Dr\u017eavni sekretari Ministarstva unutra\u0161njih poslova Crne Gore, Petar Koprivica i Dragana Ka\u017eanegra Stani\u0161i\u0107, u svojstvu nacionalnog koordinatora i zamjenice Nacionalnog me\u0111uresornog operativnog tima za prevenciju i suzbijanje nasilnog ekstremizma, terorizma, pranja novca i finansiranja terorizma, u\u010destvovali su na me\u0111unarodnoj konferenciji posve\u0107enoj ja\u010danju institucionalnih kapaciteta i regionalnoj saradnji u prevenciji radikalizacije i nasilnog ekstremizma koja se odr\u017eala 24-25. septembra u Sofiji, Bugarska.<\/p>","protected":false},"author":1,"featured_media":954138,"comment_status":"open","ping_status":"open","sticky":false,"template":"","format":"standard","meta":{"_acf_changed":false,"footnotes":""},"categories":[17],"tags":[9254,1080,941,339],"naslovna":[],"class_list":["post-954137","post","type-post","status-publish","format-standard","has-post-thumbnail","hentry","category-hronika","tag-drzavni-sekretari","tag-konferencija","tag-mup","tag-sofija"],"acf":[],"yoast_head":"<!-- This site is optimized with the Yoast SEO plugin v27.4 - https:\/\/yoast.com\/product\/yoast-seo-wordpress\/ -->\n<title>Ka\u017eanegra Stani\u0161i\u0107: Crna Gora ostaje dosledna svojoj posve\u0107enosti ja\u010danju institucionalnih kapaciteta - dmcsrb.com<\/title>\n<meta name=\"robots\" content=\"index, follow, max-snippet:-1, max-image-preview:large, max-video-preview:-1\" \/>\n<link rel=\"canonical\" href=\"https:\/\/dmcsrb.com\/en\/hronika\/kazanegra-stanisic-crna-gora-ostaje-dosledna-svojoj-posvecenosti-jacanju-institucionalnih-kapaciteta\/\" \/>\n<meta property=\"og:locale\" content=\"en_GB\" \/>\n<meta property=\"og:type\" content=\"article\" \/>\n<meta property=\"og:title\" content=\"Ka\u017eanegra Stani\u0161i\u0107: Crna Gora ostaje dosledna svojoj posve\u0107enosti ja\u010danju institucionalnih kapaciteta - dmcsrb.com\" \/>\n<meta property=\"og:description\" content=\"Dr\u017eavni sekretari Ministarstva unutra\u0161njih poslova Crne Gore, Petar Koprivica i Dragana Ka\u017eanegra Stani\u0161i\u0107, u svojstvu nacionalnog koordinatora i zamjenice Nacionalnog me\u0111uresornog operativnog tima za prevenciju i suzbijanje nasilnog ekstremizma, terorizma, pranja novca i finansiranja terorizma, u\u010destvovali su na me\u0111unarodnoj konferenciji posve\u0107enoj ja\u010danju institucionalnih kapaciteta i regionalnoj saradnji u prevenciji radikalizacije i nasilnog ekstremizma koja se odr\u017eala 24-25. septembra u Sofiji, Bugarska.\" \/>\n<meta property=\"og:url\" content=\"https:\/\/dmcsrb.com\/en\/hronika\/kazanegra-stanisic-crna-gora-ostaje-dosledna-svojoj-posvecenosti-jacanju-institucionalnih-kapaciteta\/\" \/>\n<meta property=\"og:site_name\" content=\"dmcsrb.com\" \/>\n<meta property=\"article:published_time\" content=\"2025-09-26T06:47:34+00:00\" \/>\n<meta property=\"og:image\" content=\"https:\/\/dmcsrb.com\/wp-content\/uploads\/2026\/01\/mup12.webp\" \/>\n\t<meta property=\"og:image:width\" content=\"1000\" \/>\n\t<meta property=\"og:image:height\" content=\"667\" \/>\n\t<meta property=\"og:image:type\" content=\"image\/jpeg\" \/>\n<meta name=\"author\" content=\"dmcsrbija.com@gmail.com\" \/>\n<meta name=\"twitter:card\" content=\"summary_large_image\" \/>\n<meta name=\"twitter:label1\" content=\"Written by\" \/>\n\t<meta name=\"twitter:data1\" content=\"dmcsrbija.com@gmail.com\" \/>\n\t<meta name=\"twitter:label2\" content=\"Estimated reading time\" \/>\n\t<meta name=\"twitter:data2\" content=\"2 minutes\" \/>\n<script type=\"application\/ld+json\" class=\"yoast-schema-graph\">{\"@context\":\"https:\\\/\\\/schema.org\",\"@graph\":[{\"@type\":\"Article\",\"@id\":\"https:\\\/\\\/dmcsrb.com\\\/hronika\\\/kazanegra-stanisic-crna-gora-ostaje-dosledna-svojoj-posvecenosti-jacanju-institucionalnih-kapaciteta\\\/#article\",\"isPartOf\":{\"@id\":\"https:\\\/\\\/dmcsrb.com\\\/hronika\\\/kazanegra-stanisic-crna-gora-ostaje-dosledna-svojoj-posvecenosti-jacanju-institucionalnih-kapaciteta\\\/\"},\"author\":{\"name\":\"dmcsrbija.com@gmail.com\",\"@id\":\"https:\\\/\\\/dmcsrb.com\\\/#\\\/schema\\\/person\\\/5c39170f12db1b8b457732d0b5c854e2\"},\"headline\":\"Ka\u017eanegra Stani\u0161i\u0107: Crna Gora ostaje dosledna svojoj posve\u0107enosti ja\u010danju institucionalnih kapaciteta\",\"datePublished\":\"2025-09-26T06:47:34+00:00\",\"mainEntityOfPage\":{\"@id\":\"https:\\\/\\\/dmcsrb.com\\\/hronika\\\/kazanegra-stanisic-crna-gora-ostaje-dosledna-svojoj-posvecenosti-jacanju-institucionalnih-kapaciteta\\\/\"},\"wordCount\":318,\"commentCount\":0,\"image\":{\"@id\":\"https:\\\/\\\/dmcsrb.com\\\/hronika\\\/kazanegra-stanisic-crna-gora-ostaje-dosledna-svojoj-posvecenosti-jacanju-institucionalnih-kapaciteta\\\/#primaryimage\"},\"thumbnailUrl\":\"https:\\\/\\\/dmcsrb.com\\\/wp-content\\\/uploads\\\/2026\\\/01\\\/mup12.webp\",\"keywords\":[\"dr\u017eavni sekretari\",\"konferencija\",\"MUP\",\"Sofija\"],\"articleSection\":[\"Hronika\"],\"inLanguage\":\"en-GB\",\"potentialAction\":[{\"@type\":\"CommentAction\",\"name\":\"Comment\",\"target\":[\"https:\\\/\\\/dmcsrb.com\\\/hronika\\\/kazanegra-stanisic-crna-gora-ostaje-dosledna-svojoj-posvecenosti-jacanju-institucionalnih-kapaciteta\\\/#respond\"]}]},{\"@type\":\"WebPage\",\"@id\":\"https:\\\/\\\/dmcsrb.com\\\/hronika\\\/kazanegra-stanisic-crna-gora-ostaje-dosledna-svojoj-posvecenosti-jacanju-institucionalnih-kapaciteta\\\/\",\"url\":\"https:\\\/\\\/dmcsrb.com\\\/hronika\\\/kazanegra-stanisic-crna-gora-ostaje-dosledna-svojoj-posvecenosti-jacanju-institucionalnih-kapaciteta\\\/\",\"name\":\"Ka\u017eanegra Stani\u0161i\u0107: Crna Gora ostaje dosledna svojoj posve\u0107enosti ja\u010danju institucionalnih kapaciteta - dmcsrb.com\",\"isPartOf\":{\"@id\":\"https:\\\/\\\/dmcsrb.com\\\/#website\"},\"primaryImageOfPage\":{\"@id\":\"https:\\\/\\\/dmcsrb.com\\\/hronika\\\/kazanegra-stanisic-crna-gora-ostaje-dosledna-svojoj-posvecenosti-jacanju-institucionalnih-kapaciteta\\\/#primaryimage\"},\"image\":{\"@id\":\"https:\\\/\\\/dmcsrb.com\\\/hronika\\\/kazanegra-stanisic-crna-gora-ostaje-dosledna-svojoj-posvecenosti-jacanju-institucionalnih-kapaciteta\\\/#primaryimage\"},\"thumbnailUrl\":\"https:\\\/\\\/dmcsrb.com\\\/wp-content\\\/uploads\\\/2026\\\/01\\\/mup12.webp\",\"datePublished\":\"2025-09-26T06:47:34+00:00\",\"author\":{\"@id\":\"https:\\\/\\\/dmcsrb.com\\\/#\\\/schema\\\/person\\\/5c39170f12db1b8b457732d0b5c854e2\"},\"breadcrumb\":{\"@id\":\"https:\\\/\\\/dmcsrb.com\\\/hronika\\\/kazanegra-stanisic-crna-gora-ostaje-dosledna-svojoj-posvecenosti-jacanju-institucionalnih-kapaciteta\\\/#breadcrumb\"},\"inLanguage\":\"en-GB\",\"potentialAction\":[{\"@type\":\"ReadAction\",\"target\":[\"https:\\\/\\\/dmcsrb.com\\\/hronika\\\/kazanegra-stanisic-crna-gora-ostaje-dosledna-svojoj-posvecenosti-jacanju-institucionalnih-kapaciteta\\\/\"]}]},{\"@type\":\"ImageObject\",\"inLanguage\":\"en-GB\",\"@id\":\"https:\\\/\\\/dmcsrb.com\\\/hronika\\\/kazanegra-stanisic-crna-gora-ostaje-dosledna-svojoj-posvecenosti-jacanju-institucionalnih-kapaciteta\\\/#primaryimage\",\"url\":\"https:\\\/\\\/dmcsrb.com\\\/wp-content\\\/uploads\\\/2026\\\/01\\\/mup12.webp\",\"contentUrl\":\"https:\\\/\\\/dmcsrb.com\\\/wp-content\\\/uploads\\\/2026\\\/01\\\/mup12.webp\",\"width\":1000,\"height\":667},{\"@type\":\"BreadcrumbList\",\"@id\":\"https:\\\/\\\/dmcsrb.com\\\/hronika\\\/kazanegra-stanisic-crna-gora-ostaje-dosledna-svojoj-posvecenosti-jacanju-institucionalnih-kapaciteta\\\/#breadcrumb\",\"itemListElement\":[{\"@type\":\"ListItem\",\"position\":1,\"name\":\"Home\",\"item\":\"https:\\\/\\\/dmcsrb.com\\\/\"},{\"@type\":\"ListItem\",\"position\":2,\"name\":\"Ka\u017eanegra Stani\u0161i\u0107: Crna Gora ostaje dosledna svojoj posve\u0107enosti ja\u010danju institucionalnih kapaciteta\"}]},{\"@type\":\"WebSite\",\"@id\":\"https:\\\/\\\/dmcsrb.com\\\/#website\",\"url\":\"https:\\\/\\\/dmcsrb.com\\\/\",\"name\":\"dmcsrb.com\",\"description\":\"\",\"potentialAction\":[{\"@type\":\"SearchAction\",\"target\":{\"@type\":\"EntryPoint\",\"urlTemplate\":\"https:\\\/\\\/dmcsrb.com\\\/?s={search_term_string}\"},\"query-input\":{\"@type\":\"PropertyValueSpecification\",\"valueRequired\":true,\"valueName\":\"search_term_string\"}}],\"inLanguage\":\"en-GB\"},{\"@type\":\"Person\",\"@id\":\"https:\\\/\\\/dmcsrb.com\\\/#\\\/schema\\\/person\\\/5c39170f12db1b8b457732d0b5c854e2\",\"name\":\"dmcsrbija.com@gmail.com\",\"image\":{\"@type\":\"ImageObject\",\"inLanguage\":\"en-GB\",\"@id\":\"https:\\\/\\\/secure.gravatar.com\\\/avatar\\\/68592660ad6347fad0fb587f8d5d8f1a7b44961362f56e4f2cd524feb87e9069?s=96&d=mm&r=g\",\"url\":\"https:\\\/\\\/secure.gravatar.com\\\/avatar\\\/68592660ad6347fad0fb587f8d5d8f1a7b44961362f56e4f2cd524feb87e9069?s=96&d=mm&r=g\",\"contentUrl\":\"https:\\\/\\\/secure.gravatar.com\\\/avatar\\\/68592660ad6347fad0fb587f8d5d8f1a7b44961362f56e4f2cd524feb87e9069?s=96&d=mm&r=g\",\"caption\":\"dmcsrbija.com@gmail.com\"},\"sameAs\":[\"https:\\\/\\\/dmcsrb.com\"],\"url\":\"https:\\\/\\\/dmcsrb.com\\\/en\\\/author\\\/dmcsrbija-comgmail-com\\\/\"}]}<\/script>\n<!-- \/ Yoast SEO plugin. -->","yoast_head_json":{"title":"Ka\u017eanegra Stani\u0161i\u0107: Crna Gora ostaje dosledna svojoj posve\u0107enosti ja\u010danju institucionalnih kapaciteta - dmcsrb.com","robots":{"index":"index","follow":"follow","max-snippet":"max-snippet:-1","max-image-preview":"max-image-preview:large","max-video-preview":"max-video-preview:-1"},"canonical":"https:\/\/dmcsrb.com\/en\/hronika\/kazanegra-stanisic-crna-gora-ostaje-dosledna-svojoj-posvecenosti-jacanju-institucionalnih-kapaciteta\/","og_locale":"en_GB","og_type":"article","og_title":"Ka\u017eanegra Stani\u0161i\u0107: Crna Gora ostaje dosledna svojoj posve\u0107enosti ja\u010danju institucionalnih kapaciteta - dmcsrb.com","og_description":"Dr\u017eavni sekretari Ministarstva unutra\u0161njih poslova Crne Gore, Petar Koprivica i Dragana Ka\u017eanegra Stani\u0161i\u0107, u svojstvu nacionalnog koordinatora i zamjenice Nacionalnog me\u0111uresornog operativnog tima za prevenciju i suzbijanje nasilnog ekstremizma, terorizma, pranja novca i finansiranja terorizma, u\u010destvovali su na me\u0111unarodnoj konferenciji posve\u0107enoj ja\u010danju institucionalnih kapaciteta i regionalnoj saradnji u prevenciji radikalizacije i nasilnog ekstremizma koja se odr\u017eala 24-25. septembra u Sofiji, Bugarska.","og_url":"https:\/\/dmcsrb.com\/en\/hronika\/kazanegra-stanisic-crna-gora-ostaje-dosledna-svojoj-posvecenosti-jacanju-institucionalnih-kapaciteta\/","og_site_name":"dmcsrb.com","article_published_time":"2025-09-26T06:47:34+00:00","og_image":[{"width":1000,"height":667,"url":"https:\/\/dmcsrb.com\/wp-content\/uploads\/2026\/01\/mup12.webp","type":"image\/jpeg"}],"author":"dmcsrbija.com@gmail.com","twitter_card":"summary_large_image","twitter_misc":{"Written by":"dmcsrbija.com@gmail.com","Estimated reading time":"2 minutes"},"schema":{"@context":"https:\/\/schema.org","@graph":[{"@type":"Article","@id":"https:\/\/dmcsrb.com\/hronika\/kazanegra-stanisic-crna-gora-ostaje-dosledna-svojoj-posvecenosti-jacanju-institucionalnih-kapaciteta\/#article","isPartOf":{"@id":"https:\/\/dmcsrb.com\/hronika\/kazanegra-stanisic-crna-gora-ostaje-dosledna-svojoj-posvecenosti-jacanju-institucionalnih-kapaciteta\/"},"author":{"name":"dmcsrbija.com@gmail.com","@id":"https:\/\/dmcsrb.com\/#\/schema\/person\/5c39170f12db1b8b457732d0b5c854e2"},"headline":"Ka\u017eanegra Stani\u0161i\u0107: Crna Gora ostaje dosledna svojoj posve\u0107enosti ja\u010danju institucionalnih kapaciteta","datePublished":"2025-09-26T06:47:34+00:00","mainEntityOfPage":{"@id":"https:\/\/dmcsrb.com\/hronika\/kazanegra-stanisic-crna-gora-ostaje-dosledna-svojoj-posvecenosti-jacanju-institucionalnih-kapaciteta\/"},"wordCount":318,"commentCount":0,"image":{"@id":"https:\/\/dmcsrb.com\/hronika\/kazanegra-stanisic-crna-gora-ostaje-dosledna-svojoj-posvecenosti-jacanju-institucionalnih-kapaciteta\/#primaryimage"},"thumbnailUrl":"https:\/\/dmcsrb.com\/wp-content\/uploads\/2026\/01\/mup12.webp","keywords":["dr\u017eavni sekretari","konferencija","MUP","Sofija"],"articleSection":["Hronika"],"inLanguage":"en-GB","potentialAction":[{"@type":"CommentAction","name":"Comment","target":["https:\/\/dmcsrb.com\/hronika\/kazanegra-stanisic-crna-gora-ostaje-dosledna-svojoj-posvecenosti-jacanju-institucionalnih-kapaciteta\/#respond"]}]},{"@type":"WebPage","@id":"https:\/\/dmcsrb.com\/hronika\/kazanegra-stanisic-crna-gora-ostaje-dosledna-svojoj-posvecenosti-jacanju-institucionalnih-kapaciteta\/","url":"https:\/\/dmcsrb.com\/hronika\/kazanegra-stanisic-crna-gora-ostaje-dosledna-svojoj-posvecenosti-jacanju-institucionalnih-kapaciteta\/","name":"Ka\u017eanegra Stani\u0161i\u0107: Crna Gora ostaje dosledna svojoj posve\u0107enosti ja\u010danju institucionalnih kapaciteta - dmcsrb.com","isPartOf":{"@id":"https:\/\/dmcsrb.com\/#website"},"primaryImageOfPage":{"@id":"https:\/\/dmcsrb.com\/hronika\/kazanegra-stanisic-crna-gora-ostaje-dosledna-svojoj-posvecenosti-jacanju-institucionalnih-kapaciteta\/#primaryimage"},"image":{"@id":"https:\/\/dmcsrb.com\/hronika\/kazanegra-stanisic-crna-gora-ostaje-dosledna-svojoj-posvecenosti-jacanju-institucionalnih-kapaciteta\/#primaryimage"},"thumbnailUrl":"https:\/\/dmcsrb.com\/wp-content\/uploads\/2026\/01\/mup12.webp","datePublished":"2025-09-26T06:47:34+00:00","author":{"@id":"https:\/\/dmcsrb.com\/#\/schema\/person\/5c39170f12db1b8b457732d0b5c854e2"},"breadcrumb":{"@id":"https:\/\/dmcsrb.com\/hronika\/kazanegra-stanisic-crna-gora-ostaje-dosledna-svojoj-posvecenosti-jacanju-institucionalnih-kapaciteta\/#breadcrumb"},"inLanguage":"en-GB","potentialAction":[{"@type":"ReadAction","target":["https:\/\/dmcsrb.com\/hronika\/kazanegra-stanisic-crna-gora-ostaje-dosledna-svojoj-posvecenosti-jacanju-institucionalnih-kapaciteta\/"]}]},{"@type":"ImageObject","inLanguage":"en-GB","@id":"https:\/\/dmcsrb.com\/hronika\/kazanegra-stanisic-crna-gora-ostaje-dosledna-svojoj-posvecenosti-jacanju-institucionalnih-kapaciteta\/#primaryimage","url":"https:\/\/dmcsrb.com\/wp-content\/uploads\/2026\/01\/mup12.webp","contentUrl":"https:\/\/dmcsrb.com\/wp-content\/uploads\/2026\/01\/mup12.webp","width":1000,"height":667},{"@type":"BreadcrumbList","@id":"https:\/\/dmcsrb.com\/hronika\/kazanegra-stanisic-crna-gora-ostaje-dosledna-svojoj-posvecenosti-jacanju-institucionalnih-kapaciteta\/#breadcrumb","itemListElement":[{"@type":"ListItem","position":1,"name":"Home","item":"https:\/\/dmcsrb.com\/"},{"@type":"ListItem","position":2,"name":"Ka\u017eanegra Stani\u0161i\u0107: Crna Gora ostaje dosledna svojoj posve\u0107enosti ja\u010danju institucionalnih kapaciteta"}]},{"@type":"WebSite","@id":"https:\/\/dmcsrb.com\/#website","url":"https:\/\/dmcsrb.com\/","name":"dmcsrb.com","description":"","potentialAction":[{"@type":"SearchAction","target":{"@type":"EntryPoint","urlTemplate":"https:\/\/dmcsrb.com\/?s={search_term_string}"},"query-input":{"@type":"PropertyValueSpecification","valueRequired":true,"valueName":"search_term_string"}}],"inLanguage":"en-GB"},{"@type":"Person","@id":"https:\/\/dmcsrb.com\/#\/schema\/person\/5c39170f12db1b8b457732d0b5c854e2","name":"dmcsrbija.com@gmail.com","image":{"@type":"ImageObject","inLanguage":"en-GB","@id":"https:\/\/secure.gravatar.com\/avatar\/68592660ad6347fad0fb587f8d5d8f1a7b44961362f56e4f2cd524feb87e9069?s=96&d=mm&r=g","url":"https:\/\/secure.gravatar.com\/avatar\/68592660ad6347fad0fb587f8d5d8f1a7b44961362f56e4f2cd524feb87e9069?s=96&d=mm&r=g","contentUrl":"https:\/\/secure.gravatar.com\/avatar\/68592660ad6347fad0fb587f8d5d8f1a7b44961362f56e4f2cd524feb87e9069?s=96&d=mm&r=g","caption":"dmcsrbija.com@gmail.com"},"sameAs":["https:\/\/dmcsrb.com"],"url":"https:\/\/dmcsrb.com\/en\/author\/dmcsrbija-comgmail-com\/"}]}},"_links":{"self":[{"href":"https:\/\/dmcsrb.com\/en\/wp-json\/wp\/v2\/posts\/954137","targetHints":{"allow":["GET"]}}],"collection":[{"href":"https:\/\/dmcsrb.com\/en\/wp-json\/wp\/v2\/posts"}],"about":[{"href":"https:\/\/dmcsrb.com\/en\/wp-json\/wp\/v2\/types\/post"}],"author":[{"embeddable":true,"href":"https:\/\/dmcsrb.com\/en\/wp-json\/wp\/v2\/users\/1"}],"replies":[{"embeddable":true,"href":"https:\/\/dmcsrb.com\/en\/wp-json\/wp\/v2\/comments?post=954137"}],"version-history":[{"count":0,"href":"https:\/\/dmcsrb.com\/en\/wp-json\/wp\/v2\/posts\/954137\/revisions"}],"wp:featuredmedia":[{"embeddable":true,"href":"https:\/\/dmcsrb.com\/en\/wp-json\/wp\/v2\/media\/954138"}],"wp:attachment":[{"href":"https:\/\/dmcsrb.com\/en\/wp-json\/wp\/v2\/media?parent=954137"}],"wp:term":[{"taxonomy":"category","embeddable":true,"href":"https:\/\/dmcsrb.com\/en\/wp-json\/wp\/v2\/categories?post=954137"},{"taxonomy":"post_tag","embeddable":true,"href":"https:\/\/dmcsrb.com\/en\/wp-json\/wp\/v2\/tags?post=954137"},{"taxonomy":"naslovna","embeddable":true,"href":"https:\/\/dmcsrb.com\/en\/wp-json\/wp\/v2\/naslovna?post=954137"}],"curies":[{"name":"wp","href":"https:\/\/api.w.org\/{rel}","templated":true}]}}