{"id":954132,"date":"2025-09-26T08:25:00","date_gmt":"2025-09-26T06:25:00","guid":{"rendered":"https:\/\/dmcsrb.com\/uncategorized\/u-crnoj-gori-za-nedjelju-dana-67-slucajeva-korone\/"},"modified":"2025-09-26T08:25:00","modified_gmt":"2025-09-26T06:25:00","slug":"u-crnoj-gori-za-nedjelju-dana-67-slucajeva-korone","status":"publish","type":"post","link":"https:\/\/dmcsrb.com\/en\/drustvo\/u-crnoj-gori-za-nedjelju-dana-67-slucajeva-korone\/","title":{"rendered":"U Crnoj Gori za nedjelju dana 67 slu\u010dajeva korone"},"content":{"rendered":"<p><\/p>\n\n\n\n<p>Stopa incidencije je 10,7 na 100.000 stanovnika, i predstavlja ve\u0107i broj zara\u017eenih u odnosu na pretpro\u0161lu sedmicu, kada je registrovano 40 slu\u010dajeva.<\/p>\n\n\n\n<p>Naj\u010de\u0161\u0107e su infekcije u pred\u0161kolskim i \u0161kolskim uzrastima, poja\u0161njavaju iz IJZCG, \u0161to se mo\u017ee dovesti u vezu sa po\u010detkom nove \u0161kolske godine i intenzivnijim socijalnim kontaktima me\u0111u djecom.&nbsp;<\/p>\n\n\n\n<p>&#8220;S obzirom na to da se zna\u010dajan dio oboljelih ne testira, prijavljeni broj slu\u010dajeva ne odra\u017eava stvarnu u\u010destalost bolesti u populaciji, te se procjenjuje da je broj oboljelih znatno vi\u0161i od registrovanog&#8221;, kazali su u odgovorima Pobjedi.<\/p>\n\n\n\n<p>Prema trenutno dostupnim podacima, uz porast broja oboljelih registruje se blagi porast broja hospitalizovanih, ali se ne registruje porast broja slu\u010dajeva sa te\u0161kom formom bolesti, odnosno smrtnim ishodom usljed obolijevanja od korone.<\/p>\n\n\n\n<p>Isti\u010du da se kod ve\u0107ine oboljelih od korone bilje\u017ee bla\u017ee klini\u010dke manifestacije bolesti.&nbsp;<\/p>\n\n\n\n<p>&#8220;Ipak, kod osoba starijih od 65 godina, kao i kod hroni\u010dnih bolesnika svih uzrasta, bolest i dalje mo\u017ee dovesti do pojave te\u017eih komplikacija, pa \u010dak i smrtnog ishoda&#8221;, nagla\u0161avaju epidemiolozi iz IJZCG.<\/p>\n\n\n\n<p>Isti\u010du da je na osnovu iskustva iz prethodnih godina, pove\u0107anje intenziteta aktivnosti SARS-CoV-2 virusa tokom ovog perioda bilo o\u010dekivano, s tom razlikom \u0161to se ovogodi\u0161nji porast obolijevanja registruje par sedmica kasnije u odnosu na isti period.<\/p>\n\n\n\n<p>Od 2025. godine IJZCG, u skladu sa preporukama Evropskog Centra za kontrolu i prevenciju zaraznih bolesti (ECDC), sprovodi nadzor i izvje\u0161tavanje o nadzoru nad oboljenjima sli\u010dnim gripu, RSV infekcijama i COVID-19 tokom cijele kalendarske godine.&nbsp;<\/p>\n\n\n\n<p>Tako \u0107e se ove godine nadzor intenzivirati od 40. sedmice teku\u0107e godine, ali je cilj da se aktuelne respiratorne infekcije prate i tokom me\u0111usezonskog perioda (period 21 \u2013 39. kalendarska sedmica).&nbsp;<\/p>\n\n\n\n<p>Kada je o gripu rije\u010d, tokom navedenog perioda aktivnost virusa gripa se uglavnom ne registruje, ili se bilje\u017ee rijetki, sporadi\u010dni slu\u010dajevi infekcije. Kovid-19jo\u0161 nema jasno uspostavljen sezonski karakter, te se intenziviranje nadzora za ovu bolest vr\u0161i shodno epidemiolo\u0161koj situaciji, pojasnili su iz IJZCG.<\/p>\n\n\n\n<p>Na osnovu podataka koje IJZCG redovno dobija elektronskim putem (zbirne prijave) iz zdravstvenih ustanova o kretanju bolesti sli\u010dnih gripu (ILI \u2013 Influenza-like illness) na nivou primarne zdravstvene za\u0161tite, odnosno domova zdravlja, u navedenom izvje\u0161tajnom periodu registrovana je sirova stopa incidencije za ILI od 2,1 \/100 000 stanovnika.&nbsp;<\/p>\n\n\n\n<p>Prema podacima Evropskog centra za kontrolu i prevenciju zaraznih bolesti (ECDC), SARS-CoV-2 je i dalje \u0161iroko rasprostranjen u evropskom regionu, ali njegov uticaj na broj hospitalizacija ostaje ograni\u010den. Pove\u0107an broj slu\u010dajeva COVID-19 bilje\u017ei se u svim starosnim grupama, dok je u manjem broju zemalja u posljednjim sedmicama primije\u0107en trend opadanja. Te\u017ee forme bolesti, koji se naj\u010de\u0161\u0107e javljaju kod osoba starijih od 65 godina, zadr\u017eavaju se na relativno niskom nivou, sli\u010dnom onom iz istog perioda pro\u0161le godine. Aktivnost virusa gripa i gripu sli\u010dnih bolesti u ve\u0107ini evropskih zemalja tako\u0111e ostaje niska.<\/p>\n\n\n\n<p>Iz IJZVG su istakli da ostaju iste mjere prevencije, kada je rije\u010d o gripu, koroni ili sli\u010dnim respiratornim bolestima.<\/p>\n\n\n\n<p>To je no\u0161enje za\u0161titnih maski za nos i usta (naro\u010dito u zdravstvenim ustanovama i zatvorenim prostorima i ukoliko osoba ima simptome respiratorne infekcije), redovno provjetravanje prostorija, izbjegavanje bliskih kontakata sa osobama koje imaju simptome respiratorne infekcije, izbjegavanje boravka u zatvorenim prostorima gdje se nalazi veliki broj ljudi kao i izbjegavanje prisustva masovnim skupovima, redovno pranje ruku i izbjegavanje dodirivanja o\u010diju, nosa i usta prljavim rukama.<\/p>\n\n\n\n<p>Poru\u010duju da vakcinacija postaje najdjelotvornija mjera za\u0161tite od te\u017eih oblika virusnih respiratornih bolesti za koje postoje dostupne vakcine.&nbsp;<\/p>\n\n\n\n<p>O po\u010detku vakcinacije protiv sezonskog gripa za sezonu 2025\/2026, javnost \u0107e biti informisana tokom oktobra.<\/p>","protected":false},"excerpt":{"rendered":"<p>Tokom pro\u0161le sedmice, od ponedjeljka do nedjelje, registrovano je 67 slu\u010dajeva COVID-19 infekcije, podaci su Instituta za javno zdravlje.<\/p>","protected":false},"author":1,"featured_media":954133,"comment_status":"open","ping_status":"open","sticky":false,"template":"","format":"standard","meta":{"_acf_changed":false,"footnotes":""},"categories":[2],"tags":[2852,9253],"naslovna":[],"class_list":["post-954132","post","type-post","status-publish","format-standard","has-post-thumbnail","hentry","category-drustvo","tag-ijz","tag-korona-virus"],"acf":[],"yoast_head":"<!-- This site is optimized with the Yoast SEO plugin v27.4 - https:\/\/yoast.com\/product\/yoast-seo-wordpress\/ -->\n<title>U Crnoj Gori za nedjelju dana 67 slu\u010dajeva korone - dmcsrb.com<\/title>\n<meta name=\"robots\" content=\"index, follow, max-snippet:-1, max-image-preview:large, max-video-preview:-1\" \/>\n<link rel=\"canonical\" href=\"https:\/\/dmcsrb.com\/en\/drustvo\/u-crnoj-gori-za-nedjelju-dana-67-slucajeva-korone\/\" \/>\n<meta property=\"og:locale\" content=\"en_GB\" \/>\n<meta property=\"og:type\" content=\"article\" \/>\n<meta property=\"og:title\" content=\"U Crnoj Gori za nedjelju dana 67 slu\u010dajeva korone - dmcsrb.com\" \/>\n<meta property=\"og:description\" content=\"Tokom pro\u0161le sedmice, od ponedjeljka do nedjelje, registrovano je 67 slu\u010dajeva COVID-19 infekcije, podaci su Instituta za javno zdravlje.\" \/>\n<meta property=\"og:url\" content=\"https:\/\/dmcsrb.com\/en\/drustvo\/u-crnoj-gori-za-nedjelju-dana-67-slucajeva-korone\/\" \/>\n<meta property=\"og:site_name\" content=\"dmcsrb.com\" \/>\n<meta property=\"article:published_time\" content=\"2025-09-26T06:25:00+00:00\" \/>\n<meta property=\"og:image\" content=\"https:\/\/dmcsrb.com\/wp-content\/uploads\/2026\/01\/koronavirus-covid-foto-pixabay.webp\" \/>\n\t<meta property=\"og:image:width\" content=\"873\" \/>\n\t<meta property=\"og:image:height\" content=\"581\" \/>\n\t<meta property=\"og:image:type\" content=\"image\/jpeg\" \/>\n<meta name=\"author\" content=\"dmcsrbija.com@gmail.com\" \/>\n<meta name=\"twitter:card\" content=\"summary_large_image\" \/>\n<meta name=\"twitter:label1\" content=\"Written by\" \/>\n\t<meta name=\"twitter:data1\" content=\"dmcsrbija.com@gmail.com\" \/>\n\t<meta name=\"twitter:label2\" content=\"Estimated reading time\" \/>\n\t<meta name=\"twitter:data2\" content=\"3 minutes\" \/>\n<script type=\"application\/ld+json\" class=\"yoast-schema-graph\">{\"@context\":\"https:\\\/\\\/schema.org\",\"@graph\":[{\"@type\":\"Article\",\"@id\":\"https:\\\/\\\/dmcsrb.com\\\/en\\\/drustvo\\\/u-crnoj-gori-za-nedjelju-dana-67-slucajeva-korone\\\/#article\",\"isPartOf\":{\"@id\":\"https:\\\/\\\/dmcsrb.com\\\/en\\\/drustvo\\\/u-crnoj-gori-za-nedjelju-dana-67-slucajeva-korone\\\/\"},\"author\":{\"name\":\"dmcsrbija.com@gmail.com\",\"@id\":\"https:\\\/\\\/dmcsrb.com\\\/#\\\/schema\\\/person\\\/5c39170f12db1b8b457732d0b5c854e2\"},\"headline\":\"U Crnoj Gori za nedjelju dana 67 slu\u010dajeva korone\",\"datePublished\":\"2025-09-26T06:25:00+00:00\",\"mainEntityOfPage\":{\"@id\":\"https:\\\/\\\/dmcsrb.com\\\/en\\\/drustvo\\\/u-crnoj-gori-za-nedjelju-dana-67-slucajeva-korone\\\/\"},\"wordCount\":630,\"commentCount\":0,\"image\":{\"@id\":\"https:\\\/\\\/dmcsrb.com\\\/en\\\/drustvo\\\/u-crnoj-gori-za-nedjelju-dana-67-slucajeva-korone\\\/#primaryimage\"},\"thumbnailUrl\":\"https:\\\/\\\/dmcsrb.com\\\/wp-content\\\/uploads\\\/2026\\\/01\\\/koronavirus-covid-foto-pixabay.webp\",\"keywords\":[\"IJZ\",\"Korona virus\"],\"articleSection\":[\"Dru\u0161tvo\"],\"inLanguage\":\"en-GB\",\"potentialAction\":[{\"@type\":\"CommentAction\",\"name\":\"Comment\",\"target\":[\"https:\\\/\\\/dmcsrb.com\\\/en\\\/drustvo\\\/u-crnoj-gori-za-nedjelju-dana-67-slucajeva-korone\\\/#respond\"]}]},{\"@type\":\"WebPage\",\"@id\":\"https:\\\/\\\/dmcsrb.com\\\/en\\\/drustvo\\\/u-crnoj-gori-za-nedjelju-dana-67-slucajeva-korone\\\/\",\"url\":\"https:\\\/\\\/dmcsrb.com\\\/en\\\/drustvo\\\/u-crnoj-gori-za-nedjelju-dana-67-slucajeva-korone\\\/\",\"name\":\"U Crnoj Gori za nedjelju dana 67 slu\u010dajeva korone - dmcsrb.com\",\"isPartOf\":{\"@id\":\"https:\\\/\\\/dmcsrb.com\\\/#website\"},\"primaryImageOfPage\":{\"@id\":\"https:\\\/\\\/dmcsrb.com\\\/en\\\/drustvo\\\/u-crnoj-gori-za-nedjelju-dana-67-slucajeva-korone\\\/#primaryimage\"},\"image\":{\"@id\":\"https:\\\/\\\/dmcsrb.com\\\/en\\\/drustvo\\\/u-crnoj-gori-za-nedjelju-dana-67-slucajeva-korone\\\/#primaryimage\"},\"thumbnailUrl\":\"https:\\\/\\\/dmcsrb.com\\\/wp-content\\\/uploads\\\/2026\\\/01\\\/koronavirus-covid-foto-pixabay.webp\",\"datePublished\":\"2025-09-26T06:25:00+00:00\",\"author\":{\"@id\":\"https:\\\/\\\/dmcsrb.com\\\/#\\\/schema\\\/person\\\/5c39170f12db1b8b457732d0b5c854e2\"},\"breadcrumb\":{\"@id\":\"https:\\\/\\\/dmcsrb.com\\\/en\\\/drustvo\\\/u-crnoj-gori-za-nedjelju-dana-67-slucajeva-korone\\\/#breadcrumb\"},\"inLanguage\":\"en-GB\",\"potentialAction\":[{\"@type\":\"ReadAction\",\"target\":[\"https:\\\/\\\/dmcsrb.com\\\/en\\\/drustvo\\\/u-crnoj-gori-za-nedjelju-dana-67-slucajeva-korone\\\/\"]}]},{\"@type\":\"ImageObject\",\"inLanguage\":\"en-GB\",\"@id\":\"https:\\\/\\\/dmcsrb.com\\\/en\\\/drustvo\\\/u-crnoj-gori-za-nedjelju-dana-67-slucajeva-korone\\\/#primaryimage\",\"url\":\"https:\\\/\\\/dmcsrb.com\\\/wp-content\\\/uploads\\\/2026\\\/01\\\/koronavirus-covid-foto-pixabay.webp\",\"contentUrl\":\"https:\\\/\\\/dmcsrb.com\\\/wp-content\\\/uploads\\\/2026\\\/01\\\/koronavirus-covid-foto-pixabay.webp\",\"width\":873,\"height\":581},{\"@type\":\"BreadcrumbList\",\"@id\":\"https:\\\/\\\/dmcsrb.com\\\/en\\\/drustvo\\\/u-crnoj-gori-za-nedjelju-dana-67-slucajeva-korone\\\/#breadcrumb\",\"itemListElement\":[{\"@type\":\"ListItem\",\"position\":1,\"name\":\"Home\",\"item\":\"https:\\\/\\\/dmcsrb.com\\\/\"},{\"@type\":\"ListItem\",\"position\":2,\"name\":\"U Crnoj Gori za nedjelju dana 67 slu\u010dajeva korone\"}]},{\"@type\":\"WebSite\",\"@id\":\"https:\\\/\\\/dmcsrb.com\\\/#website\",\"url\":\"https:\\\/\\\/dmcsrb.com\\\/\",\"name\":\"dmcsrb.com\",\"description\":\"\",\"potentialAction\":[{\"@type\":\"SearchAction\",\"target\":{\"@type\":\"EntryPoint\",\"urlTemplate\":\"https:\\\/\\\/dmcsrb.com\\\/?s={search_term_string}\"},\"query-input\":{\"@type\":\"PropertyValueSpecification\",\"valueRequired\":true,\"valueName\":\"search_term_string\"}}],\"inLanguage\":\"en-GB\"},{\"@type\":\"Person\",\"@id\":\"https:\\\/\\\/dmcsrb.com\\\/#\\\/schema\\\/person\\\/5c39170f12db1b8b457732d0b5c854e2\",\"name\":\"dmcsrbija.com@gmail.com\",\"image\":{\"@type\":\"ImageObject\",\"inLanguage\":\"en-GB\",\"@id\":\"https:\\\/\\\/secure.gravatar.com\\\/avatar\\\/68592660ad6347fad0fb587f8d5d8f1a7b44961362f56e4f2cd524feb87e9069?s=96&d=mm&r=g\",\"url\":\"https:\\\/\\\/secure.gravatar.com\\\/avatar\\\/68592660ad6347fad0fb587f8d5d8f1a7b44961362f56e4f2cd524feb87e9069?s=96&d=mm&r=g\",\"contentUrl\":\"https:\\\/\\\/secure.gravatar.com\\\/avatar\\\/68592660ad6347fad0fb587f8d5d8f1a7b44961362f56e4f2cd524feb87e9069?s=96&d=mm&r=g\",\"caption\":\"dmcsrbija.com@gmail.com\"},\"sameAs\":[\"https:\\\/\\\/dmcsrb.com\"],\"url\":\"https:\\\/\\\/dmcsrb.com\\\/en\\\/author\\\/dmcsrbija-comgmail-com\\\/\"}]}<\/script>\n<!-- \/ Yoast SEO plugin. -->","yoast_head_json":{"title":"U Crnoj Gori za nedjelju dana 67 slu\u010dajeva korone - dmcsrb.com","robots":{"index":"index","follow":"follow","max-snippet":"max-snippet:-1","max-image-preview":"max-image-preview:large","max-video-preview":"max-video-preview:-1"},"canonical":"https:\/\/dmcsrb.com\/en\/drustvo\/u-crnoj-gori-za-nedjelju-dana-67-slucajeva-korone\/","og_locale":"en_GB","og_type":"article","og_title":"U Crnoj Gori za nedjelju dana 67 slu\u010dajeva korone - dmcsrb.com","og_description":"Tokom pro\u0161le sedmice, od ponedjeljka do nedjelje, registrovano je 67 slu\u010dajeva COVID-19 infekcije, podaci su Instituta za javno zdravlje.","og_url":"https:\/\/dmcsrb.com\/en\/drustvo\/u-crnoj-gori-za-nedjelju-dana-67-slucajeva-korone\/","og_site_name":"dmcsrb.com","article_published_time":"2025-09-26T06:25:00+00:00","og_image":[{"width":873,"height":581,"url":"https:\/\/dmcsrb.com\/wp-content\/uploads\/2026\/01\/koronavirus-covid-foto-pixabay.webp","type":"image\/jpeg"}],"author":"dmcsrbija.com@gmail.com","twitter_card":"summary_large_image","twitter_misc":{"Written by":"dmcsrbija.com@gmail.com","Estimated reading time":"3 minutes"},"schema":{"@context":"https:\/\/schema.org","@graph":[{"@type":"Article","@id":"https:\/\/dmcsrb.com\/en\/drustvo\/u-crnoj-gori-za-nedjelju-dana-67-slucajeva-korone\/#article","isPartOf":{"@id":"https:\/\/dmcsrb.com\/en\/drustvo\/u-crnoj-gori-za-nedjelju-dana-67-slucajeva-korone\/"},"author":{"name":"dmcsrbija.com@gmail.com","@id":"https:\/\/dmcsrb.com\/#\/schema\/person\/5c39170f12db1b8b457732d0b5c854e2"},"headline":"U Crnoj Gori za nedjelju dana 67 slu\u010dajeva korone","datePublished":"2025-09-26T06:25:00+00:00","mainEntityOfPage":{"@id":"https:\/\/dmcsrb.com\/en\/drustvo\/u-crnoj-gori-za-nedjelju-dana-67-slucajeva-korone\/"},"wordCount":630,"commentCount":0,"image":{"@id":"https:\/\/dmcsrb.com\/en\/drustvo\/u-crnoj-gori-za-nedjelju-dana-67-slucajeva-korone\/#primaryimage"},"thumbnailUrl":"https:\/\/dmcsrb.com\/wp-content\/uploads\/2026\/01\/koronavirus-covid-foto-pixabay.webp","keywords":["IJZ","Korona virus"],"articleSection":["Dru\u0161tvo"],"inLanguage":"en-GB","potentialAction":[{"@type":"CommentAction","name":"Comment","target":["https:\/\/dmcsrb.com\/en\/drustvo\/u-crnoj-gori-za-nedjelju-dana-67-slucajeva-korone\/#respond"]}]},{"@type":"WebPage","@id":"https:\/\/dmcsrb.com\/en\/drustvo\/u-crnoj-gori-za-nedjelju-dana-67-slucajeva-korone\/","url":"https:\/\/dmcsrb.com\/en\/drustvo\/u-crnoj-gori-za-nedjelju-dana-67-slucajeva-korone\/","name":"U Crnoj Gori za nedjelju dana 67 slu\u010dajeva korone - dmcsrb.com","isPartOf":{"@id":"https:\/\/dmcsrb.com\/#website"},"primaryImageOfPage":{"@id":"https:\/\/dmcsrb.com\/en\/drustvo\/u-crnoj-gori-za-nedjelju-dana-67-slucajeva-korone\/#primaryimage"},"image":{"@id":"https:\/\/dmcsrb.com\/en\/drustvo\/u-crnoj-gori-za-nedjelju-dana-67-slucajeva-korone\/#primaryimage"},"thumbnailUrl":"https:\/\/dmcsrb.com\/wp-content\/uploads\/2026\/01\/koronavirus-covid-foto-pixabay.webp","datePublished":"2025-09-26T06:25:00+00:00","author":{"@id":"https:\/\/dmcsrb.com\/#\/schema\/person\/5c39170f12db1b8b457732d0b5c854e2"},"breadcrumb":{"@id":"https:\/\/dmcsrb.com\/en\/drustvo\/u-crnoj-gori-za-nedjelju-dana-67-slucajeva-korone\/#breadcrumb"},"inLanguage":"en-GB","potentialAction":[{"@type":"ReadAction","target":["https:\/\/dmcsrb.com\/en\/drustvo\/u-crnoj-gori-za-nedjelju-dana-67-slucajeva-korone\/"]}]},{"@type":"ImageObject","inLanguage":"en-GB","@id":"https:\/\/dmcsrb.com\/en\/drustvo\/u-crnoj-gori-za-nedjelju-dana-67-slucajeva-korone\/#primaryimage","url":"https:\/\/dmcsrb.com\/wp-content\/uploads\/2026\/01\/koronavirus-covid-foto-pixabay.webp","contentUrl":"https:\/\/dmcsrb.com\/wp-content\/uploads\/2026\/01\/koronavirus-covid-foto-pixabay.webp","width":873,"height":581},{"@type":"BreadcrumbList","@id":"https:\/\/dmcsrb.com\/en\/drustvo\/u-crnoj-gori-za-nedjelju-dana-67-slucajeva-korone\/#breadcrumb","itemListElement":[{"@type":"ListItem","position":1,"name":"Home","item":"https:\/\/dmcsrb.com\/"},{"@type":"ListItem","position":2,"name":"U Crnoj Gori za nedjelju dana 67 slu\u010dajeva korone"}]},{"@type":"WebSite","@id":"https:\/\/dmcsrb.com\/#website","url":"https:\/\/dmcsrb.com\/","name":"dmcsrb.com","description":"","potentialAction":[{"@type":"SearchAction","target":{"@type":"EntryPoint","urlTemplate":"https:\/\/dmcsrb.com\/?s={search_term_string}"},"query-input":{"@type":"PropertyValueSpecification","valueRequired":true,"valueName":"search_term_string"}}],"inLanguage":"en-GB"},{"@type":"Person","@id":"https:\/\/dmcsrb.com\/#\/schema\/person\/5c39170f12db1b8b457732d0b5c854e2","name":"dmcsrbija.com@gmail.com","image":{"@type":"ImageObject","inLanguage":"en-GB","@id":"https:\/\/secure.gravatar.com\/avatar\/68592660ad6347fad0fb587f8d5d8f1a7b44961362f56e4f2cd524feb87e9069?s=96&d=mm&r=g","url":"https:\/\/secure.gravatar.com\/avatar\/68592660ad6347fad0fb587f8d5d8f1a7b44961362f56e4f2cd524feb87e9069?s=96&d=mm&r=g","contentUrl":"https:\/\/secure.gravatar.com\/avatar\/68592660ad6347fad0fb587f8d5d8f1a7b44961362f56e4f2cd524feb87e9069?s=96&d=mm&r=g","caption":"dmcsrbija.com@gmail.com"},"sameAs":["https:\/\/dmcsrb.com"],"url":"https:\/\/dmcsrb.com\/en\/author\/dmcsrbija-comgmail-com\/"}]}},"_links":{"self":[{"href":"https:\/\/dmcsrb.com\/en\/wp-json\/wp\/v2\/posts\/954132","targetHints":{"allow":["GET"]}}],"collection":[{"href":"https:\/\/dmcsrb.com\/en\/wp-json\/wp\/v2\/posts"}],"about":[{"href":"https:\/\/dmcsrb.com\/en\/wp-json\/wp\/v2\/types\/post"}],"author":[{"embeddable":true,"href":"https:\/\/dmcsrb.com\/en\/wp-json\/wp\/v2\/users\/1"}],"replies":[{"embeddable":true,"href":"https:\/\/dmcsrb.com\/en\/wp-json\/wp\/v2\/comments?post=954132"}],"version-history":[{"count":0,"href":"https:\/\/dmcsrb.com\/en\/wp-json\/wp\/v2\/posts\/954132\/revisions"}],"wp:featuredmedia":[{"embeddable":true,"href":"https:\/\/dmcsrb.com\/en\/wp-json\/wp\/v2\/media\/954133"}],"wp:attachment":[{"href":"https:\/\/dmcsrb.com\/en\/wp-json\/wp\/v2\/media?parent=954132"}],"wp:term":[{"taxonomy":"category","embeddable":true,"href":"https:\/\/dmcsrb.com\/en\/wp-json\/wp\/v2\/categories?post=954132"},{"taxonomy":"post_tag","embeddable":true,"href":"https:\/\/dmcsrb.com\/en\/wp-json\/wp\/v2\/tags?post=954132"},{"taxonomy":"naslovna","embeddable":true,"href":"https:\/\/dmcsrb.com\/en\/wp-json\/wp\/v2\/naslovna?post=954132"}],"curies":[{"name":"wp","href":"https:\/\/api.w.org\/{rel}","templated":true}]}}