{"id":954080,"date":"2025-09-25T20:23:00","date_gmt":"2025-09-25T18:23:00","guid":{"rendered":"https:\/\/dmcsrb.com\/uncategorized\/hegset-iznenada-pozvao-stotine-generala-na-sastanak-u-pentagonu\/"},"modified":"2025-09-25T20:23:00","modified_gmt":"2025-09-25T18:23:00","slug":"hegset-iznenada-pozvao-stotine-generala-na-sastanak-u-pentagonu","status":"publish","type":"post","link":"https:\/\/dmcsrb.com\/en\/svijet\/hegset-iznenada-pozvao-stotine-generala-na-sastanak-u-pentagonu\/","title":{"rendered":"Hegset iznenada pozvao stotine generala na sastanak u Pentagonu"},"content":{"rendered":"<p><\/p>\n\n\n\n<p>O\u010dekuje se da \u0107e se sastanak odr\u017eati u vojnoj bazi u Kvantiku u Vird\u017einiji, reklo je vi\u0161e zvani\u010dnika, dodaju\u0107i da niko ne zna o \u010demu se radi na sastanku, uklju\u010duju\u0107i same generale i oficire niti za\u0161to je odjednom dodan u raspored.<\/p>\n\n\n\n<p>Jedan izvor upoznat rekao je da su \u010duli teorije koje se kre\u0107u od grupnog testa tjelesne spremnosti, preko primanja brifinga o stanju Ministarstva odbrane, do masovnog otpu\u0161tanja oficira, ali bez obzira na razlog, iznenadno sazivanje toliko visokih vojnih oficira vrlo je neobi\u010dno.<\/p>\n\n\n\n<p>&#8220;To se naziva generalskim &#8216;Squid games'&#8221; na\u0161alio se jedan zvani\u010dnik.<\/p>\n\n\n\n<p>Neki zvani\u010dnici tako\u0111e su izrazili bezbjednosnu zabrinutost zbog prisutnosti toliko visokorangiranih oficira na jednom mjestu u isto vrijeme.<\/p>\n\n\n\n<p>Kongresni pomo\u0107nik rekao je za CNN da, osim ako Hegset ne planira najaviti &#8220;veliku novu vojnu kampanju ili potpunu reformu vojne komandne strukture, ne mogu zamisliti dobar razlog za to&#8221;.<\/p>\n\n\n\n<p>Va\u0161ington Post prvi je izvijestio o sastanku u \u010detvrtak ujutro.<\/p>\n\n\n\n<p>Glavni portparol Pentagona \u0160on Parnel potvrdio je da \u0107e se Hegset &#8220;obratiti svojim vi\u0161im vojnim \u010delnicima po\u010detkom sljede\u0107eg sedmice&#8221;. Pentagon nije odgovorio na konkretna pitanja o svrsi sastanka ili je li naredba bila namijenjena svim generalima i oficirima u vojsci.<\/p>\n\n\n\n<p>Nije jasno je li naredba bila namijenjena svim generalima i oficirima &#8211; onima s \u010dinom jedne zvjezdice ili vi\u0161e &#8211; ili samo onima na odre\u0111enim komandnim ili vode\u0107im pozicijama.<\/p>\n\n\n\n<p>Sastanak se odr\u017eava u trenutku kada je Trampova administracija otpustila niz visokopozicioniranih generala i oficira od preuzimanja du\u017enosti u januaru, u mnogim slu\u010dajevima zbog Hegsetove kampanje protiv pitanja vezanih uz raznolikost, ali \u010desto i iz neutvr\u0111enih razloga. Hegset je u maju tako\u0111e naredio Ministarstvu odbrane da smanji broj generala s \u010detiri zvjezdice i admirala za najmanje 20 posto.<\/p>\n\n\n\n<p>Me\u0111u do sada otpu\u0161tenim oficirima su biv\u0161i na\u010delnik Zdru\u017eenog \u0161taba general C.Q. Braun; admiral Liza Franketi, biv\u0161a na\u010delnica pomorskih operacija; admiral Linda Fagan, biv\u0161a zapovjednica Obalne stra\u017ee; general D\u017eejms Slif, biv\u0161i zamjenik na\u010delnika Vazdu\u0161nih snaga; general-pukovnik D\u017eefri Kruse, biv\u0161i \u0161ef Ameri\u010dke odbrambene obavje\u0161tajne agencije; viceadmiral Nensi Lakor, biv\u0161a na\u010delnica rezervnog sastava mornarice; i kontraadmiral Milton Sends, biv\u0161i na\u010delnik Komande za specijalno ratovanje mornarice.<\/p>\n\n\n\n<p>Prije nego \u0161to je preuzeo du\u017enost ministra odbrane, Hegset je vi\u0161e puta izrazio prezir prema ve\u0107em dijelu trenutno aktivnog generalskog i oficirskog dijela vojske. U nastupu u podkastu pro\u0161log ljeta, Hegset je rekao da je tre\u0107ina vi\u0161ih vojnih oficira &#8220;aktivno sau\u010desnik&#8221; u onome \u0161to je tvrdio da je korak prema politizaciji vojske. U drugom podkastu rekao je da vi\u0161i oficiri &#8220;igraju po svim krivim pravilima&#8221; kako bi udovoljili &#8220;ideolozima u Va\u0161ingtonu, DC&#8221;.<\/p>","protected":false},"excerpt":{"rendered":"<p>Stotine ameri\u010dkih generala i admirala iz cijelog svijeta pozvani su u Vird\u017einiju na sastanak s ministrom odbrane Pitom Hegsetom sljede\u0107i utorak, rekli su za CNN nekoliko ameri\u010dkih zvani\u010dnika, iako razlog sastanka nije jasan, prenosi Klix.ba.<\/p>","protected":false},"author":1,"featured_media":954081,"comment_status":"open","ping_status":"open","sticky":false,"template":"","format":"standard","meta":{"_acf_changed":false,"footnotes":""},"categories":[144],"tags":[1244,5857,1578,9232],"naslovna":[],"class_list":["post-954080","post","type-post","status-publish","format-standard","has-post-thumbnail","hentry","category-svijet","tag-pentagon","tag-pit-hegset","tag-sastanak","tag-stotine-generala"],"acf":[],"yoast_head":"<!-- This site is optimized with the Yoast SEO plugin v27.4 - https:\/\/yoast.com\/product\/yoast-seo-wordpress\/ -->\n<title>Hegset iznenada pozvao stotine generala na sastanak u Pentagonu - dmcsrb.com<\/title>\n<meta name=\"robots\" content=\"index, follow, max-snippet:-1, max-image-preview:large, max-video-preview:-1\" \/>\n<link rel=\"canonical\" href=\"https:\/\/dmcsrb.com\/en\/svijet\/hegset-iznenada-pozvao-stotine-generala-na-sastanak-u-pentagonu\/\" \/>\n<meta property=\"og:locale\" content=\"en_GB\" \/>\n<meta property=\"og:type\" content=\"article\" \/>\n<meta property=\"og:title\" content=\"Hegset iznenada pozvao stotine generala na sastanak u Pentagonu - dmcsrb.com\" \/>\n<meta property=\"og:description\" content=\"Stotine ameri\u010dkih generala i admirala iz cijelog svijeta pozvani su u Vird\u017einiju na sastanak s ministrom odbrane Pitom Hegsetom sljede\u0107i utorak, rekli su za CNN nekoliko ameri\u010dkih zvani\u010dnika, iako razlog sastanka nije jasan, prenosi Klix.ba.\" \/>\n<meta property=\"og:url\" content=\"https:\/\/dmcsrb.com\/en\/svijet\/hegset-iznenada-pozvao-stotine-generala-na-sastanak-u-pentagonu\/\" \/>\n<meta property=\"og:site_name\" content=\"dmcsrb.com\" \/>\n<meta property=\"article:published_time\" content=\"2025-09-25T18:23:00+00:00\" \/>\n<meta property=\"og:image\" content=\"https:\/\/dmcsrb.com\/wp-content\/uploads\/2026\/01\/AP25110023408312-scaled-1.webp\" \/>\n\t<meta property=\"og:image:width\" content=\"2560\" \/>\n\t<meta property=\"og:image:height\" content=\"1707\" \/>\n\t<meta property=\"og:image:type\" content=\"image\/jpeg\" \/>\n<meta name=\"author\" content=\"dmcsrbija.com@gmail.com\" \/>\n<meta name=\"twitter:card\" content=\"summary_large_image\" \/>\n<meta name=\"twitter:label1\" content=\"Written by\" \/>\n\t<meta name=\"twitter:data1\" content=\"dmcsrbija.com@gmail.com\" \/>\n\t<meta name=\"twitter:label2\" content=\"Estimated reading time\" \/>\n\t<meta name=\"twitter:data2\" content=\"2 minutes\" \/>\n<script type=\"application\/ld+json\" class=\"yoast-schema-graph\">{\"@context\":\"https:\\\/\\\/schema.org\",\"@graph\":[{\"@type\":\"Article\",\"@id\":\"https:\\\/\\\/dmcsrb.com\\\/svijet\\\/hegset-iznenada-pozvao-stotine-generala-na-sastanak-u-pentagonu\\\/#article\",\"isPartOf\":{\"@id\":\"https:\\\/\\\/dmcsrb.com\\\/svijet\\\/hegset-iznenada-pozvao-stotine-generala-na-sastanak-u-pentagonu\\\/\"},\"author\":{\"name\":\"dmcsrbija.com@gmail.com\",\"@id\":\"https:\\\/\\\/dmcsrb.com\\\/#\\\/schema\\\/person\\\/5c39170f12db1b8b457732d0b5c854e2\"},\"headline\":\"Hegset iznenada pozvao stotine generala na sastanak u Pentagonu\",\"datePublished\":\"2025-09-25T18:23:00+00:00\",\"mainEntityOfPage\":{\"@id\":\"https:\\\/\\\/dmcsrb.com\\\/svijet\\\/hegset-iznenada-pozvao-stotine-generala-na-sastanak-u-pentagonu\\\/\"},\"wordCount\":481,\"commentCount\":0,\"image\":{\"@id\":\"https:\\\/\\\/dmcsrb.com\\\/svijet\\\/hegset-iznenada-pozvao-stotine-generala-na-sastanak-u-pentagonu\\\/#primaryimage\"},\"thumbnailUrl\":\"https:\\\/\\\/dmcsrb.com\\\/wp-content\\\/uploads\\\/2026\\\/01\\\/AP25110023408312-scaled-1.webp\",\"keywords\":[\"pentagon\",\"Pit Hegset\",\"sastanak\",\"Stotine generala\"],\"articleSection\":[\"Svijet\"],\"inLanguage\":\"en-GB\",\"potentialAction\":[{\"@type\":\"CommentAction\",\"name\":\"Comment\",\"target\":[\"https:\\\/\\\/dmcsrb.com\\\/svijet\\\/hegset-iznenada-pozvao-stotine-generala-na-sastanak-u-pentagonu\\\/#respond\"]}]},{\"@type\":\"WebPage\",\"@id\":\"https:\\\/\\\/dmcsrb.com\\\/svijet\\\/hegset-iznenada-pozvao-stotine-generala-na-sastanak-u-pentagonu\\\/\",\"url\":\"https:\\\/\\\/dmcsrb.com\\\/svijet\\\/hegset-iznenada-pozvao-stotine-generala-na-sastanak-u-pentagonu\\\/\",\"name\":\"Hegset iznenada pozvao stotine generala na sastanak u Pentagonu - dmcsrb.com\",\"isPartOf\":{\"@id\":\"https:\\\/\\\/dmcsrb.com\\\/#website\"},\"primaryImageOfPage\":{\"@id\":\"https:\\\/\\\/dmcsrb.com\\\/svijet\\\/hegset-iznenada-pozvao-stotine-generala-na-sastanak-u-pentagonu\\\/#primaryimage\"},\"image\":{\"@id\":\"https:\\\/\\\/dmcsrb.com\\\/svijet\\\/hegset-iznenada-pozvao-stotine-generala-na-sastanak-u-pentagonu\\\/#primaryimage\"},\"thumbnailUrl\":\"https:\\\/\\\/dmcsrb.com\\\/wp-content\\\/uploads\\\/2026\\\/01\\\/AP25110023408312-scaled-1.webp\",\"datePublished\":\"2025-09-25T18:23:00+00:00\",\"author\":{\"@id\":\"https:\\\/\\\/dmcsrb.com\\\/#\\\/schema\\\/person\\\/5c39170f12db1b8b457732d0b5c854e2\"},\"breadcrumb\":{\"@id\":\"https:\\\/\\\/dmcsrb.com\\\/svijet\\\/hegset-iznenada-pozvao-stotine-generala-na-sastanak-u-pentagonu\\\/#breadcrumb\"},\"inLanguage\":\"en-GB\",\"potentialAction\":[{\"@type\":\"ReadAction\",\"target\":[\"https:\\\/\\\/dmcsrb.com\\\/svijet\\\/hegset-iznenada-pozvao-stotine-generala-na-sastanak-u-pentagonu\\\/\"]}]},{\"@type\":\"ImageObject\",\"inLanguage\":\"en-GB\",\"@id\":\"https:\\\/\\\/dmcsrb.com\\\/svijet\\\/hegset-iznenada-pozvao-stotine-generala-na-sastanak-u-pentagonu\\\/#primaryimage\",\"url\":\"https:\\\/\\\/dmcsrb.com\\\/wp-content\\\/uploads\\\/2026\\\/01\\\/AP25110023408312-scaled-1.webp\",\"contentUrl\":\"https:\\\/\\\/dmcsrb.com\\\/wp-content\\\/uploads\\\/2026\\\/01\\\/AP25110023408312-scaled-1.webp\",\"width\":2560,\"height\":1707},{\"@type\":\"BreadcrumbList\",\"@id\":\"https:\\\/\\\/dmcsrb.com\\\/svijet\\\/hegset-iznenada-pozvao-stotine-generala-na-sastanak-u-pentagonu\\\/#breadcrumb\",\"itemListElement\":[{\"@type\":\"ListItem\",\"position\":1,\"name\":\"Home\",\"item\":\"https:\\\/\\\/dmcsrb.com\\\/\"},{\"@type\":\"ListItem\",\"position\":2,\"name\":\"Hegset iznenada pozvao stotine generala na sastanak u Pentagonu\"}]},{\"@type\":\"WebSite\",\"@id\":\"https:\\\/\\\/dmcsrb.com\\\/#website\",\"url\":\"https:\\\/\\\/dmcsrb.com\\\/\",\"name\":\"dmcsrb.com\",\"description\":\"\",\"potentialAction\":[{\"@type\":\"SearchAction\",\"target\":{\"@type\":\"EntryPoint\",\"urlTemplate\":\"https:\\\/\\\/dmcsrb.com\\\/?s={search_term_string}\"},\"query-input\":{\"@type\":\"PropertyValueSpecification\",\"valueRequired\":true,\"valueName\":\"search_term_string\"}}],\"inLanguage\":\"en-GB\"},{\"@type\":\"Person\",\"@id\":\"https:\\\/\\\/dmcsrb.com\\\/#\\\/schema\\\/person\\\/5c39170f12db1b8b457732d0b5c854e2\",\"name\":\"dmcsrbija.com@gmail.com\",\"image\":{\"@type\":\"ImageObject\",\"inLanguage\":\"en-GB\",\"@id\":\"https:\\\/\\\/secure.gravatar.com\\\/avatar\\\/68592660ad6347fad0fb587f8d5d8f1a7b44961362f56e4f2cd524feb87e9069?s=96&d=mm&r=g\",\"url\":\"https:\\\/\\\/secure.gravatar.com\\\/avatar\\\/68592660ad6347fad0fb587f8d5d8f1a7b44961362f56e4f2cd524feb87e9069?s=96&d=mm&r=g\",\"contentUrl\":\"https:\\\/\\\/secure.gravatar.com\\\/avatar\\\/68592660ad6347fad0fb587f8d5d8f1a7b44961362f56e4f2cd524feb87e9069?s=96&d=mm&r=g\",\"caption\":\"dmcsrbija.com@gmail.com\"},\"sameAs\":[\"https:\\\/\\\/dmcsrb.com\"],\"url\":\"https:\\\/\\\/dmcsrb.com\\\/en\\\/author\\\/dmcsrbija-comgmail-com\\\/\"}]}<\/script>\n<!-- \/ Yoast SEO plugin. -->","yoast_head_json":{"title":"Hegset iznenada pozvao stotine generala na sastanak u Pentagonu - dmcsrb.com","robots":{"index":"index","follow":"follow","max-snippet":"max-snippet:-1","max-image-preview":"max-image-preview:large","max-video-preview":"max-video-preview:-1"},"canonical":"https:\/\/dmcsrb.com\/en\/svijet\/hegset-iznenada-pozvao-stotine-generala-na-sastanak-u-pentagonu\/","og_locale":"en_GB","og_type":"article","og_title":"Hegset iznenada pozvao stotine generala na sastanak u Pentagonu - dmcsrb.com","og_description":"Stotine ameri\u010dkih generala i admirala iz cijelog svijeta pozvani su u Vird\u017einiju na sastanak s ministrom odbrane Pitom Hegsetom sljede\u0107i utorak, rekli su za CNN nekoliko ameri\u010dkih zvani\u010dnika, iako razlog sastanka nije jasan, prenosi Klix.ba.","og_url":"https:\/\/dmcsrb.com\/en\/svijet\/hegset-iznenada-pozvao-stotine-generala-na-sastanak-u-pentagonu\/","og_site_name":"dmcsrb.com","article_published_time":"2025-09-25T18:23:00+00:00","og_image":[{"width":2560,"height":1707,"url":"https:\/\/dmcsrb.com\/wp-content\/uploads\/2026\/01\/AP25110023408312-scaled-1.webp","type":"image\/jpeg"}],"author":"dmcsrbija.com@gmail.com","twitter_card":"summary_large_image","twitter_misc":{"Written by":"dmcsrbija.com@gmail.com","Estimated reading time":"2 minutes"},"schema":{"@context":"https:\/\/schema.org","@graph":[{"@type":"Article","@id":"https:\/\/dmcsrb.com\/svijet\/hegset-iznenada-pozvao-stotine-generala-na-sastanak-u-pentagonu\/#article","isPartOf":{"@id":"https:\/\/dmcsrb.com\/svijet\/hegset-iznenada-pozvao-stotine-generala-na-sastanak-u-pentagonu\/"},"author":{"name":"dmcsrbija.com@gmail.com","@id":"https:\/\/dmcsrb.com\/#\/schema\/person\/5c39170f12db1b8b457732d0b5c854e2"},"headline":"Hegset iznenada pozvao stotine generala na sastanak u Pentagonu","datePublished":"2025-09-25T18:23:00+00:00","mainEntityOfPage":{"@id":"https:\/\/dmcsrb.com\/svijet\/hegset-iznenada-pozvao-stotine-generala-na-sastanak-u-pentagonu\/"},"wordCount":481,"commentCount":0,"image":{"@id":"https:\/\/dmcsrb.com\/svijet\/hegset-iznenada-pozvao-stotine-generala-na-sastanak-u-pentagonu\/#primaryimage"},"thumbnailUrl":"https:\/\/dmcsrb.com\/wp-content\/uploads\/2026\/01\/AP25110023408312-scaled-1.webp","keywords":["pentagon","Pit Hegset","sastanak","Stotine generala"],"articleSection":["Svijet"],"inLanguage":"en-GB","potentialAction":[{"@type":"CommentAction","name":"Comment","target":["https:\/\/dmcsrb.com\/svijet\/hegset-iznenada-pozvao-stotine-generala-na-sastanak-u-pentagonu\/#respond"]}]},{"@type":"WebPage","@id":"https:\/\/dmcsrb.com\/svijet\/hegset-iznenada-pozvao-stotine-generala-na-sastanak-u-pentagonu\/","url":"https:\/\/dmcsrb.com\/svijet\/hegset-iznenada-pozvao-stotine-generala-na-sastanak-u-pentagonu\/","name":"Hegset iznenada pozvao stotine generala na sastanak u Pentagonu - dmcsrb.com","isPartOf":{"@id":"https:\/\/dmcsrb.com\/#website"},"primaryImageOfPage":{"@id":"https:\/\/dmcsrb.com\/svijet\/hegset-iznenada-pozvao-stotine-generala-na-sastanak-u-pentagonu\/#primaryimage"},"image":{"@id":"https:\/\/dmcsrb.com\/svijet\/hegset-iznenada-pozvao-stotine-generala-na-sastanak-u-pentagonu\/#primaryimage"},"thumbnailUrl":"https:\/\/dmcsrb.com\/wp-content\/uploads\/2026\/01\/AP25110023408312-scaled-1.webp","datePublished":"2025-09-25T18:23:00+00:00","author":{"@id":"https:\/\/dmcsrb.com\/#\/schema\/person\/5c39170f12db1b8b457732d0b5c854e2"},"breadcrumb":{"@id":"https:\/\/dmcsrb.com\/svijet\/hegset-iznenada-pozvao-stotine-generala-na-sastanak-u-pentagonu\/#breadcrumb"},"inLanguage":"en-GB","potentialAction":[{"@type":"ReadAction","target":["https:\/\/dmcsrb.com\/svijet\/hegset-iznenada-pozvao-stotine-generala-na-sastanak-u-pentagonu\/"]}]},{"@type":"ImageObject","inLanguage":"en-GB","@id":"https:\/\/dmcsrb.com\/svijet\/hegset-iznenada-pozvao-stotine-generala-na-sastanak-u-pentagonu\/#primaryimage","url":"https:\/\/dmcsrb.com\/wp-content\/uploads\/2026\/01\/AP25110023408312-scaled-1.webp","contentUrl":"https:\/\/dmcsrb.com\/wp-content\/uploads\/2026\/01\/AP25110023408312-scaled-1.webp","width":2560,"height":1707},{"@type":"BreadcrumbList","@id":"https:\/\/dmcsrb.com\/svijet\/hegset-iznenada-pozvao-stotine-generala-na-sastanak-u-pentagonu\/#breadcrumb","itemListElement":[{"@type":"ListItem","position":1,"name":"Home","item":"https:\/\/dmcsrb.com\/"},{"@type":"ListItem","position":2,"name":"Hegset iznenada pozvao stotine generala na sastanak u Pentagonu"}]},{"@type":"WebSite","@id":"https:\/\/dmcsrb.com\/#website","url":"https:\/\/dmcsrb.com\/","name":"dmcsrb.com","description":"","potentialAction":[{"@type":"SearchAction","target":{"@type":"EntryPoint","urlTemplate":"https:\/\/dmcsrb.com\/?s={search_term_string}"},"query-input":{"@type":"PropertyValueSpecification","valueRequired":true,"valueName":"search_term_string"}}],"inLanguage":"en-GB"},{"@type":"Person","@id":"https:\/\/dmcsrb.com\/#\/schema\/person\/5c39170f12db1b8b457732d0b5c854e2","name":"dmcsrbija.com@gmail.com","image":{"@type":"ImageObject","inLanguage":"en-GB","@id":"https:\/\/secure.gravatar.com\/avatar\/68592660ad6347fad0fb587f8d5d8f1a7b44961362f56e4f2cd524feb87e9069?s=96&d=mm&r=g","url":"https:\/\/secure.gravatar.com\/avatar\/68592660ad6347fad0fb587f8d5d8f1a7b44961362f56e4f2cd524feb87e9069?s=96&d=mm&r=g","contentUrl":"https:\/\/secure.gravatar.com\/avatar\/68592660ad6347fad0fb587f8d5d8f1a7b44961362f56e4f2cd524feb87e9069?s=96&d=mm&r=g","caption":"dmcsrbija.com@gmail.com"},"sameAs":["https:\/\/dmcsrb.com"],"url":"https:\/\/dmcsrb.com\/en\/author\/dmcsrbija-comgmail-com\/"}]}},"_links":{"self":[{"href":"https:\/\/dmcsrb.com\/en\/wp-json\/wp\/v2\/posts\/954080","targetHints":{"allow":["GET"]}}],"collection":[{"href":"https:\/\/dmcsrb.com\/en\/wp-json\/wp\/v2\/posts"}],"about":[{"href":"https:\/\/dmcsrb.com\/en\/wp-json\/wp\/v2\/types\/post"}],"author":[{"embeddable":true,"href":"https:\/\/dmcsrb.com\/en\/wp-json\/wp\/v2\/users\/1"}],"replies":[{"embeddable":true,"href":"https:\/\/dmcsrb.com\/en\/wp-json\/wp\/v2\/comments?post=954080"}],"version-history":[{"count":0,"href":"https:\/\/dmcsrb.com\/en\/wp-json\/wp\/v2\/posts\/954080\/revisions"}],"wp:featuredmedia":[{"embeddable":true,"href":"https:\/\/dmcsrb.com\/en\/wp-json\/wp\/v2\/media\/954081"}],"wp:attachment":[{"href":"https:\/\/dmcsrb.com\/en\/wp-json\/wp\/v2\/media?parent=954080"}],"wp:term":[{"taxonomy":"category","embeddable":true,"href":"https:\/\/dmcsrb.com\/en\/wp-json\/wp\/v2\/categories?post=954080"},{"taxonomy":"post_tag","embeddable":true,"href":"https:\/\/dmcsrb.com\/en\/wp-json\/wp\/v2\/tags?post=954080"},{"taxonomy":"naslovna","embeddable":true,"href":"https:\/\/dmcsrb.com\/en\/wp-json\/wp\/v2\/naslovna?post=954080"}],"curies":[{"name":"wp","href":"https:\/\/api.w.org\/{rel}","templated":true}]}}