{"id":954001,"date":"2025-09-25T15:13:00","date_gmt":"2025-09-25T13:13:00","guid":{"rendered":"https:\/\/dmcsrb.com\/uncategorized\/povodom-dana-ekoloske-drzave-odrzan-dvodnevni-program-green-renaissance\/"},"modified":"2025-09-25T15:13:00","modified_gmt":"2025-09-25T13:13:00","slug":"povodom-dana-ekoloske-drzave-odrzan-dvodnevni-program-green-renaissance","status":"publish","type":"post","link":"https:\/\/dmcsrb.com\/en\/podgorica\/povodom-dana-ekoloske-drzave-odrzan-dvodnevni-program-green-renaissance\/","title":{"rendered":"Povodom Dana ekolo\u0161ke dr\u017eave odr\u017ean dvodnevni program &#8220;Green Renaissance&#8221;"},"content":{"rendered":"<p><\/p>\n\n\n\n<p>Prvog dana, 24. septembra, u prelijepom dvori\u0161nom ambijentu, publika je imala priliku da, po prvi put u istoriji Gimnazije, u\u017eiva u open-air bioskopu i projekciji filma \u201eVatreni lisac\u201c iz 2024. godine.<\/p>\n\n\n\n<p>Prije projekcije filma prisutnima su se obratili, ispred Glavnog grada, direktorica Dje\u010dijeg saveza Crne Gore Du\u0161ka \u0160ljivan\u010danin koja je istakla da ovakvi doga\u0111aji imaju posebnu vrijednost jer na jedinstven na\u010din povezuju umjetnost i dru\u0161tvenu odgovornost. Na ovaj na\u010din promovi\u0161emo kulturu, najva\u017eniji aspekt svakog dru\u0161tva, jer ona oblikuje na\u0161e vrijednosti, identitet i budu\u0107nost. Mladi kroz snagu filma ne samo da razvijaju osje\u0107aj za estetsko i kreativno, ve\u0107 i dosti\u017eu ideje ekologije, koje su klju\u010dne za odr\u017eivi razvoj i o\u010duvanje prirode, naglasila je \u0160ljivan\u010danin.<\/p>\n\n\n\n<p>Direktor Gimnazije profesor Zoran Pejovi\u0107 istakao je da veliki broj u\u010denika i u\u010denica, profesora, ljubitelja filma i ekologije predstavlja najbolju potvrdu da ovakvi projekti imaju svoju smisao i svrhu. Oni pokazuju da ideja ekolo\u0161ke dr\u017eave nije samo istorijska \u010dinjenica na koju se podsje\u0107amo, ve\u0107 \u017eiva vizija koja tra\u017ei nove oblike izra\u017eavanja i nove generacije koje \u0107e je o\u017eivjeti. Upravo kroz umjetnost i zajedni\u010dko okupljanje, razvijamo osje\u0107aj odgovornosti prema prirodi i ja\u010damo svijest da je ekologija temelj budu\u0107nosti Crne Gore, naveo je Pejovi\u0107.<\/p>\n\n\n\n<p>Direktor Green Montenegro International Film Festa Blagota Marunovi\u0107 naglasio je da je ovaj pilot projekat osmi\u0161ljen sa ciljem da kroz umjetnost, film i edukaciju podsjeti na ideju Crne Gore kao prve ekolo\u0161ke dr\u017eave na svijetu, kao i na zna\u010daj aktivnog uklju\u010divanja mladih u procese za\u0161tite \u017eivotne sredine i odr\u017eivog razvoja. Marunovi\u0107 je najavio izuzetno ostvarenje ruskog reditelja i snimatelja Dmitrija \u0160pilenoka, koje je nastajalo tokom tri godine na prostranstvima Kam\u010datke, a koje donosi inspirativnu pri\u010du o lisici koja se bori sa svojim strahovima i kroz isku\u0161enja pronalazi unutra\u0161nju snagu \u2013 kao simbol neraskidive povezanosti \u010dovjeka i prirode. Namjerno sniman sa minimalnom, dvo\u010dlanom filmskom ekipom, projekat je i sam po sebi \u010din o\u010duvanja za\u0161ti\u0107enog prostora, zaklju\u010dio je Marunovi\u0107.<\/p>\n\n\n\n<p>Drugog dana, 25. septembra, u sve\u010danoj sali Gimnazije, odr\u017ean je Masterclass na temu \u201eEkolo\u0161ka dr\u017eava 2.0 \u2013 Generacije na potezu\u201c. U otvorenom i inspirativnom razgovoru sa u\u010denicima, predava\u010di Du\u0161an Pejovi\u0107, crnogorski pisac, publicista i dru\u0161tveni aktivista, i Aldo Vlahovljak, mladi evropski ambasador, govorili su o savremenim ekolo\u0161kim izazovima Crne Gore i potencijalu mladih da prepoznaju, razumiju i sprovedu principe zelene kulture i odr\u017eivog dru\u0161tva.<\/p>\n\n\n\n<p>Poseban akcenat stavljen je na odgovornost novih generacija da, kao budu\u0107i donosioci odluka i klju\u010dni akteri dru\u0161tva, nastave da razvijaju i unapre\u0111uju koncept ekolo\u0161ke dr\u017eave, viziju koja je Crnu Goru jo\u0161 1991. godine izdvojila kao pionira u svijetu i ako se sada, 34 godine nakon te odluke na\u0161e dru\u0161tvo i dalje bori sa osnovim razumijevanjem ovog jedinstvenog koncepta i sprovo\u0111enjem istog u praksi.<\/p>","protected":false},"excerpt":{"rendered":"<p>Povodom Dana ekolo\u0161ke dr\u017eave Crne Gore, u JU Gimnaziji \u201eSlobodan \u0160kerovi\u0107\u201c, najstarijoj obrazovnoj instituciji u na\u0161oj zemlji, odr\u017ean je poseban dvodnevni program pod nazivom \u201eGreen Renaissance\u201c, u organizaciji Green Montenegro International Film Festa (GMIFF) i uz podr\u0161ku Glavnog grada \u2013 Podgorice.<\/p>","protected":false},"author":1,"featured_media":954002,"comment_status":"open","ping_status":"open","sticky":false,"template":"","format":"standard","meta":{"_acf_changed":false,"footnotes":""},"categories":[56],"tags":[7336,9178],"naslovna":[],"class_list":["post-954001","post","type-post","status-publish","format-standard","has-post-thumbnail","hentry","category-podgorica","tag-dan-ekoloske-drzave","tag-gimnazija"],"acf":[],"yoast_head":"<!-- This site is optimized with the Yoast SEO plugin v27.0 - https:\/\/yoast.com\/product\/yoast-seo-wordpress\/ -->\n<title>Povodom Dana ekolo\u0161ke dr\u017eave odr\u017ean dvodnevni program &quot;Green Renaissance&quot; - dmcsrb.com<\/title>\n<meta name=\"robots\" content=\"index, follow, max-snippet:-1, max-image-preview:large, max-video-preview:-1\" \/>\n<link rel=\"canonical\" href=\"https:\/\/dmcsrb.com\/en\/podgorica\/povodom-dana-ekoloske-drzave-odrzan-dvodnevni-program-green-renaissance\/\" \/>\n<meta property=\"og:locale\" content=\"en_GB\" \/>\n<meta property=\"og:type\" content=\"article\" \/>\n<meta property=\"og:title\" content=\"Povodom Dana ekolo\u0161ke dr\u017eave odr\u017ean dvodnevni program &quot;Green Renaissance&quot; - dmcsrb.com\" \/>\n<meta property=\"og:description\" content=\"Povodom Dana ekolo\u0161ke dr\u017eave Crne Gore, u JU Gimnaziji \u201eSlobodan \u0160kerovi\u0107\u201c, najstarijoj obrazovnoj instituciji u na\u0161oj zemlji, odr\u017ean je poseban dvodnevni program pod nazivom \u201eGreen Renaissance\u201c, u organizaciji Green Montenegro International Film Festa (GMIFF) i uz podr\u0161ku Glavnog grada \u2013 Podgorice.\" \/>\n<meta property=\"og:url\" content=\"https:\/\/dmcsrb.com\/en\/podgorica\/povodom-dana-ekoloske-drzave-odrzan-dvodnevni-program-green-renaissance\/\" \/>\n<meta property=\"og:site_name\" content=\"dmcsrb.com\" \/>\n<meta property=\"article:published_time\" content=\"2025-09-25T13:13:00+00:00\" \/>\n<meta property=\"og:image\" content=\"https:\/\/dmcsrb.com\/wp-content\/uploads\/2026\/01\/gimnazija.webp\" \/>\n\t<meta property=\"og:image:width\" content=\"1600\" \/>\n\t<meta property=\"og:image:height\" content=\"838\" \/>\n\t<meta property=\"og:image:type\" content=\"image\/jpeg\" \/>\n<meta name=\"author\" content=\"dmcsrbija.com@gmail.com\" \/>\n<meta name=\"twitter:card\" content=\"summary_large_image\" \/>\n<meta name=\"twitter:label1\" content=\"Written by\" \/>\n\t<meta name=\"twitter:data1\" content=\"dmcsrbija.com@gmail.com\" \/>\n\t<meta name=\"twitter:label2\" content=\"Estimated reading time\" \/>\n\t<meta name=\"twitter:data2\" content=\"2 minutes\" \/>\n<script type=\"application\/ld+json\" class=\"yoast-schema-graph\">{\"@context\":\"https:\/\/schema.org\",\"@graph\":[{\"@type\":\"Article\",\"@id\":\"https:\/\/dmcsrb.com\/podgorica\/povodom-dana-ekoloske-drzave-odrzan-dvodnevni-program-green-renaissance\/#article\",\"isPartOf\":{\"@id\":\"https:\/\/dmcsrb.com\/podgorica\/povodom-dana-ekoloske-drzave-odrzan-dvodnevni-program-green-renaissance\/\"},\"author\":{\"name\":\"dmcsrbija.com@gmail.com\",\"@id\":\"https:\/\/dmcsrb.com\/#\/schema\/person\/5c39170f12db1b8b457732d0b5c854e2\"},\"headline\":\"Povodom Dana ekolo\u0161ke dr\u017eave odr\u017ean dvodnevni program &#8220;Green Renaissance&#8221;\",\"datePublished\":\"2025-09-25T13:13:00+00:00\",\"mainEntityOfPage\":{\"@id\":\"https:\/\/dmcsrb.com\/podgorica\/povodom-dana-ekoloske-drzave-odrzan-dvodnevni-program-green-renaissance\/\"},\"wordCount\":511,\"commentCount\":0,\"image\":{\"@id\":\"https:\/\/dmcsrb.com\/podgorica\/povodom-dana-ekoloske-drzave-odrzan-dvodnevni-program-green-renaissance\/#primaryimage\"},\"thumbnailUrl\":\"https:\/\/dmcsrb.com\/wp-content\/uploads\/2026\/01\/gimnazija.webp\",\"keywords\":[\"Dan ekolo\u0161ke dr\u017eave\",\"Gimnazija\"],\"articleSection\":[\"Podgorica\"],\"inLanguage\":\"en-GB\",\"potentialAction\":[{\"@type\":\"CommentAction\",\"name\":\"Comment\",\"target\":[\"https:\/\/dmcsrb.com\/podgorica\/povodom-dana-ekoloske-drzave-odrzan-dvodnevni-program-green-renaissance\/#respond\"]}]},{\"@type\":\"WebPage\",\"@id\":\"https:\/\/dmcsrb.com\/podgorica\/povodom-dana-ekoloske-drzave-odrzan-dvodnevni-program-green-renaissance\/\",\"url\":\"https:\/\/dmcsrb.com\/podgorica\/povodom-dana-ekoloske-drzave-odrzan-dvodnevni-program-green-renaissance\/\",\"name\":\"Povodom Dana ekolo\u0161ke dr\u017eave odr\u017ean dvodnevni program \\\"Green Renaissance\\\" - dmcsrb.com\",\"isPartOf\":{\"@id\":\"https:\/\/dmcsrb.com\/#website\"},\"primaryImageOfPage\":{\"@id\":\"https:\/\/dmcsrb.com\/podgorica\/povodom-dana-ekoloske-drzave-odrzan-dvodnevni-program-green-renaissance\/#primaryimage\"},\"image\":{\"@id\":\"https:\/\/dmcsrb.com\/podgorica\/povodom-dana-ekoloske-drzave-odrzan-dvodnevni-program-green-renaissance\/#primaryimage\"},\"thumbnailUrl\":\"https:\/\/dmcsrb.com\/wp-content\/uploads\/2026\/01\/gimnazija.webp\",\"datePublished\":\"2025-09-25T13:13:00+00:00\",\"author\":{\"@id\":\"https:\/\/dmcsrb.com\/#\/schema\/person\/5c39170f12db1b8b457732d0b5c854e2\"},\"breadcrumb\":{\"@id\":\"https:\/\/dmcsrb.com\/podgorica\/povodom-dana-ekoloske-drzave-odrzan-dvodnevni-program-green-renaissance\/#breadcrumb\"},\"inLanguage\":\"en-GB\",\"potentialAction\":[{\"@type\":\"ReadAction\",\"target\":[\"https:\/\/dmcsrb.com\/podgorica\/povodom-dana-ekoloske-drzave-odrzan-dvodnevni-program-green-renaissance\/\"]}]},{\"@type\":\"ImageObject\",\"inLanguage\":\"en-GB\",\"@id\":\"https:\/\/dmcsrb.com\/podgorica\/povodom-dana-ekoloske-drzave-odrzan-dvodnevni-program-green-renaissance\/#primaryimage\",\"url\":\"https:\/\/dmcsrb.com\/wp-content\/uploads\/2026\/01\/gimnazija.webp\",\"contentUrl\":\"https:\/\/dmcsrb.com\/wp-content\/uploads\/2026\/01\/gimnazija.webp\",\"width\":1600,\"height\":838},{\"@type\":\"BreadcrumbList\",\"@id\":\"https:\/\/dmcsrb.com\/podgorica\/povodom-dana-ekoloske-drzave-odrzan-dvodnevni-program-green-renaissance\/#breadcrumb\",\"itemListElement\":[{\"@type\":\"ListItem\",\"position\":1,\"name\":\"Home\",\"item\":\"https:\/\/dmcsrb.com\/\"},{\"@type\":\"ListItem\",\"position\":2,\"name\":\"Povodom Dana ekolo\u0161ke dr\u017eave odr\u017ean dvodnevni program &#8220;Green Renaissance&#8221;\"}]},{\"@type\":\"WebSite\",\"@id\":\"https:\/\/dmcsrb.com\/#website\",\"url\":\"https:\/\/dmcsrb.com\/\",\"name\":\"dmcsrb.com\",\"description\":\"\",\"potentialAction\":[{\"@type\":\"SearchAction\",\"target\":{\"@type\":\"EntryPoint\",\"urlTemplate\":\"https:\/\/dmcsrb.com\/?s={search_term_string}\"},\"query-input\":{\"@type\":\"PropertyValueSpecification\",\"valueRequired\":true,\"valueName\":\"search_term_string\"}}],\"inLanguage\":\"en-GB\"},{\"@type\":\"Person\",\"@id\":\"https:\/\/dmcsrb.com\/#\/schema\/person\/5c39170f12db1b8b457732d0b5c854e2\",\"name\":\"dmcsrbija.com@gmail.com\",\"image\":{\"@type\":\"ImageObject\",\"inLanguage\":\"en-GB\",\"@id\":\"https:\/\/dmcsrb.com\/#\/schema\/person\/image\/\",\"url\":\"https:\/\/secure.gravatar.com\/avatar\/68592660ad6347fad0fb587f8d5d8f1a7b44961362f56e4f2cd524feb87e9069?s=96&d=mm&r=g\",\"contentUrl\":\"https:\/\/secure.gravatar.com\/avatar\/68592660ad6347fad0fb587f8d5d8f1a7b44961362f56e4f2cd524feb87e9069?s=96&d=mm&r=g\",\"caption\":\"dmcsrbija.com@gmail.com\"},\"sameAs\":[\"https:\/\/dmcsrb.com\"],\"url\":\"https:\/\/dmcsrb.com\/en\/author\/dmcsrbija-comgmail-com\/\"}]}<\/script>\n<!-- \/ Yoast SEO plugin. -->","yoast_head_json":{"title":"Povodom Dana ekolo\u0161ke dr\u017eave odr\u017ean dvodnevni program \"Green Renaissance\" - dmcsrb.com","robots":{"index":"index","follow":"follow","max-snippet":"max-snippet:-1","max-image-preview":"max-image-preview:large","max-video-preview":"max-video-preview:-1"},"canonical":"https:\/\/dmcsrb.com\/en\/podgorica\/povodom-dana-ekoloske-drzave-odrzan-dvodnevni-program-green-renaissance\/","og_locale":"en_GB","og_type":"article","og_title":"Povodom Dana ekolo\u0161ke dr\u017eave odr\u017ean dvodnevni program \"Green Renaissance\" - dmcsrb.com","og_description":"Povodom Dana ekolo\u0161ke dr\u017eave Crne Gore, u JU Gimnaziji \u201eSlobodan \u0160kerovi\u0107\u201c, najstarijoj obrazovnoj instituciji u na\u0161oj zemlji, odr\u017ean je poseban dvodnevni program pod nazivom \u201eGreen Renaissance\u201c, u organizaciji Green Montenegro International Film Festa (GMIFF) i uz podr\u0161ku Glavnog grada \u2013 Podgorice.","og_url":"https:\/\/dmcsrb.com\/en\/podgorica\/povodom-dana-ekoloske-drzave-odrzan-dvodnevni-program-green-renaissance\/","og_site_name":"dmcsrb.com","article_published_time":"2025-09-25T13:13:00+00:00","og_image":[{"width":1600,"height":838,"url":"https:\/\/dmcsrb.com\/wp-content\/uploads\/2026\/01\/gimnazija.webp","type":"image\/jpeg"}],"author":"dmcsrbija.com@gmail.com","twitter_card":"summary_large_image","twitter_misc":{"Written by":"dmcsrbija.com@gmail.com","Estimated reading time":"2 minutes"},"schema":{"@context":"https:\/\/schema.org","@graph":[{"@type":"Article","@id":"https:\/\/dmcsrb.com\/podgorica\/povodom-dana-ekoloske-drzave-odrzan-dvodnevni-program-green-renaissance\/#article","isPartOf":{"@id":"https:\/\/dmcsrb.com\/podgorica\/povodom-dana-ekoloske-drzave-odrzan-dvodnevni-program-green-renaissance\/"},"author":{"name":"dmcsrbija.com@gmail.com","@id":"https:\/\/dmcsrb.com\/#\/schema\/person\/5c39170f12db1b8b457732d0b5c854e2"},"headline":"Povodom Dana ekolo\u0161ke dr\u017eave odr\u017ean dvodnevni program &#8220;Green Renaissance&#8221;","datePublished":"2025-09-25T13:13:00+00:00","mainEntityOfPage":{"@id":"https:\/\/dmcsrb.com\/podgorica\/povodom-dana-ekoloske-drzave-odrzan-dvodnevni-program-green-renaissance\/"},"wordCount":511,"commentCount":0,"image":{"@id":"https:\/\/dmcsrb.com\/podgorica\/povodom-dana-ekoloske-drzave-odrzan-dvodnevni-program-green-renaissance\/#primaryimage"},"thumbnailUrl":"https:\/\/dmcsrb.com\/wp-content\/uploads\/2026\/01\/gimnazija.webp","keywords":["Dan ekolo\u0161ke dr\u017eave","Gimnazija"],"articleSection":["Podgorica"],"inLanguage":"en-GB","potentialAction":[{"@type":"CommentAction","name":"Comment","target":["https:\/\/dmcsrb.com\/podgorica\/povodom-dana-ekoloske-drzave-odrzan-dvodnevni-program-green-renaissance\/#respond"]}]},{"@type":"WebPage","@id":"https:\/\/dmcsrb.com\/podgorica\/povodom-dana-ekoloske-drzave-odrzan-dvodnevni-program-green-renaissance\/","url":"https:\/\/dmcsrb.com\/podgorica\/povodom-dana-ekoloske-drzave-odrzan-dvodnevni-program-green-renaissance\/","name":"Povodom Dana ekolo\u0161ke dr\u017eave odr\u017ean dvodnevni program \"Green Renaissance\" - dmcsrb.com","isPartOf":{"@id":"https:\/\/dmcsrb.com\/#website"},"primaryImageOfPage":{"@id":"https:\/\/dmcsrb.com\/podgorica\/povodom-dana-ekoloske-drzave-odrzan-dvodnevni-program-green-renaissance\/#primaryimage"},"image":{"@id":"https:\/\/dmcsrb.com\/podgorica\/povodom-dana-ekoloske-drzave-odrzan-dvodnevni-program-green-renaissance\/#primaryimage"},"thumbnailUrl":"https:\/\/dmcsrb.com\/wp-content\/uploads\/2026\/01\/gimnazija.webp","datePublished":"2025-09-25T13:13:00+00:00","author":{"@id":"https:\/\/dmcsrb.com\/#\/schema\/person\/5c39170f12db1b8b457732d0b5c854e2"},"breadcrumb":{"@id":"https:\/\/dmcsrb.com\/podgorica\/povodom-dana-ekoloske-drzave-odrzan-dvodnevni-program-green-renaissance\/#breadcrumb"},"inLanguage":"en-GB","potentialAction":[{"@type":"ReadAction","target":["https:\/\/dmcsrb.com\/podgorica\/povodom-dana-ekoloske-drzave-odrzan-dvodnevni-program-green-renaissance\/"]}]},{"@type":"ImageObject","inLanguage":"en-GB","@id":"https:\/\/dmcsrb.com\/podgorica\/povodom-dana-ekoloske-drzave-odrzan-dvodnevni-program-green-renaissance\/#primaryimage","url":"https:\/\/dmcsrb.com\/wp-content\/uploads\/2026\/01\/gimnazija.webp","contentUrl":"https:\/\/dmcsrb.com\/wp-content\/uploads\/2026\/01\/gimnazija.webp","width":1600,"height":838},{"@type":"BreadcrumbList","@id":"https:\/\/dmcsrb.com\/podgorica\/povodom-dana-ekoloske-drzave-odrzan-dvodnevni-program-green-renaissance\/#breadcrumb","itemListElement":[{"@type":"ListItem","position":1,"name":"Home","item":"https:\/\/dmcsrb.com\/"},{"@type":"ListItem","position":2,"name":"Povodom Dana ekolo\u0161ke dr\u017eave odr\u017ean dvodnevni program &#8220;Green Renaissance&#8221;"}]},{"@type":"WebSite","@id":"https:\/\/dmcsrb.com\/#website","url":"https:\/\/dmcsrb.com\/","name":"dmcsrb.com","description":"","potentialAction":[{"@type":"SearchAction","target":{"@type":"EntryPoint","urlTemplate":"https:\/\/dmcsrb.com\/?s={search_term_string}"},"query-input":{"@type":"PropertyValueSpecification","valueRequired":true,"valueName":"search_term_string"}}],"inLanguage":"en-GB"},{"@type":"Person","@id":"https:\/\/dmcsrb.com\/#\/schema\/person\/5c39170f12db1b8b457732d0b5c854e2","name":"dmcsrbija.com@gmail.com","image":{"@type":"ImageObject","inLanguage":"en-GB","@id":"https:\/\/dmcsrb.com\/#\/schema\/person\/image\/","url":"https:\/\/secure.gravatar.com\/avatar\/68592660ad6347fad0fb587f8d5d8f1a7b44961362f56e4f2cd524feb87e9069?s=96&d=mm&r=g","contentUrl":"https:\/\/secure.gravatar.com\/avatar\/68592660ad6347fad0fb587f8d5d8f1a7b44961362f56e4f2cd524feb87e9069?s=96&d=mm&r=g","caption":"dmcsrbija.com@gmail.com"},"sameAs":["https:\/\/dmcsrb.com"],"url":"https:\/\/dmcsrb.com\/en\/author\/dmcsrbija-comgmail-com\/"}]}},"_links":{"self":[{"href":"https:\/\/dmcsrb.com\/en\/wp-json\/wp\/v2\/posts\/954001","targetHints":{"allow":["GET"]}}],"collection":[{"href":"https:\/\/dmcsrb.com\/en\/wp-json\/wp\/v2\/posts"}],"about":[{"href":"https:\/\/dmcsrb.com\/en\/wp-json\/wp\/v2\/types\/post"}],"author":[{"embeddable":true,"href":"https:\/\/dmcsrb.com\/en\/wp-json\/wp\/v2\/users\/1"}],"replies":[{"embeddable":true,"href":"https:\/\/dmcsrb.com\/en\/wp-json\/wp\/v2\/comments?post=954001"}],"version-history":[{"count":0,"href":"https:\/\/dmcsrb.com\/en\/wp-json\/wp\/v2\/posts\/954001\/revisions"}],"wp:featuredmedia":[{"embeddable":true,"href":"https:\/\/dmcsrb.com\/en\/wp-json\/wp\/v2\/media\/954002"}],"wp:attachment":[{"href":"https:\/\/dmcsrb.com\/en\/wp-json\/wp\/v2\/media?parent=954001"}],"wp:term":[{"taxonomy":"category","embeddable":true,"href":"https:\/\/dmcsrb.com\/en\/wp-json\/wp\/v2\/categories?post=954001"},{"taxonomy":"post_tag","embeddable":true,"href":"https:\/\/dmcsrb.com\/en\/wp-json\/wp\/v2\/tags?post=954001"},{"taxonomy":"naslovna","embeddable":true,"href":"https:\/\/dmcsrb.com\/en\/wp-json\/wp\/v2\/naslovna?post=954001"}],"curies":[{"name":"wp","href":"https:\/\/api.w.org\/{rel}","templated":true}]}}