{"id":953998,"date":"2025-09-25T12:56:00","date_gmt":"2025-09-25T10:56:00","guid":{"rendered":"https:\/\/dmcsrb.com\/uncategorized\/vlada-i-mup-da-produze-rok-zamjene-licnih-karata-i-otvore-dodatne-punktove-za-zamjenu\/"},"modified":"2025-09-25T12:56:00","modified_gmt":"2025-09-25T10:56:00","slug":"vlada-i-mup-da-produze-rok-zamjene-licnih-karata-i-otvore-dodatne-punktove-za-zamjenu","status":"publish","type":"post","link":"https:\/\/dmcsrb.com\/en\/drustvo\/vlada-i-mup-da-produze-rok-zamjene-licnih-karata-i-otvore-dodatne-punktove-za-zamjenu\/","title":{"rendered":"Vlada i MUP da produ\u017ee rok zamjene li\u010dnih karata i otvore dodatne punktove za zamjenu\u00a0\u00a0\u00a0\u00a0\u00a0"},"content":{"rendered":"<p><\/p>\n\n\n\n<p><\/p>\n\n\n\n<p>&#8220;O\u010digledno je da problem nije u gra\u0111anima, ve\u0107 u nedostatku znanja, reda i sistemskog pristupa. Umjesto da se unaprijed obezbijedi ve\u0107i broj punktova za izdavanje li\u010dnih karata, da se proces rastereti i digitalizuje, da se u \u0161alterski rad uklju\u010de svi slu\u017ebenici pa i oni koji su naprimani po \u201eglavnim zgradama i upravama\u201c, vlast je ponovo dozvolila da sve padne na le\u0111a gra\u0111ana. Istovremeno se gra\u0111ani optu\u017euju da su \u201e\u010dekali posljednji trenutak\u201c, pa se neprilike i neprijatnosti nadovezuju sa raznih strana pa pritisak sti\u017ee i od banaka koje prijete blokadom ra\u010duna, a finansiraju se od novca gra\u0111ana&#8221;, navodi se u saop\u0161tenju.<\/p>\n\n\n\n<p>Podsje\u0107amo da su, kada je trebalo prikupljati donacije za pomo\u0107 nakon po\u017eara, poruke stizale svim gra\u0111anima. Na isti na\u010din, vlast je mogla obavje\u0161tavati gra\u0111ane o obaveznoj zamjeni li\u010dnih karata, slati pravovremene podsjetnike i tako sprije\u010diti gu\u017eve i nervozu.<\/p>\n\n\n\n<p>&#8220;Stranka evropskog progresa zahtijeva od MUP-a i Vlade Crne Gore da produ\u017ei rok za\u00a0 zamjenu li\u010dnih karata; da u najkra\u0107em roku obezbijede dodatne resurse i punktove, produ\u017ee radno vrijeme slu\u017ebi, te u budu\u0107nosti uvedu transparentne i pravovremene mehanizme obavje\u0161tavanja gra\u0111ana. Gra\u0111ani zaslu\u017euju red, po\u0161tovanje i servis koji radi u njihovom interesu \u2013 a ne demonstraciju mo\u0107i, poni\u017eenja u redovima i neizbje\u017ean osje\u0107aj da ih dr\u017eava ka\u017enjava&#8221;, kazali su u saop\u0161tenju.<\/p>","protected":false},"excerpt":{"rendered":"<p>Povodom nesnosnih gu\u017evi koje se ovih dana de\u0161avaju ispred organizacionih jedinica Ministarstva unutra\u0161njih poslova, zbog zamjene li\u010dnih karata, i definitivno rigoroznog i nerealnog roka do 1. oktobra 2025, ukazujemo na potrebu po\u0161tovanja i ve\u0107eg stepena razumijevanja potreba gra\u0111ana, saop\u0161teno je Sttranke veropskog progresa.<\/p>","protected":false},"author":1,"featured_media":913766,"comment_status":"open","ping_status":"open","sticky":false,"template":"","format":"standard","meta":{"_acf_changed":false,"footnotes":""},"categories":[2],"tags":[9176,6666],"naslovna":[],"class_list":["post-953998","post","type-post","status-publish","format-standard","has-post-thumbnail","hentry","category-drustvo","tag-11-septembar","tag-licne-karte"],"acf":[],"yoast_head":"<!-- This site is optimized with the Yoast SEO plugin v27.0 - https:\/\/yoast.com\/product\/yoast-seo-wordpress\/ -->\n<title>Vlada i MUP da produ\u017ee rok zamjene li\u010dnih karata i otvore dodatne punktove za zamjenu\u00a0\u00a0\u00a0\u00a0\u00a0 - dmcsrb.com<\/title>\n<meta name=\"robots\" content=\"index, follow, max-snippet:-1, max-image-preview:large, max-video-preview:-1\" \/>\n<link rel=\"canonical\" href=\"https:\/\/dmcsrb.com\/en\/drustvo\/vlada-i-mup-da-produze-rok-zamjene-licnih-karata-i-otvore-dodatne-punktove-za-zamjenu\/\" \/>\n<meta property=\"og:locale\" content=\"en_GB\" \/>\n<meta property=\"og:type\" content=\"article\" \/>\n<meta property=\"og:title\" content=\"Vlada i MUP da produ\u017ee rok zamjene li\u010dnih karata i otvore dodatne punktove za zamjenu\u00a0\u00a0\u00a0\u00a0\u00a0 - dmcsrb.com\" \/>\n<meta property=\"og:description\" content=\"Povodom nesnosnih gu\u017evi koje se ovih dana de\u0161avaju ispred organizacionih jedinica Ministarstva unutra\u0161njih poslova, zbog zamjene li\u010dnih karata, i definitivno rigoroznog i nerealnog roka do 1. oktobra 2025, ukazujemo na potrebu po\u0161tovanja i ve\u0107eg stepena razumijevanja potreba gra\u0111ana, saop\u0161teno je Sttranke veropskog progresa.\" \/>\n<meta property=\"og:url\" content=\"https:\/\/dmcsrb.com\/en\/drustvo\/vlada-i-mup-da-produze-rok-zamjene-licnih-karata-i-otvore-dodatne-punktove-za-zamjenu\/\" \/>\n<meta property=\"og:site_name\" content=\"dmcsrb.com\" \/>\n<meta property=\"article:published_time\" content=\"2025-09-25T10:56:00+00:00\" \/>\n<meta property=\"og:image\" content=\"https:\/\/dmcsrb.com\/wp-content\/uploads\/2026\/01\/sep2-1250x700-1.jpg\" \/>\n\t<meta property=\"og:image:width\" content=\"1250\" \/>\n\t<meta property=\"og:image:height\" content=\"700\" \/>\n\t<meta property=\"og:image:type\" content=\"image\/jpeg\" \/>\n<meta name=\"author\" content=\"dmcsrbija.com@gmail.com\" \/>\n<meta name=\"twitter:card\" content=\"summary_large_image\" \/>\n<meta name=\"twitter:label1\" content=\"Written by\" \/>\n\t<meta name=\"twitter:data1\" content=\"dmcsrbija.com@gmail.com\" \/>\n\t<meta name=\"twitter:label2\" content=\"Estimated reading time\" \/>\n\t<meta name=\"twitter:data2\" content=\"1 minute\" \/>\n<script type=\"application\/ld+json\" class=\"yoast-schema-graph\">{\"@context\":\"https:\/\/schema.org\",\"@graph\":[{\"@type\":\"Article\",\"@id\":\"https:\/\/dmcsrb.com\/drustvo\/vlada-i-mup-da-produze-rok-zamjene-licnih-karata-i-otvore-dodatne-punktove-za-zamjenu\/#article\",\"isPartOf\":{\"@id\":\"https:\/\/dmcsrb.com\/drustvo\/vlada-i-mup-da-produze-rok-zamjene-licnih-karata-i-otvore-dodatne-punktove-za-zamjenu\/\"},\"author\":{\"name\":\"dmcsrbija.com@gmail.com\",\"@id\":\"https:\/\/dmcsrb.com\/#\/schema\/person\/5c39170f12db1b8b457732d0b5c854e2\"},\"headline\":\"Vlada i MUP da produ\u017ee rok zamjene li\u010dnih karata i otvore dodatne punktove za zamjenu\u00a0\u00a0\u00a0\u00a0\u00a0\",\"datePublished\":\"2025-09-25T10:56:00+00:00\",\"mainEntityOfPage\":{\"@id\":\"https:\/\/dmcsrb.com\/drustvo\/vlada-i-mup-da-produze-rok-zamjene-licnih-karata-i-otvore-dodatne-punktove-za-zamjenu\/\"},\"wordCount\":265,\"commentCount\":0,\"image\":{\"@id\":\"https:\/\/dmcsrb.com\/drustvo\/vlada-i-mup-da-produze-rok-zamjene-licnih-karata-i-otvore-dodatne-punktove-za-zamjenu\/#primaryimage\"},\"thumbnailUrl\":\"https:\/\/dmcsrb.com\/wp-content\/uploads\/2026\/01\/sep2-1250x700-1.jpg\",\"keywords\":[\"11 septembar\",\"li\u010dne karte\"],\"articleSection\":[\"Dru\u0161tvo\"],\"inLanguage\":\"en-GB\",\"potentialAction\":[{\"@type\":\"CommentAction\",\"name\":\"Comment\",\"target\":[\"https:\/\/dmcsrb.com\/drustvo\/vlada-i-mup-da-produze-rok-zamjene-licnih-karata-i-otvore-dodatne-punktove-za-zamjenu\/#respond\"]}]},{\"@type\":\"WebPage\",\"@id\":\"https:\/\/dmcsrb.com\/drustvo\/vlada-i-mup-da-produze-rok-zamjene-licnih-karata-i-otvore-dodatne-punktove-za-zamjenu\/\",\"url\":\"https:\/\/dmcsrb.com\/drustvo\/vlada-i-mup-da-produze-rok-zamjene-licnih-karata-i-otvore-dodatne-punktove-za-zamjenu\/\",\"name\":\"Vlada i MUP da produ\u017ee rok zamjene li\u010dnih karata i otvore dodatne punktove za zamjenu\u00a0\u00a0\u00a0\u00a0\u00a0 - dmcsrb.com\",\"isPartOf\":{\"@id\":\"https:\/\/dmcsrb.com\/#website\"},\"primaryImageOfPage\":{\"@id\":\"https:\/\/dmcsrb.com\/drustvo\/vlada-i-mup-da-produze-rok-zamjene-licnih-karata-i-otvore-dodatne-punktove-za-zamjenu\/#primaryimage\"},\"image\":{\"@id\":\"https:\/\/dmcsrb.com\/drustvo\/vlada-i-mup-da-produze-rok-zamjene-licnih-karata-i-otvore-dodatne-punktove-za-zamjenu\/#primaryimage\"},\"thumbnailUrl\":\"https:\/\/dmcsrb.com\/wp-content\/uploads\/2026\/01\/sep2-1250x700-1.jpg\",\"datePublished\":\"2025-09-25T10:56:00+00:00\",\"author\":{\"@id\":\"https:\/\/dmcsrb.com\/#\/schema\/person\/5c39170f12db1b8b457732d0b5c854e2\"},\"breadcrumb\":{\"@id\":\"https:\/\/dmcsrb.com\/drustvo\/vlada-i-mup-da-produze-rok-zamjene-licnih-karata-i-otvore-dodatne-punktove-za-zamjenu\/#breadcrumb\"},\"inLanguage\":\"en-GB\",\"potentialAction\":[{\"@type\":\"ReadAction\",\"target\":[\"https:\/\/dmcsrb.com\/drustvo\/vlada-i-mup-da-produze-rok-zamjene-licnih-karata-i-otvore-dodatne-punktove-za-zamjenu\/\"]}]},{\"@type\":\"ImageObject\",\"inLanguage\":\"en-GB\",\"@id\":\"https:\/\/dmcsrb.com\/drustvo\/vlada-i-mup-da-produze-rok-zamjene-licnih-karata-i-otvore-dodatne-punktove-za-zamjenu\/#primaryimage\",\"url\":\"https:\/\/dmcsrb.com\/wp-content\/uploads\/2026\/01\/sep2-1250x700-1.jpg\",\"contentUrl\":\"https:\/\/dmcsrb.com\/wp-content\/uploads\/2026\/01\/sep2-1250x700-1.jpg\",\"width\":1250,\"height\":700},{\"@type\":\"BreadcrumbList\",\"@id\":\"https:\/\/dmcsrb.com\/drustvo\/vlada-i-mup-da-produze-rok-zamjene-licnih-karata-i-otvore-dodatne-punktove-za-zamjenu\/#breadcrumb\",\"itemListElement\":[{\"@type\":\"ListItem\",\"position\":1,\"name\":\"Home\",\"item\":\"https:\/\/dmcsrb.com\/\"},{\"@type\":\"ListItem\",\"position\":2,\"name\":\"Vlada i MUP da produ\u017ee rok zamjene li\u010dnih karata i otvore dodatne punktove za zamjenu\u00a0\u00a0\u00a0\u00a0\u00a0\"}]},{\"@type\":\"WebSite\",\"@id\":\"https:\/\/dmcsrb.com\/#website\",\"url\":\"https:\/\/dmcsrb.com\/\",\"name\":\"dmcsrb.com\",\"description\":\"\",\"potentialAction\":[{\"@type\":\"SearchAction\",\"target\":{\"@type\":\"EntryPoint\",\"urlTemplate\":\"https:\/\/dmcsrb.com\/?s={search_term_string}\"},\"query-input\":{\"@type\":\"PropertyValueSpecification\",\"valueRequired\":true,\"valueName\":\"search_term_string\"}}],\"inLanguage\":\"en-GB\"},{\"@type\":\"Person\",\"@id\":\"https:\/\/dmcsrb.com\/#\/schema\/person\/5c39170f12db1b8b457732d0b5c854e2\",\"name\":\"dmcsrbija.com@gmail.com\",\"image\":{\"@type\":\"ImageObject\",\"inLanguage\":\"en-GB\",\"@id\":\"https:\/\/dmcsrb.com\/#\/schema\/person\/image\/\",\"url\":\"https:\/\/secure.gravatar.com\/avatar\/68592660ad6347fad0fb587f8d5d8f1a7b44961362f56e4f2cd524feb87e9069?s=96&d=mm&r=g\",\"contentUrl\":\"https:\/\/secure.gravatar.com\/avatar\/68592660ad6347fad0fb587f8d5d8f1a7b44961362f56e4f2cd524feb87e9069?s=96&d=mm&r=g\",\"caption\":\"dmcsrbija.com@gmail.com\"},\"sameAs\":[\"https:\/\/dmcsrb.com\"],\"url\":\"https:\/\/dmcsrb.com\/en\/author\/dmcsrbija-comgmail-com\/\"}]}<\/script>\n<!-- \/ Yoast SEO plugin. -->","yoast_head_json":{"title":"Vlada i MUP da produ\u017ee rok zamjene li\u010dnih karata i otvore dodatne punktove za zamjenu\u00a0\u00a0\u00a0\u00a0\u00a0 - dmcsrb.com","robots":{"index":"index","follow":"follow","max-snippet":"max-snippet:-1","max-image-preview":"max-image-preview:large","max-video-preview":"max-video-preview:-1"},"canonical":"https:\/\/dmcsrb.com\/en\/drustvo\/vlada-i-mup-da-produze-rok-zamjene-licnih-karata-i-otvore-dodatne-punktove-za-zamjenu\/","og_locale":"en_GB","og_type":"article","og_title":"Vlada i MUP da produ\u017ee rok zamjene li\u010dnih karata i otvore dodatne punktove za zamjenu\u00a0\u00a0\u00a0\u00a0\u00a0 - dmcsrb.com","og_description":"Povodom nesnosnih gu\u017evi koje se ovih dana de\u0161avaju ispred organizacionih jedinica Ministarstva unutra\u0161njih poslova, zbog zamjene li\u010dnih karata, i definitivno rigoroznog i nerealnog roka do 1. oktobra 2025, ukazujemo na potrebu po\u0161tovanja i ve\u0107eg stepena razumijevanja potreba gra\u0111ana, saop\u0161teno je Sttranke veropskog progresa.","og_url":"https:\/\/dmcsrb.com\/en\/drustvo\/vlada-i-mup-da-produze-rok-zamjene-licnih-karata-i-otvore-dodatne-punktove-za-zamjenu\/","og_site_name":"dmcsrb.com","article_published_time":"2025-09-25T10:56:00+00:00","og_image":[{"width":1250,"height":700,"url":"https:\/\/dmcsrb.com\/wp-content\/uploads\/2026\/01\/sep2-1250x700-1.jpg","type":"image\/jpeg"}],"author":"dmcsrbija.com@gmail.com","twitter_card":"summary_large_image","twitter_misc":{"Written by":"dmcsrbija.com@gmail.com","Estimated reading time":"1 minute"},"schema":{"@context":"https:\/\/schema.org","@graph":[{"@type":"Article","@id":"https:\/\/dmcsrb.com\/drustvo\/vlada-i-mup-da-produze-rok-zamjene-licnih-karata-i-otvore-dodatne-punktove-za-zamjenu\/#article","isPartOf":{"@id":"https:\/\/dmcsrb.com\/drustvo\/vlada-i-mup-da-produze-rok-zamjene-licnih-karata-i-otvore-dodatne-punktove-za-zamjenu\/"},"author":{"name":"dmcsrbija.com@gmail.com","@id":"https:\/\/dmcsrb.com\/#\/schema\/person\/5c39170f12db1b8b457732d0b5c854e2"},"headline":"Vlada i MUP da produ\u017ee rok zamjene li\u010dnih karata i otvore dodatne punktove za zamjenu\u00a0\u00a0\u00a0\u00a0\u00a0","datePublished":"2025-09-25T10:56:00+00:00","mainEntityOfPage":{"@id":"https:\/\/dmcsrb.com\/drustvo\/vlada-i-mup-da-produze-rok-zamjene-licnih-karata-i-otvore-dodatne-punktove-za-zamjenu\/"},"wordCount":265,"commentCount":0,"image":{"@id":"https:\/\/dmcsrb.com\/drustvo\/vlada-i-mup-da-produze-rok-zamjene-licnih-karata-i-otvore-dodatne-punktove-za-zamjenu\/#primaryimage"},"thumbnailUrl":"https:\/\/dmcsrb.com\/wp-content\/uploads\/2026\/01\/sep2-1250x700-1.jpg","keywords":["11 septembar","li\u010dne karte"],"articleSection":["Dru\u0161tvo"],"inLanguage":"en-GB","potentialAction":[{"@type":"CommentAction","name":"Comment","target":["https:\/\/dmcsrb.com\/drustvo\/vlada-i-mup-da-produze-rok-zamjene-licnih-karata-i-otvore-dodatne-punktove-za-zamjenu\/#respond"]}]},{"@type":"WebPage","@id":"https:\/\/dmcsrb.com\/drustvo\/vlada-i-mup-da-produze-rok-zamjene-licnih-karata-i-otvore-dodatne-punktove-za-zamjenu\/","url":"https:\/\/dmcsrb.com\/drustvo\/vlada-i-mup-da-produze-rok-zamjene-licnih-karata-i-otvore-dodatne-punktove-za-zamjenu\/","name":"Vlada i MUP da produ\u017ee rok zamjene li\u010dnih karata i otvore dodatne punktove za zamjenu\u00a0\u00a0\u00a0\u00a0\u00a0 - dmcsrb.com","isPartOf":{"@id":"https:\/\/dmcsrb.com\/#website"},"primaryImageOfPage":{"@id":"https:\/\/dmcsrb.com\/drustvo\/vlada-i-mup-da-produze-rok-zamjene-licnih-karata-i-otvore-dodatne-punktove-za-zamjenu\/#primaryimage"},"image":{"@id":"https:\/\/dmcsrb.com\/drustvo\/vlada-i-mup-da-produze-rok-zamjene-licnih-karata-i-otvore-dodatne-punktove-za-zamjenu\/#primaryimage"},"thumbnailUrl":"https:\/\/dmcsrb.com\/wp-content\/uploads\/2026\/01\/sep2-1250x700-1.jpg","datePublished":"2025-09-25T10:56:00+00:00","author":{"@id":"https:\/\/dmcsrb.com\/#\/schema\/person\/5c39170f12db1b8b457732d0b5c854e2"},"breadcrumb":{"@id":"https:\/\/dmcsrb.com\/drustvo\/vlada-i-mup-da-produze-rok-zamjene-licnih-karata-i-otvore-dodatne-punktove-za-zamjenu\/#breadcrumb"},"inLanguage":"en-GB","potentialAction":[{"@type":"ReadAction","target":["https:\/\/dmcsrb.com\/drustvo\/vlada-i-mup-da-produze-rok-zamjene-licnih-karata-i-otvore-dodatne-punktove-za-zamjenu\/"]}]},{"@type":"ImageObject","inLanguage":"en-GB","@id":"https:\/\/dmcsrb.com\/drustvo\/vlada-i-mup-da-produze-rok-zamjene-licnih-karata-i-otvore-dodatne-punktove-za-zamjenu\/#primaryimage","url":"https:\/\/dmcsrb.com\/wp-content\/uploads\/2026\/01\/sep2-1250x700-1.jpg","contentUrl":"https:\/\/dmcsrb.com\/wp-content\/uploads\/2026\/01\/sep2-1250x700-1.jpg","width":1250,"height":700},{"@type":"BreadcrumbList","@id":"https:\/\/dmcsrb.com\/drustvo\/vlada-i-mup-da-produze-rok-zamjene-licnih-karata-i-otvore-dodatne-punktove-za-zamjenu\/#breadcrumb","itemListElement":[{"@type":"ListItem","position":1,"name":"Home","item":"https:\/\/dmcsrb.com\/"},{"@type":"ListItem","position":2,"name":"Vlada i MUP da produ\u017ee rok zamjene li\u010dnih karata i otvore dodatne punktove za zamjenu\u00a0\u00a0\u00a0\u00a0\u00a0"}]},{"@type":"WebSite","@id":"https:\/\/dmcsrb.com\/#website","url":"https:\/\/dmcsrb.com\/","name":"dmcsrb.com","description":"","potentialAction":[{"@type":"SearchAction","target":{"@type":"EntryPoint","urlTemplate":"https:\/\/dmcsrb.com\/?s={search_term_string}"},"query-input":{"@type":"PropertyValueSpecification","valueRequired":true,"valueName":"search_term_string"}}],"inLanguage":"en-GB"},{"@type":"Person","@id":"https:\/\/dmcsrb.com\/#\/schema\/person\/5c39170f12db1b8b457732d0b5c854e2","name":"dmcsrbija.com@gmail.com","image":{"@type":"ImageObject","inLanguage":"en-GB","@id":"https:\/\/dmcsrb.com\/#\/schema\/person\/image\/","url":"https:\/\/secure.gravatar.com\/avatar\/68592660ad6347fad0fb587f8d5d8f1a7b44961362f56e4f2cd524feb87e9069?s=96&d=mm&r=g","contentUrl":"https:\/\/secure.gravatar.com\/avatar\/68592660ad6347fad0fb587f8d5d8f1a7b44961362f56e4f2cd524feb87e9069?s=96&d=mm&r=g","caption":"dmcsrbija.com@gmail.com"},"sameAs":["https:\/\/dmcsrb.com"],"url":"https:\/\/dmcsrb.com\/en\/author\/dmcsrbija-comgmail-com\/"}]}},"_links":{"self":[{"href":"https:\/\/dmcsrb.com\/en\/wp-json\/wp\/v2\/posts\/953998","targetHints":{"allow":["GET"]}}],"collection":[{"href":"https:\/\/dmcsrb.com\/en\/wp-json\/wp\/v2\/posts"}],"about":[{"href":"https:\/\/dmcsrb.com\/en\/wp-json\/wp\/v2\/types\/post"}],"author":[{"embeddable":true,"href":"https:\/\/dmcsrb.com\/en\/wp-json\/wp\/v2\/users\/1"}],"replies":[{"embeddable":true,"href":"https:\/\/dmcsrb.com\/en\/wp-json\/wp\/v2\/comments?post=953998"}],"version-history":[{"count":0,"href":"https:\/\/dmcsrb.com\/en\/wp-json\/wp\/v2\/posts\/953998\/revisions"}],"wp:featuredmedia":[{"embeddable":true,"href":"https:\/\/dmcsrb.com\/en\/wp-json\/wp\/v2\/media\/913766"}],"wp:attachment":[{"href":"https:\/\/dmcsrb.com\/en\/wp-json\/wp\/v2\/media?parent=953998"}],"wp:term":[{"taxonomy":"category","embeddable":true,"href":"https:\/\/dmcsrb.com\/en\/wp-json\/wp\/v2\/categories?post=953998"},{"taxonomy":"post_tag","embeddable":true,"href":"https:\/\/dmcsrb.com\/en\/wp-json\/wp\/v2\/tags?post=953998"},{"taxonomy":"naslovna","embeddable":true,"href":"https:\/\/dmcsrb.com\/en\/wp-json\/wp\/v2\/naslovna?post=953998"}],"curies":[{"name":"wp","href":"https:\/\/api.w.org\/{rel}","templated":true}]}}