{"id":953953,"date":"2025-09-25T10:30:00","date_gmt":"2025-09-25T08:30:00","guid":{"rendered":"https:\/\/dmcsrb.com\/uncategorized\/nezavisni-sindikat-nastavicemo-da-informisemo-eu-o-nepravilnostima-u-radu-aerodroma\/"},"modified":"2025-09-25T10:30:00","modified_gmt":"2025-09-25T08:30:00","slug":"nezavisni-sindikat-nastavicemo-da-informisemo-eu-o-nepravilnostima-u-radu-aerodroma","status":"publish","type":"post","link":"https:\/\/dmcsrb.com\/en\/ekonomija\/nezavisni-sindikat-nastavicemo-da-informisemo-eu-o-nepravilnostima-u-radu-aerodroma\/","title":{"rendered":"Nezavisni sindikat: Nastavi\u0107emo da informi\u0161emo EU o nepravilnostima u radu Aerodroma"},"content":{"rendered":"<p><\/p>\n\n\n\n<p>\u201cU zvani\u010dnom odgovoru Delegacija EU potvr\u0111uje da su teme koje je otvorio Nezavisni sindikat Aerodroma CG i Sindikat ACG, po\u0161tovanje radnih i socijalnih prava, sigurnost vazdu\u0161nog saobra\u0107aja, kao i transparentnost i zakonitost koncesionog postupka \u2013 od klju\u010dne va\u017enosti za vladavinu prava i stabilno poslovno okru\u017eenje u Crnoj Gori. Evropska unija jasno nagla\u0161ava da je vladavina prava osnov evropskog puta Crne Gore, te da Vlada mora sprovesti sistemsku reformu dr\u017eavnih preduze\u0107a, uklju\u010duju\u0107i i Aerodrome Crne Gore, sa posebnim naglaskom na efikasnost, odgovornost i transparentnost u radu\u201d, naveli su iz Nezavisnog sindikata.<\/p>\n\n\n\n<p>Prema njihovim rije\u010dima, Delegacija EU, iako nema nadle\u017enost da interveni\u0161e u pojedina\u010dnim slu\u010dajevima, izri\u010dito zahtijeva da je Nezavisni sindikat Aerodroma Crne Gore redovno informi\u0161e o svim daljim de\u0161avanjima i razvoju situacije.<\/p>\n\n\n\n<p>\u201cTime \u0107e Evropska unija pratiti postupke nadle\u017enih organa i ocjenjivati koliko Crna Gora stvarno po\u0161tuje vladavinu prava, socijalna prava i principe socijalnog dijaloga\u201d, dodaju u saop\u0161tenju.<\/p>\n\n\n\n<p>Nezavisni sindikat Aerodroma Crne Gore pozdravio je, kako isti\u010du, ovako jasnu i otvorenu podr\u0161ku EU i isti\u010de da \u0107e u kontinuitetu dostavljati informacije o svim nepravilnostima i nezakonitostima u radu Aerodroma CG.<\/p>\n\n\n\n<p>\u201cO\u010dekujemo da EU, u skladu sa svojim mehanizmima, nastavi da jasno stavlja do znanja da nepravilnosti i zloupotrebe u Aerodromima Crne Gore nijesu prihvatljive i da se zahtijeva njihovo hitno otklanjanje\u201d, zaklju\u010dili su.<\/p>","protected":false},"excerpt":{"rendered":"<p>Iz Nezavisnog sindikata Aerodroma Crne Gore saop\u0161tili su da su dobili odgovor\u00a0od Delegacije Evropske unije u Crnoj Gori u vezi sa, kako su saop\u0161tili, pitanjima od presudnog zna\u010daja za zaposlene i za funkcionisanje aerodroma.<\/p>","protected":false},"author":1,"featured_media":942957,"comment_status":"open","ping_status":"open","sticky":false,"template":"","format":"standard","meta":{"_acf_changed":false,"footnotes":""},"categories":[27],"tags":[2408,10,9154],"naslovna":[],"class_list":["post-953953","post","type-post","status-publish","format-standard","has-post-thumbnail","hentry","category-ekonomija","tag-aerodromi-crne-gore","tag-eu","tag-nezavisni-sindikat-aerodroma-crne-gore"],"acf":[],"yoast_head":"<!-- This site is optimized with the Yoast SEO plugin v27.0 - https:\/\/yoast.com\/product\/yoast-seo-wordpress\/ -->\n<title>Nezavisni sindikat: Nastavi\u0107emo da informi\u0161emo EU o nepravilnostima u radu Aerodroma - dmcsrb.com<\/title>\n<meta name=\"robots\" content=\"index, follow, max-snippet:-1, max-image-preview:large, max-video-preview:-1\" \/>\n<link rel=\"canonical\" href=\"https:\/\/dmcsrb.com\/en\/ekonomija\/nezavisni-sindikat-nastavicemo-da-informisemo-eu-o-nepravilnostima-u-radu-aerodroma\/\" \/>\n<meta property=\"og:locale\" content=\"en_GB\" \/>\n<meta property=\"og:type\" content=\"article\" \/>\n<meta property=\"og:title\" content=\"Nezavisni sindikat: Nastavi\u0107emo da informi\u0161emo EU o nepravilnostima u radu Aerodroma - dmcsrb.com\" \/>\n<meta property=\"og:description\" content=\"Iz Nezavisnog sindikata Aerodroma Crne Gore saop\u0161tili su da su dobili odgovor\u00a0od Delegacije Evropske unije u Crnoj Gori u vezi sa, kako su saop\u0161tili, pitanjima od presudnog zna\u010daja za zaposlene i za funkcionisanje aerodroma.\" \/>\n<meta property=\"og:url\" content=\"https:\/\/dmcsrb.com\/en\/ekonomija\/nezavisni-sindikat-nastavicemo-da-informisemo-eu-o-nepravilnostima-u-radu-aerodroma\/\" \/>\n<meta property=\"og:site_name\" content=\"dmcsrb.com\" \/>\n<meta property=\"article:published_time\" content=\"2025-09-25T08:30:00+00:00\" \/>\n<meta property=\"og:image\" content=\"https:\/\/dmcsrb.com\/wp-content\/uploads\/2026\/01\/aerodrom.webp\" \/>\n\t<meta property=\"og:image:width\" content=\"1797\" \/>\n\t<meta property=\"og:image:height\" content=\"866\" \/>\n\t<meta property=\"og:image:type\" content=\"image\/jpeg\" \/>\n<meta name=\"author\" content=\"dmcsrbija.com@gmail.com\" \/>\n<meta name=\"twitter:card\" content=\"summary_large_image\" \/>\n<meta name=\"twitter:label1\" content=\"Written by\" \/>\n\t<meta name=\"twitter:data1\" content=\"dmcsrbija.com@gmail.com\" \/>\n\t<meta name=\"twitter:label2\" content=\"Estimated reading time\" \/>\n\t<meta name=\"twitter:data2\" content=\"1 minute\" \/>\n<script type=\"application\/ld+json\" class=\"yoast-schema-graph\">{\"@context\":\"https:\/\/schema.org\",\"@graph\":[{\"@type\":\"Article\",\"@id\":\"https:\/\/dmcsrb.com\/ekonomija\/nezavisni-sindikat-nastavicemo-da-informisemo-eu-o-nepravilnostima-u-radu-aerodroma\/#article\",\"isPartOf\":{\"@id\":\"https:\/\/dmcsrb.com\/ekonomija\/nezavisni-sindikat-nastavicemo-da-informisemo-eu-o-nepravilnostima-u-radu-aerodroma\/\"},\"author\":{\"name\":\"dmcsrbija.com@gmail.com\",\"@id\":\"https:\/\/dmcsrb.com\/#\/schema\/person\/5c39170f12db1b8b457732d0b5c854e2\"},\"headline\":\"Nezavisni sindikat: Nastavi\u0107emo da informi\u0161emo EU o nepravilnostima u radu Aerodroma\",\"datePublished\":\"2025-09-25T08:30:00+00:00\",\"mainEntityOfPage\":{\"@id\":\"https:\/\/dmcsrb.com\/ekonomija\/nezavisni-sindikat-nastavicemo-da-informisemo-eu-o-nepravilnostima-u-radu-aerodroma\/\"},\"wordCount\":253,\"commentCount\":0,\"image\":{\"@id\":\"https:\/\/dmcsrb.com\/ekonomija\/nezavisni-sindikat-nastavicemo-da-informisemo-eu-o-nepravilnostima-u-radu-aerodroma\/#primaryimage\"},\"thumbnailUrl\":\"https:\/\/dmcsrb.com\/wp-content\/uploads\/2026\/01\/aerodrom.webp\",\"keywords\":[\"Aerodromi Crne Gore\",\"EU\",\"Nezavisni sindikat Aerodroma Crne Gore\"],\"articleSection\":[\"Ekonomija\"],\"inLanguage\":\"en-GB\",\"potentialAction\":[{\"@type\":\"CommentAction\",\"name\":\"Comment\",\"target\":[\"https:\/\/dmcsrb.com\/ekonomija\/nezavisni-sindikat-nastavicemo-da-informisemo-eu-o-nepravilnostima-u-radu-aerodroma\/#respond\"]}]},{\"@type\":\"WebPage\",\"@id\":\"https:\/\/dmcsrb.com\/ekonomija\/nezavisni-sindikat-nastavicemo-da-informisemo-eu-o-nepravilnostima-u-radu-aerodroma\/\",\"url\":\"https:\/\/dmcsrb.com\/ekonomija\/nezavisni-sindikat-nastavicemo-da-informisemo-eu-o-nepravilnostima-u-radu-aerodroma\/\",\"name\":\"Nezavisni sindikat: Nastavi\u0107emo da informi\u0161emo EU o nepravilnostima u radu Aerodroma - dmcsrb.com\",\"isPartOf\":{\"@id\":\"https:\/\/dmcsrb.com\/#website\"},\"primaryImageOfPage\":{\"@id\":\"https:\/\/dmcsrb.com\/ekonomija\/nezavisni-sindikat-nastavicemo-da-informisemo-eu-o-nepravilnostima-u-radu-aerodroma\/#primaryimage\"},\"image\":{\"@id\":\"https:\/\/dmcsrb.com\/ekonomija\/nezavisni-sindikat-nastavicemo-da-informisemo-eu-o-nepravilnostima-u-radu-aerodroma\/#primaryimage\"},\"thumbnailUrl\":\"https:\/\/dmcsrb.com\/wp-content\/uploads\/2026\/01\/aerodrom.webp\",\"datePublished\":\"2025-09-25T08:30:00+00:00\",\"author\":{\"@id\":\"https:\/\/dmcsrb.com\/#\/schema\/person\/5c39170f12db1b8b457732d0b5c854e2\"},\"breadcrumb\":{\"@id\":\"https:\/\/dmcsrb.com\/ekonomija\/nezavisni-sindikat-nastavicemo-da-informisemo-eu-o-nepravilnostima-u-radu-aerodroma\/#breadcrumb\"},\"inLanguage\":\"en-GB\",\"potentialAction\":[{\"@type\":\"ReadAction\",\"target\":[\"https:\/\/dmcsrb.com\/ekonomija\/nezavisni-sindikat-nastavicemo-da-informisemo-eu-o-nepravilnostima-u-radu-aerodroma\/\"]}]},{\"@type\":\"ImageObject\",\"inLanguage\":\"en-GB\",\"@id\":\"https:\/\/dmcsrb.com\/ekonomija\/nezavisni-sindikat-nastavicemo-da-informisemo-eu-o-nepravilnostima-u-radu-aerodroma\/#primaryimage\",\"url\":\"https:\/\/dmcsrb.com\/wp-content\/uploads\/2026\/01\/aerodrom.webp\",\"contentUrl\":\"https:\/\/dmcsrb.com\/wp-content\/uploads\/2026\/01\/aerodrom.webp\",\"width\":1797,\"height\":866},{\"@type\":\"BreadcrumbList\",\"@id\":\"https:\/\/dmcsrb.com\/ekonomija\/nezavisni-sindikat-nastavicemo-da-informisemo-eu-o-nepravilnostima-u-radu-aerodroma\/#breadcrumb\",\"itemListElement\":[{\"@type\":\"ListItem\",\"position\":1,\"name\":\"Home\",\"item\":\"https:\/\/dmcsrb.com\/\"},{\"@type\":\"ListItem\",\"position\":2,\"name\":\"Nezavisni sindikat: Nastavi\u0107emo da informi\u0161emo EU o nepravilnostima u radu Aerodroma\"}]},{\"@type\":\"WebSite\",\"@id\":\"https:\/\/dmcsrb.com\/#website\",\"url\":\"https:\/\/dmcsrb.com\/\",\"name\":\"dmcsrb.com\",\"description\":\"\",\"potentialAction\":[{\"@type\":\"SearchAction\",\"target\":{\"@type\":\"EntryPoint\",\"urlTemplate\":\"https:\/\/dmcsrb.com\/?s={search_term_string}\"},\"query-input\":{\"@type\":\"PropertyValueSpecification\",\"valueRequired\":true,\"valueName\":\"search_term_string\"}}],\"inLanguage\":\"en-GB\"},{\"@type\":\"Person\",\"@id\":\"https:\/\/dmcsrb.com\/#\/schema\/person\/5c39170f12db1b8b457732d0b5c854e2\",\"name\":\"dmcsrbija.com@gmail.com\",\"image\":{\"@type\":\"ImageObject\",\"inLanguage\":\"en-GB\",\"@id\":\"https:\/\/dmcsrb.com\/#\/schema\/person\/image\/\",\"url\":\"https:\/\/secure.gravatar.com\/avatar\/68592660ad6347fad0fb587f8d5d8f1a7b44961362f56e4f2cd524feb87e9069?s=96&d=mm&r=g\",\"contentUrl\":\"https:\/\/secure.gravatar.com\/avatar\/68592660ad6347fad0fb587f8d5d8f1a7b44961362f56e4f2cd524feb87e9069?s=96&d=mm&r=g\",\"caption\":\"dmcsrbija.com@gmail.com\"},\"sameAs\":[\"https:\/\/dmcsrb.com\"],\"url\":\"https:\/\/dmcsrb.com\/en\/author\/dmcsrbija-comgmail-com\/\"}]}<\/script>\n<!-- \/ Yoast SEO plugin. -->","yoast_head_json":{"title":"Nezavisni sindikat: Nastavi\u0107emo da informi\u0161emo EU o nepravilnostima u radu Aerodroma - dmcsrb.com","robots":{"index":"index","follow":"follow","max-snippet":"max-snippet:-1","max-image-preview":"max-image-preview:large","max-video-preview":"max-video-preview:-1"},"canonical":"https:\/\/dmcsrb.com\/en\/ekonomija\/nezavisni-sindikat-nastavicemo-da-informisemo-eu-o-nepravilnostima-u-radu-aerodroma\/","og_locale":"en_GB","og_type":"article","og_title":"Nezavisni sindikat: Nastavi\u0107emo da informi\u0161emo EU o nepravilnostima u radu Aerodroma - dmcsrb.com","og_description":"Iz Nezavisnog sindikata Aerodroma Crne Gore saop\u0161tili su da su dobili odgovor\u00a0od Delegacije Evropske unije u Crnoj Gori u vezi sa, kako su saop\u0161tili, pitanjima od presudnog zna\u010daja za zaposlene i za funkcionisanje aerodroma.","og_url":"https:\/\/dmcsrb.com\/en\/ekonomija\/nezavisni-sindikat-nastavicemo-da-informisemo-eu-o-nepravilnostima-u-radu-aerodroma\/","og_site_name":"dmcsrb.com","article_published_time":"2025-09-25T08:30:00+00:00","og_image":[{"width":1797,"height":866,"url":"https:\/\/dmcsrb.com\/wp-content\/uploads\/2026\/01\/aerodrom.webp","type":"image\/jpeg"}],"author":"dmcsrbija.com@gmail.com","twitter_card":"summary_large_image","twitter_misc":{"Written by":"dmcsrbija.com@gmail.com","Estimated reading time":"1 minute"},"schema":{"@context":"https:\/\/schema.org","@graph":[{"@type":"Article","@id":"https:\/\/dmcsrb.com\/ekonomija\/nezavisni-sindikat-nastavicemo-da-informisemo-eu-o-nepravilnostima-u-radu-aerodroma\/#article","isPartOf":{"@id":"https:\/\/dmcsrb.com\/ekonomija\/nezavisni-sindikat-nastavicemo-da-informisemo-eu-o-nepravilnostima-u-radu-aerodroma\/"},"author":{"name":"dmcsrbija.com@gmail.com","@id":"https:\/\/dmcsrb.com\/#\/schema\/person\/5c39170f12db1b8b457732d0b5c854e2"},"headline":"Nezavisni sindikat: Nastavi\u0107emo da informi\u0161emo EU o nepravilnostima u radu Aerodroma","datePublished":"2025-09-25T08:30:00+00:00","mainEntityOfPage":{"@id":"https:\/\/dmcsrb.com\/ekonomija\/nezavisni-sindikat-nastavicemo-da-informisemo-eu-o-nepravilnostima-u-radu-aerodroma\/"},"wordCount":253,"commentCount":0,"image":{"@id":"https:\/\/dmcsrb.com\/ekonomija\/nezavisni-sindikat-nastavicemo-da-informisemo-eu-o-nepravilnostima-u-radu-aerodroma\/#primaryimage"},"thumbnailUrl":"https:\/\/dmcsrb.com\/wp-content\/uploads\/2026\/01\/aerodrom.webp","keywords":["Aerodromi Crne Gore","EU","Nezavisni sindikat Aerodroma Crne Gore"],"articleSection":["Ekonomija"],"inLanguage":"en-GB","potentialAction":[{"@type":"CommentAction","name":"Comment","target":["https:\/\/dmcsrb.com\/ekonomija\/nezavisni-sindikat-nastavicemo-da-informisemo-eu-o-nepravilnostima-u-radu-aerodroma\/#respond"]}]},{"@type":"WebPage","@id":"https:\/\/dmcsrb.com\/ekonomija\/nezavisni-sindikat-nastavicemo-da-informisemo-eu-o-nepravilnostima-u-radu-aerodroma\/","url":"https:\/\/dmcsrb.com\/ekonomija\/nezavisni-sindikat-nastavicemo-da-informisemo-eu-o-nepravilnostima-u-radu-aerodroma\/","name":"Nezavisni sindikat: Nastavi\u0107emo da informi\u0161emo EU o nepravilnostima u radu Aerodroma - dmcsrb.com","isPartOf":{"@id":"https:\/\/dmcsrb.com\/#website"},"primaryImageOfPage":{"@id":"https:\/\/dmcsrb.com\/ekonomija\/nezavisni-sindikat-nastavicemo-da-informisemo-eu-o-nepravilnostima-u-radu-aerodroma\/#primaryimage"},"image":{"@id":"https:\/\/dmcsrb.com\/ekonomija\/nezavisni-sindikat-nastavicemo-da-informisemo-eu-o-nepravilnostima-u-radu-aerodroma\/#primaryimage"},"thumbnailUrl":"https:\/\/dmcsrb.com\/wp-content\/uploads\/2026\/01\/aerodrom.webp","datePublished":"2025-09-25T08:30:00+00:00","author":{"@id":"https:\/\/dmcsrb.com\/#\/schema\/person\/5c39170f12db1b8b457732d0b5c854e2"},"breadcrumb":{"@id":"https:\/\/dmcsrb.com\/ekonomija\/nezavisni-sindikat-nastavicemo-da-informisemo-eu-o-nepravilnostima-u-radu-aerodroma\/#breadcrumb"},"inLanguage":"en-GB","potentialAction":[{"@type":"ReadAction","target":["https:\/\/dmcsrb.com\/ekonomija\/nezavisni-sindikat-nastavicemo-da-informisemo-eu-o-nepravilnostima-u-radu-aerodroma\/"]}]},{"@type":"ImageObject","inLanguage":"en-GB","@id":"https:\/\/dmcsrb.com\/ekonomija\/nezavisni-sindikat-nastavicemo-da-informisemo-eu-o-nepravilnostima-u-radu-aerodroma\/#primaryimage","url":"https:\/\/dmcsrb.com\/wp-content\/uploads\/2026\/01\/aerodrom.webp","contentUrl":"https:\/\/dmcsrb.com\/wp-content\/uploads\/2026\/01\/aerodrom.webp","width":1797,"height":866},{"@type":"BreadcrumbList","@id":"https:\/\/dmcsrb.com\/ekonomija\/nezavisni-sindikat-nastavicemo-da-informisemo-eu-o-nepravilnostima-u-radu-aerodroma\/#breadcrumb","itemListElement":[{"@type":"ListItem","position":1,"name":"Home","item":"https:\/\/dmcsrb.com\/"},{"@type":"ListItem","position":2,"name":"Nezavisni sindikat: Nastavi\u0107emo da informi\u0161emo EU o nepravilnostima u radu Aerodroma"}]},{"@type":"WebSite","@id":"https:\/\/dmcsrb.com\/#website","url":"https:\/\/dmcsrb.com\/","name":"dmcsrb.com","description":"","potentialAction":[{"@type":"SearchAction","target":{"@type":"EntryPoint","urlTemplate":"https:\/\/dmcsrb.com\/?s={search_term_string}"},"query-input":{"@type":"PropertyValueSpecification","valueRequired":true,"valueName":"search_term_string"}}],"inLanguage":"en-GB"},{"@type":"Person","@id":"https:\/\/dmcsrb.com\/#\/schema\/person\/5c39170f12db1b8b457732d0b5c854e2","name":"dmcsrbija.com@gmail.com","image":{"@type":"ImageObject","inLanguage":"en-GB","@id":"https:\/\/dmcsrb.com\/#\/schema\/person\/image\/","url":"https:\/\/secure.gravatar.com\/avatar\/68592660ad6347fad0fb587f8d5d8f1a7b44961362f56e4f2cd524feb87e9069?s=96&d=mm&r=g","contentUrl":"https:\/\/secure.gravatar.com\/avatar\/68592660ad6347fad0fb587f8d5d8f1a7b44961362f56e4f2cd524feb87e9069?s=96&d=mm&r=g","caption":"dmcsrbija.com@gmail.com"},"sameAs":["https:\/\/dmcsrb.com"],"url":"https:\/\/dmcsrb.com\/en\/author\/dmcsrbija-comgmail-com\/"}]}},"_links":{"self":[{"href":"https:\/\/dmcsrb.com\/en\/wp-json\/wp\/v2\/posts\/953953","targetHints":{"allow":["GET"]}}],"collection":[{"href":"https:\/\/dmcsrb.com\/en\/wp-json\/wp\/v2\/posts"}],"about":[{"href":"https:\/\/dmcsrb.com\/en\/wp-json\/wp\/v2\/types\/post"}],"author":[{"embeddable":true,"href":"https:\/\/dmcsrb.com\/en\/wp-json\/wp\/v2\/users\/1"}],"replies":[{"embeddable":true,"href":"https:\/\/dmcsrb.com\/en\/wp-json\/wp\/v2\/comments?post=953953"}],"version-history":[{"count":0,"href":"https:\/\/dmcsrb.com\/en\/wp-json\/wp\/v2\/posts\/953953\/revisions"}],"wp:featuredmedia":[{"embeddable":true,"href":"https:\/\/dmcsrb.com\/en\/wp-json\/wp\/v2\/media\/942957"}],"wp:attachment":[{"href":"https:\/\/dmcsrb.com\/en\/wp-json\/wp\/v2\/media?parent=953953"}],"wp:term":[{"taxonomy":"category","embeddable":true,"href":"https:\/\/dmcsrb.com\/en\/wp-json\/wp\/v2\/categories?post=953953"},{"taxonomy":"post_tag","embeddable":true,"href":"https:\/\/dmcsrb.com\/en\/wp-json\/wp\/v2\/tags?post=953953"},{"taxonomy":"naslovna","embeddable":true,"href":"https:\/\/dmcsrb.com\/en\/wp-json\/wp\/v2\/naslovna?post=953953"}],"curies":[{"name":"wp","href":"https:\/\/api.w.org\/{rel}","templated":true}]}}