{"id":953847,"date":"2025-09-24T15:59:04","date_gmt":"2025-09-24T13:59:04","guid":{"rendered":"https:\/\/dmcsrb.com\/uncategorized\/nevrijeme-u-dalmaciji-prekinut-saobracaj-jadranskom-magistralom\/"},"modified":"2025-09-24T15:59:04","modified_gmt":"2025-09-24T13:59:04","slug":"nevrijeme-u-dalmaciji-prekinut-saobracaj-jadranskom-magistralom","status":"publish","type":"post","link":"https:\/\/dmcsrb.com\/en\/region\/nevrijeme-u-dalmaciji-prekinut-saobracaj-jadranskom-magistralom\/","title":{"rendered":"Nevrijeme u Dalmaciji, prekinut saobra\u0107aj Jadranskom magistralom"},"content":{"rendered":"<p>Sna\u017ena <strong>promjena vremena<\/strong> zahvatila je djelove Hrvatske.\u00a0Tokom jutra ki\u0161a, pljuskovi i grmljavina zahvatili su sjevernu i dio srednje Dalmacije.\u00a0Zbog lo\u0161ih vremenskih uslova i vode prekinut je saobra\u0107aj na dijelu Jadranske magistrale (DC8) Meteorolozi su danas izdali najve\u0107e upozorenje.\u00a0 U posljednja 24 sata, najvi\u0161e ki\u0161e palo je na \u0161irem zadarskom i \u0161ibenskom podru\u010dju. \u00a0<\/p>","protected":false},"excerpt":{"rendered":"<p>Hidrometeorolo\u0161ki zavod je za velik dio Jadrana izdao\u00a0crveni meteoalarm.<\/p>","protected":false},"author":1,"featured_media":953848,"comment_status":"open","ping_status":"open","sticky":false,"template":"","format":"standard","meta":{"_acf_changed":false,"footnotes":""},"categories":[103],"tags":[9105,4492],"naslovna":[],"class_list":["post-953847","post","type-post","status-publish","format-standard","has-post-thumbnail","hentry","category-region","tag-dalmacija","tag-nevrijeme"],"acf":[],"yoast_head":"<!-- This site is optimized with the Yoast SEO plugin v27.4 - https:\/\/yoast.com\/product\/yoast-seo-wordpress\/ -->\n<title>Nevrijeme u Dalmaciji, prekinut saobra\u0107aj Jadranskom magistralom - dmcsrb.com<\/title>\n<meta name=\"robots\" content=\"index, follow, max-snippet:-1, max-image-preview:large, max-video-preview:-1\" \/>\n<link rel=\"canonical\" href=\"https:\/\/dmcsrb.com\/en\/region\/nevrijeme-u-dalmaciji-prekinut-saobracaj-jadranskom-magistralom\/\" \/>\n<meta property=\"og:locale\" content=\"en_GB\" \/>\n<meta property=\"og:type\" content=\"article\" \/>\n<meta property=\"og:title\" content=\"Nevrijeme u Dalmaciji, prekinut saobra\u0107aj Jadranskom magistralom - dmcsrb.com\" \/>\n<meta property=\"og:description\" content=\"Hidrometeorolo\u0161ki zavod je za velik dio Jadrana izdao\u00a0crveni meteoalarm.\" \/>\n<meta property=\"og:url\" content=\"https:\/\/dmcsrb.com\/en\/region\/nevrijeme-u-dalmaciji-prekinut-saobracaj-jadranskom-magistralom\/\" \/>\n<meta property=\"og:site_name\" content=\"dmcsrb.com\" \/>\n<meta property=\"article:published_time\" content=\"2025-09-24T13:59:04+00:00\" \/>\n<meta property=\"og:image\" content=\"https:\/\/dmcsrb.com\/wp-content\/uploads\/2026\/01\/Dalmacija-nevrijeme.webp\" \/>\n\t<meta property=\"og:image:width\" content=\"1280\" \/>\n\t<meta property=\"og:image:height\" content=\"851\" \/>\n\t<meta property=\"og:image:type\" content=\"image\/jpeg\" \/>\n<meta name=\"author\" content=\"dmcsrbija.com@gmail.com\" \/>\n<meta name=\"twitter:card\" content=\"summary_large_image\" \/>\n<meta name=\"twitter:label1\" content=\"Written by\" \/>\n\t<meta name=\"twitter:data1\" content=\"dmcsrbija.com@gmail.com\" \/>\n<script type=\"application\/ld+json\" class=\"yoast-schema-graph\">{\"@context\":\"https:\\\/\\\/schema.org\",\"@graph\":[{\"@type\":\"Article\",\"@id\":\"https:\\\/\\\/dmcsrb.com\\\/region\\\/nevrijeme-u-dalmaciji-prekinut-saobracaj-jadranskom-magistralom\\\/#article\",\"isPartOf\":{\"@id\":\"https:\\\/\\\/dmcsrb.com\\\/region\\\/nevrijeme-u-dalmaciji-prekinut-saobracaj-jadranskom-magistralom\\\/\"},\"author\":{\"name\":\"dmcsrbija.com@gmail.com\",\"@id\":\"https:\\\/\\\/dmcsrb.com\\\/#\\\/schema\\\/person\\\/5c39170f12db1b8b457732d0b5c854e2\"},\"headline\":\"Nevrijeme u Dalmaciji, prekinut saobra\u0107aj Jadranskom magistralom\",\"datePublished\":\"2025-09-24T13:59:04+00:00\",\"mainEntityOfPage\":{\"@id\":\"https:\\\/\\\/dmcsrb.com\\\/region\\\/nevrijeme-u-dalmaciji-prekinut-saobracaj-jadranskom-magistralom\\\/\"},\"wordCount\":69,\"commentCount\":0,\"image\":{\"@id\":\"https:\\\/\\\/dmcsrb.com\\\/region\\\/nevrijeme-u-dalmaciji-prekinut-saobracaj-jadranskom-magistralom\\\/#primaryimage\"},\"thumbnailUrl\":\"https:\\\/\\\/dmcsrb.com\\\/wp-content\\\/uploads\\\/2026\\\/01\\\/Dalmacija-nevrijeme.webp\",\"keywords\":[\"Dalmacija\",\"nevrijeme\"],\"articleSection\":[\"Region\"],\"inLanguage\":\"en-GB\",\"potentialAction\":[{\"@type\":\"CommentAction\",\"name\":\"Comment\",\"target\":[\"https:\\\/\\\/dmcsrb.com\\\/region\\\/nevrijeme-u-dalmaciji-prekinut-saobracaj-jadranskom-magistralom\\\/#respond\"]}]},{\"@type\":\"WebPage\",\"@id\":\"https:\\\/\\\/dmcsrb.com\\\/region\\\/nevrijeme-u-dalmaciji-prekinut-saobracaj-jadranskom-magistralom\\\/\",\"url\":\"https:\\\/\\\/dmcsrb.com\\\/region\\\/nevrijeme-u-dalmaciji-prekinut-saobracaj-jadranskom-magistralom\\\/\",\"name\":\"Nevrijeme u Dalmaciji, prekinut saobra\u0107aj Jadranskom magistralom - dmcsrb.com\",\"isPartOf\":{\"@id\":\"https:\\\/\\\/dmcsrb.com\\\/#website\"},\"primaryImageOfPage\":{\"@id\":\"https:\\\/\\\/dmcsrb.com\\\/region\\\/nevrijeme-u-dalmaciji-prekinut-saobracaj-jadranskom-magistralom\\\/#primaryimage\"},\"image\":{\"@id\":\"https:\\\/\\\/dmcsrb.com\\\/region\\\/nevrijeme-u-dalmaciji-prekinut-saobracaj-jadranskom-magistralom\\\/#primaryimage\"},\"thumbnailUrl\":\"https:\\\/\\\/dmcsrb.com\\\/wp-content\\\/uploads\\\/2026\\\/01\\\/Dalmacija-nevrijeme.webp\",\"datePublished\":\"2025-09-24T13:59:04+00:00\",\"author\":{\"@id\":\"https:\\\/\\\/dmcsrb.com\\\/#\\\/schema\\\/person\\\/5c39170f12db1b8b457732d0b5c854e2\"},\"breadcrumb\":{\"@id\":\"https:\\\/\\\/dmcsrb.com\\\/region\\\/nevrijeme-u-dalmaciji-prekinut-saobracaj-jadranskom-magistralom\\\/#breadcrumb\"},\"inLanguage\":\"en-GB\",\"potentialAction\":[{\"@type\":\"ReadAction\",\"target\":[\"https:\\\/\\\/dmcsrb.com\\\/region\\\/nevrijeme-u-dalmaciji-prekinut-saobracaj-jadranskom-magistralom\\\/\"]}]},{\"@type\":\"ImageObject\",\"inLanguage\":\"en-GB\",\"@id\":\"https:\\\/\\\/dmcsrb.com\\\/region\\\/nevrijeme-u-dalmaciji-prekinut-saobracaj-jadranskom-magistralom\\\/#primaryimage\",\"url\":\"https:\\\/\\\/dmcsrb.com\\\/wp-content\\\/uploads\\\/2026\\\/01\\\/Dalmacija-nevrijeme.webp\",\"contentUrl\":\"https:\\\/\\\/dmcsrb.com\\\/wp-content\\\/uploads\\\/2026\\\/01\\\/Dalmacija-nevrijeme.webp\",\"width\":1280,\"height\":851},{\"@type\":\"BreadcrumbList\",\"@id\":\"https:\\\/\\\/dmcsrb.com\\\/region\\\/nevrijeme-u-dalmaciji-prekinut-saobracaj-jadranskom-magistralom\\\/#breadcrumb\",\"itemListElement\":[{\"@type\":\"ListItem\",\"position\":1,\"name\":\"Home\",\"item\":\"https:\\\/\\\/dmcsrb.com\\\/\"},{\"@type\":\"ListItem\",\"position\":2,\"name\":\"Nevrijeme u Dalmaciji, prekinut saobra\u0107aj Jadranskom magistralom\"}]},{\"@type\":\"WebSite\",\"@id\":\"https:\\\/\\\/dmcsrb.com\\\/#website\",\"url\":\"https:\\\/\\\/dmcsrb.com\\\/\",\"name\":\"dmcsrb.com\",\"description\":\"\",\"potentialAction\":[{\"@type\":\"SearchAction\",\"target\":{\"@type\":\"EntryPoint\",\"urlTemplate\":\"https:\\\/\\\/dmcsrb.com\\\/?s={search_term_string}\"},\"query-input\":{\"@type\":\"PropertyValueSpecification\",\"valueRequired\":true,\"valueName\":\"search_term_string\"}}],\"inLanguage\":\"en-GB\"},{\"@type\":\"Person\",\"@id\":\"https:\\\/\\\/dmcsrb.com\\\/#\\\/schema\\\/person\\\/5c39170f12db1b8b457732d0b5c854e2\",\"name\":\"dmcsrbija.com@gmail.com\",\"image\":{\"@type\":\"ImageObject\",\"inLanguage\":\"en-GB\",\"@id\":\"https:\\\/\\\/secure.gravatar.com\\\/avatar\\\/68592660ad6347fad0fb587f8d5d8f1a7b44961362f56e4f2cd524feb87e9069?s=96&d=mm&r=g\",\"url\":\"https:\\\/\\\/secure.gravatar.com\\\/avatar\\\/68592660ad6347fad0fb587f8d5d8f1a7b44961362f56e4f2cd524feb87e9069?s=96&d=mm&r=g\",\"contentUrl\":\"https:\\\/\\\/secure.gravatar.com\\\/avatar\\\/68592660ad6347fad0fb587f8d5d8f1a7b44961362f56e4f2cd524feb87e9069?s=96&d=mm&r=g\",\"caption\":\"dmcsrbija.com@gmail.com\"},\"sameAs\":[\"https:\\\/\\\/dmcsrb.com\"],\"url\":\"https:\\\/\\\/dmcsrb.com\\\/en\\\/author\\\/dmcsrbija-comgmail-com\\\/\"}]}<\/script>\n<!-- \/ Yoast SEO plugin. -->","yoast_head_json":{"title":"Nevrijeme u Dalmaciji, prekinut saobra\u0107aj Jadranskom magistralom - dmcsrb.com","robots":{"index":"index","follow":"follow","max-snippet":"max-snippet:-1","max-image-preview":"max-image-preview:large","max-video-preview":"max-video-preview:-1"},"canonical":"https:\/\/dmcsrb.com\/en\/region\/nevrijeme-u-dalmaciji-prekinut-saobracaj-jadranskom-magistralom\/","og_locale":"en_GB","og_type":"article","og_title":"Nevrijeme u Dalmaciji, prekinut saobra\u0107aj Jadranskom magistralom - dmcsrb.com","og_description":"Hidrometeorolo\u0161ki zavod je za velik dio Jadrana izdao\u00a0crveni meteoalarm.","og_url":"https:\/\/dmcsrb.com\/en\/region\/nevrijeme-u-dalmaciji-prekinut-saobracaj-jadranskom-magistralom\/","og_site_name":"dmcsrb.com","article_published_time":"2025-09-24T13:59:04+00:00","og_image":[{"width":1280,"height":851,"url":"https:\/\/dmcsrb.com\/wp-content\/uploads\/2026\/01\/Dalmacija-nevrijeme.webp","type":"image\/jpeg"}],"author":"dmcsrbija.com@gmail.com","twitter_card":"summary_large_image","twitter_misc":{"Written by":"dmcsrbija.com@gmail.com"},"schema":{"@context":"https:\/\/schema.org","@graph":[{"@type":"Article","@id":"https:\/\/dmcsrb.com\/region\/nevrijeme-u-dalmaciji-prekinut-saobracaj-jadranskom-magistralom\/#article","isPartOf":{"@id":"https:\/\/dmcsrb.com\/region\/nevrijeme-u-dalmaciji-prekinut-saobracaj-jadranskom-magistralom\/"},"author":{"name":"dmcsrbija.com@gmail.com","@id":"https:\/\/dmcsrb.com\/#\/schema\/person\/5c39170f12db1b8b457732d0b5c854e2"},"headline":"Nevrijeme u Dalmaciji, prekinut saobra\u0107aj Jadranskom magistralom","datePublished":"2025-09-24T13:59:04+00:00","mainEntityOfPage":{"@id":"https:\/\/dmcsrb.com\/region\/nevrijeme-u-dalmaciji-prekinut-saobracaj-jadranskom-magistralom\/"},"wordCount":69,"commentCount":0,"image":{"@id":"https:\/\/dmcsrb.com\/region\/nevrijeme-u-dalmaciji-prekinut-saobracaj-jadranskom-magistralom\/#primaryimage"},"thumbnailUrl":"https:\/\/dmcsrb.com\/wp-content\/uploads\/2026\/01\/Dalmacija-nevrijeme.webp","keywords":["Dalmacija","nevrijeme"],"articleSection":["Region"],"inLanguage":"en-GB","potentialAction":[{"@type":"CommentAction","name":"Comment","target":["https:\/\/dmcsrb.com\/region\/nevrijeme-u-dalmaciji-prekinut-saobracaj-jadranskom-magistralom\/#respond"]}]},{"@type":"WebPage","@id":"https:\/\/dmcsrb.com\/region\/nevrijeme-u-dalmaciji-prekinut-saobracaj-jadranskom-magistralom\/","url":"https:\/\/dmcsrb.com\/region\/nevrijeme-u-dalmaciji-prekinut-saobracaj-jadranskom-magistralom\/","name":"Nevrijeme u Dalmaciji, prekinut saobra\u0107aj Jadranskom magistralom - dmcsrb.com","isPartOf":{"@id":"https:\/\/dmcsrb.com\/#website"},"primaryImageOfPage":{"@id":"https:\/\/dmcsrb.com\/region\/nevrijeme-u-dalmaciji-prekinut-saobracaj-jadranskom-magistralom\/#primaryimage"},"image":{"@id":"https:\/\/dmcsrb.com\/region\/nevrijeme-u-dalmaciji-prekinut-saobracaj-jadranskom-magistralom\/#primaryimage"},"thumbnailUrl":"https:\/\/dmcsrb.com\/wp-content\/uploads\/2026\/01\/Dalmacija-nevrijeme.webp","datePublished":"2025-09-24T13:59:04+00:00","author":{"@id":"https:\/\/dmcsrb.com\/#\/schema\/person\/5c39170f12db1b8b457732d0b5c854e2"},"breadcrumb":{"@id":"https:\/\/dmcsrb.com\/region\/nevrijeme-u-dalmaciji-prekinut-saobracaj-jadranskom-magistralom\/#breadcrumb"},"inLanguage":"en-GB","potentialAction":[{"@type":"ReadAction","target":["https:\/\/dmcsrb.com\/region\/nevrijeme-u-dalmaciji-prekinut-saobracaj-jadranskom-magistralom\/"]}]},{"@type":"ImageObject","inLanguage":"en-GB","@id":"https:\/\/dmcsrb.com\/region\/nevrijeme-u-dalmaciji-prekinut-saobracaj-jadranskom-magistralom\/#primaryimage","url":"https:\/\/dmcsrb.com\/wp-content\/uploads\/2026\/01\/Dalmacija-nevrijeme.webp","contentUrl":"https:\/\/dmcsrb.com\/wp-content\/uploads\/2026\/01\/Dalmacija-nevrijeme.webp","width":1280,"height":851},{"@type":"BreadcrumbList","@id":"https:\/\/dmcsrb.com\/region\/nevrijeme-u-dalmaciji-prekinut-saobracaj-jadranskom-magistralom\/#breadcrumb","itemListElement":[{"@type":"ListItem","position":1,"name":"Home","item":"https:\/\/dmcsrb.com\/"},{"@type":"ListItem","position":2,"name":"Nevrijeme u Dalmaciji, prekinut saobra\u0107aj Jadranskom magistralom"}]},{"@type":"WebSite","@id":"https:\/\/dmcsrb.com\/#website","url":"https:\/\/dmcsrb.com\/","name":"dmcsrb.com","description":"","potentialAction":[{"@type":"SearchAction","target":{"@type":"EntryPoint","urlTemplate":"https:\/\/dmcsrb.com\/?s={search_term_string}"},"query-input":{"@type":"PropertyValueSpecification","valueRequired":true,"valueName":"search_term_string"}}],"inLanguage":"en-GB"},{"@type":"Person","@id":"https:\/\/dmcsrb.com\/#\/schema\/person\/5c39170f12db1b8b457732d0b5c854e2","name":"dmcsrbija.com@gmail.com","image":{"@type":"ImageObject","inLanguage":"en-GB","@id":"https:\/\/secure.gravatar.com\/avatar\/68592660ad6347fad0fb587f8d5d8f1a7b44961362f56e4f2cd524feb87e9069?s=96&d=mm&r=g","url":"https:\/\/secure.gravatar.com\/avatar\/68592660ad6347fad0fb587f8d5d8f1a7b44961362f56e4f2cd524feb87e9069?s=96&d=mm&r=g","contentUrl":"https:\/\/secure.gravatar.com\/avatar\/68592660ad6347fad0fb587f8d5d8f1a7b44961362f56e4f2cd524feb87e9069?s=96&d=mm&r=g","caption":"dmcsrbija.com@gmail.com"},"sameAs":["https:\/\/dmcsrb.com"],"url":"https:\/\/dmcsrb.com\/en\/author\/dmcsrbija-comgmail-com\/"}]}},"_links":{"self":[{"href":"https:\/\/dmcsrb.com\/en\/wp-json\/wp\/v2\/posts\/953847","targetHints":{"allow":["GET"]}}],"collection":[{"href":"https:\/\/dmcsrb.com\/en\/wp-json\/wp\/v2\/posts"}],"about":[{"href":"https:\/\/dmcsrb.com\/en\/wp-json\/wp\/v2\/types\/post"}],"author":[{"embeddable":true,"href":"https:\/\/dmcsrb.com\/en\/wp-json\/wp\/v2\/users\/1"}],"replies":[{"embeddable":true,"href":"https:\/\/dmcsrb.com\/en\/wp-json\/wp\/v2\/comments?post=953847"}],"version-history":[{"count":0,"href":"https:\/\/dmcsrb.com\/en\/wp-json\/wp\/v2\/posts\/953847\/revisions"}],"wp:featuredmedia":[{"embeddable":true,"href":"https:\/\/dmcsrb.com\/en\/wp-json\/wp\/v2\/media\/953848"}],"wp:attachment":[{"href":"https:\/\/dmcsrb.com\/en\/wp-json\/wp\/v2\/media?parent=953847"}],"wp:term":[{"taxonomy":"category","embeddable":true,"href":"https:\/\/dmcsrb.com\/en\/wp-json\/wp\/v2\/categories?post=953847"},{"taxonomy":"post_tag","embeddable":true,"href":"https:\/\/dmcsrb.com\/en\/wp-json\/wp\/v2\/tags?post=953847"},{"taxonomy":"naslovna","embeddable":true,"href":"https:\/\/dmcsrb.com\/en\/wp-json\/wp\/v2\/naslovna?post=953847"}],"curies":[{"name":"wp","href":"https:\/\/api.w.org\/{rel}","templated":true}]}}