{"id":953835,"date":"2025-09-24T15:30:00","date_gmt":"2025-09-24T13:30:00","guid":{"rendered":"https:\/\/dmcsrb.com\/uncategorized\/uefa-smanjila-kaznu-arsenalu-na-sedam-godina-golman-puletic-oslobodjen-krivice\/"},"modified":"2025-09-24T15:30:00","modified_gmt":"2025-09-24T13:30:00","slug":"uefa-smanjila-kaznu-arsenalu-na-sedam-godina-golman-puletic-oslobodjen-krivice","status":"publish","type":"post","link":"https:\/\/dmcsrb.com\/en\/sport\/uefa-smanjila-kaznu-arsenalu-na-sedam-godina-golman-puletic-oslobodjen-krivice\/","title":{"rendered":"UEFA smanjila kaznu Arsenalu na sedam godina, golman Puleti\u0107 oslobo\u0111en krivice"},"content":{"rendered":"<p><\/p>\n\n\n\n<p>UEFA je djelimi\u010dno uva\u017eiila \u017ealbu tivatskog kluba, pa je suspenzija u evropskim takmi\u010denjima sa deset smanjena je na sedam godina. S druge strane, smanjena je i nov\u010dana kazna sa 500.000 na 400.000 eura.<\/p>\n\n\n\n<p>Tako\u0111e, \u017ealbom su bili obuhva\u0107eni i igra\u010di, koji su bili osumlji\u010deni da su u\u010destvovali u namje\u0161tanju. Tako je golman&nbsp;<strong>Du\u0161an Puleti\u0107<\/strong>&nbsp;oslobo\u0111en krivice, a bio je ka\u017enjen sa deset godina zabrane bavljenja fudbalskim aktivnostima. Tada\u0161nji igra\u010d Nikola \u010celebi\u0107 i predstavnik Arsenala&nbsp;<strong>Ranko Krgovi\u0107<\/strong>&nbsp;dobili su do\u017eivotne zabrane rada u fudbalu, a 10 godina van fudbala \u0107e morati da budu i igra\u010di, nekada\u0161nji kapiten \u0106etko Manojlovi\u0107 i Radule \u017divkovi\u0107.<\/p>\n\n\n\n<p>Me\u0111utim, u tivatskom klubu nisu zadovoljni, jer su o\u010dekivali ve\u0107e smanjenje kazne, pa je \u201eDanu\u201c potvr\u0111eno da slijedi nova \u017ealba. Ovoga puta adresa \u0107e biti Sportski sud u Lozani.<\/p>","protected":false},"excerpt":{"rendered":"<p>Evropska fudbalska federacija (UEFA) je smanjila kaznu Arsenal u aferi koja je potegnuta zbog namje\u0161tanja utakmice sa jermenskim Ala\u0161kertom, potvr\u0111eno je \u201eDanu\u201c iz tivatskog prvoliga\u0161a<\/p>","protected":false},"author":1,"featured_media":953836,"comment_status":"open","ping_status":"open","sticky":false,"template":"","format":"standard","meta":{"_acf_changed":false,"footnotes":""},"categories":[148],"tags":[9098,2144],"naslovna":[],"class_list":["post-953835","post","type-post","status-publish","format-standard","has-post-thumbnail","hentry","category-sport","tag-arsenal-tivat","tag-uefa"],"acf":[],"yoast_head":"<!-- This site is optimized with the Yoast SEO plugin v27.4 - https:\/\/yoast.com\/product\/yoast-seo-wordpress\/ -->\n<title>UEFA smanjila kaznu Arsenalu na sedam godina, golman Puleti\u0107 oslobo\u0111en krivice - dmcsrb.com<\/title>\n<meta name=\"robots\" content=\"index, follow, max-snippet:-1, max-image-preview:large, max-video-preview:-1\" \/>\n<link rel=\"canonical\" href=\"https:\/\/dmcsrb.com\/en\/sport\/uefa-smanjila-kaznu-arsenalu-na-sedam-godina-golman-puletic-oslobodjen-krivice\/\" \/>\n<meta property=\"og:locale\" content=\"en_GB\" \/>\n<meta property=\"og:type\" content=\"article\" \/>\n<meta property=\"og:title\" content=\"UEFA smanjila kaznu Arsenalu na sedam godina, golman Puleti\u0107 oslobo\u0111en krivice - dmcsrb.com\" \/>\n<meta property=\"og:description\" content=\"Evropska fudbalska federacija (UEFA) je smanjila kaznu Arsenal u aferi koja je potegnuta zbog namje\u0161tanja utakmice sa jermenskim Ala\u0161kertom, potvr\u0111eno je \u201eDanu\u201c iz tivatskog prvoliga\u0161a\" \/>\n<meta property=\"og:url\" content=\"https:\/\/dmcsrb.com\/en\/sport\/uefa-smanjila-kaznu-arsenalu-na-sedam-godina-golman-puletic-oslobodjen-krivice\/\" \/>\n<meta property=\"og:site_name\" content=\"dmcsrb.com\" \/>\n<meta property=\"article:published_time\" content=\"2025-09-24T13:30:00+00:00\" \/>\n<meta property=\"og:image\" content=\"https:\/\/dmcsrb.com\/wp-content\/uploads\/2026\/01\/arsenal-tivat-logo.webp\" \/>\n\t<meta property=\"og:image:width\" content=\"927\" \/>\n\t<meta property=\"og:image:height\" content=\"506\" \/>\n\t<meta property=\"og:image:type\" content=\"image\/jpeg\" \/>\n<meta name=\"author\" content=\"dmcsrbija.com@gmail.com\" \/>\n<meta name=\"twitter:card\" content=\"summary_large_image\" \/>\n<meta name=\"twitter:label1\" content=\"Written by\" \/>\n\t<meta name=\"twitter:data1\" content=\"dmcsrbija.com@gmail.com\" \/>\n\t<meta name=\"twitter:label2\" content=\"Estimated reading time\" \/>\n\t<meta name=\"twitter:data2\" content=\"1 minute\" \/>\n<script type=\"application\/ld+json\" class=\"yoast-schema-graph\">{\"@context\":\"https:\\\/\\\/schema.org\",\"@graph\":[{\"@type\":\"Article\",\"@id\":\"https:\\\/\\\/dmcsrb.com\\\/sport\\\/uefa-smanjila-kaznu-arsenalu-na-sedam-godina-golman-puletic-oslobodjen-krivice\\\/#article\",\"isPartOf\":{\"@id\":\"https:\\\/\\\/dmcsrb.com\\\/sport\\\/uefa-smanjila-kaznu-arsenalu-na-sedam-godina-golman-puletic-oslobodjen-krivice\\\/\"},\"author\":{\"name\":\"dmcsrbija.com@gmail.com\",\"@id\":\"https:\\\/\\\/dmcsrb.com\\\/#\\\/schema\\\/person\\\/5c39170f12db1b8b457732d0b5c854e2\"},\"headline\":\"UEFA smanjila kaznu Arsenalu na sedam godina, golman Puleti\u0107 oslobo\u0111en krivice\",\"datePublished\":\"2025-09-24T13:30:00+00:00\",\"mainEntityOfPage\":{\"@id\":\"https:\\\/\\\/dmcsrb.com\\\/sport\\\/uefa-smanjila-kaznu-arsenalu-na-sedam-godina-golman-puletic-oslobodjen-krivice\\\/\"},\"wordCount\":164,\"commentCount\":0,\"image\":{\"@id\":\"https:\\\/\\\/dmcsrb.com\\\/sport\\\/uefa-smanjila-kaznu-arsenalu-na-sedam-godina-golman-puletic-oslobodjen-krivice\\\/#primaryimage\"},\"thumbnailUrl\":\"https:\\\/\\\/dmcsrb.com\\\/wp-content\\\/uploads\\\/2026\\\/01\\\/arsenal-tivat-logo.webp\",\"keywords\":[\"Arsenal Tivat\",\"UEFA\"],\"articleSection\":[\"Sport\"],\"inLanguage\":\"en-GB\",\"potentialAction\":[{\"@type\":\"CommentAction\",\"name\":\"Comment\",\"target\":[\"https:\\\/\\\/dmcsrb.com\\\/sport\\\/uefa-smanjila-kaznu-arsenalu-na-sedam-godina-golman-puletic-oslobodjen-krivice\\\/#respond\"]}]},{\"@type\":\"WebPage\",\"@id\":\"https:\\\/\\\/dmcsrb.com\\\/sport\\\/uefa-smanjila-kaznu-arsenalu-na-sedam-godina-golman-puletic-oslobodjen-krivice\\\/\",\"url\":\"https:\\\/\\\/dmcsrb.com\\\/sport\\\/uefa-smanjila-kaznu-arsenalu-na-sedam-godina-golman-puletic-oslobodjen-krivice\\\/\",\"name\":\"UEFA smanjila kaznu Arsenalu na sedam godina, golman Puleti\u0107 oslobo\u0111en krivice - dmcsrb.com\",\"isPartOf\":{\"@id\":\"https:\\\/\\\/dmcsrb.com\\\/#website\"},\"primaryImageOfPage\":{\"@id\":\"https:\\\/\\\/dmcsrb.com\\\/sport\\\/uefa-smanjila-kaznu-arsenalu-na-sedam-godina-golman-puletic-oslobodjen-krivice\\\/#primaryimage\"},\"image\":{\"@id\":\"https:\\\/\\\/dmcsrb.com\\\/sport\\\/uefa-smanjila-kaznu-arsenalu-na-sedam-godina-golman-puletic-oslobodjen-krivice\\\/#primaryimage\"},\"thumbnailUrl\":\"https:\\\/\\\/dmcsrb.com\\\/wp-content\\\/uploads\\\/2026\\\/01\\\/arsenal-tivat-logo.webp\",\"datePublished\":\"2025-09-24T13:30:00+00:00\",\"author\":{\"@id\":\"https:\\\/\\\/dmcsrb.com\\\/#\\\/schema\\\/person\\\/5c39170f12db1b8b457732d0b5c854e2\"},\"breadcrumb\":{\"@id\":\"https:\\\/\\\/dmcsrb.com\\\/sport\\\/uefa-smanjila-kaznu-arsenalu-na-sedam-godina-golman-puletic-oslobodjen-krivice\\\/#breadcrumb\"},\"inLanguage\":\"en-GB\",\"potentialAction\":[{\"@type\":\"ReadAction\",\"target\":[\"https:\\\/\\\/dmcsrb.com\\\/sport\\\/uefa-smanjila-kaznu-arsenalu-na-sedam-godina-golman-puletic-oslobodjen-krivice\\\/\"]}]},{\"@type\":\"ImageObject\",\"inLanguage\":\"en-GB\",\"@id\":\"https:\\\/\\\/dmcsrb.com\\\/sport\\\/uefa-smanjila-kaznu-arsenalu-na-sedam-godina-golman-puletic-oslobodjen-krivice\\\/#primaryimage\",\"url\":\"https:\\\/\\\/dmcsrb.com\\\/wp-content\\\/uploads\\\/2026\\\/01\\\/arsenal-tivat-logo.webp\",\"contentUrl\":\"https:\\\/\\\/dmcsrb.com\\\/wp-content\\\/uploads\\\/2026\\\/01\\\/arsenal-tivat-logo.webp\",\"width\":927,\"height\":506},{\"@type\":\"BreadcrumbList\",\"@id\":\"https:\\\/\\\/dmcsrb.com\\\/sport\\\/uefa-smanjila-kaznu-arsenalu-na-sedam-godina-golman-puletic-oslobodjen-krivice\\\/#breadcrumb\",\"itemListElement\":[{\"@type\":\"ListItem\",\"position\":1,\"name\":\"Home\",\"item\":\"https:\\\/\\\/dmcsrb.com\\\/\"},{\"@type\":\"ListItem\",\"position\":2,\"name\":\"UEFA smanjila kaznu Arsenalu na sedam godina, golman Puleti\u0107 oslobo\u0111en krivice\"}]},{\"@type\":\"WebSite\",\"@id\":\"https:\\\/\\\/dmcsrb.com\\\/#website\",\"url\":\"https:\\\/\\\/dmcsrb.com\\\/\",\"name\":\"dmcsrb.com\",\"description\":\"\",\"potentialAction\":[{\"@type\":\"SearchAction\",\"target\":{\"@type\":\"EntryPoint\",\"urlTemplate\":\"https:\\\/\\\/dmcsrb.com\\\/?s={search_term_string}\"},\"query-input\":{\"@type\":\"PropertyValueSpecification\",\"valueRequired\":true,\"valueName\":\"search_term_string\"}}],\"inLanguage\":\"en-GB\"},{\"@type\":\"Person\",\"@id\":\"https:\\\/\\\/dmcsrb.com\\\/#\\\/schema\\\/person\\\/5c39170f12db1b8b457732d0b5c854e2\",\"name\":\"dmcsrbija.com@gmail.com\",\"image\":{\"@type\":\"ImageObject\",\"inLanguage\":\"en-GB\",\"@id\":\"https:\\\/\\\/secure.gravatar.com\\\/avatar\\\/68592660ad6347fad0fb587f8d5d8f1a7b44961362f56e4f2cd524feb87e9069?s=96&d=mm&r=g\",\"url\":\"https:\\\/\\\/secure.gravatar.com\\\/avatar\\\/68592660ad6347fad0fb587f8d5d8f1a7b44961362f56e4f2cd524feb87e9069?s=96&d=mm&r=g\",\"contentUrl\":\"https:\\\/\\\/secure.gravatar.com\\\/avatar\\\/68592660ad6347fad0fb587f8d5d8f1a7b44961362f56e4f2cd524feb87e9069?s=96&d=mm&r=g\",\"caption\":\"dmcsrbija.com@gmail.com\"},\"sameAs\":[\"https:\\\/\\\/dmcsrb.com\"],\"url\":\"https:\\\/\\\/dmcsrb.com\\\/en\\\/author\\\/dmcsrbija-comgmail-com\\\/\"}]}<\/script>\n<!-- \/ Yoast SEO plugin. -->","yoast_head_json":{"title":"UEFA smanjila kaznu Arsenalu na sedam godina, golman Puleti\u0107 oslobo\u0111en krivice - dmcsrb.com","robots":{"index":"index","follow":"follow","max-snippet":"max-snippet:-1","max-image-preview":"max-image-preview:large","max-video-preview":"max-video-preview:-1"},"canonical":"https:\/\/dmcsrb.com\/en\/sport\/uefa-smanjila-kaznu-arsenalu-na-sedam-godina-golman-puletic-oslobodjen-krivice\/","og_locale":"en_GB","og_type":"article","og_title":"UEFA smanjila kaznu Arsenalu na sedam godina, golman Puleti\u0107 oslobo\u0111en krivice - dmcsrb.com","og_description":"Evropska fudbalska federacija (UEFA) je smanjila kaznu Arsenal u aferi koja je potegnuta zbog namje\u0161tanja utakmice sa jermenskim Ala\u0161kertom, potvr\u0111eno je \u201eDanu\u201c iz tivatskog prvoliga\u0161a","og_url":"https:\/\/dmcsrb.com\/en\/sport\/uefa-smanjila-kaznu-arsenalu-na-sedam-godina-golman-puletic-oslobodjen-krivice\/","og_site_name":"dmcsrb.com","article_published_time":"2025-09-24T13:30:00+00:00","og_image":[{"width":927,"height":506,"url":"https:\/\/dmcsrb.com\/wp-content\/uploads\/2026\/01\/arsenal-tivat-logo.webp","type":"image\/jpeg"}],"author":"dmcsrbija.com@gmail.com","twitter_card":"summary_large_image","twitter_misc":{"Written by":"dmcsrbija.com@gmail.com","Estimated reading time":"1 minute"},"schema":{"@context":"https:\/\/schema.org","@graph":[{"@type":"Article","@id":"https:\/\/dmcsrb.com\/sport\/uefa-smanjila-kaznu-arsenalu-na-sedam-godina-golman-puletic-oslobodjen-krivice\/#article","isPartOf":{"@id":"https:\/\/dmcsrb.com\/sport\/uefa-smanjila-kaznu-arsenalu-na-sedam-godina-golman-puletic-oslobodjen-krivice\/"},"author":{"name":"dmcsrbija.com@gmail.com","@id":"https:\/\/dmcsrb.com\/#\/schema\/person\/5c39170f12db1b8b457732d0b5c854e2"},"headline":"UEFA smanjila kaznu Arsenalu na sedam godina, golman Puleti\u0107 oslobo\u0111en krivice","datePublished":"2025-09-24T13:30:00+00:00","mainEntityOfPage":{"@id":"https:\/\/dmcsrb.com\/sport\/uefa-smanjila-kaznu-arsenalu-na-sedam-godina-golman-puletic-oslobodjen-krivice\/"},"wordCount":164,"commentCount":0,"image":{"@id":"https:\/\/dmcsrb.com\/sport\/uefa-smanjila-kaznu-arsenalu-na-sedam-godina-golman-puletic-oslobodjen-krivice\/#primaryimage"},"thumbnailUrl":"https:\/\/dmcsrb.com\/wp-content\/uploads\/2026\/01\/arsenal-tivat-logo.webp","keywords":["Arsenal Tivat","UEFA"],"articleSection":["Sport"],"inLanguage":"en-GB","potentialAction":[{"@type":"CommentAction","name":"Comment","target":["https:\/\/dmcsrb.com\/sport\/uefa-smanjila-kaznu-arsenalu-na-sedam-godina-golman-puletic-oslobodjen-krivice\/#respond"]}]},{"@type":"WebPage","@id":"https:\/\/dmcsrb.com\/sport\/uefa-smanjila-kaznu-arsenalu-na-sedam-godina-golman-puletic-oslobodjen-krivice\/","url":"https:\/\/dmcsrb.com\/sport\/uefa-smanjila-kaznu-arsenalu-na-sedam-godina-golman-puletic-oslobodjen-krivice\/","name":"UEFA smanjila kaznu Arsenalu na sedam godina, golman Puleti\u0107 oslobo\u0111en krivice - dmcsrb.com","isPartOf":{"@id":"https:\/\/dmcsrb.com\/#website"},"primaryImageOfPage":{"@id":"https:\/\/dmcsrb.com\/sport\/uefa-smanjila-kaznu-arsenalu-na-sedam-godina-golman-puletic-oslobodjen-krivice\/#primaryimage"},"image":{"@id":"https:\/\/dmcsrb.com\/sport\/uefa-smanjila-kaznu-arsenalu-na-sedam-godina-golman-puletic-oslobodjen-krivice\/#primaryimage"},"thumbnailUrl":"https:\/\/dmcsrb.com\/wp-content\/uploads\/2026\/01\/arsenal-tivat-logo.webp","datePublished":"2025-09-24T13:30:00+00:00","author":{"@id":"https:\/\/dmcsrb.com\/#\/schema\/person\/5c39170f12db1b8b457732d0b5c854e2"},"breadcrumb":{"@id":"https:\/\/dmcsrb.com\/sport\/uefa-smanjila-kaznu-arsenalu-na-sedam-godina-golman-puletic-oslobodjen-krivice\/#breadcrumb"},"inLanguage":"en-GB","potentialAction":[{"@type":"ReadAction","target":["https:\/\/dmcsrb.com\/sport\/uefa-smanjila-kaznu-arsenalu-na-sedam-godina-golman-puletic-oslobodjen-krivice\/"]}]},{"@type":"ImageObject","inLanguage":"en-GB","@id":"https:\/\/dmcsrb.com\/sport\/uefa-smanjila-kaznu-arsenalu-na-sedam-godina-golman-puletic-oslobodjen-krivice\/#primaryimage","url":"https:\/\/dmcsrb.com\/wp-content\/uploads\/2026\/01\/arsenal-tivat-logo.webp","contentUrl":"https:\/\/dmcsrb.com\/wp-content\/uploads\/2026\/01\/arsenal-tivat-logo.webp","width":927,"height":506},{"@type":"BreadcrumbList","@id":"https:\/\/dmcsrb.com\/sport\/uefa-smanjila-kaznu-arsenalu-na-sedam-godina-golman-puletic-oslobodjen-krivice\/#breadcrumb","itemListElement":[{"@type":"ListItem","position":1,"name":"Home","item":"https:\/\/dmcsrb.com\/"},{"@type":"ListItem","position":2,"name":"UEFA smanjila kaznu Arsenalu na sedam godina, golman Puleti\u0107 oslobo\u0111en krivice"}]},{"@type":"WebSite","@id":"https:\/\/dmcsrb.com\/#website","url":"https:\/\/dmcsrb.com\/","name":"dmcsrb.com","description":"","potentialAction":[{"@type":"SearchAction","target":{"@type":"EntryPoint","urlTemplate":"https:\/\/dmcsrb.com\/?s={search_term_string}"},"query-input":{"@type":"PropertyValueSpecification","valueRequired":true,"valueName":"search_term_string"}}],"inLanguage":"en-GB"},{"@type":"Person","@id":"https:\/\/dmcsrb.com\/#\/schema\/person\/5c39170f12db1b8b457732d0b5c854e2","name":"dmcsrbija.com@gmail.com","image":{"@type":"ImageObject","inLanguage":"en-GB","@id":"https:\/\/secure.gravatar.com\/avatar\/68592660ad6347fad0fb587f8d5d8f1a7b44961362f56e4f2cd524feb87e9069?s=96&d=mm&r=g","url":"https:\/\/secure.gravatar.com\/avatar\/68592660ad6347fad0fb587f8d5d8f1a7b44961362f56e4f2cd524feb87e9069?s=96&d=mm&r=g","contentUrl":"https:\/\/secure.gravatar.com\/avatar\/68592660ad6347fad0fb587f8d5d8f1a7b44961362f56e4f2cd524feb87e9069?s=96&d=mm&r=g","caption":"dmcsrbija.com@gmail.com"},"sameAs":["https:\/\/dmcsrb.com"],"url":"https:\/\/dmcsrb.com\/en\/author\/dmcsrbija-comgmail-com\/"}]}},"_links":{"self":[{"href":"https:\/\/dmcsrb.com\/en\/wp-json\/wp\/v2\/posts\/953835","targetHints":{"allow":["GET"]}}],"collection":[{"href":"https:\/\/dmcsrb.com\/en\/wp-json\/wp\/v2\/posts"}],"about":[{"href":"https:\/\/dmcsrb.com\/en\/wp-json\/wp\/v2\/types\/post"}],"author":[{"embeddable":true,"href":"https:\/\/dmcsrb.com\/en\/wp-json\/wp\/v2\/users\/1"}],"replies":[{"embeddable":true,"href":"https:\/\/dmcsrb.com\/en\/wp-json\/wp\/v2\/comments?post=953835"}],"version-history":[{"count":0,"href":"https:\/\/dmcsrb.com\/en\/wp-json\/wp\/v2\/posts\/953835\/revisions"}],"wp:featuredmedia":[{"embeddable":true,"href":"https:\/\/dmcsrb.com\/en\/wp-json\/wp\/v2\/media\/953836"}],"wp:attachment":[{"href":"https:\/\/dmcsrb.com\/en\/wp-json\/wp\/v2\/media?parent=953835"}],"wp:term":[{"taxonomy":"category","embeddable":true,"href":"https:\/\/dmcsrb.com\/en\/wp-json\/wp\/v2\/categories?post=953835"},{"taxonomy":"post_tag","embeddable":true,"href":"https:\/\/dmcsrb.com\/en\/wp-json\/wp\/v2\/tags?post=953835"},{"taxonomy":"naslovna","embeddable":true,"href":"https:\/\/dmcsrb.com\/en\/wp-json\/wp\/v2\/naslovna?post=953835"}],"curies":[{"name":"wp","href":"https:\/\/api.w.org\/{rel}","templated":true}]}}