{"id":953812,"date":"2025-09-24T13:23:00","date_gmt":"2025-09-24T11:23:00","guid":{"rendered":"https:\/\/dmcsrb.com\/uncategorized\/pod-asfaltom-kompletna-dionica-od-ribarevina-do-berana\/"},"modified":"2025-09-24T13:23:00","modified_gmt":"2025-09-24T11:23:00","slug":"pod-asfaltom-kompletna-dionica-od-ribarevina-do-berana","status":"publish","type":"post","link":"https:\/\/dmcsrb.com\/en\/ekonomija\/pod-asfaltom-kompletna-dionica-od-ribarevina-do-berana\/","title":{"rendered":"Pod asfaltom kompletna dionica od Ribarevina do Berana"},"content":{"rendered":"<p><\/p>\n\n\n\n<p>\u201cSvjedoci smo kompleksnosti ovog projekta, naro\u010dito ukoliko imamo u vidu tehni\u010dku zahtjevnost i obavljanje radova pod saobra\u0107ajem. Ipak, sigurna sam da ve\u0107 danas slike asfalta na cijeloj trasi ostavljaju pozitivne utiske. Zahvaljujem gra\u0111anima na dosada\u0161njem razumijevanju, jer je jasno da radovi na velikim infrastrukturnim projektima neminovno uti\u010du na sporije odvijanje saobra\u0107aja i povremene zastoje. Zavr\u0161etkom rekonstrukcije ovog putnog pravca ima\u0107emo savremen i bezbjedan saobra\u0107ajni pravac, koji \u0107e omogu\u0107iti udobnije, bezbjednije i ekonomi\u010dnije putovanje, kako za na\u0161e gra\u0111ane tako i za odvijanje tranzitnog saobra\u0107aja\u201d, kazala je Vuki\u0107evi\u0107.<\/p>\n\n\n\n<p>Direktor Uprave za saobra\u0107aj <strong>Radomir Vuksanovi\u0107<\/strong> podsjetio je da se istovremeno rekonstrui\u0161e \u010ditava dionica duga oko 30 kilometara, \u0161to ovaj projekat \u010dini najve\u0107im u oblasti putne infrastrukture u zemlji.<\/p>\n\n\n\n<p>\u201eRadovi na ovoj saobra\u0107ajnici ulaze u zavr\u0161nu fazu. Od po\u010detka septembra ugra\u0111eno je preko 35 hiljada tona asfalta i \u010ditava dionica od Berana do Ribarevina, duga oko 30 kilometara, sada je pod asfaltom\u201c, saop\u0161tio je Vuksanovi\u0107 i dodao da radove izvodi konzorcijum firmi Strabag AG i Bemax doo.<\/p>\n\n\n\n<p>Rekonstrukcija puta Ribarevine &#8211; Poda &#8211; Berane finansira se kroz sredstva Uprave za saobra\u0107aj, uz podr\u0161ku Evropske investicione banke.<\/p>","protected":false},"excerpt":{"rendered":"<p>Ministarka saobra\u0107aja Maja Vuki\u0107evi\u0107 i direktor Uprave za saobra\u0107aj Radomir Vuksanovi\u0107 obi\u0161li su danas radove na rekonstrukciji puta Ribarevine &#8211; Poda &#8211; Berane. Na ovoj donici trenutno se izvode zavr\u0161ni asfalterski radovi, \u010dime projekat ulazi u finalnu fazu.<\/p>","protected":false},"author":1,"featured_media":953813,"comment_status":"open","ping_status":"open","sticky":false,"template":"","format":"standard","meta":{"_acf_changed":false,"footnotes":""},"categories":[27],"tags":[1898,4365],"naslovna":[],"class_list":["post-953812","post","type-post","status-publish","format-standard","has-post-thumbnail","hentry","category-ekonomija","tag-maja-vukicevic","tag-radomir-vuksanovic"],"acf":[],"yoast_head":"<!-- This site is optimized with the Yoast SEO plugin v27.0 - https:\/\/yoast.com\/product\/yoast-seo-wordpress\/ -->\n<title>Pod asfaltom kompletna dionica od Ribarevina do Berana - dmcsrb.com<\/title>\n<meta name=\"robots\" content=\"index, follow, max-snippet:-1, max-image-preview:large, max-video-preview:-1\" \/>\n<link rel=\"canonical\" href=\"https:\/\/dmcsrb.com\/en\/ekonomija\/pod-asfaltom-kompletna-dionica-od-ribarevina-do-berana\/\" \/>\n<meta property=\"og:locale\" content=\"en_GB\" \/>\n<meta property=\"og:type\" content=\"article\" \/>\n<meta property=\"og:title\" content=\"Pod asfaltom kompletna dionica od Ribarevina do Berana - dmcsrb.com\" \/>\n<meta property=\"og:description\" content=\"Ministarka saobra\u0107aja Maja Vuki\u0107evi\u0107 i direktor Uprave za saobra\u0107aj Radomir Vuksanovi\u0107 obi\u0161li su danas radove na rekonstrukciji puta Ribarevine - Poda - Berane. Na ovoj donici trenutno se izvode zavr\u0161ni asfalterski radovi, \u010dime projekat ulazi u finalnu fazu.\" \/>\n<meta property=\"og:url\" content=\"https:\/\/dmcsrb.com\/en\/ekonomija\/pod-asfaltom-kompletna-dionica-od-ribarevina-do-berana\/\" \/>\n<meta property=\"og:site_name\" content=\"dmcsrb.com\" \/>\n<meta property=\"article:published_time\" content=\"2025-09-24T11:23:00+00:00\" \/>\n<meta property=\"og:image\" content=\"https:\/\/dmcsrb.com\/wp-content\/uploads\/2026\/01\/Vukicevic-i-Vuksanovic-obisli-dionicu-od-Ribarevina-do-Berana-foto-Uprava-za-saobracaj.webp\" \/>\n\t<meta property=\"og:image:width\" content=\"1145\" \/>\n\t<meta property=\"og:image:height\" content=\"681\" \/>\n\t<meta property=\"og:image:type\" content=\"image\/jpeg\" \/>\n<meta name=\"author\" content=\"dmcsrbija.com@gmail.com\" \/>\n<meta name=\"twitter:card\" content=\"summary_large_image\" \/>\n<meta name=\"twitter:label1\" content=\"Written by\" \/>\n\t<meta name=\"twitter:data1\" content=\"dmcsrbija.com@gmail.com\" \/>\n\t<meta name=\"twitter:label2\" content=\"Estimated reading time\" \/>\n\t<meta name=\"twitter:data2\" content=\"1 minute\" \/>\n<script type=\"application\/ld+json\" class=\"yoast-schema-graph\">{\"@context\":\"https:\/\/schema.org\",\"@graph\":[{\"@type\":\"Article\",\"@id\":\"https:\/\/dmcsrb.com\/ekonomija\/pod-asfaltom-kompletna-dionica-od-ribarevina-do-berana\/#article\",\"isPartOf\":{\"@id\":\"https:\/\/dmcsrb.com\/ekonomija\/pod-asfaltom-kompletna-dionica-od-ribarevina-do-berana\/\"},\"author\":{\"name\":\"dmcsrbija.com@gmail.com\",\"@id\":\"https:\/\/dmcsrb.com\/#\/schema\/person\/5c39170f12db1b8b457732d0b5c854e2\"},\"headline\":\"Pod asfaltom kompletna dionica od Ribarevina do Berana\",\"datePublished\":\"2025-09-24T11:23:00+00:00\",\"mainEntityOfPage\":{\"@id\":\"https:\/\/dmcsrb.com\/ekonomija\/pod-asfaltom-kompletna-dionica-od-ribarevina-do-berana\/\"},\"wordCount\":213,\"commentCount\":0,\"image\":{\"@id\":\"https:\/\/dmcsrb.com\/ekonomija\/pod-asfaltom-kompletna-dionica-od-ribarevina-do-berana\/#primaryimage\"},\"thumbnailUrl\":\"https:\/\/dmcsrb.com\/wp-content\/uploads\/2026\/01\/Vukicevic-i-Vuksanovic-obisli-dionicu-od-Ribarevina-do-Berana-foto-Uprava-za-saobracaj.webp\",\"keywords\":[\"maja vuki\u0107evi\u0107\",\"Radomir Vuksanovi\u0107\"],\"articleSection\":[\"Ekonomija\"],\"inLanguage\":\"en-GB\",\"potentialAction\":[{\"@type\":\"CommentAction\",\"name\":\"Comment\",\"target\":[\"https:\/\/dmcsrb.com\/ekonomija\/pod-asfaltom-kompletna-dionica-od-ribarevina-do-berana\/#respond\"]}]},{\"@type\":\"WebPage\",\"@id\":\"https:\/\/dmcsrb.com\/ekonomija\/pod-asfaltom-kompletna-dionica-od-ribarevina-do-berana\/\",\"url\":\"https:\/\/dmcsrb.com\/ekonomija\/pod-asfaltom-kompletna-dionica-od-ribarevina-do-berana\/\",\"name\":\"Pod asfaltom kompletna dionica od Ribarevina do Berana - dmcsrb.com\",\"isPartOf\":{\"@id\":\"https:\/\/dmcsrb.com\/#website\"},\"primaryImageOfPage\":{\"@id\":\"https:\/\/dmcsrb.com\/ekonomija\/pod-asfaltom-kompletna-dionica-od-ribarevina-do-berana\/#primaryimage\"},\"image\":{\"@id\":\"https:\/\/dmcsrb.com\/ekonomija\/pod-asfaltom-kompletna-dionica-od-ribarevina-do-berana\/#primaryimage\"},\"thumbnailUrl\":\"https:\/\/dmcsrb.com\/wp-content\/uploads\/2026\/01\/Vukicevic-i-Vuksanovic-obisli-dionicu-od-Ribarevina-do-Berana-foto-Uprava-za-saobracaj.webp\",\"datePublished\":\"2025-09-24T11:23:00+00:00\",\"author\":{\"@id\":\"https:\/\/dmcsrb.com\/#\/schema\/person\/5c39170f12db1b8b457732d0b5c854e2\"},\"breadcrumb\":{\"@id\":\"https:\/\/dmcsrb.com\/ekonomija\/pod-asfaltom-kompletna-dionica-od-ribarevina-do-berana\/#breadcrumb\"},\"inLanguage\":\"en-GB\",\"potentialAction\":[{\"@type\":\"ReadAction\",\"target\":[\"https:\/\/dmcsrb.com\/ekonomija\/pod-asfaltom-kompletna-dionica-od-ribarevina-do-berana\/\"]}]},{\"@type\":\"ImageObject\",\"inLanguage\":\"en-GB\",\"@id\":\"https:\/\/dmcsrb.com\/ekonomija\/pod-asfaltom-kompletna-dionica-od-ribarevina-do-berana\/#primaryimage\",\"url\":\"https:\/\/dmcsrb.com\/wp-content\/uploads\/2026\/01\/Vukicevic-i-Vuksanovic-obisli-dionicu-od-Ribarevina-do-Berana-foto-Uprava-za-saobracaj.webp\",\"contentUrl\":\"https:\/\/dmcsrb.com\/wp-content\/uploads\/2026\/01\/Vukicevic-i-Vuksanovic-obisli-dionicu-od-Ribarevina-do-Berana-foto-Uprava-za-saobracaj.webp\",\"width\":1145,\"height\":681},{\"@type\":\"BreadcrumbList\",\"@id\":\"https:\/\/dmcsrb.com\/ekonomija\/pod-asfaltom-kompletna-dionica-od-ribarevina-do-berana\/#breadcrumb\",\"itemListElement\":[{\"@type\":\"ListItem\",\"position\":1,\"name\":\"Home\",\"item\":\"https:\/\/dmcsrb.com\/\"},{\"@type\":\"ListItem\",\"position\":2,\"name\":\"Pod asfaltom kompletna dionica od Ribarevina do Berana\"}]},{\"@type\":\"WebSite\",\"@id\":\"https:\/\/dmcsrb.com\/#website\",\"url\":\"https:\/\/dmcsrb.com\/\",\"name\":\"dmcsrb.com\",\"description\":\"\",\"potentialAction\":[{\"@type\":\"SearchAction\",\"target\":{\"@type\":\"EntryPoint\",\"urlTemplate\":\"https:\/\/dmcsrb.com\/?s={search_term_string}\"},\"query-input\":{\"@type\":\"PropertyValueSpecification\",\"valueRequired\":true,\"valueName\":\"search_term_string\"}}],\"inLanguage\":\"en-GB\"},{\"@type\":\"Person\",\"@id\":\"https:\/\/dmcsrb.com\/#\/schema\/person\/5c39170f12db1b8b457732d0b5c854e2\",\"name\":\"dmcsrbija.com@gmail.com\",\"image\":{\"@type\":\"ImageObject\",\"inLanguage\":\"en-GB\",\"@id\":\"https:\/\/dmcsrb.com\/#\/schema\/person\/image\/\",\"url\":\"https:\/\/secure.gravatar.com\/avatar\/68592660ad6347fad0fb587f8d5d8f1a7b44961362f56e4f2cd524feb87e9069?s=96&d=mm&r=g\",\"contentUrl\":\"https:\/\/secure.gravatar.com\/avatar\/68592660ad6347fad0fb587f8d5d8f1a7b44961362f56e4f2cd524feb87e9069?s=96&d=mm&r=g\",\"caption\":\"dmcsrbija.com@gmail.com\"},\"sameAs\":[\"https:\/\/dmcsrb.com\"],\"url\":\"https:\/\/dmcsrb.com\/en\/author\/dmcsrbija-comgmail-com\/\"}]}<\/script>\n<!-- \/ Yoast SEO plugin. -->","yoast_head_json":{"title":"Pod asfaltom kompletna dionica od Ribarevina do Berana - dmcsrb.com","robots":{"index":"index","follow":"follow","max-snippet":"max-snippet:-1","max-image-preview":"max-image-preview:large","max-video-preview":"max-video-preview:-1"},"canonical":"https:\/\/dmcsrb.com\/en\/ekonomija\/pod-asfaltom-kompletna-dionica-od-ribarevina-do-berana\/","og_locale":"en_GB","og_type":"article","og_title":"Pod asfaltom kompletna dionica od Ribarevina do Berana - dmcsrb.com","og_description":"Ministarka saobra\u0107aja Maja Vuki\u0107evi\u0107 i direktor Uprave za saobra\u0107aj Radomir Vuksanovi\u0107 obi\u0161li su danas radove na rekonstrukciji puta Ribarevine - Poda - Berane. Na ovoj donici trenutno se izvode zavr\u0161ni asfalterski radovi, \u010dime projekat ulazi u finalnu fazu.","og_url":"https:\/\/dmcsrb.com\/en\/ekonomija\/pod-asfaltom-kompletna-dionica-od-ribarevina-do-berana\/","og_site_name":"dmcsrb.com","article_published_time":"2025-09-24T11:23:00+00:00","og_image":[{"width":1145,"height":681,"url":"https:\/\/dmcsrb.com\/wp-content\/uploads\/2026\/01\/Vukicevic-i-Vuksanovic-obisli-dionicu-od-Ribarevina-do-Berana-foto-Uprava-za-saobracaj.webp","type":"image\/jpeg"}],"author":"dmcsrbija.com@gmail.com","twitter_card":"summary_large_image","twitter_misc":{"Written by":"dmcsrbija.com@gmail.com","Estimated reading time":"1 minute"},"schema":{"@context":"https:\/\/schema.org","@graph":[{"@type":"Article","@id":"https:\/\/dmcsrb.com\/ekonomija\/pod-asfaltom-kompletna-dionica-od-ribarevina-do-berana\/#article","isPartOf":{"@id":"https:\/\/dmcsrb.com\/ekonomija\/pod-asfaltom-kompletna-dionica-od-ribarevina-do-berana\/"},"author":{"name":"dmcsrbija.com@gmail.com","@id":"https:\/\/dmcsrb.com\/#\/schema\/person\/5c39170f12db1b8b457732d0b5c854e2"},"headline":"Pod asfaltom kompletna dionica od Ribarevina do Berana","datePublished":"2025-09-24T11:23:00+00:00","mainEntityOfPage":{"@id":"https:\/\/dmcsrb.com\/ekonomija\/pod-asfaltom-kompletna-dionica-od-ribarevina-do-berana\/"},"wordCount":213,"commentCount":0,"image":{"@id":"https:\/\/dmcsrb.com\/ekonomija\/pod-asfaltom-kompletna-dionica-od-ribarevina-do-berana\/#primaryimage"},"thumbnailUrl":"https:\/\/dmcsrb.com\/wp-content\/uploads\/2026\/01\/Vukicevic-i-Vuksanovic-obisli-dionicu-od-Ribarevina-do-Berana-foto-Uprava-za-saobracaj.webp","keywords":["maja vuki\u0107evi\u0107","Radomir Vuksanovi\u0107"],"articleSection":["Ekonomija"],"inLanguage":"en-GB","potentialAction":[{"@type":"CommentAction","name":"Comment","target":["https:\/\/dmcsrb.com\/ekonomija\/pod-asfaltom-kompletna-dionica-od-ribarevina-do-berana\/#respond"]}]},{"@type":"WebPage","@id":"https:\/\/dmcsrb.com\/ekonomija\/pod-asfaltom-kompletna-dionica-od-ribarevina-do-berana\/","url":"https:\/\/dmcsrb.com\/ekonomija\/pod-asfaltom-kompletna-dionica-od-ribarevina-do-berana\/","name":"Pod asfaltom kompletna dionica od Ribarevina do Berana - dmcsrb.com","isPartOf":{"@id":"https:\/\/dmcsrb.com\/#website"},"primaryImageOfPage":{"@id":"https:\/\/dmcsrb.com\/ekonomija\/pod-asfaltom-kompletna-dionica-od-ribarevina-do-berana\/#primaryimage"},"image":{"@id":"https:\/\/dmcsrb.com\/ekonomija\/pod-asfaltom-kompletna-dionica-od-ribarevina-do-berana\/#primaryimage"},"thumbnailUrl":"https:\/\/dmcsrb.com\/wp-content\/uploads\/2026\/01\/Vukicevic-i-Vuksanovic-obisli-dionicu-od-Ribarevina-do-Berana-foto-Uprava-za-saobracaj.webp","datePublished":"2025-09-24T11:23:00+00:00","author":{"@id":"https:\/\/dmcsrb.com\/#\/schema\/person\/5c39170f12db1b8b457732d0b5c854e2"},"breadcrumb":{"@id":"https:\/\/dmcsrb.com\/ekonomija\/pod-asfaltom-kompletna-dionica-od-ribarevina-do-berana\/#breadcrumb"},"inLanguage":"en-GB","potentialAction":[{"@type":"ReadAction","target":["https:\/\/dmcsrb.com\/ekonomija\/pod-asfaltom-kompletna-dionica-od-ribarevina-do-berana\/"]}]},{"@type":"ImageObject","inLanguage":"en-GB","@id":"https:\/\/dmcsrb.com\/ekonomija\/pod-asfaltom-kompletna-dionica-od-ribarevina-do-berana\/#primaryimage","url":"https:\/\/dmcsrb.com\/wp-content\/uploads\/2026\/01\/Vukicevic-i-Vuksanovic-obisli-dionicu-od-Ribarevina-do-Berana-foto-Uprava-za-saobracaj.webp","contentUrl":"https:\/\/dmcsrb.com\/wp-content\/uploads\/2026\/01\/Vukicevic-i-Vuksanovic-obisli-dionicu-od-Ribarevina-do-Berana-foto-Uprava-za-saobracaj.webp","width":1145,"height":681},{"@type":"BreadcrumbList","@id":"https:\/\/dmcsrb.com\/ekonomija\/pod-asfaltom-kompletna-dionica-od-ribarevina-do-berana\/#breadcrumb","itemListElement":[{"@type":"ListItem","position":1,"name":"Home","item":"https:\/\/dmcsrb.com\/"},{"@type":"ListItem","position":2,"name":"Pod asfaltom kompletna dionica od Ribarevina do Berana"}]},{"@type":"WebSite","@id":"https:\/\/dmcsrb.com\/#website","url":"https:\/\/dmcsrb.com\/","name":"dmcsrb.com","description":"","potentialAction":[{"@type":"SearchAction","target":{"@type":"EntryPoint","urlTemplate":"https:\/\/dmcsrb.com\/?s={search_term_string}"},"query-input":{"@type":"PropertyValueSpecification","valueRequired":true,"valueName":"search_term_string"}}],"inLanguage":"en-GB"},{"@type":"Person","@id":"https:\/\/dmcsrb.com\/#\/schema\/person\/5c39170f12db1b8b457732d0b5c854e2","name":"dmcsrbija.com@gmail.com","image":{"@type":"ImageObject","inLanguage":"en-GB","@id":"https:\/\/dmcsrb.com\/#\/schema\/person\/image\/","url":"https:\/\/secure.gravatar.com\/avatar\/68592660ad6347fad0fb587f8d5d8f1a7b44961362f56e4f2cd524feb87e9069?s=96&d=mm&r=g","contentUrl":"https:\/\/secure.gravatar.com\/avatar\/68592660ad6347fad0fb587f8d5d8f1a7b44961362f56e4f2cd524feb87e9069?s=96&d=mm&r=g","caption":"dmcsrbija.com@gmail.com"},"sameAs":["https:\/\/dmcsrb.com"],"url":"https:\/\/dmcsrb.com\/en\/author\/dmcsrbija-comgmail-com\/"}]}},"_links":{"self":[{"href":"https:\/\/dmcsrb.com\/en\/wp-json\/wp\/v2\/posts\/953812","targetHints":{"allow":["GET"]}}],"collection":[{"href":"https:\/\/dmcsrb.com\/en\/wp-json\/wp\/v2\/posts"}],"about":[{"href":"https:\/\/dmcsrb.com\/en\/wp-json\/wp\/v2\/types\/post"}],"author":[{"embeddable":true,"href":"https:\/\/dmcsrb.com\/en\/wp-json\/wp\/v2\/users\/1"}],"replies":[{"embeddable":true,"href":"https:\/\/dmcsrb.com\/en\/wp-json\/wp\/v2\/comments?post=953812"}],"version-history":[{"count":0,"href":"https:\/\/dmcsrb.com\/en\/wp-json\/wp\/v2\/posts\/953812\/revisions"}],"wp:featuredmedia":[{"embeddable":true,"href":"https:\/\/dmcsrb.com\/en\/wp-json\/wp\/v2\/media\/953813"}],"wp:attachment":[{"href":"https:\/\/dmcsrb.com\/en\/wp-json\/wp\/v2\/media?parent=953812"}],"wp:term":[{"taxonomy":"category","embeddable":true,"href":"https:\/\/dmcsrb.com\/en\/wp-json\/wp\/v2\/categories?post=953812"},{"taxonomy":"post_tag","embeddable":true,"href":"https:\/\/dmcsrb.com\/en\/wp-json\/wp\/v2\/tags?post=953812"},{"taxonomy":"naslovna","embeddable":true,"href":"https:\/\/dmcsrb.com\/en\/wp-json\/wp\/v2\/naslovna?post=953812"}],"curies":[{"name":"wp","href":"https:\/\/api.w.org\/{rel}","templated":true}]}}