{"id":953784,"date":"2025-09-24T12:03:12","date_gmt":"2025-09-24T10:03:12","guid":{"rendered":"https:\/\/dmcsrb.com\/uncategorized\/krapovic-inicijativu-za-interpelaciju-iz-ocaja-zbog-svih-hapsenja-sastavljao-djukanovic-a-ne-zivkovic\/"},"modified":"2025-09-24T12:03:12","modified_gmt":"2025-09-24T10:03:12","slug":"krapovic-inicijativu-za-interpelaciju-iz-ocaja-zbog-svih-hapsenja-sastavljao-djukanovic-a-ne-zivkovic","status":"publish","type":"post","link":"https:\/\/dmcsrb.com\/en\/politika\/krapovic-inicijativu-za-interpelaciju-iz-ocaja-zbog-svih-hapsenja-sastavljao-djukanovic-a-ne-zivkovic\/","title":{"rendered":"Krapovi\u0107: Inicijativu za interpelaciju iz o\u010daja zbog svih hap\u0161enja sastavljao \u0110ukanovi\u0107, a ne \u017divkovi\u0107"},"content":{"rendered":"<p><\/p>\n\n\n\n<p><\/p>\n\n\n\n<p>&#8220;Jer, da se ne la\u017eemo ovaj papir, ovu inicijativu, nije sastavljao Danijel \u017divkovi\u0107. Pravi autor je Milo \u0110ukanovi\u0107, a pravi motiv je o\u010daj. Iza njega stoje svi oni koje smo suspendovali, uhapsili, smijenili ili im onemogu\u0107ili da komanduju kao \u0161to su to radili decenijama, \u0161vercerski, partijski, kriminalno. Ovo je posljednji poku\u0161aj da se za\u0161tite ljudi koji su u srcu institucija \u0161titili mafiju, prikrivali zlo\u010dine i kontrolisali ubistva. I sada, kada su izgubili sve, poku\u0161avaju da uzdrmaju ono \u0161to se najvi\u0161e boje, sektor bezbjednosti o\u010di\u0161\u0107en od kriminalnih struktura koje su stvarali&#8221;, saop\u0161tio je Krapovi\u0107.<\/p>\n\n\n\n<p>Postavio je pitanje &#8220;\u0160ta im danas smeta?<\/p>\n\n\n\n<p>&#8220;Smeta im istina \u0161to je sektor bezbjednosti krenuo u dubinsku reformu, jer su oni Crnoj Gori ostavili razoren sektor bezbjednosti koji se je po potvrdjenim optu\u017enicama i donijetim presudama, bio pretvoren u klasi\u010dnu slugansku ispostavu organizovakog kriminala.<\/p>\n\n\n\n<p>Smeta im veting, jer je do sada preko 150 uniformisanih lica suspendovano i to ne na osnovu rekla-kazala, ve\u0107 na osnovu dokaza, bezbjednosnih provjera i veza sa kriminalnim strukturama. I to je samo &nbsp;po\u010detak, ono \u0161to tek slijedi.<\/p>\n\n\n\n<p>Smeta im direktor Uprave policije Lazar \u0160\u0107epanovi\u0107, jer nije spreman da \u0161titi njihove i bilo \u010dije dtuge direktive, ve\u0107 gra\u0111ane.<\/p>\n\n\n\n<p>Smeta im Danilo \u0160aranovi\u0107, jer prvi put neko u Ministarstvu unutra\u0161njih poslova otvara dosijee nerasvijetljenih ubistava, uklju\u010duju\u0107i i najosjetljivija politi\u010dko-kriminalna ubistva iz devedesetih. Panika zbog toga raste, jer se zna gdje ti tragovi vode.<\/p>\n\n\n\n<p>Smeta im Aleksa Be\u010di\u0107, jer je pred cijelom Crnom Gorom dokumentovao da je \u0110ukanovi\u0107eva vlada dijelila li\u010dne karte i oru\u017eane listove vo\u0111ama zemunskog i sur\u010dinskog klana. To ne opra\u0161taju. Jer istina boli vi\u0161e nego poraz.<\/p>\n\n\n\n<p>Smetam im ja, jer ne pristajem na ucjene. Jer u sektoru odbrane primjenjujem vetting, otkrivam zloupotrebe, podnosim krivi\u010dne prijave, i imam ono \u0161to njima nedostaje, ki\u010dmu da se izborim sa kriminalom koji su za sobom ostavili.<\/p>\n\n\n\n<p>Smeta im odlu\u010dna borba i svakodnevne akcije protiv duvanske, narko, ekolo\u0161ke mafije, kao i \u010dinjenica da je danas broj ubistava (koji su posledica klanova nastalih u vrijeme njihivog sistema) nekoliko puta manji nego u njihovo vrijeme i da je sada gotovo 100% rasvijetljenost najte\u017eih krivi\u010dnih djela ubistava i poku\u0161aja ubistava.<\/p>\n\n\n\n<p>I ne treba vi\u0161e da se naga\u0111a, iza gotovo svih protesta protiv sektora bezbjednosti, iza hibridnog rata u medijima koje kontroli\u0161e Aco Mijajlovi\u0107, stoji li\u010dno Milo \u0110ukanovi\u0107. Zajedno sa Zoranom Lazovi\u0107em i strukturama koje su postavljali, komandovali, organizovali i \u0161titili.<\/p>\n\n\n\n<p>A \u0161ta poku\u0161avaju?<\/p>\n\n\n\n<p>Da parali\u0161u sistem, kao \u0161to su to radili mjesecima, dizanjem buke oko nabavke vozila, da bi policiju ostavili bez osnovnih sredstava; izmi\u0161ljanjem afera oko zakona pred izbore, da bi sprije\u010dili kadrovsko ja\u010danje slu\u017ebi; fabrikovanjem la\u017enih skandala oko bira\u010dkog spiska, uo\u010di izbora u Podgorici i Nik\u0161i\u0107u; zloupotrebom tragedije na Cetinju i svakog drugog te\u0161kog doga\u0111aja u politi\u010dke svrhe; poku\u0161ajem diskreditacije procesa vettinga, jer znaju \u0161ta slijedi; i naravno, kontinuiranim napadima na \u0160\u0107epanovi\u0107a, Novovi\u0107a, \u0160aranovi\u0107a, Be\u010di\u0107a i sve koji vi\u0161e ne igraju po notama mafije.<\/p>\n\n\n\n<p>Ovo je njihov strah. Na\u0161 posao je da ih podsjetimo \u010dega se ta\u010dno boje. Boje se \u0161to se bli\u017ei rasvjetljavanje ubistava \u017dugi\u0107a i Belog Raspopovi\u0107a. Boje se \u0161to su im direktori policije pod istragama. Boje se zakona. I boje se naroda koji je kona\u010dno do\u010dekao da neko ka\u017ee: ovo je dr\u017eava, a ne njihova imovina.<\/p>\n\n\n\n<p>Zato neka slobodno predaju interpelaciju, ako ima dovoljno onih koji \u0107e staviti potpis sa onima koji su bezb jednosni sektor pretvorili u ispostavu kriminala. Da se prebrojimo. Da vidimo ko je za kriminal, a ko protiv njega. Ko radi za Mila i Zorana, a ko za dr\u017eavu i gra\u0111ane&#8221;, poru\u010dio je Krapovi\u0107.<\/p>","protected":false},"excerpt":{"rendered":"<p>Inicijativu za interpelaciju, koju su potpisali oni koji su svojim potpisima tra\u017eili slobodu za Zorana Lazovi\u0107a, do\u017eivljavam politi\u010dki kao jo\u0161 jedan pucanj u prazno, a su\u0161tinski kao znak straha. I to ne obi\u010dnog, nego dubokog, sistemskog i li\u010dnog straha Mila \u0110ukanovi\u0107a od vetinga, od istine, od zakona, od informacija do kojih smo do\u0161li i od sektora bezbjednosti koji vi\u0161e ne slu\u017ei njegovim potrebama, saop\u0161tio je potpredsjednik Demokrata Dragan Krapovi\u0107.<\/p>","protected":false},"author":1,"featured_media":915307,"comment_status":"open","ping_status":"open","sticky":false,"template":"","format":"standard","meta":{"_acf_changed":false,"footnotes":""},"categories":[12],"tags":[8968,4301],"naslovna":[],"class_list":["post-953784","post","type-post","status-publish","format-standard","has-post-thumbnail","hentry","category-politika","tag-interpelacija","tag-krapovic"],"acf":[],"yoast_head":"<!-- This site is optimized with the Yoast SEO plugin v27.4 - https:\/\/yoast.com\/product\/yoast-seo-wordpress\/ -->\n<title>Krapovi\u0107: Inicijativu za interpelaciju iz o\u010daja zbog svih hap\u0161enja sastavljao \u0110ukanovi\u0107, a ne \u017divkovi\u0107 - dmcsrb.com<\/title>\n<meta name=\"robots\" content=\"index, follow, max-snippet:-1, max-image-preview:large, max-video-preview:-1\" \/>\n<link rel=\"canonical\" href=\"https:\/\/dmcsrb.com\/en\/politika\/krapovic-inicijativu-za-interpelaciju-iz-ocaja-zbog-svih-hapsenja-sastavljao-djukanovic-a-ne-zivkovic\/\" \/>\n<meta property=\"og:locale\" content=\"en_GB\" \/>\n<meta property=\"og:type\" content=\"article\" \/>\n<meta property=\"og:title\" content=\"Krapovi\u0107: Inicijativu za interpelaciju iz o\u010daja zbog svih hap\u0161enja sastavljao \u0110ukanovi\u0107, a ne \u017divkovi\u0107 - dmcsrb.com\" \/>\n<meta property=\"og:description\" content=\"Inicijativu za interpelaciju, koju su potpisali oni koji su svojim potpisima tra\u017eili slobodu za Zorana Lazovi\u0107a, do\u017eivljavam politi\u010dki kao jo\u0161 jedan pucanj u prazno, a su\u0161tinski kao znak straha. I to ne obi\u010dnog, nego dubokog, sistemskog i li\u010dnog straha Mila \u0110ukanovi\u0107a od vetinga, od istine, od zakona, od informacija do kojih smo do\u0161li i od sektora bezbjednosti koji vi\u0161e ne slu\u017ei njegovim potrebama, saop\u0161tio je potpredsjednik Demokrata Dragan Krapovi\u0107.\" \/>\n<meta property=\"og:url\" content=\"https:\/\/dmcsrb.com\/en\/politika\/krapovic-inicijativu-za-interpelaciju-iz-ocaja-zbog-svih-hapsenja-sastavljao-djukanovic-a-ne-zivkovic\/\" \/>\n<meta property=\"og:site_name\" content=\"dmcsrb.com\" \/>\n<meta property=\"article:published_time\" content=\"2025-09-24T10:03:12+00:00\" \/>\n<meta property=\"og:image\" content=\"https:\/\/dmcsrb.com\/wp-content\/uploads\/2026\/01\/Dragan-Krapovic-foto-ss-yt.jpg\" \/>\n\t<meta property=\"og:image:width\" content=\"1093\" \/>\n\t<meta property=\"og:image:height\" content=\"623\" \/>\n\t<meta property=\"og:image:type\" content=\"image\/jpeg\" \/>\n<meta name=\"author\" content=\"dmcsrbija.com@gmail.com\" \/>\n<meta name=\"twitter:card\" content=\"summary_large_image\" \/>\n<meta name=\"twitter:label1\" content=\"Written by\" \/>\n\t<meta name=\"twitter:data1\" content=\"dmcsrbija.com@gmail.com\" \/>\n\t<meta name=\"twitter:label2\" content=\"Estimated reading time\" \/>\n\t<meta name=\"twitter:data2\" content=\"3 minutes\" \/>\n<script type=\"application\/ld+json\" class=\"yoast-schema-graph\">{\"@context\":\"https:\\\/\\\/schema.org\",\"@graph\":[{\"@type\":\"Article\",\"@id\":\"https:\\\/\\\/dmcsrb.com\\\/politika\\\/krapovic-inicijativu-za-interpelaciju-iz-ocaja-zbog-svih-hapsenja-sastavljao-djukanovic-a-ne-zivkovic\\\/#article\",\"isPartOf\":{\"@id\":\"https:\\\/\\\/dmcsrb.com\\\/politika\\\/krapovic-inicijativu-za-interpelaciju-iz-ocaja-zbog-svih-hapsenja-sastavljao-djukanovic-a-ne-zivkovic\\\/\"},\"author\":{\"name\":\"dmcsrbija.com@gmail.com\",\"@id\":\"https:\\\/\\\/dmcsrb.com\\\/#\\\/schema\\\/person\\\/5c39170f12db1b8b457732d0b5c854e2\"},\"headline\":\"Krapovi\u0107: Inicijativu za interpelaciju iz o\u010daja zbog svih hap\u0161enja sastavljao \u0110ukanovi\u0107, a ne \u017divkovi\u0107\",\"datePublished\":\"2025-09-24T10:03:12+00:00\",\"mainEntityOfPage\":{\"@id\":\"https:\\\/\\\/dmcsrb.com\\\/politika\\\/krapovic-inicijativu-za-interpelaciju-iz-ocaja-zbog-svih-hapsenja-sastavljao-djukanovic-a-ne-zivkovic\\\/\"},\"wordCount\":669,\"commentCount\":0,\"image\":{\"@id\":\"https:\\\/\\\/dmcsrb.com\\\/politika\\\/krapovic-inicijativu-za-interpelaciju-iz-ocaja-zbog-svih-hapsenja-sastavljao-djukanovic-a-ne-zivkovic\\\/#primaryimage\"},\"thumbnailUrl\":\"https:\\\/\\\/dmcsrb.com\\\/wp-content\\\/uploads\\\/2026\\\/01\\\/Dragan-Krapovic-foto-ss-yt.jpg\",\"keywords\":[\"Interpelacija\",\"krapovi\u0107\"],\"articleSection\":[\"Politika\"],\"inLanguage\":\"en-GB\",\"potentialAction\":[{\"@type\":\"CommentAction\",\"name\":\"Comment\",\"target\":[\"https:\\\/\\\/dmcsrb.com\\\/politika\\\/krapovic-inicijativu-za-interpelaciju-iz-ocaja-zbog-svih-hapsenja-sastavljao-djukanovic-a-ne-zivkovic\\\/#respond\"]}]},{\"@type\":\"WebPage\",\"@id\":\"https:\\\/\\\/dmcsrb.com\\\/politika\\\/krapovic-inicijativu-za-interpelaciju-iz-ocaja-zbog-svih-hapsenja-sastavljao-djukanovic-a-ne-zivkovic\\\/\",\"url\":\"https:\\\/\\\/dmcsrb.com\\\/politika\\\/krapovic-inicijativu-za-interpelaciju-iz-ocaja-zbog-svih-hapsenja-sastavljao-djukanovic-a-ne-zivkovic\\\/\",\"name\":\"Krapovi\u0107: Inicijativu za interpelaciju iz o\u010daja zbog svih hap\u0161enja sastavljao \u0110ukanovi\u0107, a ne \u017divkovi\u0107 - dmcsrb.com\",\"isPartOf\":{\"@id\":\"https:\\\/\\\/dmcsrb.com\\\/#website\"},\"primaryImageOfPage\":{\"@id\":\"https:\\\/\\\/dmcsrb.com\\\/politika\\\/krapovic-inicijativu-za-interpelaciju-iz-ocaja-zbog-svih-hapsenja-sastavljao-djukanovic-a-ne-zivkovic\\\/#primaryimage\"},\"image\":{\"@id\":\"https:\\\/\\\/dmcsrb.com\\\/politika\\\/krapovic-inicijativu-za-interpelaciju-iz-ocaja-zbog-svih-hapsenja-sastavljao-djukanovic-a-ne-zivkovic\\\/#primaryimage\"},\"thumbnailUrl\":\"https:\\\/\\\/dmcsrb.com\\\/wp-content\\\/uploads\\\/2026\\\/01\\\/Dragan-Krapovic-foto-ss-yt.jpg\",\"datePublished\":\"2025-09-24T10:03:12+00:00\",\"author\":{\"@id\":\"https:\\\/\\\/dmcsrb.com\\\/#\\\/schema\\\/person\\\/5c39170f12db1b8b457732d0b5c854e2\"},\"breadcrumb\":{\"@id\":\"https:\\\/\\\/dmcsrb.com\\\/politika\\\/krapovic-inicijativu-za-interpelaciju-iz-ocaja-zbog-svih-hapsenja-sastavljao-djukanovic-a-ne-zivkovic\\\/#breadcrumb\"},\"inLanguage\":\"en-GB\",\"potentialAction\":[{\"@type\":\"ReadAction\",\"target\":[\"https:\\\/\\\/dmcsrb.com\\\/politika\\\/krapovic-inicijativu-za-interpelaciju-iz-ocaja-zbog-svih-hapsenja-sastavljao-djukanovic-a-ne-zivkovic\\\/\"]}]},{\"@type\":\"ImageObject\",\"inLanguage\":\"en-GB\",\"@id\":\"https:\\\/\\\/dmcsrb.com\\\/politika\\\/krapovic-inicijativu-za-interpelaciju-iz-ocaja-zbog-svih-hapsenja-sastavljao-djukanovic-a-ne-zivkovic\\\/#primaryimage\",\"url\":\"https:\\\/\\\/dmcsrb.com\\\/wp-content\\\/uploads\\\/2026\\\/01\\\/Dragan-Krapovic-foto-ss-yt.jpg\",\"contentUrl\":\"https:\\\/\\\/dmcsrb.com\\\/wp-content\\\/uploads\\\/2026\\\/01\\\/Dragan-Krapovic-foto-ss-yt.jpg\",\"width\":1093,\"height\":623},{\"@type\":\"BreadcrumbList\",\"@id\":\"https:\\\/\\\/dmcsrb.com\\\/politika\\\/krapovic-inicijativu-za-interpelaciju-iz-ocaja-zbog-svih-hapsenja-sastavljao-djukanovic-a-ne-zivkovic\\\/#breadcrumb\",\"itemListElement\":[{\"@type\":\"ListItem\",\"position\":1,\"name\":\"Home\",\"item\":\"https:\\\/\\\/dmcsrb.com\\\/\"},{\"@type\":\"ListItem\",\"position\":2,\"name\":\"Krapovi\u0107: Inicijativu za interpelaciju iz o\u010daja zbog svih hap\u0161enja sastavljao \u0110ukanovi\u0107, a ne \u017divkovi\u0107\"}]},{\"@type\":\"WebSite\",\"@id\":\"https:\\\/\\\/dmcsrb.com\\\/#website\",\"url\":\"https:\\\/\\\/dmcsrb.com\\\/\",\"name\":\"dmcsrb.com\",\"description\":\"\",\"potentialAction\":[{\"@type\":\"SearchAction\",\"target\":{\"@type\":\"EntryPoint\",\"urlTemplate\":\"https:\\\/\\\/dmcsrb.com\\\/?s={search_term_string}\"},\"query-input\":{\"@type\":\"PropertyValueSpecification\",\"valueRequired\":true,\"valueName\":\"search_term_string\"}}],\"inLanguage\":\"en-GB\"},{\"@type\":\"Person\",\"@id\":\"https:\\\/\\\/dmcsrb.com\\\/#\\\/schema\\\/person\\\/5c39170f12db1b8b457732d0b5c854e2\",\"name\":\"dmcsrbija.com@gmail.com\",\"image\":{\"@type\":\"ImageObject\",\"inLanguage\":\"en-GB\",\"@id\":\"https:\\\/\\\/secure.gravatar.com\\\/avatar\\\/68592660ad6347fad0fb587f8d5d8f1a7b44961362f56e4f2cd524feb87e9069?s=96&d=mm&r=g\",\"url\":\"https:\\\/\\\/secure.gravatar.com\\\/avatar\\\/68592660ad6347fad0fb587f8d5d8f1a7b44961362f56e4f2cd524feb87e9069?s=96&d=mm&r=g\",\"contentUrl\":\"https:\\\/\\\/secure.gravatar.com\\\/avatar\\\/68592660ad6347fad0fb587f8d5d8f1a7b44961362f56e4f2cd524feb87e9069?s=96&d=mm&r=g\",\"caption\":\"dmcsrbija.com@gmail.com\"},\"sameAs\":[\"https:\\\/\\\/dmcsrb.com\"],\"url\":\"https:\\\/\\\/dmcsrb.com\\\/en\\\/author\\\/dmcsrbija-comgmail-com\\\/\"}]}<\/script>\n<!-- \/ Yoast SEO plugin. -->","yoast_head_json":{"title":"Krapovi\u0107: Inicijativu za interpelaciju iz o\u010daja zbog svih hap\u0161enja sastavljao \u0110ukanovi\u0107, a ne \u017divkovi\u0107 - dmcsrb.com","robots":{"index":"index","follow":"follow","max-snippet":"max-snippet:-1","max-image-preview":"max-image-preview:large","max-video-preview":"max-video-preview:-1"},"canonical":"https:\/\/dmcsrb.com\/en\/politika\/krapovic-inicijativu-za-interpelaciju-iz-ocaja-zbog-svih-hapsenja-sastavljao-djukanovic-a-ne-zivkovic\/","og_locale":"en_GB","og_type":"article","og_title":"Krapovi\u0107: Inicijativu za interpelaciju iz o\u010daja zbog svih hap\u0161enja sastavljao \u0110ukanovi\u0107, a ne \u017divkovi\u0107 - dmcsrb.com","og_description":"Inicijativu za interpelaciju, koju su potpisali oni koji su svojim potpisima tra\u017eili slobodu za Zorana Lazovi\u0107a, do\u017eivljavam politi\u010dki kao jo\u0161 jedan pucanj u prazno, a su\u0161tinski kao znak straha. I to ne obi\u010dnog, nego dubokog, sistemskog i li\u010dnog straha Mila \u0110ukanovi\u0107a od vetinga, od istine, od zakona, od informacija do kojih smo do\u0161li i od sektora bezbjednosti koji vi\u0161e ne slu\u017ei njegovim potrebama, saop\u0161tio je potpredsjednik Demokrata Dragan Krapovi\u0107.","og_url":"https:\/\/dmcsrb.com\/en\/politika\/krapovic-inicijativu-za-interpelaciju-iz-ocaja-zbog-svih-hapsenja-sastavljao-djukanovic-a-ne-zivkovic\/","og_site_name":"dmcsrb.com","article_published_time":"2025-09-24T10:03:12+00:00","og_image":[{"width":1093,"height":623,"url":"https:\/\/dmcsrb.com\/wp-content\/uploads\/2026\/01\/Dragan-Krapovic-foto-ss-yt.jpg","type":"image\/jpeg"}],"author":"dmcsrbija.com@gmail.com","twitter_card":"summary_large_image","twitter_misc":{"Written by":"dmcsrbija.com@gmail.com","Estimated reading time":"3 minutes"},"schema":{"@context":"https:\/\/schema.org","@graph":[{"@type":"Article","@id":"https:\/\/dmcsrb.com\/politika\/krapovic-inicijativu-za-interpelaciju-iz-ocaja-zbog-svih-hapsenja-sastavljao-djukanovic-a-ne-zivkovic\/#article","isPartOf":{"@id":"https:\/\/dmcsrb.com\/politika\/krapovic-inicijativu-za-interpelaciju-iz-ocaja-zbog-svih-hapsenja-sastavljao-djukanovic-a-ne-zivkovic\/"},"author":{"name":"dmcsrbija.com@gmail.com","@id":"https:\/\/dmcsrb.com\/#\/schema\/person\/5c39170f12db1b8b457732d0b5c854e2"},"headline":"Krapovi\u0107: Inicijativu za interpelaciju iz o\u010daja zbog svih hap\u0161enja sastavljao \u0110ukanovi\u0107, a ne \u017divkovi\u0107","datePublished":"2025-09-24T10:03:12+00:00","mainEntityOfPage":{"@id":"https:\/\/dmcsrb.com\/politika\/krapovic-inicijativu-za-interpelaciju-iz-ocaja-zbog-svih-hapsenja-sastavljao-djukanovic-a-ne-zivkovic\/"},"wordCount":669,"commentCount":0,"image":{"@id":"https:\/\/dmcsrb.com\/politika\/krapovic-inicijativu-za-interpelaciju-iz-ocaja-zbog-svih-hapsenja-sastavljao-djukanovic-a-ne-zivkovic\/#primaryimage"},"thumbnailUrl":"https:\/\/dmcsrb.com\/wp-content\/uploads\/2026\/01\/Dragan-Krapovic-foto-ss-yt.jpg","keywords":["Interpelacija","krapovi\u0107"],"articleSection":["Politika"],"inLanguage":"en-GB","potentialAction":[{"@type":"CommentAction","name":"Comment","target":["https:\/\/dmcsrb.com\/politika\/krapovic-inicijativu-za-interpelaciju-iz-ocaja-zbog-svih-hapsenja-sastavljao-djukanovic-a-ne-zivkovic\/#respond"]}]},{"@type":"WebPage","@id":"https:\/\/dmcsrb.com\/politika\/krapovic-inicijativu-za-interpelaciju-iz-ocaja-zbog-svih-hapsenja-sastavljao-djukanovic-a-ne-zivkovic\/","url":"https:\/\/dmcsrb.com\/politika\/krapovic-inicijativu-za-interpelaciju-iz-ocaja-zbog-svih-hapsenja-sastavljao-djukanovic-a-ne-zivkovic\/","name":"Krapovi\u0107: Inicijativu za interpelaciju iz o\u010daja zbog svih hap\u0161enja sastavljao \u0110ukanovi\u0107, a ne \u017divkovi\u0107 - dmcsrb.com","isPartOf":{"@id":"https:\/\/dmcsrb.com\/#website"},"primaryImageOfPage":{"@id":"https:\/\/dmcsrb.com\/politika\/krapovic-inicijativu-za-interpelaciju-iz-ocaja-zbog-svih-hapsenja-sastavljao-djukanovic-a-ne-zivkovic\/#primaryimage"},"image":{"@id":"https:\/\/dmcsrb.com\/politika\/krapovic-inicijativu-za-interpelaciju-iz-ocaja-zbog-svih-hapsenja-sastavljao-djukanovic-a-ne-zivkovic\/#primaryimage"},"thumbnailUrl":"https:\/\/dmcsrb.com\/wp-content\/uploads\/2026\/01\/Dragan-Krapovic-foto-ss-yt.jpg","datePublished":"2025-09-24T10:03:12+00:00","author":{"@id":"https:\/\/dmcsrb.com\/#\/schema\/person\/5c39170f12db1b8b457732d0b5c854e2"},"breadcrumb":{"@id":"https:\/\/dmcsrb.com\/politika\/krapovic-inicijativu-za-interpelaciju-iz-ocaja-zbog-svih-hapsenja-sastavljao-djukanovic-a-ne-zivkovic\/#breadcrumb"},"inLanguage":"en-GB","potentialAction":[{"@type":"ReadAction","target":["https:\/\/dmcsrb.com\/politika\/krapovic-inicijativu-za-interpelaciju-iz-ocaja-zbog-svih-hapsenja-sastavljao-djukanovic-a-ne-zivkovic\/"]}]},{"@type":"ImageObject","inLanguage":"en-GB","@id":"https:\/\/dmcsrb.com\/politika\/krapovic-inicijativu-za-interpelaciju-iz-ocaja-zbog-svih-hapsenja-sastavljao-djukanovic-a-ne-zivkovic\/#primaryimage","url":"https:\/\/dmcsrb.com\/wp-content\/uploads\/2026\/01\/Dragan-Krapovic-foto-ss-yt.jpg","contentUrl":"https:\/\/dmcsrb.com\/wp-content\/uploads\/2026\/01\/Dragan-Krapovic-foto-ss-yt.jpg","width":1093,"height":623},{"@type":"BreadcrumbList","@id":"https:\/\/dmcsrb.com\/politika\/krapovic-inicijativu-za-interpelaciju-iz-ocaja-zbog-svih-hapsenja-sastavljao-djukanovic-a-ne-zivkovic\/#breadcrumb","itemListElement":[{"@type":"ListItem","position":1,"name":"Home","item":"https:\/\/dmcsrb.com\/"},{"@type":"ListItem","position":2,"name":"Krapovi\u0107: Inicijativu za interpelaciju iz o\u010daja zbog svih hap\u0161enja sastavljao \u0110ukanovi\u0107, a ne \u017divkovi\u0107"}]},{"@type":"WebSite","@id":"https:\/\/dmcsrb.com\/#website","url":"https:\/\/dmcsrb.com\/","name":"dmcsrb.com","description":"","potentialAction":[{"@type":"SearchAction","target":{"@type":"EntryPoint","urlTemplate":"https:\/\/dmcsrb.com\/?s={search_term_string}"},"query-input":{"@type":"PropertyValueSpecification","valueRequired":true,"valueName":"search_term_string"}}],"inLanguage":"en-GB"},{"@type":"Person","@id":"https:\/\/dmcsrb.com\/#\/schema\/person\/5c39170f12db1b8b457732d0b5c854e2","name":"dmcsrbija.com@gmail.com","image":{"@type":"ImageObject","inLanguage":"en-GB","@id":"https:\/\/secure.gravatar.com\/avatar\/68592660ad6347fad0fb587f8d5d8f1a7b44961362f56e4f2cd524feb87e9069?s=96&d=mm&r=g","url":"https:\/\/secure.gravatar.com\/avatar\/68592660ad6347fad0fb587f8d5d8f1a7b44961362f56e4f2cd524feb87e9069?s=96&d=mm&r=g","contentUrl":"https:\/\/secure.gravatar.com\/avatar\/68592660ad6347fad0fb587f8d5d8f1a7b44961362f56e4f2cd524feb87e9069?s=96&d=mm&r=g","caption":"dmcsrbija.com@gmail.com"},"sameAs":["https:\/\/dmcsrb.com"],"url":"https:\/\/dmcsrb.com\/en\/author\/dmcsrbija-comgmail-com\/"}]}},"_links":{"self":[{"href":"https:\/\/dmcsrb.com\/en\/wp-json\/wp\/v2\/posts\/953784","targetHints":{"allow":["GET"]}}],"collection":[{"href":"https:\/\/dmcsrb.com\/en\/wp-json\/wp\/v2\/posts"}],"about":[{"href":"https:\/\/dmcsrb.com\/en\/wp-json\/wp\/v2\/types\/post"}],"author":[{"embeddable":true,"href":"https:\/\/dmcsrb.com\/en\/wp-json\/wp\/v2\/users\/1"}],"replies":[{"embeddable":true,"href":"https:\/\/dmcsrb.com\/en\/wp-json\/wp\/v2\/comments?post=953784"}],"version-history":[{"count":0,"href":"https:\/\/dmcsrb.com\/en\/wp-json\/wp\/v2\/posts\/953784\/revisions"}],"wp:featuredmedia":[{"embeddable":true,"href":"https:\/\/dmcsrb.com\/en\/wp-json\/wp\/v2\/media\/915307"}],"wp:attachment":[{"href":"https:\/\/dmcsrb.com\/en\/wp-json\/wp\/v2\/media?parent=953784"}],"wp:term":[{"taxonomy":"category","embeddable":true,"href":"https:\/\/dmcsrb.com\/en\/wp-json\/wp\/v2\/categories?post=953784"},{"taxonomy":"post_tag","embeddable":true,"href":"https:\/\/dmcsrb.com\/en\/wp-json\/wp\/v2\/tags?post=953784"},{"taxonomy":"naslovna","embeddable":true,"href":"https:\/\/dmcsrb.com\/en\/wp-json\/wp\/v2\/naslovna?post=953784"}],"curies":[{"name":"wp","href":"https:\/\/api.w.org\/{rel}","templated":true}]}}