{"id":953782,"date":"2025-09-24T11:55:39","date_gmt":"2025-09-24T09:55:39","guid":{"rendered":"https:\/\/dmcsrb.com\/uncategorized\/dupli-arsini-lubardi-krivi-clanovi-savjeta-rtcg-ali-ne-i-jelena-perovic-za-utaju-poreza\/"},"modified":"2025-09-24T11:55:39","modified_gmt":"2025-09-24T09:55:39","slug":"dupli-arsini-lubardi-krivi-clanovi-savjeta-rtcg-ali-ne-i-jelena-perovic-za-utaju-poreza","status":"publish","type":"post","link":"https:\/\/dmcsrb.com\/en\/drustvo\/dupli-arsini-lubardi-krivi-clanovi-savjeta-rtcg-ali-ne-i-jelena-perovic-za-utaju-poreza\/","title":{"rendered":"Dupli ar\u0161ini: Lubardi krivi \u010dlanovi Savjeta RTCG ali ne i Jelena Perovi\u0107 za utaju poreza"},"content":{"rendered":"<p><\/p>\n\n\n\n<p> Kako je pojasnio, postoje sudije koje su biv\u0161e javne funkcionere oslobodili ekspresno za utaju poreza, iako se vrlo jasno vidi da jedan funkcioner ima dva stana, od kojih je jedan dobio od dr\u017eave i prodao ga po duplo vi\u0161oj cijeni. Koprivica je, na pitanje RTCG u emisiji &#8220;Budimo budni &#8211; pitajte Vladu&#8221; da prokomentari\u0161e funkcionisanje pravosu\u0111a u svjetlu presude predsjedniku i dijelu \u010dlanova Savjeta Javnog servisa, dok poznate afere ostaju bez epiloga, pomenuo upravo slu\u010daj ranijeg osloba\u0111anja javnog funkcionera zbog utaje poreza. Obje odluke &#8211; i u slu\u010daju osloba\u0111anja krivice za utaju poreza i u slu\u010daju dijela \u010dlanova Savjeta RTCG, donijela je ista sutkinja Osnovnog suda u Podgorici, Dragana Lubarda.<\/p>\n\n\n\n<p><\/p>\n\n\n\n<p>&#8220;Bez \u017eelje da vr\u0161im uticaj, ali u javnosti smo i komentari\u0161emo pravne akte koji proizvode pravna dejstva. Imate odre\u0111ene sudije koje su ekspresno oslobodili neke biv\u0161e javne funkcionere za utaju poreza. Tu se jasno vidi da jedno lice ima dva stana, jedan je stan dobilo od dr\u017eave i taj stan prodalo po duplo vi\u0161oj cijeni, i treba da plati porez na kapitalnu dobit. Ne pla\u0107a ga i biva oslobo\u0111eno za poresku utaju. I to se tako zavr\u0161i, a ovamo, na druga\u010diji na\u010din se postupa&#8221;, rekao je Koprivica u emisiji &#8220;Budimo budni &#8211; pitajte Vladu&#8221;, koju danas emitujemo na TVCG1 u 16.20 \u010dasova.&nbsp;<\/p>\n\n\n\n<p>Tragom ovih izjava, utvrdili smo da se radi o sutkinji Dragani Lubardi, koja je ju\u010de donijela odluku da su krivi predsjednik i dio \u010dlanova Savjeta RTCG jer su glasali za izbor generalnog direktora RTCG Borisa Raoni\u0107a u junu 2023. godine, ali je zato optu\u017ebe da je utajila porez oslobodila biv\u0161u direktoricu Agencije za spre\u010davanje korupcije (ASK) Jelenu Perovi\u0107, krajem maja ove godine.&nbsp;<\/p>\n\n\n\n<p><strong>Perovi\u0107 prodala stan dobijen od dr\u017eave, Lubarda ne vidi obavezu da plati porez<\/strong><\/p>\n\n\n\n<p>Lubarda je u majskoj presudi navela da Perovi\u0107 nije morala da plati porez dr\u017eavi nakon prodaje stana na Cetinju, obrazla\u017eu\u0107i to tvrdnjom da u tom trenutku biv\u0161a direktorica ASK-a nije imala drugih nekretnina. Ovo sve uprkos tvrdnji podgori\u010dkog tu\u017eila\u0161tva da je nakon sprovedenih dokaza na glavnom pretresu nepobitno utvr\u0111eno da je u spornom periodu bila vlasnik nepokretnosti &#8211; stana, povr\u0161ine 69 kvadrata u Podgorici, koji je stekla kupovinom.&nbsp;<\/p>\n\n\n\n<p>O\u0161trina sutkinje Lubarde u ovom predmetu, me\u0111utim, kao da je izostala.<\/p>\n\n\n\n<p>Interesantno je i da je u isto vrijeme kada je sutkinja Lubarda oslobodila Perovi\u0107,&nbsp;Upravni sud Crne Gore objavio da je poni\u0161tio odluku Savjeta Agencije za spre\u010davanje korupcije kojom je Perovi\u0107 razrije\u0161ena sa mjesta direktorice ASK. Tako su sudovi u slu\u010daju ranije direktorice ASK-a bili vrlo a\u017eurni i vrlo sigurni u njenu nevinost, i odluke u njenu korist donijeli u isto vrijeme.&nbsp;<\/p>\n\n\n\n<p>Va\u017eno je re\u0107i i da je Vi\u0161i sud u Podgorici potvrdio optu\u017enicu Specijalnog dr\u017eavnog tu\u017eila\u0161tva (SDT) protiv Jelene Perovi\u0107 i njene biv\u0161e pomo\u0107nine&nbsp;Nine Paovi\u0107&nbsp;za krivi\u010dna djela zloupotreba slu\u017ebenog polo\u017eaja i produ\u017eeno krivi\u010dno djelo falsifikovanje slu\u017ebene isprave, i postupak je u toku.&nbsp;<\/p>\n\n\n\n<p><strong>Milatovi\u0107: Sudske odluke pretvorene u glup vic<\/strong><\/p>\n\n\n\n<p>Analiti\u010dar Mi\u0107un Milatovi\u0107 napisao je da se postavlja pitanje kako druga\u010dije osim kao karnevalski izopa\u010denu razumjeti na\u0161u situaciju nakon prvostepene presude Osnovnog suda u Podgorici, kojom su predsjednik i dio \u010dlanova Savjeta RTCG ogla\u0161eni krivim za zloupotrebu slu\u017ebenog polo\u017eaja.&nbsp;<\/p>\n\n\n\n<p>&#8220;Kao pravnik, mislio sam da je apsurdnost optu\u017enice i tok krivi\u010dnog postupka neprevazi\u0111en nivo zabave. Tu je pak, prvostepena presuda da me demantuje i uozbilji. Jer ako su sudske odluke pretvorene u glup vic, zna\u0161 da je vrag definitivno odnio \u0161alu. Nije vjerovatno da je ovom presudom unaprije\u0111en demokratski ambijent, iako \u0107e se tako poku\u0161ati predstaviti. Ali je zato sasvim izvjesno da su nakon danas, nezavisnost pravosu\u0111a i sloboda sudijskog uvjerenja potpuno institucionalno degradirani. Druga\u010diji zaklju\u010dak prosto nije mogu\u0107, ako je zaista ta\u010dno da su ljudi osu\u0111eni zbog svog izja\u0161njenja prilikom tajnog glasanja&#8221;, ka\u017ee Milatovi\u0107.<\/p>\n\n\n\n<p>Kako je rekao, \u010ditav taj lov na vje\u0161tice osta\u0107e kao posebno sramotna mrlja na ina\u010de dosta umrljanom obrazu crnogorskog pravosu\u0111a i medija.<\/p>\n\n\n\n<p>&#8220;Jer su stavovi medijski konstruisanog javnog mnjenja, bez obzira na zakon i \u010dinjenice &#8211; bolje re\u0107i: uprkos zakonu i \u010dinjenicama &#8211; poslu\u017eili kao osnov krivi\u010dnog progona, optu\u017enica i krivi\u010dnih presuda.&nbsp; Ostaje nam da vidimo ho\u0107e li tu\u017eila\u0161tvo biti jednako revnosno da na osnovu javnog pogovora pokrene po slu\u017ebenoj du\u017enosti izvi\u0111ajni postupak radi utvr\u0111ivanja osnovanosti tvrdnji, koje je jedan politi\u010dar nedavno saop\u0161tio, da se kriminalizacija \u010dlanova Savjeta RTCG i pravosudna afera montiraju zbog planskog djelovanja vi\u0161e NN lica sa ciljem da se na kljucnim pozicijama menad\u017ementa Javnog servisa instaliraju eksponenti interesa jedne privatne medijske ku\u0107e&#8221;, dodao je Milatovi\u0107.<\/p>\n\n\n\n<p>Kako je podvukao, ako je represivni aparat istrajao u ovom slu\u010daju, onda tra\u010d, pa\u0161kvila i afera moraju imati jednak krivi\u010dnopravni status u svim sli\u010dnim situacijama.&nbsp;<\/p>\n\n\n\n<p>&#8220;Bilo kako bilo, \u0161teta je ve\u0107 na\u010dinjena, posljedice su nesagledive. Kada politi\u010dari na vlasti kao u vrijeme DPS-a ili novinari i NVO, u dana\u0161njoj &#8216;epohi oslobodilaca&#8217;, de facto imaju mo\u0107 da diktiraju sadr\u017eaj krivi\u010dne presude, etablirana je ideja da umjesto zakona i pravosudnih institucija \u017eivote gra\u0111ana treba da normira vladaju\u0107i medijsko-politi\u010dki narativ. Interes koji u odre\u0111enoj konstelaciji mo\u0107i ostvaruje dominantan uticaj u javnosti, tako se legitimi\u0161e kao op\u0161ti, a po potrebi se mo\u017ee ostvariti intervencijom represivnog aparata.&nbsp; Zbog toga su Ustav, zakoni i ljudi pali kao kolateralna \u017ertva &#8220;Borisgejta&#8221;, rekao je Milatovi\u0107.&nbsp;<\/p>\n\n\n\n<p><strong>Boji\u0107: Ide \u017ealba, presuda opasna za pravni poredak<\/strong><\/p>\n\n\n\n<p>Advokat Vladan Boji\u0107&nbsp;najavio je \u017ealbu nakon presude predsjedniku i dijelu \u010dlanova Savjeta RTCG. Kazao&nbsp;je da se nada da \u0107e Vi\u0161i sud razumjeti kakav je paradoks napravljen, te da je ovo velika \u0161teta po Crnu Goru i njen pravni poredak. Navodi&nbsp;da je presuda pravno sumanuta.<\/p>\n\n\n\n<p>Na pitanje kako bi ocijenio politi\u010dki i medijski ambijent u sustret ovoj presudi, Boji\u0107 je rekao da je rijetko koja li\u010dnost pro\u0161la ono \u0161to je pro\u0161ao generalni direktor RTCG Boris Raoni\u0107.&nbsp;<\/p>\n\n\n\n<p>Na prethodnom su\u0111enju advokati su dali svoje zavr\u0161ne rije\u010di u kojima su istakli da je optu\u017enica protiv \u010dlanova Savjeta RTCG iskonstruisana.&nbsp;&nbsp;\u010clanovi Savjeta i advokati su naveli da je potpuno ispo\u0161tovan zakon i da u izboru generalnog direktora Borisa Raoni\u0107a nema ni\u0161ta sporno.<\/p>\n\n\n\n<p>Podgori\u010dko Osnovno dr\u017eavno tu\u017eila\u0161tvo (ODT)&nbsp;podnijelo&nbsp;je pro\u0161le godine&nbsp;optu\u017eni predlog protiv predsjednika i \u010detiri \u010dlana Savjeta Radio-televizije Crne Gore.<\/p>","protected":false},"excerpt":{"rendered":"<p>Potpredsjednik Vlade za pravosu\u0111e, antikorupciju i politi\u010dki sistem Momo Koprivica upozorio je na sporne odluke pojedinih sudija.<\/p>","protected":false},"author":1,"featured_media":953783,"comment_status":"open","ping_status":"open","sticky":false,"template":"","format":"standard","meta":{"_acf_changed":false,"footnotes":""},"categories":[2],"tags":[9072,2977,140,136],"naslovna":[],"class_list":["post-953782","post","type-post","status-publish","format-standard","has-post-thumbnail","hentry","category-drustvo","tag-dupli-arsini","tag-osnovni-sud","tag-presuda","tag-rtcg"],"acf":[],"yoast_head":"<!-- This site is optimized with the Yoast SEO plugin v27.4 - https:\/\/yoast.com\/product\/yoast-seo-wordpress\/ -->\n<title>Dupli ar\u0161ini: Lubardi krivi \u010dlanovi Savjeta RTCG ali ne i Jelena Perovi\u0107 za utaju poreza - dmcsrb.com<\/title>\n<meta name=\"robots\" content=\"index, follow, max-snippet:-1, max-image-preview:large, max-video-preview:-1\" \/>\n<link rel=\"canonical\" href=\"https:\/\/dmcsrb.com\/en\/drustvo\/dupli-arsini-lubardi-krivi-clanovi-savjeta-rtcg-ali-ne-i-jelena-perovic-za-utaju-poreza\/\" \/>\n<meta property=\"og:locale\" content=\"en_GB\" \/>\n<meta property=\"og:type\" content=\"article\" \/>\n<meta property=\"og:title\" content=\"Dupli ar\u0161ini: Lubardi krivi \u010dlanovi Savjeta RTCG ali ne i Jelena Perovi\u0107 za utaju poreza - dmcsrb.com\" \/>\n<meta property=\"og:description\" content=\"Potpredsjednik Vlade za pravosu\u0111e, antikorupciju i politi\u010dki sistem Momo Koprivica upozorio je na sporne odluke pojedinih sudija.\" \/>\n<meta property=\"og:url\" content=\"https:\/\/dmcsrb.com\/en\/drustvo\/dupli-arsini-lubardi-krivi-clanovi-savjeta-rtcg-ali-ne-i-jelena-perovic-za-utaju-poreza\/\" \/>\n<meta property=\"og:site_name\" content=\"dmcsrb.com\" \/>\n<meta property=\"article:published_time\" content=\"2025-09-24T09:55:39+00:00\" \/>\n<meta property=\"og:image\" content=\"https:\/\/dmcsrb.com\/wp-content\/uploads\/2026\/01\/Osnovni-sud-i-osnovno-drzavno-tuzilastvo-1.webp\" \/>\n\t<meta property=\"og:image:width\" content=\"1920\" \/>\n\t<meta property=\"og:image:height\" content=\"1080\" \/>\n\t<meta property=\"og:image:type\" content=\"image\/jpeg\" \/>\n<meta name=\"author\" content=\"dmcsrbija.com@gmail.com\" \/>\n<meta name=\"twitter:card\" content=\"summary_large_image\" \/>\n<meta name=\"twitter:label1\" content=\"Written by\" \/>\n\t<meta name=\"twitter:data1\" content=\"dmcsrbija.com@gmail.com\" \/>\n\t<meta name=\"twitter:label2\" content=\"Estimated reading time\" \/>\n\t<meta name=\"twitter:data2\" content=\"6 minutes\" \/>\n<script type=\"application\/ld+json\" class=\"yoast-schema-graph\">{\"@context\":\"https:\\\/\\\/schema.org\",\"@graph\":[{\"@type\":\"Article\",\"@id\":\"https:\\\/\\\/dmcsrb.com\\\/drustvo\\\/dupli-arsini-lubardi-krivi-clanovi-savjeta-rtcg-ali-ne-i-jelena-perovic-za-utaju-poreza\\\/#article\",\"isPartOf\":{\"@id\":\"https:\\\/\\\/dmcsrb.com\\\/drustvo\\\/dupli-arsini-lubardi-krivi-clanovi-savjeta-rtcg-ali-ne-i-jelena-perovic-za-utaju-poreza\\\/\"},\"author\":{\"name\":\"dmcsrbija.com@gmail.com\",\"@id\":\"https:\\\/\\\/dmcsrb.com\\\/#\\\/schema\\\/person\\\/5c39170f12db1b8b457732d0b5c854e2\"},\"headline\":\"Dupli ar\u0161ini: Lubardi krivi \u010dlanovi Savjeta RTCG ali ne i Jelena Perovi\u0107 za utaju poreza\",\"datePublished\":\"2025-09-24T09:55:39+00:00\",\"mainEntityOfPage\":{\"@id\":\"https:\\\/\\\/dmcsrb.com\\\/drustvo\\\/dupli-arsini-lubardi-krivi-clanovi-savjeta-rtcg-ali-ne-i-jelena-perovic-za-utaju-poreza\\\/\"},\"wordCount\":1166,\"commentCount\":0,\"image\":{\"@id\":\"https:\\\/\\\/dmcsrb.com\\\/drustvo\\\/dupli-arsini-lubardi-krivi-clanovi-savjeta-rtcg-ali-ne-i-jelena-perovic-za-utaju-poreza\\\/#primaryimage\"},\"thumbnailUrl\":\"https:\\\/\\\/dmcsrb.com\\\/wp-content\\\/uploads\\\/2026\\\/01\\\/Osnovni-sud-i-osnovno-drzavno-tuzilastvo-1.webp\",\"keywords\":[\"dupli ar\u0161ini\",\"Osnovni Sud\",\"presuda\",\"RTCG\"],\"articleSection\":[\"Dru\u0161tvo\"],\"inLanguage\":\"en-GB\",\"potentialAction\":[{\"@type\":\"CommentAction\",\"name\":\"Comment\",\"target\":[\"https:\\\/\\\/dmcsrb.com\\\/drustvo\\\/dupli-arsini-lubardi-krivi-clanovi-savjeta-rtcg-ali-ne-i-jelena-perovic-za-utaju-poreza\\\/#respond\"]}]},{\"@type\":\"WebPage\",\"@id\":\"https:\\\/\\\/dmcsrb.com\\\/drustvo\\\/dupli-arsini-lubardi-krivi-clanovi-savjeta-rtcg-ali-ne-i-jelena-perovic-za-utaju-poreza\\\/\",\"url\":\"https:\\\/\\\/dmcsrb.com\\\/drustvo\\\/dupli-arsini-lubardi-krivi-clanovi-savjeta-rtcg-ali-ne-i-jelena-perovic-za-utaju-poreza\\\/\",\"name\":\"Dupli ar\u0161ini: Lubardi krivi \u010dlanovi Savjeta RTCG ali ne i Jelena Perovi\u0107 za utaju poreza - dmcsrb.com\",\"isPartOf\":{\"@id\":\"https:\\\/\\\/dmcsrb.com\\\/#website\"},\"primaryImageOfPage\":{\"@id\":\"https:\\\/\\\/dmcsrb.com\\\/drustvo\\\/dupli-arsini-lubardi-krivi-clanovi-savjeta-rtcg-ali-ne-i-jelena-perovic-za-utaju-poreza\\\/#primaryimage\"},\"image\":{\"@id\":\"https:\\\/\\\/dmcsrb.com\\\/drustvo\\\/dupli-arsini-lubardi-krivi-clanovi-savjeta-rtcg-ali-ne-i-jelena-perovic-za-utaju-poreza\\\/#primaryimage\"},\"thumbnailUrl\":\"https:\\\/\\\/dmcsrb.com\\\/wp-content\\\/uploads\\\/2026\\\/01\\\/Osnovni-sud-i-osnovno-drzavno-tuzilastvo-1.webp\",\"datePublished\":\"2025-09-24T09:55:39+00:00\",\"author\":{\"@id\":\"https:\\\/\\\/dmcsrb.com\\\/#\\\/schema\\\/person\\\/5c39170f12db1b8b457732d0b5c854e2\"},\"breadcrumb\":{\"@id\":\"https:\\\/\\\/dmcsrb.com\\\/drustvo\\\/dupli-arsini-lubardi-krivi-clanovi-savjeta-rtcg-ali-ne-i-jelena-perovic-za-utaju-poreza\\\/#breadcrumb\"},\"inLanguage\":\"en-GB\",\"potentialAction\":[{\"@type\":\"ReadAction\",\"target\":[\"https:\\\/\\\/dmcsrb.com\\\/drustvo\\\/dupli-arsini-lubardi-krivi-clanovi-savjeta-rtcg-ali-ne-i-jelena-perovic-za-utaju-poreza\\\/\"]}]},{\"@type\":\"ImageObject\",\"inLanguage\":\"en-GB\",\"@id\":\"https:\\\/\\\/dmcsrb.com\\\/drustvo\\\/dupli-arsini-lubardi-krivi-clanovi-savjeta-rtcg-ali-ne-i-jelena-perovic-za-utaju-poreza\\\/#primaryimage\",\"url\":\"https:\\\/\\\/dmcsrb.com\\\/wp-content\\\/uploads\\\/2026\\\/01\\\/Osnovni-sud-i-osnovno-drzavno-tuzilastvo-1.webp\",\"contentUrl\":\"https:\\\/\\\/dmcsrb.com\\\/wp-content\\\/uploads\\\/2026\\\/01\\\/Osnovni-sud-i-osnovno-drzavno-tuzilastvo-1.webp\",\"width\":1920,\"height\":1080},{\"@type\":\"BreadcrumbList\",\"@id\":\"https:\\\/\\\/dmcsrb.com\\\/drustvo\\\/dupli-arsini-lubardi-krivi-clanovi-savjeta-rtcg-ali-ne-i-jelena-perovic-za-utaju-poreza\\\/#breadcrumb\",\"itemListElement\":[{\"@type\":\"ListItem\",\"position\":1,\"name\":\"Home\",\"item\":\"https:\\\/\\\/dmcsrb.com\\\/\"},{\"@type\":\"ListItem\",\"position\":2,\"name\":\"Dupli ar\u0161ini: Lubardi krivi \u010dlanovi Savjeta RTCG ali ne i Jelena Perovi\u0107 za utaju poreza\"}]},{\"@type\":\"WebSite\",\"@id\":\"https:\\\/\\\/dmcsrb.com\\\/#website\",\"url\":\"https:\\\/\\\/dmcsrb.com\\\/\",\"name\":\"dmcsrb.com\",\"description\":\"\",\"potentialAction\":[{\"@type\":\"SearchAction\",\"target\":{\"@type\":\"EntryPoint\",\"urlTemplate\":\"https:\\\/\\\/dmcsrb.com\\\/?s={search_term_string}\"},\"query-input\":{\"@type\":\"PropertyValueSpecification\",\"valueRequired\":true,\"valueName\":\"search_term_string\"}}],\"inLanguage\":\"en-GB\"},{\"@type\":\"Person\",\"@id\":\"https:\\\/\\\/dmcsrb.com\\\/#\\\/schema\\\/person\\\/5c39170f12db1b8b457732d0b5c854e2\",\"name\":\"dmcsrbija.com@gmail.com\",\"image\":{\"@type\":\"ImageObject\",\"inLanguage\":\"en-GB\",\"@id\":\"https:\\\/\\\/secure.gravatar.com\\\/avatar\\\/68592660ad6347fad0fb587f8d5d8f1a7b44961362f56e4f2cd524feb87e9069?s=96&d=mm&r=g\",\"url\":\"https:\\\/\\\/secure.gravatar.com\\\/avatar\\\/68592660ad6347fad0fb587f8d5d8f1a7b44961362f56e4f2cd524feb87e9069?s=96&d=mm&r=g\",\"contentUrl\":\"https:\\\/\\\/secure.gravatar.com\\\/avatar\\\/68592660ad6347fad0fb587f8d5d8f1a7b44961362f56e4f2cd524feb87e9069?s=96&d=mm&r=g\",\"caption\":\"dmcsrbija.com@gmail.com\"},\"sameAs\":[\"https:\\\/\\\/dmcsrb.com\"],\"url\":\"https:\\\/\\\/dmcsrb.com\\\/en\\\/author\\\/dmcsrbija-comgmail-com\\\/\"}]}<\/script>\n<!-- \/ Yoast SEO plugin. -->","yoast_head_json":{"title":"Dupli ar\u0161ini: Lubardi krivi \u010dlanovi Savjeta RTCG ali ne i Jelena Perovi\u0107 za utaju poreza - dmcsrb.com","robots":{"index":"index","follow":"follow","max-snippet":"max-snippet:-1","max-image-preview":"max-image-preview:large","max-video-preview":"max-video-preview:-1"},"canonical":"https:\/\/dmcsrb.com\/en\/drustvo\/dupli-arsini-lubardi-krivi-clanovi-savjeta-rtcg-ali-ne-i-jelena-perovic-za-utaju-poreza\/","og_locale":"en_GB","og_type":"article","og_title":"Dupli ar\u0161ini: Lubardi krivi \u010dlanovi Savjeta RTCG ali ne i Jelena Perovi\u0107 za utaju poreza - dmcsrb.com","og_description":"Potpredsjednik Vlade za pravosu\u0111e, antikorupciju i politi\u010dki sistem Momo Koprivica upozorio je na sporne odluke pojedinih sudija.","og_url":"https:\/\/dmcsrb.com\/en\/drustvo\/dupli-arsini-lubardi-krivi-clanovi-savjeta-rtcg-ali-ne-i-jelena-perovic-za-utaju-poreza\/","og_site_name":"dmcsrb.com","article_published_time":"2025-09-24T09:55:39+00:00","og_image":[{"width":1920,"height":1080,"url":"https:\/\/dmcsrb.com\/wp-content\/uploads\/2026\/01\/Osnovni-sud-i-osnovno-drzavno-tuzilastvo-1.webp","type":"image\/jpeg"}],"author":"dmcsrbija.com@gmail.com","twitter_card":"summary_large_image","twitter_misc":{"Written by":"dmcsrbija.com@gmail.com","Estimated reading time":"6 minutes"},"schema":{"@context":"https:\/\/schema.org","@graph":[{"@type":"Article","@id":"https:\/\/dmcsrb.com\/drustvo\/dupli-arsini-lubardi-krivi-clanovi-savjeta-rtcg-ali-ne-i-jelena-perovic-za-utaju-poreza\/#article","isPartOf":{"@id":"https:\/\/dmcsrb.com\/drustvo\/dupli-arsini-lubardi-krivi-clanovi-savjeta-rtcg-ali-ne-i-jelena-perovic-za-utaju-poreza\/"},"author":{"name":"dmcsrbija.com@gmail.com","@id":"https:\/\/dmcsrb.com\/#\/schema\/person\/5c39170f12db1b8b457732d0b5c854e2"},"headline":"Dupli ar\u0161ini: Lubardi krivi \u010dlanovi Savjeta RTCG ali ne i Jelena Perovi\u0107 za utaju poreza","datePublished":"2025-09-24T09:55:39+00:00","mainEntityOfPage":{"@id":"https:\/\/dmcsrb.com\/drustvo\/dupli-arsini-lubardi-krivi-clanovi-savjeta-rtcg-ali-ne-i-jelena-perovic-za-utaju-poreza\/"},"wordCount":1166,"commentCount":0,"image":{"@id":"https:\/\/dmcsrb.com\/drustvo\/dupli-arsini-lubardi-krivi-clanovi-savjeta-rtcg-ali-ne-i-jelena-perovic-za-utaju-poreza\/#primaryimage"},"thumbnailUrl":"https:\/\/dmcsrb.com\/wp-content\/uploads\/2026\/01\/Osnovni-sud-i-osnovno-drzavno-tuzilastvo-1.webp","keywords":["dupli ar\u0161ini","Osnovni Sud","presuda","RTCG"],"articleSection":["Dru\u0161tvo"],"inLanguage":"en-GB","potentialAction":[{"@type":"CommentAction","name":"Comment","target":["https:\/\/dmcsrb.com\/drustvo\/dupli-arsini-lubardi-krivi-clanovi-savjeta-rtcg-ali-ne-i-jelena-perovic-za-utaju-poreza\/#respond"]}]},{"@type":"WebPage","@id":"https:\/\/dmcsrb.com\/drustvo\/dupli-arsini-lubardi-krivi-clanovi-savjeta-rtcg-ali-ne-i-jelena-perovic-za-utaju-poreza\/","url":"https:\/\/dmcsrb.com\/drustvo\/dupli-arsini-lubardi-krivi-clanovi-savjeta-rtcg-ali-ne-i-jelena-perovic-za-utaju-poreza\/","name":"Dupli ar\u0161ini: Lubardi krivi \u010dlanovi Savjeta RTCG ali ne i Jelena Perovi\u0107 za utaju poreza - dmcsrb.com","isPartOf":{"@id":"https:\/\/dmcsrb.com\/#website"},"primaryImageOfPage":{"@id":"https:\/\/dmcsrb.com\/drustvo\/dupli-arsini-lubardi-krivi-clanovi-savjeta-rtcg-ali-ne-i-jelena-perovic-za-utaju-poreza\/#primaryimage"},"image":{"@id":"https:\/\/dmcsrb.com\/drustvo\/dupli-arsini-lubardi-krivi-clanovi-savjeta-rtcg-ali-ne-i-jelena-perovic-za-utaju-poreza\/#primaryimage"},"thumbnailUrl":"https:\/\/dmcsrb.com\/wp-content\/uploads\/2026\/01\/Osnovni-sud-i-osnovno-drzavno-tuzilastvo-1.webp","datePublished":"2025-09-24T09:55:39+00:00","author":{"@id":"https:\/\/dmcsrb.com\/#\/schema\/person\/5c39170f12db1b8b457732d0b5c854e2"},"breadcrumb":{"@id":"https:\/\/dmcsrb.com\/drustvo\/dupli-arsini-lubardi-krivi-clanovi-savjeta-rtcg-ali-ne-i-jelena-perovic-za-utaju-poreza\/#breadcrumb"},"inLanguage":"en-GB","potentialAction":[{"@type":"ReadAction","target":["https:\/\/dmcsrb.com\/drustvo\/dupli-arsini-lubardi-krivi-clanovi-savjeta-rtcg-ali-ne-i-jelena-perovic-za-utaju-poreza\/"]}]},{"@type":"ImageObject","inLanguage":"en-GB","@id":"https:\/\/dmcsrb.com\/drustvo\/dupli-arsini-lubardi-krivi-clanovi-savjeta-rtcg-ali-ne-i-jelena-perovic-za-utaju-poreza\/#primaryimage","url":"https:\/\/dmcsrb.com\/wp-content\/uploads\/2026\/01\/Osnovni-sud-i-osnovno-drzavno-tuzilastvo-1.webp","contentUrl":"https:\/\/dmcsrb.com\/wp-content\/uploads\/2026\/01\/Osnovni-sud-i-osnovno-drzavno-tuzilastvo-1.webp","width":1920,"height":1080},{"@type":"BreadcrumbList","@id":"https:\/\/dmcsrb.com\/drustvo\/dupli-arsini-lubardi-krivi-clanovi-savjeta-rtcg-ali-ne-i-jelena-perovic-za-utaju-poreza\/#breadcrumb","itemListElement":[{"@type":"ListItem","position":1,"name":"Home","item":"https:\/\/dmcsrb.com\/"},{"@type":"ListItem","position":2,"name":"Dupli ar\u0161ini: Lubardi krivi \u010dlanovi Savjeta RTCG ali ne i Jelena Perovi\u0107 za utaju poreza"}]},{"@type":"WebSite","@id":"https:\/\/dmcsrb.com\/#website","url":"https:\/\/dmcsrb.com\/","name":"dmcsrb.com","description":"","potentialAction":[{"@type":"SearchAction","target":{"@type":"EntryPoint","urlTemplate":"https:\/\/dmcsrb.com\/?s={search_term_string}"},"query-input":{"@type":"PropertyValueSpecification","valueRequired":true,"valueName":"search_term_string"}}],"inLanguage":"en-GB"},{"@type":"Person","@id":"https:\/\/dmcsrb.com\/#\/schema\/person\/5c39170f12db1b8b457732d0b5c854e2","name":"dmcsrbija.com@gmail.com","image":{"@type":"ImageObject","inLanguage":"en-GB","@id":"https:\/\/secure.gravatar.com\/avatar\/68592660ad6347fad0fb587f8d5d8f1a7b44961362f56e4f2cd524feb87e9069?s=96&d=mm&r=g","url":"https:\/\/secure.gravatar.com\/avatar\/68592660ad6347fad0fb587f8d5d8f1a7b44961362f56e4f2cd524feb87e9069?s=96&d=mm&r=g","contentUrl":"https:\/\/secure.gravatar.com\/avatar\/68592660ad6347fad0fb587f8d5d8f1a7b44961362f56e4f2cd524feb87e9069?s=96&d=mm&r=g","caption":"dmcsrbija.com@gmail.com"},"sameAs":["https:\/\/dmcsrb.com"],"url":"https:\/\/dmcsrb.com\/en\/author\/dmcsrbija-comgmail-com\/"}]}},"_links":{"self":[{"href":"https:\/\/dmcsrb.com\/en\/wp-json\/wp\/v2\/posts\/953782","targetHints":{"allow":["GET"]}}],"collection":[{"href":"https:\/\/dmcsrb.com\/en\/wp-json\/wp\/v2\/posts"}],"about":[{"href":"https:\/\/dmcsrb.com\/en\/wp-json\/wp\/v2\/types\/post"}],"author":[{"embeddable":true,"href":"https:\/\/dmcsrb.com\/en\/wp-json\/wp\/v2\/users\/1"}],"replies":[{"embeddable":true,"href":"https:\/\/dmcsrb.com\/en\/wp-json\/wp\/v2\/comments?post=953782"}],"version-history":[{"count":0,"href":"https:\/\/dmcsrb.com\/en\/wp-json\/wp\/v2\/posts\/953782\/revisions"}],"wp:featuredmedia":[{"embeddable":true,"href":"https:\/\/dmcsrb.com\/en\/wp-json\/wp\/v2\/media\/953783"}],"wp:attachment":[{"href":"https:\/\/dmcsrb.com\/en\/wp-json\/wp\/v2\/media?parent=953782"}],"wp:term":[{"taxonomy":"category","embeddable":true,"href":"https:\/\/dmcsrb.com\/en\/wp-json\/wp\/v2\/categories?post=953782"},{"taxonomy":"post_tag","embeddable":true,"href":"https:\/\/dmcsrb.com\/en\/wp-json\/wp\/v2\/tags?post=953782"},{"taxonomy":"naslovna","embeddable":true,"href":"https:\/\/dmcsrb.com\/en\/wp-json\/wp\/v2\/naslovna?post=953782"}],"curies":[{"name":"wp","href":"https:\/\/api.w.org\/{rel}","templated":true}]}}