{"id":953758,"date":"2025-09-24T11:15:00","date_gmt":"2025-09-24T09:15:00","guid":{"rendered":"https:\/\/dmcsrb.com\/uncategorized\/medjunarodni-naucnik-skup-u-podgorici-o-hriscanstvu-i-hriscanskoj-kulturi-na-prostoru-crne-gore\/"},"modified":"2025-09-24T11:15:00","modified_gmt":"2025-09-24T09:15:00","slug":"medjunarodni-naucnik-skup-u-podgorici-o-hriscanstvu-i-hriscanskoj-kulturi-na-prostoru-crne-gore","status":"publish","type":"post","link":"https:\/\/dmcsrb.com\/en\/drustvo\/medjunarodni-naucnik-skup-u-podgorici-o-hriscanstvu-i-hriscanskoj-kulturi-na-prostoru-crne-gore\/","title":{"rendered":"Me\u0111unarodni nau\u010dnik skup u Podgorici: O hri\u0161\u0107anstvu i hri\u0161\u0107anskoj kulturi na prostoru Crne Gore"},"content":{"rendered":"<p><\/p>\n\n\n\n<p>Iz Matice crnogorske navode da je cilj ovog skupa da se nau\u010dno sagledaju i pru\u017ee mogu\u0107e nove interpretacije u pogledu uloge i doprinosa hri\u0161\u0107anstva, kao religije, civilizacije i kulture, crnogorskom duhovnom i kulturnoistorijskom naslje\u0111u, odnosno crnogorskom dr\u017eavnom identitetu i subjektivitetu.<\/p>\n\n\n\n<p>&#8220;Hri\u0161\u0107anstvo je od njegove pojave do savremenosti prihvatano i kao kultura \u017eivljenja sa dva milenijuma dugom tradicijom civilizacijskog razvoja. Zbog toga su identiteti gotovo svih evropskih nacija utemeljeni na hri\u0161\u0107anskoj vjeri, vrijednostima i tradiciji. Istorijski razvoj hri\u0161\u0107anstva i podjela na isto\u010dnu \u2013 pravoslavnu i zapadnu \u2013 rimokatoli\u010dku konfesiju su na prostoru Crne Gore ostavili duboki uticaj, predstavljaju\u0107i u istorijskom i duhovnom razvoju dvije \u017eive hri\u0161\u0107anske tradicije. Na ovaj je na\u010din hri\u0161\u0107anstvo u Crnoj Gori dovelo do profilisanja crnogorske nacionalne identifikacije i njene osobenosti, specifi\u010dne i razli\u010dite od susjednih naroda&#8221;, kazali su iz Matice crnogorske.<\/p>\n\n\n\n<p>Dvodnevni Me\u0111unarodni nau\u010dni skup \u201eHri\u0161\u0107anstvo i hri\u0161\u0107anska kultura na prostoru Crne Gore\u201c \u0107e otvoriti predsjednik Matice crnogorske <strong>Ivan Jovovi\u0107<\/strong> u srijedu 1. oktobra u 10 \u010dasova a radni dio \u0107e se odvijati u \u010detiri sesije. U okviru prve sesije koja po\u010dinje istog dana u 10.30 sati prof. dr Ilija Velev sa Univerziteta \u201eSv. \u0106irilo i Metodije\u201c iz Skoplja predstavi\u0107e rad \u201ePojava i uspostavljanje hri\u0161\u0107anstva kao religije, civilizacije i kulture na prostoru Crne Gore\u201c. Prof. dr Bo\u017eidar \u0160ekularac \u0107e izlagati rad \u201eSpecifi\u010dnosti hri\u0161\u0107anstva u srednjem vijeku u Crnoj Gori\u201c, dr Lenka Blechova \u010celebi\u0107 sa Instituta za istoriju \u010ce\u0161ke akademije nauka iz Praga \u0107e predstaviti rad \u201eProblematika prou\u010davanja srednjovjekovne istorije crkve na podru\u010dju Boke Kotorske\u201c, a dr Tatjana Koprivica \u0107e sa koleginicama iz Rima dr Carlom Sfameni i dr Luciom Alberti predstaviti istra\u017eivanje na temu \u201eArhitektura ranohri\u0161\u0107anske Dokleje\u201c. Prof. dr Mladen Vuk\u010devi\u0107 predstavi\u0107e rad \u201e&#8217;Vjersko pitanje&#8217; u crnogorskim ustavima i aktima ustavnog karaktera (1796\u20132007)\u201c<\/p>\n\n\n\n<p>U drugoj sesiji koja \u0107e biti odr\u017eana istog dana od 15 sati dr Dragutin Papovi\u0107 \u0107e izlagati na temu \u201eOrganizacija ranohri\u0161\u0107anske crkve na prostoru Crne Gore\u201c, mr Vukota Vukoti\u0107 \u0107e govoriti \u201eO prvom episkopu dukljanskom\u201c, prof. dr Antun Sbutega je pripremio rad na temu \u201eSveta stolica i Duklja Vojislavljevi\u0107a\u201c, mr sc. Ivan Jovovi\u0107 \u0107e predstaviti svoj rad \u201eOsvrt na nekada\u0161nje dijeceze Barske nadbiskupije (\u017dupa Kastel Lastva i Budvanski vikarijat 1571\u20131828)\u201c, a dr sc. Savo Markovi\u0107 \u201eFranjeva\u010dki red u Baru \/ s osvrtom na franjevce u Budvi, Ulcinju i Sva\u010du u srednjem i novom vijeku\u201c. Dr Sa\u0161o Cvetkovski iz Makedonske akademije nauka i umjetnosti iz Skoplja predstavi\u0107e \u201eNovootkrivene slikane predstave Sv. Vladimira u umjetnosti Balkana XVIII i XIX vijeka\u201c, a mr Dragica \u0110ura\u0161evi\u0107-Milji\u0107 \u201eTrikonhalne sakralne gra\u0111evine na prostoru Crne Gore od ranog do kasnog srednjeg vijeka\u201c, a za kraj sesije prof. dr Maria Polimirova s Univerziteta \u201eSv. Kliment Ohridski\u201c iz Sofije predstavi\u0107e rad \u201eRana \u0161tampana knjiga iz XV vijeka kao \u010dinilac o\u010duvanja hri\u0161\u0107anskih tradicija na Balkanu\u201c.<\/p>\n\n\n\n<p>Tre\u0107u sesiju 2. oktobra u 10 sati otvori\u0107e mr Nela Savkovi\u0107-Vuk\u010devi\u0107 temom \u201eBla\u017eena Ozana \u2013 lje\u0161anska sveta odiva\u201c. Prof. dr Ilija M. Vujo\u0161evi\u0107 predstavi\u0107e rad \u201eStrani putopisci o vjerskom \u017eivotu hri\u0161\u0107ana u Crnoj Gori u XIX vijeku\u201c, dr Franti\u0161ek \u0160\u00edstek sa Instituta za istoriju \u010ce\u0161ke akademije nauka iz Praga predstavi\u0107e istra\u017eivanje \u201eHri\u0161\u0107anstvo u knja\u017eevini i kraljevini Crnoj Gori u \u010de\u0161kim izvorima prije Prvog svjetskog rata\u201c, a dr Slavko Burzanovi\u0107 i dr Olivera Popovi\u0107 rad \u201eKatoli\u010danstvo u knja\u017eevini Crnoj Gori u zapisima italijanskih putnika\u201c. Mr Petar Leki\u0107 govori\u0107e na temu \u201eHri\u0161\u0107anstvo u pisanoj zaostav\u0161tini vladike Petra I Petrovi\u0107a Njego\u0161a\u201c, mr Predrag Lutovac obra\u0111uje \u201eRano hri\u0161\u0107anstvo crnogorskog Polimlja kroz rezultate novih arheolo\u0161kih istra\u017eivanja\u201c, a tema mr Bo\u0161ka Ikovi\u0107a je \u201eNajstariji hri\u0161\u0107anski objekat na teritoriji op\u0161tine Danilovgrad\u201c.<\/p>\n\n\n\n<p>Posljednju sesiju koja po\u010dinje u 15 sati istog dana otvori\u0107e dr Slobodan Jerkov temom \u201eCrnogorsko srednjovjekovno crkveno pjevanje\u201c, a nastaviti Slobodan \u010cuki\u0107 radom \u201eApotropejska simbolika zmije u hri\u0161\u0107anskoj sepulkralnoj tradiciji na tlu Crne Gore\u201c. U nastavku \u0107e prof. dr Dragan Veselinov izlo\u017eiti razmi\u0161ljanja i zaklju\u010dke na temu \u201eSrpska pravoslavna crkva i budu\u0107nost Crne Gore\u201c, a Stevo Vu\u010dini\u0107 \u0107e predstaviti rad \u201eGeneza crkava i pravoslavlja u Crnoj Gori kroz povijest: savremena devastacija i reinterpretacija crnogorske sakralne ba\u0161tine i hri\u0161\u0107anskih duhovnih vrijednosti i rituala\u201c. Borislav Cime\u0161a bavi se temom \u201e\u017divojin Peri\u0107 o karakteristi\u010dnom konfliktu svjetovnog i sakralnog u Crnoj Gori izme\u0111u dva svjetska rata\u201c, a radni dio Nau\u010dnog skupa bi\u0107e zaklju\u010den izlaganjem mr Bo\u017eene Milji\u0107 na temu \u201ePrisustvo crkve i hri\u0161\u0107anskih motiva u popularnoj muzici nastaloj za vrijeme litija (2019\u20132020) u Crnoj Gori\u201c.<\/p>\n\n\n\n<p>U\u010desnici skupa \u0107e dati kra\u0107a saop\u0161tenja a kompletni radovi \u0107e biti publikovani u posebnom zborniku.<\/p>\n\n\n\n<p>U sklopu Me\u0111unarodnog nau\u010dnog skupa \u201eHri\u0161\u0107anstvo i hri\u0161\u0107anska kultura na prostoru Crne Gore\u201c bi\u0107e otvorena i izlo\u017eba Matice crnogorske \u201eKult Bla\u017eene Ozane Kotorke\u201c u Umjetni\u010dkom paviljonu Udru\u017eenja likovnih umjetnika Crne Gore. Izlo\u017ebu \u0107e 2. oktobra u 19 sati otvoriti Predsjednik Matice crnogorske Ivan Jovovi\u0107, a na izlo\u017ebi \u0107e govoriti istori\u010darka umjetnosti Radojka Abramovi\u0107, koautorka teksta kataloga.<\/p>","protected":false},"excerpt":{"rendered":"<p>Me\u0111unarodni nau\u010dni skup pod nazivom \u201eHri\u0161\u0107anstvo i hri\u0161\u0107anska kultura na prostoru Crne Gore\u201c koji organizuje Matica crnogorska \u0107e okupiti 28 nau\u010dnika, profesora, istra\u017eiva\u010da iz \u0161est evropskih dr\u017eava koji \u0107e se ovom temom baviti iz raznih aspekata. Skup \u0107e biti odr\u017ean u hotelu \u201ePodgorica\u201c 1. i 2. oktobra 2025. godine.<\/p>","protected":false},"author":1,"featured_media":945035,"comment_status":"open","ping_status":"open","sticky":false,"template":"","format":"standard","meta":{"_acf_changed":false,"footnotes":""},"categories":[2],"tags":[3362,1226],"naslovna":[],"class_list":["post-953758","post","type-post","status-publish","format-standard","has-post-thumbnail","hentry","category-drustvo","tag-ivan-jovovic","tag-matica-crnogorska"],"acf":[],"yoast_head":"<!-- This site is optimized with the Yoast SEO plugin v27.4 - https:\/\/yoast.com\/product\/yoast-seo-wordpress\/ -->\n<title>Me\u0111unarodni nau\u010dnik skup u Podgorici: O hri\u0161\u0107anstvu i hri\u0161\u0107anskoj kulturi na prostoru Crne Gore - dmcsrb.com<\/title>\n<meta name=\"robots\" content=\"index, follow, max-snippet:-1, max-image-preview:large, max-video-preview:-1\" \/>\n<link rel=\"canonical\" href=\"https:\/\/dmcsrb.com\/en\/drustvo\/medjunarodni-naucnik-skup-u-podgorici-o-hriscanstvu-i-hriscanskoj-kulturi-na-prostoru-crne-gore\/\" \/>\n<meta property=\"og:locale\" content=\"en_GB\" \/>\n<meta property=\"og:type\" content=\"article\" \/>\n<meta property=\"og:title\" content=\"Me\u0111unarodni nau\u010dnik skup u Podgorici: O hri\u0161\u0107anstvu i hri\u0161\u0107anskoj kulturi na prostoru Crne Gore - dmcsrb.com\" \/>\n<meta property=\"og:description\" content=\"Me\u0111unarodni nau\u010dni skup pod nazivom \u201eHri\u0161\u0107anstvo i hri\u0161\u0107anska kultura na prostoru Crne Gore\u201c koji organizuje Matica crnogorska \u0107e okupiti 28 nau\u010dnika, profesora, istra\u017eiva\u010da iz \u0161est evropskih dr\u017eava koji \u0107e se ovom temom baviti iz raznih aspekata. Skup \u0107e biti odr\u017ean u hotelu \u201ePodgorica\u201c 1. i 2. oktobra 2025. godine.\" \/>\n<meta property=\"og:url\" content=\"https:\/\/dmcsrb.com\/en\/drustvo\/medjunarodni-naucnik-skup-u-podgorici-o-hriscanstvu-i-hriscanskoj-kulturi-na-prostoru-crne-gore\/\" \/>\n<meta property=\"og:site_name\" content=\"dmcsrb.com\" \/>\n<meta property=\"article:published_time\" content=\"2025-09-24T09:15:00+00:00\" \/>\n<meta property=\"og:image\" content=\"https:\/\/dmcsrb.com\/wp-content\/uploads\/2026\/01\/matica-crnogorska.webp\" \/>\n\t<meta property=\"og:image:width\" content=\"1217\" \/>\n\t<meta property=\"og:image:height\" content=\"600\" \/>\n\t<meta property=\"og:image:type\" content=\"image\/webp\" \/>\n<meta name=\"author\" content=\"dmcsrbija.com@gmail.com\" \/>\n<meta name=\"twitter:card\" content=\"summary_large_image\" \/>\n<meta name=\"twitter:label1\" content=\"Written by\" \/>\n\t<meta name=\"twitter:data1\" content=\"dmcsrbija.com@gmail.com\" \/>\n\t<meta name=\"twitter:label2\" content=\"Estimated reading time\" \/>\n\t<meta name=\"twitter:data2\" content=\"4 minutes\" \/>\n<script type=\"application\/ld+json\" class=\"yoast-schema-graph\">{\"@context\":\"https:\\\/\\\/schema.org\",\"@graph\":[{\"@type\":\"Article\",\"@id\":\"https:\\\/\\\/dmcsrb.com\\\/drustvo\\\/medjunarodni-naucnik-skup-u-podgorici-o-hriscanstvu-i-hriscanskoj-kulturi-na-prostoru-crne-gore\\\/#article\",\"isPartOf\":{\"@id\":\"https:\\\/\\\/dmcsrb.com\\\/drustvo\\\/medjunarodni-naucnik-skup-u-podgorici-o-hriscanstvu-i-hriscanskoj-kulturi-na-prostoru-crne-gore\\\/\"},\"author\":{\"name\":\"dmcsrbija.com@gmail.com\",\"@id\":\"https:\\\/\\\/dmcsrb.com\\\/#\\\/schema\\\/person\\\/5c39170f12db1b8b457732d0b5c854e2\"},\"headline\":\"Me\u0111unarodni nau\u010dnik skup u Podgorici: O hri\u0161\u0107anstvu i hri\u0161\u0107anskoj kulturi na prostoru Crne Gore\",\"datePublished\":\"2025-09-24T09:15:00+00:00\",\"mainEntityOfPage\":{\"@id\":\"https:\\\/\\\/dmcsrb.com\\\/drustvo\\\/medjunarodni-naucnik-skup-u-podgorici-o-hriscanstvu-i-hriscanskoj-kulturi-na-prostoru-crne-gore\\\/\"},\"wordCount\":891,\"commentCount\":0,\"image\":{\"@id\":\"https:\\\/\\\/dmcsrb.com\\\/drustvo\\\/medjunarodni-naucnik-skup-u-podgorici-o-hriscanstvu-i-hriscanskoj-kulturi-na-prostoru-crne-gore\\\/#primaryimage\"},\"thumbnailUrl\":\"https:\\\/\\\/dmcsrb.com\\\/wp-content\\\/uploads\\\/2026\\\/01\\\/matica-crnogorska.webp\",\"keywords\":[\"Ivan Jovovi\u0107\",\"Matica Crnogorska\"],\"articleSection\":[\"Dru\u0161tvo\"],\"inLanguage\":\"en-GB\",\"potentialAction\":[{\"@type\":\"CommentAction\",\"name\":\"Comment\",\"target\":[\"https:\\\/\\\/dmcsrb.com\\\/drustvo\\\/medjunarodni-naucnik-skup-u-podgorici-o-hriscanstvu-i-hriscanskoj-kulturi-na-prostoru-crne-gore\\\/#respond\"]}]},{\"@type\":\"WebPage\",\"@id\":\"https:\\\/\\\/dmcsrb.com\\\/drustvo\\\/medjunarodni-naucnik-skup-u-podgorici-o-hriscanstvu-i-hriscanskoj-kulturi-na-prostoru-crne-gore\\\/\",\"url\":\"https:\\\/\\\/dmcsrb.com\\\/drustvo\\\/medjunarodni-naucnik-skup-u-podgorici-o-hriscanstvu-i-hriscanskoj-kulturi-na-prostoru-crne-gore\\\/\",\"name\":\"Me\u0111unarodni nau\u010dnik skup u Podgorici: O hri\u0161\u0107anstvu i hri\u0161\u0107anskoj kulturi na prostoru Crne Gore - dmcsrb.com\",\"isPartOf\":{\"@id\":\"https:\\\/\\\/dmcsrb.com\\\/#website\"},\"primaryImageOfPage\":{\"@id\":\"https:\\\/\\\/dmcsrb.com\\\/drustvo\\\/medjunarodni-naucnik-skup-u-podgorici-o-hriscanstvu-i-hriscanskoj-kulturi-na-prostoru-crne-gore\\\/#primaryimage\"},\"image\":{\"@id\":\"https:\\\/\\\/dmcsrb.com\\\/drustvo\\\/medjunarodni-naucnik-skup-u-podgorici-o-hriscanstvu-i-hriscanskoj-kulturi-na-prostoru-crne-gore\\\/#primaryimage\"},\"thumbnailUrl\":\"https:\\\/\\\/dmcsrb.com\\\/wp-content\\\/uploads\\\/2026\\\/01\\\/matica-crnogorska.webp\",\"datePublished\":\"2025-09-24T09:15:00+00:00\",\"author\":{\"@id\":\"https:\\\/\\\/dmcsrb.com\\\/#\\\/schema\\\/person\\\/5c39170f12db1b8b457732d0b5c854e2\"},\"breadcrumb\":{\"@id\":\"https:\\\/\\\/dmcsrb.com\\\/drustvo\\\/medjunarodni-naucnik-skup-u-podgorici-o-hriscanstvu-i-hriscanskoj-kulturi-na-prostoru-crne-gore\\\/#breadcrumb\"},\"inLanguage\":\"en-GB\",\"potentialAction\":[{\"@type\":\"ReadAction\",\"target\":[\"https:\\\/\\\/dmcsrb.com\\\/drustvo\\\/medjunarodni-naucnik-skup-u-podgorici-o-hriscanstvu-i-hriscanskoj-kulturi-na-prostoru-crne-gore\\\/\"]}]},{\"@type\":\"ImageObject\",\"inLanguage\":\"en-GB\",\"@id\":\"https:\\\/\\\/dmcsrb.com\\\/drustvo\\\/medjunarodni-naucnik-skup-u-podgorici-o-hriscanstvu-i-hriscanskoj-kulturi-na-prostoru-crne-gore\\\/#primaryimage\",\"url\":\"https:\\\/\\\/dmcsrb.com\\\/wp-content\\\/uploads\\\/2026\\\/01\\\/matica-crnogorska.webp\",\"contentUrl\":\"https:\\\/\\\/dmcsrb.com\\\/wp-content\\\/uploads\\\/2026\\\/01\\\/matica-crnogorska.webp\",\"width\":1217,\"height\":600},{\"@type\":\"BreadcrumbList\",\"@id\":\"https:\\\/\\\/dmcsrb.com\\\/drustvo\\\/medjunarodni-naucnik-skup-u-podgorici-o-hriscanstvu-i-hriscanskoj-kulturi-na-prostoru-crne-gore\\\/#breadcrumb\",\"itemListElement\":[{\"@type\":\"ListItem\",\"position\":1,\"name\":\"Home\",\"item\":\"https:\\\/\\\/dmcsrb.com\\\/\"},{\"@type\":\"ListItem\",\"position\":2,\"name\":\"Me\u0111unarodni nau\u010dnik skup u Podgorici: O hri\u0161\u0107anstvu i hri\u0161\u0107anskoj kulturi na prostoru Crne Gore\"}]},{\"@type\":\"WebSite\",\"@id\":\"https:\\\/\\\/dmcsrb.com\\\/#website\",\"url\":\"https:\\\/\\\/dmcsrb.com\\\/\",\"name\":\"dmcsrb.com\",\"description\":\"\",\"potentialAction\":[{\"@type\":\"SearchAction\",\"target\":{\"@type\":\"EntryPoint\",\"urlTemplate\":\"https:\\\/\\\/dmcsrb.com\\\/?s={search_term_string}\"},\"query-input\":{\"@type\":\"PropertyValueSpecification\",\"valueRequired\":true,\"valueName\":\"search_term_string\"}}],\"inLanguage\":\"en-GB\"},{\"@type\":\"Person\",\"@id\":\"https:\\\/\\\/dmcsrb.com\\\/#\\\/schema\\\/person\\\/5c39170f12db1b8b457732d0b5c854e2\",\"name\":\"dmcsrbija.com@gmail.com\",\"image\":{\"@type\":\"ImageObject\",\"inLanguage\":\"en-GB\",\"@id\":\"https:\\\/\\\/secure.gravatar.com\\\/avatar\\\/68592660ad6347fad0fb587f8d5d8f1a7b44961362f56e4f2cd524feb87e9069?s=96&d=mm&r=g\",\"url\":\"https:\\\/\\\/secure.gravatar.com\\\/avatar\\\/68592660ad6347fad0fb587f8d5d8f1a7b44961362f56e4f2cd524feb87e9069?s=96&d=mm&r=g\",\"contentUrl\":\"https:\\\/\\\/secure.gravatar.com\\\/avatar\\\/68592660ad6347fad0fb587f8d5d8f1a7b44961362f56e4f2cd524feb87e9069?s=96&d=mm&r=g\",\"caption\":\"dmcsrbija.com@gmail.com\"},\"sameAs\":[\"https:\\\/\\\/dmcsrb.com\"],\"url\":\"https:\\\/\\\/dmcsrb.com\\\/en\\\/author\\\/dmcsrbija-comgmail-com\\\/\"}]}<\/script>\n<!-- \/ Yoast SEO plugin. -->","yoast_head_json":{"title":"Me\u0111unarodni nau\u010dnik skup u Podgorici: O hri\u0161\u0107anstvu i hri\u0161\u0107anskoj kulturi na prostoru Crne Gore - dmcsrb.com","robots":{"index":"index","follow":"follow","max-snippet":"max-snippet:-1","max-image-preview":"max-image-preview:large","max-video-preview":"max-video-preview:-1"},"canonical":"https:\/\/dmcsrb.com\/en\/drustvo\/medjunarodni-naucnik-skup-u-podgorici-o-hriscanstvu-i-hriscanskoj-kulturi-na-prostoru-crne-gore\/","og_locale":"en_GB","og_type":"article","og_title":"Me\u0111unarodni nau\u010dnik skup u Podgorici: O hri\u0161\u0107anstvu i hri\u0161\u0107anskoj kulturi na prostoru Crne Gore - dmcsrb.com","og_description":"Me\u0111unarodni nau\u010dni skup pod nazivom \u201eHri\u0161\u0107anstvo i hri\u0161\u0107anska kultura na prostoru Crne Gore\u201c koji organizuje Matica crnogorska \u0107e okupiti 28 nau\u010dnika, profesora, istra\u017eiva\u010da iz \u0161est evropskih dr\u017eava koji \u0107e se ovom temom baviti iz raznih aspekata. Skup \u0107e biti odr\u017ean u hotelu \u201ePodgorica\u201c 1. i 2. oktobra 2025. godine.","og_url":"https:\/\/dmcsrb.com\/en\/drustvo\/medjunarodni-naucnik-skup-u-podgorici-o-hriscanstvu-i-hriscanskoj-kulturi-na-prostoru-crne-gore\/","og_site_name":"dmcsrb.com","article_published_time":"2025-09-24T09:15:00+00:00","og_image":[{"width":1217,"height":600,"url":"https:\/\/dmcsrb.com\/wp-content\/uploads\/2026\/01\/matica-crnogorska.webp","type":"image\/webp"}],"author":"dmcsrbija.com@gmail.com","twitter_card":"summary_large_image","twitter_misc":{"Written by":"dmcsrbija.com@gmail.com","Estimated reading time":"4 minutes"},"schema":{"@context":"https:\/\/schema.org","@graph":[{"@type":"Article","@id":"https:\/\/dmcsrb.com\/drustvo\/medjunarodni-naucnik-skup-u-podgorici-o-hriscanstvu-i-hriscanskoj-kulturi-na-prostoru-crne-gore\/#article","isPartOf":{"@id":"https:\/\/dmcsrb.com\/drustvo\/medjunarodni-naucnik-skup-u-podgorici-o-hriscanstvu-i-hriscanskoj-kulturi-na-prostoru-crne-gore\/"},"author":{"name":"dmcsrbija.com@gmail.com","@id":"https:\/\/dmcsrb.com\/#\/schema\/person\/5c39170f12db1b8b457732d0b5c854e2"},"headline":"Me\u0111unarodni nau\u010dnik skup u Podgorici: O hri\u0161\u0107anstvu i hri\u0161\u0107anskoj kulturi na prostoru Crne Gore","datePublished":"2025-09-24T09:15:00+00:00","mainEntityOfPage":{"@id":"https:\/\/dmcsrb.com\/drustvo\/medjunarodni-naucnik-skup-u-podgorici-o-hriscanstvu-i-hriscanskoj-kulturi-na-prostoru-crne-gore\/"},"wordCount":891,"commentCount":0,"image":{"@id":"https:\/\/dmcsrb.com\/drustvo\/medjunarodni-naucnik-skup-u-podgorici-o-hriscanstvu-i-hriscanskoj-kulturi-na-prostoru-crne-gore\/#primaryimage"},"thumbnailUrl":"https:\/\/dmcsrb.com\/wp-content\/uploads\/2026\/01\/matica-crnogorska.webp","keywords":["Ivan Jovovi\u0107","Matica Crnogorska"],"articleSection":["Dru\u0161tvo"],"inLanguage":"en-GB","potentialAction":[{"@type":"CommentAction","name":"Comment","target":["https:\/\/dmcsrb.com\/drustvo\/medjunarodni-naucnik-skup-u-podgorici-o-hriscanstvu-i-hriscanskoj-kulturi-na-prostoru-crne-gore\/#respond"]}]},{"@type":"WebPage","@id":"https:\/\/dmcsrb.com\/drustvo\/medjunarodni-naucnik-skup-u-podgorici-o-hriscanstvu-i-hriscanskoj-kulturi-na-prostoru-crne-gore\/","url":"https:\/\/dmcsrb.com\/drustvo\/medjunarodni-naucnik-skup-u-podgorici-o-hriscanstvu-i-hriscanskoj-kulturi-na-prostoru-crne-gore\/","name":"Me\u0111unarodni nau\u010dnik skup u Podgorici: O hri\u0161\u0107anstvu i hri\u0161\u0107anskoj kulturi na prostoru Crne Gore - dmcsrb.com","isPartOf":{"@id":"https:\/\/dmcsrb.com\/#website"},"primaryImageOfPage":{"@id":"https:\/\/dmcsrb.com\/drustvo\/medjunarodni-naucnik-skup-u-podgorici-o-hriscanstvu-i-hriscanskoj-kulturi-na-prostoru-crne-gore\/#primaryimage"},"image":{"@id":"https:\/\/dmcsrb.com\/drustvo\/medjunarodni-naucnik-skup-u-podgorici-o-hriscanstvu-i-hriscanskoj-kulturi-na-prostoru-crne-gore\/#primaryimage"},"thumbnailUrl":"https:\/\/dmcsrb.com\/wp-content\/uploads\/2026\/01\/matica-crnogorska.webp","datePublished":"2025-09-24T09:15:00+00:00","author":{"@id":"https:\/\/dmcsrb.com\/#\/schema\/person\/5c39170f12db1b8b457732d0b5c854e2"},"breadcrumb":{"@id":"https:\/\/dmcsrb.com\/drustvo\/medjunarodni-naucnik-skup-u-podgorici-o-hriscanstvu-i-hriscanskoj-kulturi-na-prostoru-crne-gore\/#breadcrumb"},"inLanguage":"en-GB","potentialAction":[{"@type":"ReadAction","target":["https:\/\/dmcsrb.com\/drustvo\/medjunarodni-naucnik-skup-u-podgorici-o-hriscanstvu-i-hriscanskoj-kulturi-na-prostoru-crne-gore\/"]}]},{"@type":"ImageObject","inLanguage":"en-GB","@id":"https:\/\/dmcsrb.com\/drustvo\/medjunarodni-naucnik-skup-u-podgorici-o-hriscanstvu-i-hriscanskoj-kulturi-na-prostoru-crne-gore\/#primaryimage","url":"https:\/\/dmcsrb.com\/wp-content\/uploads\/2026\/01\/matica-crnogorska.webp","contentUrl":"https:\/\/dmcsrb.com\/wp-content\/uploads\/2026\/01\/matica-crnogorska.webp","width":1217,"height":600},{"@type":"BreadcrumbList","@id":"https:\/\/dmcsrb.com\/drustvo\/medjunarodni-naucnik-skup-u-podgorici-o-hriscanstvu-i-hriscanskoj-kulturi-na-prostoru-crne-gore\/#breadcrumb","itemListElement":[{"@type":"ListItem","position":1,"name":"Home","item":"https:\/\/dmcsrb.com\/"},{"@type":"ListItem","position":2,"name":"Me\u0111unarodni nau\u010dnik skup u Podgorici: O hri\u0161\u0107anstvu i hri\u0161\u0107anskoj kulturi na prostoru Crne Gore"}]},{"@type":"WebSite","@id":"https:\/\/dmcsrb.com\/#website","url":"https:\/\/dmcsrb.com\/","name":"dmcsrb.com","description":"","potentialAction":[{"@type":"SearchAction","target":{"@type":"EntryPoint","urlTemplate":"https:\/\/dmcsrb.com\/?s={search_term_string}"},"query-input":{"@type":"PropertyValueSpecification","valueRequired":true,"valueName":"search_term_string"}}],"inLanguage":"en-GB"},{"@type":"Person","@id":"https:\/\/dmcsrb.com\/#\/schema\/person\/5c39170f12db1b8b457732d0b5c854e2","name":"dmcsrbija.com@gmail.com","image":{"@type":"ImageObject","inLanguage":"en-GB","@id":"https:\/\/secure.gravatar.com\/avatar\/68592660ad6347fad0fb587f8d5d8f1a7b44961362f56e4f2cd524feb87e9069?s=96&d=mm&r=g","url":"https:\/\/secure.gravatar.com\/avatar\/68592660ad6347fad0fb587f8d5d8f1a7b44961362f56e4f2cd524feb87e9069?s=96&d=mm&r=g","contentUrl":"https:\/\/secure.gravatar.com\/avatar\/68592660ad6347fad0fb587f8d5d8f1a7b44961362f56e4f2cd524feb87e9069?s=96&d=mm&r=g","caption":"dmcsrbija.com@gmail.com"},"sameAs":["https:\/\/dmcsrb.com"],"url":"https:\/\/dmcsrb.com\/en\/author\/dmcsrbija-comgmail-com\/"}]}},"_links":{"self":[{"href":"https:\/\/dmcsrb.com\/en\/wp-json\/wp\/v2\/posts\/953758","targetHints":{"allow":["GET"]}}],"collection":[{"href":"https:\/\/dmcsrb.com\/en\/wp-json\/wp\/v2\/posts"}],"about":[{"href":"https:\/\/dmcsrb.com\/en\/wp-json\/wp\/v2\/types\/post"}],"author":[{"embeddable":true,"href":"https:\/\/dmcsrb.com\/en\/wp-json\/wp\/v2\/users\/1"}],"replies":[{"embeddable":true,"href":"https:\/\/dmcsrb.com\/en\/wp-json\/wp\/v2\/comments?post=953758"}],"version-history":[{"count":0,"href":"https:\/\/dmcsrb.com\/en\/wp-json\/wp\/v2\/posts\/953758\/revisions"}],"wp:featuredmedia":[{"embeddable":true,"href":"https:\/\/dmcsrb.com\/en\/wp-json\/wp\/v2\/media\/945035"}],"wp:attachment":[{"href":"https:\/\/dmcsrb.com\/en\/wp-json\/wp\/v2\/media?parent=953758"}],"wp:term":[{"taxonomy":"category","embeddable":true,"href":"https:\/\/dmcsrb.com\/en\/wp-json\/wp\/v2\/categories?post=953758"},{"taxonomy":"post_tag","embeddable":true,"href":"https:\/\/dmcsrb.com\/en\/wp-json\/wp\/v2\/tags?post=953758"},{"taxonomy":"naslovna","embeddable":true,"href":"https:\/\/dmcsrb.com\/en\/wp-json\/wp\/v2\/naslovna?post=953758"}],"curies":[{"name":"wp","href":"https:\/\/api.w.org\/{rel}","templated":true}]}}