{"id":953751,"date":"2025-09-24T09:04:09","date_gmt":"2025-09-24T07:04:09","guid":{"rendered":"https:\/\/dmcsrb.com\/uncategorized\/markovic-dps-reaguje-manipulativno-na-cinjenice-posteno-je-priznati-greske\/"},"modified":"2025-09-24T09:04:09","modified_gmt":"2025-09-24T07:04:09","slug":"markovic-dps-reaguje-manipulativno-na-cinjenice-posteno-je-priznati-greske","status":"publish","type":"post","link":"https:\/\/dmcsrb.com\/en\/politika\/markovic-dps-reaguje-manipulativno-na-cinjenice-posteno-je-priznati-greske\/","title":{"rendered":"Markovi\u0107: DPS reaguje manipulativno na \u010dinjenice, po\u0161teno je priznati gre\u0161ke"},"content":{"rendered":"<p><\/p>\n\n\n\n<p><\/p>\n\n\n\n<p>Markovi\u0107 je pojasnio svoju nedavnu izjavu nakon \u0161to je ona izazvala burne reakcije u Demokratskoj partiji socijalista (DPS). On je kazao da je smisao njegove izjave bio ukazivanje na politi\u010dku realnost \u2013 da je manjinsku vladu&nbsp;<strong>Dritana Abazovi\u0107a<\/strong>&nbsp;omogu\u0107ila upravo podr\u0161ka DPS-a, zajedno sa ostalim potpisnicima sporazuma.<\/p>\n\n\n\n<p>\u201cTo je bila politi\u010dka \u010dinjenica. Da li je DPS podr\u017eao manjinsku vladu? Jeste. Da li je Abazovi\u0107 potom iskoristio tu poziciju da potpi\u0161e temeljni ugovor suprotno dogovoru? Jeste. Ne vidim za\u0161to DPS reaguje manipulativno na ono \u0161to je istina\u201d, poru\u010dio je Markovi\u0107 u \u201cBojama jutra\u201d TV Vijesti.<\/p>\n\n\n\n<p>On je podsjetio da je Abazovi\u0107 tri mjeseca otvoreno pripremao teren za potpisivanje temeljnog ugovora za Srpskom pravoslavnom crkvom, dok DPS i ostali partneri nisu reagovali, ve\u0107 su \u010dekali da on to i uradi.<\/p>\n\n\n\n<p>\u201cPoliti\u010dka gre\u0161ka i lo\u0161a procjena su o\u010digledne. DPS je najja\u010da stranka u toj konstelaciji i bez njihove podr\u0161ke ne bi bilo ni manjinske vlade. Zato je po\u0161teno priznati da su pogrije\u0161ili\u201d, istakao je Markovi\u0107.<\/p>\n\n\n\n<p><strong>\u201eJa sam DPS stvarao, ali ne mislim kao oni\u201c<\/strong><\/p>\n\n\n\n<p>Komentari\u0161u\u0107i izjave \u010delnika DPS-a Danijela \u017divkovi\u0107a da \u201epere savjest nakon 30 godina u partiji\u201c, Markovi\u0107 je uzvratio da nikada nije bio samo \u010dlan, ve\u0107 jedan od osniva\u010da i kreatora te partije.<\/p>\n\n\n\n<p>\u201cJa sam DPS stvarao i ponosan sam na rezultate \u2013 od gra\u0111anskog mira devedesetih, preko obnove nezavisnosti, do \u010dlanstva u NATO. Ali sam slobodan \u010dovjek i mislim svojom glavom. Na\u017ealost, gospodin \u017divkovi\u0107 i dio sada\u0161njeg rukovodstva pokazali su da nemaju sposobnost da po\u0161tuju ni ljude ni njihove zasluge. To vi\u0161e nije pitanje manira, nego karaktera\u201d, ocijenio je Markovi\u0107.<\/p>\n\n\n\n<p>Dodao je da, za razliku od svojih nekada\u0161njih partijskih kolega, on otvoreno priznaje i svoje politi\u010dke gre\u0161ke.<\/p>\n\n\n\n<p>\u201cJa sam \u010dovjek koji priznaje svoje gre\u0161ke i jasno govori o njima. A moji sada\u0161nji polemi\u010dari pokazali su nepristojnost, nezrelost, narcisoidnost i nepo\u0161tovanje sagovornika, sve vi\u0161e podsje\u0107aju\u0107i na jednu stranku vlasti\u201d, poru\u010dio je on.<\/p>\n\n\n\n<p><strong>Opozicija bez zajedni\u010dke strategije<\/strong><\/p>\n\n\n\n<p>Govore\u0107i o dana\u0161njem politi\u010dkom trenutku, lider SEP-a smatra da je Crnoj Gori potreban gra\u0111anski otpor i ja\u010da opoziciona aktivnost, ali da opozicija trenutno djeluje fragmentisano i nesinhronizovano.<\/p>\n\n\n\n<p>\u201cOpozicija ne djeluje strate\u0161ki, zajedni\u010dki i organizovano. Ipak, mora se okupiti oko evropskog puta, jer je \u010dlanstvo u EU 2028. godine strate\u0161ki cilj svih gra\u0111ana. Kao \u0161to smo se jednom okupili oko referenduma, sada to moramo u\u010diniti oko evropske ideje\u201d, zaklju\u010dio je Markovi\u0107.<\/p>","protected":false},"excerpt":{"rendered":"<p>\u201c\u017divkovi\u0107 i dio sada\u0161njeg rukovodstva pokazali su da nemaju sposobnost da po\u0161tuju ni ljude ni njihove zasluge. To vi\u0161e nije pitanje manira, nego karaktera\u201d, kazao je\u00a0Du\u0161ko Markovi\u0107, lider Stranke evropskog progresa (SEP).<\/p>","protected":false},"author":1,"featured_media":953411,"comment_status":"open","ping_status":"open","sticky":false,"template":"","format":"standard","meta":{"_acf_changed":false,"footnotes":""},"categories":[12],"tags":[63,8860],"naslovna":[],"class_list":["post-953751","post","type-post","status-publish","format-standard","has-post-thumbnail","hentry","category-politika","tag-dps","tag-dusko-markovic"],"acf":[],"yoast_head":"<!-- This site is optimized with the Yoast SEO plugin v27.4 - https:\/\/yoast.com\/product\/yoast-seo-wordpress\/ -->\n<title>Markovi\u0107: DPS reaguje manipulativno na \u010dinjenice, po\u0161teno je priznati gre\u0161ke - dmcsrb.com<\/title>\n<meta name=\"robots\" content=\"index, follow, max-snippet:-1, max-image-preview:large, max-video-preview:-1\" \/>\n<link rel=\"canonical\" href=\"https:\/\/dmcsrb.com\/en\/politika\/markovic-dps-reaguje-manipulativno-na-cinjenice-posteno-je-priznati-greske\/\" \/>\n<meta property=\"og:locale\" content=\"en_GB\" \/>\n<meta property=\"og:type\" content=\"article\" \/>\n<meta property=\"og:title\" content=\"Markovi\u0107: DPS reaguje manipulativno na \u010dinjenice, po\u0161teno je priznati gre\u0161ke - dmcsrb.com\" \/>\n<meta property=\"og:description\" content=\"\u201c\u017divkovi\u0107 i dio sada\u0161njeg rukovodstva pokazali su da nemaju sposobnost da po\u0161tuju ni ljude ni njihove zasluge. To vi\u0161e nije pitanje manira, nego karaktera\u201d, kazao je\u00a0Du\u0161ko Markovi\u0107, lider Stranke evropskog progresa (SEP).\" \/>\n<meta property=\"og:url\" content=\"https:\/\/dmcsrb.com\/en\/politika\/markovic-dps-reaguje-manipulativno-na-cinjenice-posteno-je-priznati-greske\/\" \/>\n<meta property=\"og:site_name\" content=\"dmcsrb.com\" \/>\n<meta property=\"article:published_time\" content=\"2025-09-24T07:04:09+00:00\" \/>\n<meta property=\"og:image\" content=\"https:\/\/dmcsrb.com\/wp-content\/uploads\/2026\/01\/Dusko-Markovic-foto-gradski-me.webp\" \/>\n\t<meta property=\"og:image:width\" content=\"1486\" \/>\n\t<meta property=\"og:image:height\" content=\"788\" \/>\n\t<meta property=\"og:image:type\" content=\"image\/jpeg\" \/>\n<meta name=\"author\" content=\"dmcsrbija.com@gmail.com\" \/>\n<meta name=\"twitter:card\" content=\"summary_large_image\" \/>\n<meta name=\"twitter:label1\" content=\"Written by\" \/>\n\t<meta name=\"twitter:data1\" content=\"dmcsrbija.com@gmail.com\" \/>\n\t<meta name=\"twitter:label2\" content=\"Estimated reading time\" \/>\n\t<meta name=\"twitter:data2\" content=\"2 minutes\" \/>\n<script type=\"application\/ld+json\" class=\"yoast-schema-graph\">{\"@context\":\"https:\\\/\\\/schema.org\",\"@graph\":[{\"@type\":\"Article\",\"@id\":\"https:\\\/\\\/dmcsrb.com\\\/politika\\\/markovic-dps-reaguje-manipulativno-na-cinjenice-posteno-je-priznati-greske\\\/#article\",\"isPartOf\":{\"@id\":\"https:\\\/\\\/dmcsrb.com\\\/politika\\\/markovic-dps-reaguje-manipulativno-na-cinjenice-posteno-je-priznati-greske\\\/\"},\"author\":{\"name\":\"dmcsrbija.com@gmail.com\",\"@id\":\"https:\\\/\\\/dmcsrb.com\\\/#\\\/schema\\\/person\\\/5c39170f12db1b8b457732d0b5c854e2\"},\"headline\":\"Markovi\u0107: DPS reaguje manipulativno na \u010dinjenice, po\u0161teno je priznati gre\u0161ke\",\"datePublished\":\"2025-09-24T07:04:09+00:00\",\"mainEntityOfPage\":{\"@id\":\"https:\\\/\\\/dmcsrb.com\\\/politika\\\/markovic-dps-reaguje-manipulativno-na-cinjenice-posteno-je-priznati-greske\\\/\"},\"wordCount\":444,\"commentCount\":0,\"image\":{\"@id\":\"https:\\\/\\\/dmcsrb.com\\\/politika\\\/markovic-dps-reaguje-manipulativno-na-cinjenice-posteno-je-priznati-greske\\\/#primaryimage\"},\"thumbnailUrl\":\"https:\\\/\\\/dmcsrb.com\\\/wp-content\\\/uploads\\\/2026\\\/01\\\/Dusko-Markovic-foto-gradski-me.webp\",\"keywords\":[\"DPS\",\"Du\u0161ko Markovi\u0107\"],\"articleSection\":[\"Politika\"],\"inLanguage\":\"en-GB\",\"potentialAction\":[{\"@type\":\"CommentAction\",\"name\":\"Comment\",\"target\":[\"https:\\\/\\\/dmcsrb.com\\\/politika\\\/markovic-dps-reaguje-manipulativno-na-cinjenice-posteno-je-priznati-greske\\\/#respond\"]}]},{\"@type\":\"WebPage\",\"@id\":\"https:\\\/\\\/dmcsrb.com\\\/politika\\\/markovic-dps-reaguje-manipulativno-na-cinjenice-posteno-je-priznati-greske\\\/\",\"url\":\"https:\\\/\\\/dmcsrb.com\\\/politika\\\/markovic-dps-reaguje-manipulativno-na-cinjenice-posteno-je-priznati-greske\\\/\",\"name\":\"Markovi\u0107: DPS reaguje manipulativno na \u010dinjenice, po\u0161teno je priznati gre\u0161ke - dmcsrb.com\",\"isPartOf\":{\"@id\":\"https:\\\/\\\/dmcsrb.com\\\/#website\"},\"primaryImageOfPage\":{\"@id\":\"https:\\\/\\\/dmcsrb.com\\\/politika\\\/markovic-dps-reaguje-manipulativno-na-cinjenice-posteno-je-priznati-greske\\\/#primaryimage\"},\"image\":{\"@id\":\"https:\\\/\\\/dmcsrb.com\\\/politika\\\/markovic-dps-reaguje-manipulativno-na-cinjenice-posteno-je-priznati-greske\\\/#primaryimage\"},\"thumbnailUrl\":\"https:\\\/\\\/dmcsrb.com\\\/wp-content\\\/uploads\\\/2026\\\/01\\\/Dusko-Markovic-foto-gradski-me.webp\",\"datePublished\":\"2025-09-24T07:04:09+00:00\",\"author\":{\"@id\":\"https:\\\/\\\/dmcsrb.com\\\/#\\\/schema\\\/person\\\/5c39170f12db1b8b457732d0b5c854e2\"},\"breadcrumb\":{\"@id\":\"https:\\\/\\\/dmcsrb.com\\\/politika\\\/markovic-dps-reaguje-manipulativno-na-cinjenice-posteno-je-priznati-greske\\\/#breadcrumb\"},\"inLanguage\":\"en-GB\",\"potentialAction\":[{\"@type\":\"ReadAction\",\"target\":[\"https:\\\/\\\/dmcsrb.com\\\/politika\\\/markovic-dps-reaguje-manipulativno-na-cinjenice-posteno-je-priznati-greske\\\/\"]}]},{\"@type\":\"ImageObject\",\"inLanguage\":\"en-GB\",\"@id\":\"https:\\\/\\\/dmcsrb.com\\\/politika\\\/markovic-dps-reaguje-manipulativno-na-cinjenice-posteno-je-priznati-greske\\\/#primaryimage\",\"url\":\"https:\\\/\\\/dmcsrb.com\\\/wp-content\\\/uploads\\\/2026\\\/01\\\/Dusko-Markovic-foto-gradski-me.webp\",\"contentUrl\":\"https:\\\/\\\/dmcsrb.com\\\/wp-content\\\/uploads\\\/2026\\\/01\\\/Dusko-Markovic-foto-gradski-me.webp\",\"width\":1486,\"height\":788},{\"@type\":\"BreadcrumbList\",\"@id\":\"https:\\\/\\\/dmcsrb.com\\\/politika\\\/markovic-dps-reaguje-manipulativno-na-cinjenice-posteno-je-priznati-greske\\\/#breadcrumb\",\"itemListElement\":[{\"@type\":\"ListItem\",\"position\":1,\"name\":\"Home\",\"item\":\"https:\\\/\\\/dmcsrb.com\\\/\"},{\"@type\":\"ListItem\",\"position\":2,\"name\":\"Markovi\u0107: DPS reaguje manipulativno na \u010dinjenice, po\u0161teno je priznati gre\u0161ke\"}]},{\"@type\":\"WebSite\",\"@id\":\"https:\\\/\\\/dmcsrb.com\\\/#website\",\"url\":\"https:\\\/\\\/dmcsrb.com\\\/\",\"name\":\"dmcsrb.com\",\"description\":\"\",\"potentialAction\":[{\"@type\":\"SearchAction\",\"target\":{\"@type\":\"EntryPoint\",\"urlTemplate\":\"https:\\\/\\\/dmcsrb.com\\\/?s={search_term_string}\"},\"query-input\":{\"@type\":\"PropertyValueSpecification\",\"valueRequired\":true,\"valueName\":\"search_term_string\"}}],\"inLanguage\":\"en-GB\"},{\"@type\":\"Person\",\"@id\":\"https:\\\/\\\/dmcsrb.com\\\/#\\\/schema\\\/person\\\/5c39170f12db1b8b457732d0b5c854e2\",\"name\":\"dmcsrbija.com@gmail.com\",\"image\":{\"@type\":\"ImageObject\",\"inLanguage\":\"en-GB\",\"@id\":\"https:\\\/\\\/secure.gravatar.com\\\/avatar\\\/68592660ad6347fad0fb587f8d5d8f1a7b44961362f56e4f2cd524feb87e9069?s=96&d=mm&r=g\",\"url\":\"https:\\\/\\\/secure.gravatar.com\\\/avatar\\\/68592660ad6347fad0fb587f8d5d8f1a7b44961362f56e4f2cd524feb87e9069?s=96&d=mm&r=g\",\"contentUrl\":\"https:\\\/\\\/secure.gravatar.com\\\/avatar\\\/68592660ad6347fad0fb587f8d5d8f1a7b44961362f56e4f2cd524feb87e9069?s=96&d=mm&r=g\",\"caption\":\"dmcsrbija.com@gmail.com\"},\"sameAs\":[\"https:\\\/\\\/dmcsrb.com\"],\"url\":\"https:\\\/\\\/dmcsrb.com\\\/en\\\/author\\\/dmcsrbija-comgmail-com\\\/\"}]}<\/script>\n<!-- \/ Yoast SEO plugin. -->","yoast_head_json":{"title":"Markovi\u0107: DPS reaguje manipulativno na \u010dinjenice, po\u0161teno je priznati gre\u0161ke - dmcsrb.com","robots":{"index":"index","follow":"follow","max-snippet":"max-snippet:-1","max-image-preview":"max-image-preview:large","max-video-preview":"max-video-preview:-1"},"canonical":"https:\/\/dmcsrb.com\/en\/politika\/markovic-dps-reaguje-manipulativno-na-cinjenice-posteno-je-priznati-greske\/","og_locale":"en_GB","og_type":"article","og_title":"Markovi\u0107: DPS reaguje manipulativno na \u010dinjenice, po\u0161teno je priznati gre\u0161ke - dmcsrb.com","og_description":"\u201c\u017divkovi\u0107 i dio sada\u0161njeg rukovodstva pokazali su da nemaju sposobnost da po\u0161tuju ni ljude ni njihove zasluge. To vi\u0161e nije pitanje manira, nego karaktera\u201d, kazao je\u00a0Du\u0161ko Markovi\u0107, lider Stranke evropskog progresa (SEP).","og_url":"https:\/\/dmcsrb.com\/en\/politika\/markovic-dps-reaguje-manipulativno-na-cinjenice-posteno-je-priznati-greske\/","og_site_name":"dmcsrb.com","article_published_time":"2025-09-24T07:04:09+00:00","og_image":[{"width":1486,"height":788,"url":"https:\/\/dmcsrb.com\/wp-content\/uploads\/2026\/01\/Dusko-Markovic-foto-gradski-me.webp","type":"image\/jpeg"}],"author":"dmcsrbija.com@gmail.com","twitter_card":"summary_large_image","twitter_misc":{"Written by":"dmcsrbija.com@gmail.com","Estimated reading time":"2 minutes"},"schema":{"@context":"https:\/\/schema.org","@graph":[{"@type":"Article","@id":"https:\/\/dmcsrb.com\/politika\/markovic-dps-reaguje-manipulativno-na-cinjenice-posteno-je-priznati-greske\/#article","isPartOf":{"@id":"https:\/\/dmcsrb.com\/politika\/markovic-dps-reaguje-manipulativno-na-cinjenice-posteno-je-priznati-greske\/"},"author":{"name":"dmcsrbija.com@gmail.com","@id":"https:\/\/dmcsrb.com\/#\/schema\/person\/5c39170f12db1b8b457732d0b5c854e2"},"headline":"Markovi\u0107: DPS reaguje manipulativno na \u010dinjenice, po\u0161teno je priznati gre\u0161ke","datePublished":"2025-09-24T07:04:09+00:00","mainEntityOfPage":{"@id":"https:\/\/dmcsrb.com\/politika\/markovic-dps-reaguje-manipulativno-na-cinjenice-posteno-je-priznati-greske\/"},"wordCount":444,"commentCount":0,"image":{"@id":"https:\/\/dmcsrb.com\/politika\/markovic-dps-reaguje-manipulativno-na-cinjenice-posteno-je-priznati-greske\/#primaryimage"},"thumbnailUrl":"https:\/\/dmcsrb.com\/wp-content\/uploads\/2026\/01\/Dusko-Markovic-foto-gradski-me.webp","keywords":["DPS","Du\u0161ko Markovi\u0107"],"articleSection":["Politika"],"inLanguage":"en-GB","potentialAction":[{"@type":"CommentAction","name":"Comment","target":["https:\/\/dmcsrb.com\/politika\/markovic-dps-reaguje-manipulativno-na-cinjenice-posteno-je-priznati-greske\/#respond"]}]},{"@type":"WebPage","@id":"https:\/\/dmcsrb.com\/politika\/markovic-dps-reaguje-manipulativno-na-cinjenice-posteno-je-priznati-greske\/","url":"https:\/\/dmcsrb.com\/politika\/markovic-dps-reaguje-manipulativno-na-cinjenice-posteno-je-priznati-greske\/","name":"Markovi\u0107: DPS reaguje manipulativno na \u010dinjenice, po\u0161teno je priznati gre\u0161ke - dmcsrb.com","isPartOf":{"@id":"https:\/\/dmcsrb.com\/#website"},"primaryImageOfPage":{"@id":"https:\/\/dmcsrb.com\/politika\/markovic-dps-reaguje-manipulativno-na-cinjenice-posteno-je-priznati-greske\/#primaryimage"},"image":{"@id":"https:\/\/dmcsrb.com\/politika\/markovic-dps-reaguje-manipulativno-na-cinjenice-posteno-je-priznati-greske\/#primaryimage"},"thumbnailUrl":"https:\/\/dmcsrb.com\/wp-content\/uploads\/2026\/01\/Dusko-Markovic-foto-gradski-me.webp","datePublished":"2025-09-24T07:04:09+00:00","author":{"@id":"https:\/\/dmcsrb.com\/#\/schema\/person\/5c39170f12db1b8b457732d0b5c854e2"},"breadcrumb":{"@id":"https:\/\/dmcsrb.com\/politika\/markovic-dps-reaguje-manipulativno-na-cinjenice-posteno-je-priznati-greske\/#breadcrumb"},"inLanguage":"en-GB","potentialAction":[{"@type":"ReadAction","target":["https:\/\/dmcsrb.com\/politika\/markovic-dps-reaguje-manipulativno-na-cinjenice-posteno-je-priznati-greske\/"]}]},{"@type":"ImageObject","inLanguage":"en-GB","@id":"https:\/\/dmcsrb.com\/politika\/markovic-dps-reaguje-manipulativno-na-cinjenice-posteno-je-priznati-greske\/#primaryimage","url":"https:\/\/dmcsrb.com\/wp-content\/uploads\/2026\/01\/Dusko-Markovic-foto-gradski-me.webp","contentUrl":"https:\/\/dmcsrb.com\/wp-content\/uploads\/2026\/01\/Dusko-Markovic-foto-gradski-me.webp","width":1486,"height":788},{"@type":"BreadcrumbList","@id":"https:\/\/dmcsrb.com\/politika\/markovic-dps-reaguje-manipulativno-na-cinjenice-posteno-je-priznati-greske\/#breadcrumb","itemListElement":[{"@type":"ListItem","position":1,"name":"Home","item":"https:\/\/dmcsrb.com\/"},{"@type":"ListItem","position":2,"name":"Markovi\u0107: DPS reaguje manipulativno na \u010dinjenice, po\u0161teno je priznati gre\u0161ke"}]},{"@type":"WebSite","@id":"https:\/\/dmcsrb.com\/#website","url":"https:\/\/dmcsrb.com\/","name":"dmcsrb.com","description":"","potentialAction":[{"@type":"SearchAction","target":{"@type":"EntryPoint","urlTemplate":"https:\/\/dmcsrb.com\/?s={search_term_string}"},"query-input":{"@type":"PropertyValueSpecification","valueRequired":true,"valueName":"search_term_string"}}],"inLanguage":"en-GB"},{"@type":"Person","@id":"https:\/\/dmcsrb.com\/#\/schema\/person\/5c39170f12db1b8b457732d0b5c854e2","name":"dmcsrbija.com@gmail.com","image":{"@type":"ImageObject","inLanguage":"en-GB","@id":"https:\/\/secure.gravatar.com\/avatar\/68592660ad6347fad0fb587f8d5d8f1a7b44961362f56e4f2cd524feb87e9069?s=96&d=mm&r=g","url":"https:\/\/secure.gravatar.com\/avatar\/68592660ad6347fad0fb587f8d5d8f1a7b44961362f56e4f2cd524feb87e9069?s=96&d=mm&r=g","contentUrl":"https:\/\/secure.gravatar.com\/avatar\/68592660ad6347fad0fb587f8d5d8f1a7b44961362f56e4f2cd524feb87e9069?s=96&d=mm&r=g","caption":"dmcsrbija.com@gmail.com"},"sameAs":["https:\/\/dmcsrb.com"],"url":"https:\/\/dmcsrb.com\/en\/author\/dmcsrbija-comgmail-com\/"}]}},"_links":{"self":[{"href":"https:\/\/dmcsrb.com\/en\/wp-json\/wp\/v2\/posts\/953751","targetHints":{"allow":["GET"]}}],"collection":[{"href":"https:\/\/dmcsrb.com\/en\/wp-json\/wp\/v2\/posts"}],"about":[{"href":"https:\/\/dmcsrb.com\/en\/wp-json\/wp\/v2\/types\/post"}],"author":[{"embeddable":true,"href":"https:\/\/dmcsrb.com\/en\/wp-json\/wp\/v2\/users\/1"}],"replies":[{"embeddable":true,"href":"https:\/\/dmcsrb.com\/en\/wp-json\/wp\/v2\/comments?post=953751"}],"version-history":[{"count":0,"href":"https:\/\/dmcsrb.com\/en\/wp-json\/wp\/v2\/posts\/953751\/revisions"}],"wp:featuredmedia":[{"embeddable":true,"href":"https:\/\/dmcsrb.com\/en\/wp-json\/wp\/v2\/media\/953411"}],"wp:attachment":[{"href":"https:\/\/dmcsrb.com\/en\/wp-json\/wp\/v2\/media?parent=953751"}],"wp:term":[{"taxonomy":"category","embeddable":true,"href":"https:\/\/dmcsrb.com\/en\/wp-json\/wp\/v2\/categories?post=953751"},{"taxonomy":"post_tag","embeddable":true,"href":"https:\/\/dmcsrb.com\/en\/wp-json\/wp\/v2\/tags?post=953751"},{"taxonomy":"naslovna","embeddable":true,"href":"https:\/\/dmcsrb.com\/en\/wp-json\/wp\/v2\/naslovna?post=953751"}],"curies":[{"name":"wp","href":"https:\/\/api.w.org\/{rel}","templated":true}]}}