{"id":953740,"date":"2025-09-24T08:12:19","date_gmt":"2025-09-24T06:12:19","guid":{"rendered":"https:\/\/dmcsrb.com\/uncategorized\/markovic-afera-telekom-dokaz-da-su-hitne-promjene-u-pravosudju-neophodne\/"},"modified":"2025-09-24T08:12:19","modified_gmt":"2025-09-24T06:12:19","slug":"markovic-afera-telekom-dokaz-da-su-hitne-promjene-u-pravosudju-neophodne","status":"publish","type":"post","link":"https:\/\/dmcsrb.com\/en\/politika\/markovic-afera-telekom-dokaz-da-su-hitne-promjene-u-pravosudju-neophodne\/","title":{"rendered":"Markovi\u0107: Afera \u201eTelekom\u201c dokaz da su hitne promjene u pravosu\u0111u neophodne"},"content":{"rendered":"<p><br>&#8220;Gra\u0111ani su razo\u010darani jer nakon svih dokaza i godina \u010dekanja, \u2018afera Telekom\u2019 se bri\u0161e zastarom. Kako objasniti da kra\u0111a dr\u017eavnih resursa i budu\u0107nosti na\u0161e djece nestaje i da se sve bri\u0161e? Kako objasniti mladim generacijama da \u0107e nezakonita radnja biti \u2018opro\u0161tena\u2019 ako korumpirani tu\u017eioci uspiju da je dovedu do zastare?&#8221;, poru\u010dila je Markovi\u0107.<\/p>\n\n\n\n<p>Ona je naglasila da je Pokret Evropa Sad uvijek bio uz gra\u0111ane i na strani pravde, te da ne\u0107e odustati od zahtjeva da svi koji su radili nezakonito odgovaraju.<\/p>\n\n\n\n<p>&#8220;Znamo i ko je bio na \u010delu hobotnice decenijama \u2013 DPS, partija koja je oplja\u010dkala Crnu Goru, unazadila je finansijski i moralno uni\u0161tila, ostavljaju\u0107i iza sebe mre\u017eu zlodjela, podjela i nepravde&#8221;, kazala je ona.<\/p>\n\n\n\n<p>Markovi\u0107 je najavila da \u0107e se PES zalagati za hitnu reformu i depolitizaciju pravosu\u0111a, jasno i javno obja\u0161njenje zastare u predmetu \u201eTelekom\u201c dostupno svakom gra\u0111aninu, kao i utvr\u0111ivanje odgovornosti svih koji su, kako je navela, godinama zata\u0161kavali slu\u010daj da bi zastara nastupila.<\/p>\n\n\n\n<p>&#8220;Gra\u0111ani su \u017eeljni pravde i imaju pravo na nju. A mi \u0107emo biti istrajni dok je ne dobiju \u2013 pravda jednaka za sve, bez izuzetka&#8221;, zaklju\u010dila je poslanica PES-a.<\/p>","protected":false},"excerpt":{"rendered":"<p>Poslanica Pokreta Evropa Sad Branka Markovi\u0107 ocijenila je da zastara u predmetu \u201eTelekom\u201c predstavlja potvrdu da je reforma pravosu\u0111a neodlo\u017ena, uz zahtjev za odgovorno\u0161\u0107u nadle\u017enih iz tu\u017eila\u0161tva i sudstva.<\/p>","protected":false},"author":1,"featured_media":945359,"comment_status":"open","ping_status":"open","sticky":false,"template":"","format":"standard","meta":{"_acf_changed":false,"footnotes":""},"categories":[12],"tags":[1822,3794,8980],"naslovna":[],"class_list":["post-953740","post","type-post","status-publish","format-standard","has-post-thumbnail","hentry","category-politika","tag-branka-markovic","tag-sudstvo","tag-telekom"],"acf":[],"yoast_head":"<!-- This site is optimized with the Yoast SEO plugin v27.0 - https:\/\/yoast.com\/product\/yoast-seo-wordpress\/ -->\n<title>Markovi\u0107: Afera \u201eTelekom\u201c dokaz da su hitne promjene u pravosu\u0111u neophodne - dmcsrb.com<\/title>\n<meta name=\"robots\" content=\"index, follow, max-snippet:-1, max-image-preview:large, max-video-preview:-1\" \/>\n<link rel=\"canonical\" href=\"https:\/\/dmcsrb.com\/en\/politika\/markovic-afera-telekom-dokaz-da-su-hitne-promjene-u-pravosudju-neophodne\/\" \/>\n<meta property=\"og:locale\" content=\"en_GB\" \/>\n<meta property=\"og:type\" content=\"article\" \/>\n<meta property=\"og:title\" content=\"Markovi\u0107: Afera \u201eTelekom\u201c dokaz da su hitne promjene u pravosu\u0111u neophodne - dmcsrb.com\" \/>\n<meta property=\"og:description\" content=\"Poslanica Pokreta Evropa Sad Branka Markovi\u0107 ocijenila je da zastara u predmetu \u201eTelekom\u201c predstavlja potvrdu da je reforma pravosu\u0111a neodlo\u017ena, uz zahtjev za odgovorno\u0161\u0107u nadle\u017enih iz tu\u017eila\u0161tva i sudstva.\" \/>\n<meta property=\"og:url\" content=\"https:\/\/dmcsrb.com\/en\/politika\/markovic-afera-telekom-dokaz-da-su-hitne-promjene-u-pravosudju-neophodne\/\" \/>\n<meta property=\"og:site_name\" content=\"dmcsrb.com\" \/>\n<meta property=\"article:published_time\" content=\"2025-09-24T06:12:19+00:00\" \/>\n<meta property=\"og:image\" content=\"https:\/\/dmcsrb.com\/wp-content\/uploads\/2026\/01\/branka-markovic.webp\" \/>\n\t<meta property=\"og:image:width\" content=\"900\" \/>\n\t<meta property=\"og:image:height\" content=\"600\" \/>\n\t<meta property=\"og:image:type\" content=\"image\/jpeg\" \/>\n<meta name=\"author\" content=\"dmcsrbija.com@gmail.com\" \/>\n<meta name=\"twitter:card\" content=\"summary_large_image\" \/>\n<meta name=\"twitter:label1\" content=\"Written by\" \/>\n\t<meta name=\"twitter:data1\" content=\"dmcsrbija.com@gmail.com\" \/>\n\t<meta name=\"twitter:label2\" content=\"Estimated reading time\" \/>\n\t<meta name=\"twitter:data2\" content=\"1 minute\" \/>\n<script type=\"application\/ld+json\" class=\"yoast-schema-graph\">{\"@context\":\"https:\/\/schema.org\",\"@graph\":[{\"@type\":\"Article\",\"@id\":\"https:\/\/dmcsrb.com\/politika\/markovic-afera-telekom-dokaz-da-su-hitne-promjene-u-pravosudju-neophodne\/#article\",\"isPartOf\":{\"@id\":\"https:\/\/dmcsrb.com\/politika\/markovic-afera-telekom-dokaz-da-su-hitne-promjene-u-pravosudju-neophodne\/\"},\"author\":{\"name\":\"dmcsrbija.com@gmail.com\",\"@id\":\"https:\/\/dmcsrb.com\/#\/schema\/person\/5c39170f12db1b8b457732d0b5c854e2\"},\"headline\":\"Markovi\u0107: Afera \u201eTelekom\u201c dokaz da su hitne promjene u pravosu\u0111u neophodne\",\"datePublished\":\"2025-09-24T06:12:19+00:00\",\"mainEntityOfPage\":{\"@id\":\"https:\/\/dmcsrb.com\/politika\/markovic-afera-telekom-dokaz-da-su-hitne-promjene-u-pravosudju-neophodne\/\"},\"wordCount\":222,\"commentCount\":0,\"image\":{\"@id\":\"https:\/\/dmcsrb.com\/politika\/markovic-afera-telekom-dokaz-da-su-hitne-promjene-u-pravosudju-neophodne\/#primaryimage\"},\"thumbnailUrl\":\"https:\/\/dmcsrb.com\/wp-content\/uploads\/2026\/01\/branka-markovic.webp\",\"keywords\":[\"Branka Markovi\u0107\",\"sudstvo\",\"Telekom\"],\"articleSection\":[\"Politika\"],\"inLanguage\":\"en-GB\",\"potentialAction\":[{\"@type\":\"CommentAction\",\"name\":\"Comment\",\"target\":[\"https:\/\/dmcsrb.com\/politika\/markovic-afera-telekom-dokaz-da-su-hitne-promjene-u-pravosudju-neophodne\/#respond\"]}]},{\"@type\":\"WebPage\",\"@id\":\"https:\/\/dmcsrb.com\/politika\/markovic-afera-telekom-dokaz-da-su-hitne-promjene-u-pravosudju-neophodne\/\",\"url\":\"https:\/\/dmcsrb.com\/politika\/markovic-afera-telekom-dokaz-da-su-hitne-promjene-u-pravosudju-neophodne\/\",\"name\":\"Markovi\u0107: Afera \u201eTelekom\u201c dokaz da su hitne promjene u pravosu\u0111u neophodne - dmcsrb.com\",\"isPartOf\":{\"@id\":\"https:\/\/dmcsrb.com\/#website\"},\"primaryImageOfPage\":{\"@id\":\"https:\/\/dmcsrb.com\/politika\/markovic-afera-telekom-dokaz-da-su-hitne-promjene-u-pravosudju-neophodne\/#primaryimage\"},\"image\":{\"@id\":\"https:\/\/dmcsrb.com\/politika\/markovic-afera-telekom-dokaz-da-su-hitne-promjene-u-pravosudju-neophodne\/#primaryimage\"},\"thumbnailUrl\":\"https:\/\/dmcsrb.com\/wp-content\/uploads\/2026\/01\/branka-markovic.webp\",\"datePublished\":\"2025-09-24T06:12:19+00:00\",\"author\":{\"@id\":\"https:\/\/dmcsrb.com\/#\/schema\/person\/5c39170f12db1b8b457732d0b5c854e2\"},\"breadcrumb\":{\"@id\":\"https:\/\/dmcsrb.com\/politika\/markovic-afera-telekom-dokaz-da-su-hitne-promjene-u-pravosudju-neophodne\/#breadcrumb\"},\"inLanguage\":\"en-GB\",\"potentialAction\":[{\"@type\":\"ReadAction\",\"target\":[\"https:\/\/dmcsrb.com\/politika\/markovic-afera-telekom-dokaz-da-su-hitne-promjene-u-pravosudju-neophodne\/\"]}]},{\"@type\":\"ImageObject\",\"inLanguage\":\"en-GB\",\"@id\":\"https:\/\/dmcsrb.com\/politika\/markovic-afera-telekom-dokaz-da-su-hitne-promjene-u-pravosudju-neophodne\/#primaryimage\",\"url\":\"https:\/\/dmcsrb.com\/wp-content\/uploads\/2026\/01\/branka-markovic.webp\",\"contentUrl\":\"https:\/\/dmcsrb.com\/wp-content\/uploads\/2026\/01\/branka-markovic.webp\",\"width\":900,\"height\":600},{\"@type\":\"BreadcrumbList\",\"@id\":\"https:\/\/dmcsrb.com\/politika\/markovic-afera-telekom-dokaz-da-su-hitne-promjene-u-pravosudju-neophodne\/#breadcrumb\",\"itemListElement\":[{\"@type\":\"ListItem\",\"position\":1,\"name\":\"Home\",\"item\":\"https:\/\/dmcsrb.com\/\"},{\"@type\":\"ListItem\",\"position\":2,\"name\":\"Markovi\u0107: Afera \u201eTelekom\u201c dokaz da su hitne promjene u pravosu\u0111u neophodne\"}]},{\"@type\":\"WebSite\",\"@id\":\"https:\/\/dmcsrb.com\/#website\",\"url\":\"https:\/\/dmcsrb.com\/\",\"name\":\"dmcsrb.com\",\"description\":\"\",\"potentialAction\":[{\"@type\":\"SearchAction\",\"target\":{\"@type\":\"EntryPoint\",\"urlTemplate\":\"https:\/\/dmcsrb.com\/?s={search_term_string}\"},\"query-input\":{\"@type\":\"PropertyValueSpecification\",\"valueRequired\":true,\"valueName\":\"search_term_string\"}}],\"inLanguage\":\"en-GB\"},{\"@type\":\"Person\",\"@id\":\"https:\/\/dmcsrb.com\/#\/schema\/person\/5c39170f12db1b8b457732d0b5c854e2\",\"name\":\"dmcsrbija.com@gmail.com\",\"image\":{\"@type\":\"ImageObject\",\"inLanguage\":\"en-GB\",\"@id\":\"https:\/\/dmcsrb.com\/#\/schema\/person\/image\/\",\"url\":\"https:\/\/secure.gravatar.com\/avatar\/68592660ad6347fad0fb587f8d5d8f1a7b44961362f56e4f2cd524feb87e9069?s=96&d=mm&r=g\",\"contentUrl\":\"https:\/\/secure.gravatar.com\/avatar\/68592660ad6347fad0fb587f8d5d8f1a7b44961362f56e4f2cd524feb87e9069?s=96&d=mm&r=g\",\"caption\":\"dmcsrbija.com@gmail.com\"},\"sameAs\":[\"https:\/\/dmcsrb.com\"],\"url\":\"https:\/\/dmcsrb.com\/en\/author\/dmcsrbija-comgmail-com\/\"}]}<\/script>\n<!-- \/ Yoast SEO plugin. -->","yoast_head_json":{"title":"Markovi\u0107: Afera \u201eTelekom\u201c dokaz da su hitne promjene u pravosu\u0111u neophodne - dmcsrb.com","robots":{"index":"index","follow":"follow","max-snippet":"max-snippet:-1","max-image-preview":"max-image-preview:large","max-video-preview":"max-video-preview:-1"},"canonical":"https:\/\/dmcsrb.com\/en\/politika\/markovic-afera-telekom-dokaz-da-su-hitne-promjene-u-pravosudju-neophodne\/","og_locale":"en_GB","og_type":"article","og_title":"Markovi\u0107: Afera \u201eTelekom\u201c dokaz da su hitne promjene u pravosu\u0111u neophodne - dmcsrb.com","og_description":"Poslanica Pokreta Evropa Sad Branka Markovi\u0107 ocijenila je da zastara u predmetu \u201eTelekom\u201c predstavlja potvrdu da je reforma pravosu\u0111a neodlo\u017ena, uz zahtjev za odgovorno\u0161\u0107u nadle\u017enih iz tu\u017eila\u0161tva i sudstva.","og_url":"https:\/\/dmcsrb.com\/en\/politika\/markovic-afera-telekom-dokaz-da-su-hitne-promjene-u-pravosudju-neophodne\/","og_site_name":"dmcsrb.com","article_published_time":"2025-09-24T06:12:19+00:00","og_image":[{"width":900,"height":600,"url":"https:\/\/dmcsrb.com\/wp-content\/uploads\/2026\/01\/branka-markovic.webp","type":"image\/jpeg"}],"author":"dmcsrbija.com@gmail.com","twitter_card":"summary_large_image","twitter_misc":{"Written by":"dmcsrbija.com@gmail.com","Estimated reading time":"1 minute"},"schema":{"@context":"https:\/\/schema.org","@graph":[{"@type":"Article","@id":"https:\/\/dmcsrb.com\/politika\/markovic-afera-telekom-dokaz-da-su-hitne-promjene-u-pravosudju-neophodne\/#article","isPartOf":{"@id":"https:\/\/dmcsrb.com\/politika\/markovic-afera-telekom-dokaz-da-su-hitne-promjene-u-pravosudju-neophodne\/"},"author":{"name":"dmcsrbija.com@gmail.com","@id":"https:\/\/dmcsrb.com\/#\/schema\/person\/5c39170f12db1b8b457732d0b5c854e2"},"headline":"Markovi\u0107: Afera \u201eTelekom\u201c dokaz da su hitne promjene u pravosu\u0111u neophodne","datePublished":"2025-09-24T06:12:19+00:00","mainEntityOfPage":{"@id":"https:\/\/dmcsrb.com\/politika\/markovic-afera-telekom-dokaz-da-su-hitne-promjene-u-pravosudju-neophodne\/"},"wordCount":222,"commentCount":0,"image":{"@id":"https:\/\/dmcsrb.com\/politika\/markovic-afera-telekom-dokaz-da-su-hitne-promjene-u-pravosudju-neophodne\/#primaryimage"},"thumbnailUrl":"https:\/\/dmcsrb.com\/wp-content\/uploads\/2026\/01\/branka-markovic.webp","keywords":["Branka Markovi\u0107","sudstvo","Telekom"],"articleSection":["Politika"],"inLanguage":"en-GB","potentialAction":[{"@type":"CommentAction","name":"Comment","target":["https:\/\/dmcsrb.com\/politika\/markovic-afera-telekom-dokaz-da-su-hitne-promjene-u-pravosudju-neophodne\/#respond"]}]},{"@type":"WebPage","@id":"https:\/\/dmcsrb.com\/politika\/markovic-afera-telekom-dokaz-da-su-hitne-promjene-u-pravosudju-neophodne\/","url":"https:\/\/dmcsrb.com\/politika\/markovic-afera-telekom-dokaz-da-su-hitne-promjene-u-pravosudju-neophodne\/","name":"Markovi\u0107: Afera \u201eTelekom\u201c dokaz da su hitne promjene u pravosu\u0111u neophodne - dmcsrb.com","isPartOf":{"@id":"https:\/\/dmcsrb.com\/#website"},"primaryImageOfPage":{"@id":"https:\/\/dmcsrb.com\/politika\/markovic-afera-telekom-dokaz-da-su-hitne-promjene-u-pravosudju-neophodne\/#primaryimage"},"image":{"@id":"https:\/\/dmcsrb.com\/politika\/markovic-afera-telekom-dokaz-da-su-hitne-promjene-u-pravosudju-neophodne\/#primaryimage"},"thumbnailUrl":"https:\/\/dmcsrb.com\/wp-content\/uploads\/2026\/01\/branka-markovic.webp","datePublished":"2025-09-24T06:12:19+00:00","author":{"@id":"https:\/\/dmcsrb.com\/#\/schema\/person\/5c39170f12db1b8b457732d0b5c854e2"},"breadcrumb":{"@id":"https:\/\/dmcsrb.com\/politika\/markovic-afera-telekom-dokaz-da-su-hitne-promjene-u-pravosudju-neophodne\/#breadcrumb"},"inLanguage":"en-GB","potentialAction":[{"@type":"ReadAction","target":["https:\/\/dmcsrb.com\/politika\/markovic-afera-telekom-dokaz-da-su-hitne-promjene-u-pravosudju-neophodne\/"]}]},{"@type":"ImageObject","inLanguage":"en-GB","@id":"https:\/\/dmcsrb.com\/politika\/markovic-afera-telekom-dokaz-da-su-hitne-promjene-u-pravosudju-neophodne\/#primaryimage","url":"https:\/\/dmcsrb.com\/wp-content\/uploads\/2026\/01\/branka-markovic.webp","contentUrl":"https:\/\/dmcsrb.com\/wp-content\/uploads\/2026\/01\/branka-markovic.webp","width":900,"height":600},{"@type":"BreadcrumbList","@id":"https:\/\/dmcsrb.com\/politika\/markovic-afera-telekom-dokaz-da-su-hitne-promjene-u-pravosudju-neophodne\/#breadcrumb","itemListElement":[{"@type":"ListItem","position":1,"name":"Home","item":"https:\/\/dmcsrb.com\/"},{"@type":"ListItem","position":2,"name":"Markovi\u0107: Afera \u201eTelekom\u201c dokaz da su hitne promjene u pravosu\u0111u neophodne"}]},{"@type":"WebSite","@id":"https:\/\/dmcsrb.com\/#website","url":"https:\/\/dmcsrb.com\/","name":"dmcsrb.com","description":"","potentialAction":[{"@type":"SearchAction","target":{"@type":"EntryPoint","urlTemplate":"https:\/\/dmcsrb.com\/?s={search_term_string}"},"query-input":{"@type":"PropertyValueSpecification","valueRequired":true,"valueName":"search_term_string"}}],"inLanguage":"en-GB"},{"@type":"Person","@id":"https:\/\/dmcsrb.com\/#\/schema\/person\/5c39170f12db1b8b457732d0b5c854e2","name":"dmcsrbija.com@gmail.com","image":{"@type":"ImageObject","inLanguage":"en-GB","@id":"https:\/\/dmcsrb.com\/#\/schema\/person\/image\/","url":"https:\/\/secure.gravatar.com\/avatar\/68592660ad6347fad0fb587f8d5d8f1a7b44961362f56e4f2cd524feb87e9069?s=96&d=mm&r=g","contentUrl":"https:\/\/secure.gravatar.com\/avatar\/68592660ad6347fad0fb587f8d5d8f1a7b44961362f56e4f2cd524feb87e9069?s=96&d=mm&r=g","caption":"dmcsrbija.com@gmail.com"},"sameAs":["https:\/\/dmcsrb.com"],"url":"https:\/\/dmcsrb.com\/en\/author\/dmcsrbija-comgmail-com\/"}]}},"_links":{"self":[{"href":"https:\/\/dmcsrb.com\/en\/wp-json\/wp\/v2\/posts\/953740","targetHints":{"allow":["GET"]}}],"collection":[{"href":"https:\/\/dmcsrb.com\/en\/wp-json\/wp\/v2\/posts"}],"about":[{"href":"https:\/\/dmcsrb.com\/en\/wp-json\/wp\/v2\/types\/post"}],"author":[{"embeddable":true,"href":"https:\/\/dmcsrb.com\/en\/wp-json\/wp\/v2\/users\/1"}],"replies":[{"embeddable":true,"href":"https:\/\/dmcsrb.com\/en\/wp-json\/wp\/v2\/comments?post=953740"}],"version-history":[{"count":0,"href":"https:\/\/dmcsrb.com\/en\/wp-json\/wp\/v2\/posts\/953740\/revisions"}],"wp:featuredmedia":[{"embeddable":true,"href":"https:\/\/dmcsrb.com\/en\/wp-json\/wp\/v2\/media\/945359"}],"wp:attachment":[{"href":"https:\/\/dmcsrb.com\/en\/wp-json\/wp\/v2\/media?parent=953740"}],"wp:term":[{"taxonomy":"category","embeddable":true,"href":"https:\/\/dmcsrb.com\/en\/wp-json\/wp\/v2\/categories?post=953740"},{"taxonomy":"post_tag","embeddable":true,"href":"https:\/\/dmcsrb.com\/en\/wp-json\/wp\/v2\/tags?post=953740"},{"taxonomy":"naslovna","embeddable":true,"href":"https:\/\/dmcsrb.com\/en\/wp-json\/wp\/v2\/naslovna?post=953740"}],"curies":[{"name":"wp","href":"https:\/\/api.w.org\/{rel}","templated":true}]}}