{"id":953702,"date":"2025-09-24T06:27:41","date_gmt":"2025-09-24T04:27:41","guid":{"rendered":"https:\/\/dmcsrb.com\/uncategorized\/novovic-trazi-da-se-utvrdi-odgovornost-cadjenovica\/"},"modified":"2025-09-24T06:27:41","modified_gmt":"2025-09-24T04:27:41","slug":"novovic-trazi-da-se-utvrdi-odgovornost-cadjenovica","status":"publish","type":"post","link":"https:\/\/dmcsrb.com\/en\/hronika\/novovic-trazi-da-se-utvrdi-odgovornost-cadjenovica\/","title":{"rendered":"Novovi\u0107 tra\u017ei da se utvrdi odgovornost \u010ca\u0111enovi\u0107a"},"content":{"rendered":"<p>Glavni specijalni tu\u017eilac Vladimir Novovi\u0107 podnio je Tu\u017eila\u010dkom savjetu predlog za utvr\u0111ivanje disciplinske odgovornosti protiv suspendovanog specijalnog tu\u017eioca Sa\u0161e \u010ca\u0111enovi\u0107a, jer nije u zakonskim rokovima postupao u predmetu Telekom, zbog \u010dega je nastupila zastara, pi\u0161u Vijesti.<\/p>\n\n\n\n<p>Tu\u017eila\u010dki savjet odgovorio je Vijestima da je Novovi\u0107 podnio predlog za utvr\u0111ivanje disciplinske odgovornosti protiv \u010ca\u0111enovi\u0107a, kao ranijeg obra\u0111iva\u010da predmeta, zbog te\u017eeg disciplinskog prekr\u0161aja.<\/p>\n\n\n\n<p>\u201dJer bez opravdanog razloga nije postupao u zakonom propisanim rokovima, a usljed toga je nastupila zastarjelost krivi\u010dnog gonjenja u predmetu za koji se interesujete i u jo\u0161 jednom predmetu\u201d, pi\u0161e u odgovoru Tu\u017eila\u010dkog savjeta.<\/p>\n\n\n\n<p>Predlog za utvr\u0111ivanje te\u017ee disciplinske odgovornosti odnosi se za krivi\u010dna djela &#8211; primanje mita i primanje mita pomaganjem u predmetu Telekom, a koji je du\u017eio tu\u017eilac \u010ca\u0111enovi\u0107 u periodu od 1. marta 2019. do polovine maja 2021. kada je i nastupila zastarjelost i za taj dio krivi\u010dne prijave u ovoj aferi.<\/p>\n\n\n\n<p>Vrhovno dr\u017eavno tu\u017eila\u0161tvo je u saop\u0161tenju navelo da je zastarjelost za krivi\u010dno djelo &#8211; primanje mita i primanje mita putem pomaganja nastupila zbog ranijeg obra\u0111iva\u010da i biv\u0161eg GST Milivoja Katni\u0107a.<\/p>\n\n\n\n<p>\u201cZa krivi\u010dna djela primanje mita i primanje mita pomaganjem, koja su tako\u0111e predmet krivi\u010dne prijave, zastarjelost krivi\u010dnog gonjenja je nastupila istekom 15. maja 2021. godine, ali odgovornost za to je na ranijem obra\u0111iva\u010du predmeta u odnosu na onog koji je donio odluku i ranijem rukovodiocu Specijalnog dr\u017eavnog tu\u017eila\u0161tva\u201d, saop\u0161tili su iz Vrhovnog dr\u017eavnog tu\u017eila\u0161tva.<\/p>\n\n\n\n<p>Oni su ukazali na to da kada nastupi zastarjelost krivi\u010dnog gonjenja, specijalni tu\u017eilac po zakonu ne mo\u017ee da preduzima ni jednu procesnu radnju radi provjere navoda prijave ili utvr\u0111ivanja njene osnovanosti.<\/p>\n\n\n\n<p>Tu\u017eila\u010dki savjet je u decembru 2022. godine, dva dana nakon hap\u0161enja, donio odluku o privremenom udaljenju tu\u017eioca Sa\u0161e \u010ca\u0111enovi\u0107a, jer je protiv njega pokrenuta istraga za djelo koje ga \u010dini nedostojnim za vr\u0161enje tu\u017eila\u010dke funkcije.<\/p>\n\n\n\n<p>Istraga, a potom i optu\u017enica protiv \u010ca\u0111enovi\u0107a, podignuta je zbog optu\u017ebi SDT-a da je prikrivao izvr\u0161ioce najte\u017eih krivi\u010dnih djela odnosno nije pokretao krivi\u010dne postupke protiv vo\u0111a kava\u010dkog klana ali i biv\u0161eg tajnog agenta Petra Lazovi\u0107a.<\/p>\n\n\n\n<p>Katni\u0107 je razrije\u0161en du\u017enosti u februaru 2022. godine, a u pritvoru se nalazi od aprila pro\u0161le godine zbog optu\u017ebi SDT-a za stvaranje kriminalne organizacije i zloupotrebu slu\u017ebenog polo\u017eaja.<\/p>\n\n\n\n<p>Da bi podnio predlog za pokretanje disciplinskog postupka, Novovi\u0107 je morao da sa\u010deka odluku tu\u017eioca Vrhovnog dr\u017eavnog tu\u017eila\u0161tva Veljka Rutovi\u0107a, a po prigovoru MANS-a, koja je tra\u017eila da se ispita zakonitost odluke Specijalnog dr\u017eavnog tu\u017eila\u0161tva da odbaci njihovu krivi\u010dnu prijavu jer je nastupila zastara u predmetu Telekom.<\/p>\n\n\n\n<p>Rutovi\u0107 je ocijenio da je SDT, odnosno specijalna tu\u017eiteljka Ana Perovi\u0107 Vojinovi\u0107 donijela pravilnu i zakonitu odluku s dovoljno jasnim razlozima za odbacivanje krivi\u010dne prijave MANS-a protiv biv\u0161eg \u0161efa dr\u017eave Mila \u0110ukanovi\u0107a, njegove sestre Ane \u0110ukanovi\u0107 i ostalih za zloupotrebu slu\u017ebenog polo\u017eaja, primanje mita i stvaranje kriminalne organizacije tokom prodaje dr\u017eavne kompanije Telekom tokom 2005. godine.<\/p>\n\n\n\n<p>\u201cOdluka u predmetu Telekom pravilna je i zakonita\u201d, saop\u0161tilo je i Vrhovno dr\u017eavno tu\u017eila\u0161tvo.<\/p>","protected":false},"excerpt":{"rendered":"<p>Glavni specijalni tu\u017eilac Vladimir Novovi\u0107 podnio je Tu\u017eila\u010dkom savjetu predlog za utvr\u0111ivanje disciplinske odgovornosti protiv suspendovanog specijalnog tu\u017eioca Sa\u0161e \u010ca\u0111enovi\u0107a, jer nije u zakonskim rokovima postupao u predmetu Telekom, zbog \u010dega je nastupila zastara, pi\u0161u Vijesti.<\/p>","protected":false},"author":1,"featured_media":953703,"comment_status":"open","ping_status":"open","sticky":false,"template":"","format":"standard","meta":{"_acf_changed":false,"footnotes":""},"categories":[17],"tags":[779,492,6879],"naslovna":[],"class_list":["post-953702","post","type-post","status-publish","format-standard","has-post-thumbnail","hentry","category-hronika","tag-sdt","tag-vdt","tag-vladimir-novovic"],"acf":[],"yoast_head":"<!-- This site is optimized with the Yoast SEO plugin v27.4 - https:\/\/yoast.com\/product\/yoast-seo-wordpress\/ -->\n<title>Novovi\u0107 tra\u017ei da se utvrdi odgovornost \u010ca\u0111enovi\u0107a - dmcsrb.com<\/title>\n<meta name=\"robots\" content=\"index, follow, max-snippet:-1, max-image-preview:large, max-video-preview:-1\" \/>\n<link rel=\"canonical\" href=\"https:\/\/dmcsrb.com\/en\/hronika\/novovic-trazi-da-se-utvrdi-odgovornost-cadjenovica\/\" \/>\n<meta property=\"og:locale\" content=\"en_GB\" \/>\n<meta property=\"og:type\" content=\"article\" \/>\n<meta property=\"og:title\" content=\"Novovi\u0107 tra\u017ei da se utvrdi odgovornost \u010ca\u0111enovi\u0107a - dmcsrb.com\" \/>\n<meta property=\"og:description\" content=\"Glavni specijalni tu\u017eilac Vladimir Novovi\u0107 podnio je Tu\u017eila\u010dkom savjetu predlog za utvr\u0111ivanje disciplinske odgovornosti protiv suspendovanog specijalnog tu\u017eioca Sa\u0161e \u010ca\u0111enovi\u0107a, jer nije u zakonskim rokovima postupao u predmetu Telekom, zbog \u010dega je nastupila zastara, pi\u0161u Vijesti.\" \/>\n<meta property=\"og:url\" content=\"https:\/\/dmcsrb.com\/en\/hronika\/novovic-trazi-da-se-utvrdi-odgovornost-cadjenovica\/\" \/>\n<meta property=\"og:site_name\" content=\"dmcsrb.com\" \/>\n<meta property=\"article:published_time\" content=\"2025-09-24T04:27:41+00:00\" \/>\n<meta property=\"og:image\" content=\"https:\/\/dmcsrb.com\/wp-content\/uploads\/2026\/01\/Novovic.webp\" \/>\n\t<meta property=\"og:image:width\" content=\"900\" \/>\n\t<meta property=\"og:image:height\" content=\"600\" \/>\n\t<meta property=\"og:image:type\" content=\"image\/jpeg\" \/>\n<meta name=\"author\" content=\"dmcsrbija.com@gmail.com\" \/>\n<meta name=\"twitter:card\" content=\"summary_large_image\" \/>\n<meta name=\"twitter:label1\" content=\"Written by\" \/>\n\t<meta name=\"twitter:data1\" content=\"dmcsrbija.com@gmail.com\" \/>\n\t<meta name=\"twitter:label2\" content=\"Estimated reading time\" \/>\n\t<meta name=\"twitter:data2\" content=\"3 minutes\" \/>\n<script type=\"application\/ld+json\" class=\"yoast-schema-graph\">{\"@context\":\"https:\\\/\\\/schema.org\",\"@graph\":[{\"@type\":\"Article\",\"@id\":\"https:\\\/\\\/dmcsrb.com\\\/hronika\\\/novovic-trazi-da-se-utvrdi-odgovornost-cadjenovica\\\/#article\",\"isPartOf\":{\"@id\":\"https:\\\/\\\/dmcsrb.com\\\/hronika\\\/novovic-trazi-da-se-utvrdi-odgovornost-cadjenovica\\\/\"},\"author\":{\"name\":\"dmcsrbija.com@gmail.com\",\"@id\":\"https:\\\/\\\/dmcsrb.com\\\/#\\\/schema\\\/person\\\/5c39170f12db1b8b457732d0b5c854e2\"},\"headline\":\"Novovi\u0107 tra\u017ei da se utvrdi odgovornost \u010ca\u0111enovi\u0107a\",\"datePublished\":\"2025-09-24T04:27:41+00:00\",\"mainEntityOfPage\":{\"@id\":\"https:\\\/\\\/dmcsrb.com\\\/hronika\\\/novovic-trazi-da-se-utvrdi-odgovornost-cadjenovica\\\/\"},\"wordCount\":583,\"commentCount\":0,\"image\":{\"@id\":\"https:\\\/\\\/dmcsrb.com\\\/hronika\\\/novovic-trazi-da-se-utvrdi-odgovornost-cadjenovica\\\/#primaryimage\"},\"thumbnailUrl\":\"https:\\\/\\\/dmcsrb.com\\\/wp-content\\\/uploads\\\/2026\\\/01\\\/Novovic.webp\",\"keywords\":[\"SDT\",\"VDT\",\"Vladimir Novovi\u0107\"],\"articleSection\":[\"Hronika\"],\"inLanguage\":\"en-GB\",\"potentialAction\":[{\"@type\":\"CommentAction\",\"name\":\"Comment\",\"target\":[\"https:\\\/\\\/dmcsrb.com\\\/hronika\\\/novovic-trazi-da-se-utvrdi-odgovornost-cadjenovica\\\/#respond\"]}]},{\"@type\":\"WebPage\",\"@id\":\"https:\\\/\\\/dmcsrb.com\\\/hronika\\\/novovic-trazi-da-se-utvrdi-odgovornost-cadjenovica\\\/\",\"url\":\"https:\\\/\\\/dmcsrb.com\\\/hronika\\\/novovic-trazi-da-se-utvrdi-odgovornost-cadjenovica\\\/\",\"name\":\"Novovi\u0107 tra\u017ei da se utvrdi odgovornost \u010ca\u0111enovi\u0107a - dmcsrb.com\",\"isPartOf\":{\"@id\":\"https:\\\/\\\/dmcsrb.com\\\/#website\"},\"primaryImageOfPage\":{\"@id\":\"https:\\\/\\\/dmcsrb.com\\\/hronika\\\/novovic-trazi-da-se-utvrdi-odgovornost-cadjenovica\\\/#primaryimage\"},\"image\":{\"@id\":\"https:\\\/\\\/dmcsrb.com\\\/hronika\\\/novovic-trazi-da-se-utvrdi-odgovornost-cadjenovica\\\/#primaryimage\"},\"thumbnailUrl\":\"https:\\\/\\\/dmcsrb.com\\\/wp-content\\\/uploads\\\/2026\\\/01\\\/Novovic.webp\",\"datePublished\":\"2025-09-24T04:27:41+00:00\",\"author\":{\"@id\":\"https:\\\/\\\/dmcsrb.com\\\/#\\\/schema\\\/person\\\/5c39170f12db1b8b457732d0b5c854e2\"},\"breadcrumb\":{\"@id\":\"https:\\\/\\\/dmcsrb.com\\\/hronika\\\/novovic-trazi-da-se-utvrdi-odgovornost-cadjenovica\\\/#breadcrumb\"},\"inLanguage\":\"en-GB\",\"potentialAction\":[{\"@type\":\"ReadAction\",\"target\":[\"https:\\\/\\\/dmcsrb.com\\\/hronika\\\/novovic-trazi-da-se-utvrdi-odgovornost-cadjenovica\\\/\"]}]},{\"@type\":\"ImageObject\",\"inLanguage\":\"en-GB\",\"@id\":\"https:\\\/\\\/dmcsrb.com\\\/hronika\\\/novovic-trazi-da-se-utvrdi-odgovornost-cadjenovica\\\/#primaryimage\",\"url\":\"https:\\\/\\\/dmcsrb.com\\\/wp-content\\\/uploads\\\/2026\\\/01\\\/Novovic.webp\",\"contentUrl\":\"https:\\\/\\\/dmcsrb.com\\\/wp-content\\\/uploads\\\/2026\\\/01\\\/Novovic.webp\",\"width\":900,\"height\":600},{\"@type\":\"BreadcrumbList\",\"@id\":\"https:\\\/\\\/dmcsrb.com\\\/hronika\\\/novovic-trazi-da-se-utvrdi-odgovornost-cadjenovica\\\/#breadcrumb\",\"itemListElement\":[{\"@type\":\"ListItem\",\"position\":1,\"name\":\"Home\",\"item\":\"https:\\\/\\\/dmcsrb.com\\\/\"},{\"@type\":\"ListItem\",\"position\":2,\"name\":\"Novovi\u0107 tra\u017ei da se utvrdi odgovornost \u010ca\u0111enovi\u0107a\"}]},{\"@type\":\"WebSite\",\"@id\":\"https:\\\/\\\/dmcsrb.com\\\/#website\",\"url\":\"https:\\\/\\\/dmcsrb.com\\\/\",\"name\":\"dmcsrb.com\",\"description\":\"\",\"potentialAction\":[{\"@type\":\"SearchAction\",\"target\":{\"@type\":\"EntryPoint\",\"urlTemplate\":\"https:\\\/\\\/dmcsrb.com\\\/?s={search_term_string}\"},\"query-input\":{\"@type\":\"PropertyValueSpecification\",\"valueRequired\":true,\"valueName\":\"search_term_string\"}}],\"inLanguage\":\"en-GB\"},{\"@type\":\"Person\",\"@id\":\"https:\\\/\\\/dmcsrb.com\\\/#\\\/schema\\\/person\\\/5c39170f12db1b8b457732d0b5c854e2\",\"name\":\"dmcsrbija.com@gmail.com\",\"image\":{\"@type\":\"ImageObject\",\"inLanguage\":\"en-GB\",\"@id\":\"https:\\\/\\\/secure.gravatar.com\\\/avatar\\\/68592660ad6347fad0fb587f8d5d8f1a7b44961362f56e4f2cd524feb87e9069?s=96&d=mm&r=g\",\"url\":\"https:\\\/\\\/secure.gravatar.com\\\/avatar\\\/68592660ad6347fad0fb587f8d5d8f1a7b44961362f56e4f2cd524feb87e9069?s=96&d=mm&r=g\",\"contentUrl\":\"https:\\\/\\\/secure.gravatar.com\\\/avatar\\\/68592660ad6347fad0fb587f8d5d8f1a7b44961362f56e4f2cd524feb87e9069?s=96&d=mm&r=g\",\"caption\":\"dmcsrbija.com@gmail.com\"},\"sameAs\":[\"https:\\\/\\\/dmcsrb.com\"],\"url\":\"https:\\\/\\\/dmcsrb.com\\\/en\\\/author\\\/dmcsrbija-comgmail-com\\\/\"}]}<\/script>\n<!-- \/ Yoast SEO plugin. -->","yoast_head_json":{"title":"Novovi\u0107 tra\u017ei da se utvrdi odgovornost \u010ca\u0111enovi\u0107a - dmcsrb.com","robots":{"index":"index","follow":"follow","max-snippet":"max-snippet:-1","max-image-preview":"max-image-preview:large","max-video-preview":"max-video-preview:-1"},"canonical":"https:\/\/dmcsrb.com\/en\/hronika\/novovic-trazi-da-se-utvrdi-odgovornost-cadjenovica\/","og_locale":"en_GB","og_type":"article","og_title":"Novovi\u0107 tra\u017ei da se utvrdi odgovornost \u010ca\u0111enovi\u0107a - dmcsrb.com","og_description":"Glavni specijalni tu\u017eilac Vladimir Novovi\u0107 podnio je Tu\u017eila\u010dkom savjetu predlog za utvr\u0111ivanje disciplinske odgovornosti protiv suspendovanog specijalnog tu\u017eioca Sa\u0161e \u010ca\u0111enovi\u0107a, jer nije u zakonskim rokovima postupao u predmetu Telekom, zbog \u010dega je nastupila zastara, pi\u0161u Vijesti.","og_url":"https:\/\/dmcsrb.com\/en\/hronika\/novovic-trazi-da-se-utvrdi-odgovornost-cadjenovica\/","og_site_name":"dmcsrb.com","article_published_time":"2025-09-24T04:27:41+00:00","og_image":[{"width":900,"height":600,"url":"https:\/\/dmcsrb.com\/wp-content\/uploads\/2026\/01\/Novovic.webp","type":"image\/jpeg"}],"author":"dmcsrbija.com@gmail.com","twitter_card":"summary_large_image","twitter_misc":{"Written by":"dmcsrbija.com@gmail.com","Estimated reading time":"3 minutes"},"schema":{"@context":"https:\/\/schema.org","@graph":[{"@type":"Article","@id":"https:\/\/dmcsrb.com\/hronika\/novovic-trazi-da-se-utvrdi-odgovornost-cadjenovica\/#article","isPartOf":{"@id":"https:\/\/dmcsrb.com\/hronika\/novovic-trazi-da-se-utvrdi-odgovornost-cadjenovica\/"},"author":{"name":"dmcsrbija.com@gmail.com","@id":"https:\/\/dmcsrb.com\/#\/schema\/person\/5c39170f12db1b8b457732d0b5c854e2"},"headline":"Novovi\u0107 tra\u017ei da se utvrdi odgovornost \u010ca\u0111enovi\u0107a","datePublished":"2025-09-24T04:27:41+00:00","mainEntityOfPage":{"@id":"https:\/\/dmcsrb.com\/hronika\/novovic-trazi-da-se-utvrdi-odgovornost-cadjenovica\/"},"wordCount":583,"commentCount":0,"image":{"@id":"https:\/\/dmcsrb.com\/hronika\/novovic-trazi-da-se-utvrdi-odgovornost-cadjenovica\/#primaryimage"},"thumbnailUrl":"https:\/\/dmcsrb.com\/wp-content\/uploads\/2026\/01\/Novovic.webp","keywords":["SDT","VDT","Vladimir Novovi\u0107"],"articleSection":["Hronika"],"inLanguage":"en-GB","potentialAction":[{"@type":"CommentAction","name":"Comment","target":["https:\/\/dmcsrb.com\/hronika\/novovic-trazi-da-se-utvrdi-odgovornost-cadjenovica\/#respond"]}]},{"@type":"WebPage","@id":"https:\/\/dmcsrb.com\/hronika\/novovic-trazi-da-se-utvrdi-odgovornost-cadjenovica\/","url":"https:\/\/dmcsrb.com\/hronika\/novovic-trazi-da-se-utvrdi-odgovornost-cadjenovica\/","name":"Novovi\u0107 tra\u017ei da se utvrdi odgovornost \u010ca\u0111enovi\u0107a - dmcsrb.com","isPartOf":{"@id":"https:\/\/dmcsrb.com\/#website"},"primaryImageOfPage":{"@id":"https:\/\/dmcsrb.com\/hronika\/novovic-trazi-da-se-utvrdi-odgovornost-cadjenovica\/#primaryimage"},"image":{"@id":"https:\/\/dmcsrb.com\/hronika\/novovic-trazi-da-se-utvrdi-odgovornost-cadjenovica\/#primaryimage"},"thumbnailUrl":"https:\/\/dmcsrb.com\/wp-content\/uploads\/2026\/01\/Novovic.webp","datePublished":"2025-09-24T04:27:41+00:00","author":{"@id":"https:\/\/dmcsrb.com\/#\/schema\/person\/5c39170f12db1b8b457732d0b5c854e2"},"breadcrumb":{"@id":"https:\/\/dmcsrb.com\/hronika\/novovic-trazi-da-se-utvrdi-odgovornost-cadjenovica\/#breadcrumb"},"inLanguage":"en-GB","potentialAction":[{"@type":"ReadAction","target":["https:\/\/dmcsrb.com\/hronika\/novovic-trazi-da-se-utvrdi-odgovornost-cadjenovica\/"]}]},{"@type":"ImageObject","inLanguage":"en-GB","@id":"https:\/\/dmcsrb.com\/hronika\/novovic-trazi-da-se-utvrdi-odgovornost-cadjenovica\/#primaryimage","url":"https:\/\/dmcsrb.com\/wp-content\/uploads\/2026\/01\/Novovic.webp","contentUrl":"https:\/\/dmcsrb.com\/wp-content\/uploads\/2026\/01\/Novovic.webp","width":900,"height":600},{"@type":"BreadcrumbList","@id":"https:\/\/dmcsrb.com\/hronika\/novovic-trazi-da-se-utvrdi-odgovornost-cadjenovica\/#breadcrumb","itemListElement":[{"@type":"ListItem","position":1,"name":"Home","item":"https:\/\/dmcsrb.com\/"},{"@type":"ListItem","position":2,"name":"Novovi\u0107 tra\u017ei da se utvrdi odgovornost \u010ca\u0111enovi\u0107a"}]},{"@type":"WebSite","@id":"https:\/\/dmcsrb.com\/#website","url":"https:\/\/dmcsrb.com\/","name":"dmcsrb.com","description":"","potentialAction":[{"@type":"SearchAction","target":{"@type":"EntryPoint","urlTemplate":"https:\/\/dmcsrb.com\/?s={search_term_string}"},"query-input":{"@type":"PropertyValueSpecification","valueRequired":true,"valueName":"search_term_string"}}],"inLanguage":"en-GB"},{"@type":"Person","@id":"https:\/\/dmcsrb.com\/#\/schema\/person\/5c39170f12db1b8b457732d0b5c854e2","name":"dmcsrbija.com@gmail.com","image":{"@type":"ImageObject","inLanguage":"en-GB","@id":"https:\/\/secure.gravatar.com\/avatar\/68592660ad6347fad0fb587f8d5d8f1a7b44961362f56e4f2cd524feb87e9069?s=96&d=mm&r=g","url":"https:\/\/secure.gravatar.com\/avatar\/68592660ad6347fad0fb587f8d5d8f1a7b44961362f56e4f2cd524feb87e9069?s=96&d=mm&r=g","contentUrl":"https:\/\/secure.gravatar.com\/avatar\/68592660ad6347fad0fb587f8d5d8f1a7b44961362f56e4f2cd524feb87e9069?s=96&d=mm&r=g","caption":"dmcsrbija.com@gmail.com"},"sameAs":["https:\/\/dmcsrb.com"],"url":"https:\/\/dmcsrb.com\/en\/author\/dmcsrbija-comgmail-com\/"}]}},"_links":{"self":[{"href":"https:\/\/dmcsrb.com\/en\/wp-json\/wp\/v2\/posts\/953702","targetHints":{"allow":["GET"]}}],"collection":[{"href":"https:\/\/dmcsrb.com\/en\/wp-json\/wp\/v2\/posts"}],"about":[{"href":"https:\/\/dmcsrb.com\/en\/wp-json\/wp\/v2\/types\/post"}],"author":[{"embeddable":true,"href":"https:\/\/dmcsrb.com\/en\/wp-json\/wp\/v2\/users\/1"}],"replies":[{"embeddable":true,"href":"https:\/\/dmcsrb.com\/en\/wp-json\/wp\/v2\/comments?post=953702"}],"version-history":[{"count":0,"href":"https:\/\/dmcsrb.com\/en\/wp-json\/wp\/v2\/posts\/953702\/revisions"}],"wp:featuredmedia":[{"embeddable":true,"href":"https:\/\/dmcsrb.com\/en\/wp-json\/wp\/v2\/media\/953703"}],"wp:attachment":[{"href":"https:\/\/dmcsrb.com\/en\/wp-json\/wp\/v2\/media?parent=953702"}],"wp:term":[{"taxonomy":"category","embeddable":true,"href":"https:\/\/dmcsrb.com\/en\/wp-json\/wp\/v2\/categories?post=953702"},{"taxonomy":"post_tag","embeddable":true,"href":"https:\/\/dmcsrb.com\/en\/wp-json\/wp\/v2\/tags?post=953702"},{"taxonomy":"naslovna","embeddable":true,"href":"https:\/\/dmcsrb.com\/en\/wp-json\/wp\/v2\/naslovna?post=953702"}],"curies":[{"name":"wp","href":"https:\/\/api.w.org\/{rel}","templated":true}]}}