{"id":953696,"date":"2025-09-24T05:27:37","date_gmt":"2025-09-24T03:27:37","guid":{"rendered":"https:\/\/dmcsrb.com\/uncategorized\/od-pocetka-2025-prijavljen-nestanak-183-osobe-za-12-se-jos-traga\/"},"modified":"2025-09-24T05:27:37","modified_gmt":"2025-09-24T03:27:37","slug":"od-pocetka-2025-prijavljen-nestanak-183-osobe-za-12-se-jos-traga","status":"publish","type":"post","link":"https:\/\/dmcsrb.com\/en\/drustvo\/od-pocetka-2025-prijavljen-nestanak-183-osobe-za-12-se-jos-traga\/","title":{"rendered":"Od po\u010detka 2025. prijavljen nestanak 183 osobe, za 12 se jo\u0161 traga"},"content":{"rendered":"<p>Ukupan broj evidentiranih, odnosno lica \u010dije je nestanak prijavljen Upravi policije od po\u010detka godine je 183, ka\u017ee za Radio Crne Gore, Tamara Pavi\u0107evi\u0107 iz te ustanove.<\/p>\n\n\n\n<p>&#8220;Od ovog broja je prona\u0111eno 171 lice, dok se za 12 lica jo\u0161 uvijek traga&#8221;, saop\u0161tila je Pavi\u0107evi\u0107.<\/p>\n\n\n\n<p>Na nivou Regionalnog centra bezbjednosti &#8220;Jug&#8221; od po\u010detka 2025. raspisana je potraga za 41 lice, dodaje Pavi\u0107evi\u0107.<\/p>\n\n\n\n<p>&#8220;Od \u010dega je 36 lica prona\u0111eno, dok se za pet lica jo\u0161 uvijek traga. Na teritoriji Regionalnog centra bezbjednosti &#8216;Sjever&#8217; od po\u010detka godine policija raspisala potragu za 11 lica, od \u010dega je 10 lica prona\u0111eno, dok je jedno od potra\u017eivanih lica napustilo Crnu Goru&#8221;, rekla je Pavi\u0107evi\u0107.<\/p>\n\n\n\n<p>A kakva je situacija kada je rije\u010d o Regionalnim centrima bezbjednosti, &#8220;Centar&#8221; i &#8220;Zapad&#8221;?<\/p>\n\n\n\n<p>&#8220;Na nivou Regionalnog centra bezbjednosti &#8216;Centar&#8217; od po\u010detka ove godine raspisana je potraga za 115 lica, od \u010dega je 110 lica prona\u0111eno, a traga se za jo\u0161 5 lica. Na teritoriji Regionalnog centra bezbjednosti &#8216;Zapad&#8217; od po\u010detka 2025. godine je prijavljen nestanak 16 lica, od kojih je 15 prona\u0111eno, dok se za jednim licem jo\u0161 uvijek traga&#8221;, saop\u0161tila je Pavi\u0107evi\u0107.<\/p>\n\n\n\n<p>U\u010destali nestanci osoba u Crnoj Gori su vezani za razne okolnosti, ka\u017ee za Radio Crne Gore dr. nauka bezbjednosti Ivan Peki\u0107.<\/p>\n\n\n\n<p>&#8220;Od toga da imamo na godi\u0161njem nivou u Crnoj Gori nekih blizu 200 osoba koje izvr\u0161e suicid, pa se prona\u0111u mrtve, zatim imate osoba koje u velikom broju budu nestale, ali nakon prijave nadle\u017enim organima Uprave policije Crne Gore i Ministarstva unutra\u0161njih poslova, Odeljenja za vanredne situacije, ubrzo budu na\u0111ene&#8221;, istakao je Peki\u0107.&nbsp;<\/p>\n\n\n\n<p>Kada je rije\u010d o procesu prijave nestalih osoba, Peki\u0107 dodaje.<\/p>\n\n\n\n<p>&#8220;Prema Me\u0111unarodnom komitetu Crvenog krsta, na godi\u0161njem nivou je negdje blizu 300.000, oko 284.000, mislim da je zadnji podatak da je bilo prijavljeno nestalih lica tokom 2024. godine, \u0161to govori da je to jedna zaista velika cifra kada je u pitanju broj nestalih lica&#8221;, rekao je Peki\u0107.<\/p>\n\n\n\n<p>Svako udaljenje lica od mjesta boravka koje se od strane porodice ili drugih prijavi policiji smatra se nestankom, zaklju\u010duju iz Uprave policije.<\/p>\n\n\n\n<p>Va\u017eno je napomenuti i da se odre\u0111eni broj osoba sam vrati ku\u0107ama nakon izvjesnog vremena.<\/p>\n\n\n\n<p><\/p>","protected":false},"excerpt":{"rendered":"<p>Nijesu, na\u017ealost, nerijetki nestanci osoba u Crnoj Gori. Tako je ju\u010de, prona\u0111en bez znakova \u017eivota Aleksej Polyakov, kod manastira Praskvica. To je samo jedan u nizu slu\u010dajeva, u posljednjih par godina. A od po\u010detka 2025. prijavljen je nestanak ukupno 183 lica, od \u010dega je 171 osoba prona\u0111ena, podaci su Uprave policije koji su dostavljeni Radiju Crne Gore. U\u010destali nestanci vezani su za razne okolnosti, ka\u017ee doktor nauka bezbjednosti Ivan Peki\u0107.<\/p>","protected":false},"author":1,"featured_media":908812,"comment_status":"open","ping_status":"open","sticky":false,"template":"","format":"standard","meta":{"_acf_changed":false,"footnotes":""},"categories":[2],"tags":[2050,9026,45],"naslovna":[],"class_list":["post-953696","post","type-post","status-publish","format-standard","has-post-thumbnail","hentry","category-drustvo","tag-nestanak","tag-osoba","tag-policija"],"acf":[],"yoast_head":"<!-- This site is optimized with the Yoast SEO plugin v27.4 - https:\/\/yoast.com\/product\/yoast-seo-wordpress\/ -->\n<title>Od po\u010detka 2025. prijavljen nestanak 183 osobe, za 12 se jo\u0161 traga - dmcsrb.com<\/title>\n<meta name=\"robots\" content=\"index, follow, max-snippet:-1, max-image-preview:large, max-video-preview:-1\" \/>\n<link rel=\"canonical\" href=\"https:\/\/dmcsrb.com\/en\/drustvo\/od-pocetka-2025-prijavljen-nestanak-183-osobe-za-12-se-jos-traga\/\" \/>\n<meta property=\"og:locale\" content=\"en_GB\" \/>\n<meta property=\"og:type\" content=\"article\" \/>\n<meta property=\"og:title\" content=\"Od po\u010detka 2025. prijavljen nestanak 183 osobe, za 12 se jo\u0161 traga - dmcsrb.com\" \/>\n<meta property=\"og:description\" content=\"Nijesu, na\u017ealost, nerijetki nestanci osoba u Crnoj Gori. Tako je ju\u010de, prona\u0111en bez znakova \u017eivota Aleksej Polyakov, kod manastira Praskvica. To je samo jedan u nizu slu\u010dajeva, u posljednjih par godina. A od po\u010detka 2025. prijavljen je nestanak ukupno 183 lica, od \u010dega je 171 osoba prona\u0111ena, podaci su Uprave policije koji su dostavljeni Radiju Crne Gore. U\u010destali nestanci vezani su za razne okolnosti, ka\u017ee doktor nauka bezbjednosti Ivan Peki\u0107.\" \/>\n<meta property=\"og:url\" content=\"https:\/\/dmcsrb.com\/en\/drustvo\/od-pocetka-2025-prijavljen-nestanak-183-osobe-za-12-se-jos-traga\/\" \/>\n<meta property=\"og:site_name\" content=\"dmcsrb.com\" \/>\n<meta property=\"article:published_time\" content=\"2025-09-24T03:27:37+00:00\" \/>\n<meta property=\"og:image\" content=\"https:\/\/dmcsrb.com\/wp-content\/uploads\/2026\/01\/ljudi.jpg\" \/>\n\t<meta property=\"og:image:width\" content=\"1538\" \/>\n\t<meta property=\"og:image:height\" content=\"846\" \/>\n\t<meta property=\"og:image:type\" content=\"image\/jpeg\" \/>\n<meta name=\"author\" content=\"dmcsrbija.com@gmail.com\" \/>\n<meta name=\"twitter:card\" content=\"summary_large_image\" \/>\n<meta name=\"twitter:label1\" content=\"Written by\" \/>\n\t<meta name=\"twitter:data1\" content=\"dmcsrbija.com@gmail.com\" \/>\n\t<meta name=\"twitter:label2\" content=\"Estimated reading time\" \/>\n\t<meta name=\"twitter:data2\" content=\"2 minutes\" \/>\n<script type=\"application\/ld+json\" class=\"yoast-schema-graph\">{\"@context\":\"https:\\\/\\\/schema.org\",\"@graph\":[{\"@type\":\"Article\",\"@id\":\"https:\\\/\\\/dmcsrb.com\\\/drustvo\\\/od-pocetka-2025-prijavljen-nestanak-183-osobe-za-12-se-jos-traga\\\/#article\",\"isPartOf\":{\"@id\":\"https:\\\/\\\/dmcsrb.com\\\/drustvo\\\/od-pocetka-2025-prijavljen-nestanak-183-osobe-za-12-se-jos-traga\\\/\"},\"author\":{\"name\":\"dmcsrbija.com@gmail.com\",\"@id\":\"https:\\\/\\\/dmcsrb.com\\\/#\\\/schema\\\/person\\\/5c39170f12db1b8b457732d0b5c854e2\"},\"headline\":\"Od po\u010detka 2025. prijavljen nestanak 183 osobe, za 12 se jo\u0161 traga\",\"datePublished\":\"2025-09-24T03:27:37+00:00\",\"mainEntityOfPage\":{\"@id\":\"https:\\\/\\\/dmcsrb.com\\\/drustvo\\\/od-pocetka-2025-prijavljen-nestanak-183-osobe-za-12-se-jos-traga\\\/\"},\"wordCount\":376,\"commentCount\":0,\"image\":{\"@id\":\"https:\\\/\\\/dmcsrb.com\\\/drustvo\\\/od-pocetka-2025-prijavljen-nestanak-183-osobe-za-12-se-jos-traga\\\/#primaryimage\"},\"thumbnailUrl\":\"https:\\\/\\\/dmcsrb.com\\\/wp-content\\\/uploads\\\/2026\\\/01\\\/ljudi.jpg\",\"keywords\":[\"nestanak\",\"osoba\",\"policija\"],\"articleSection\":[\"Dru\u0161tvo\"],\"inLanguage\":\"en-GB\",\"potentialAction\":[{\"@type\":\"CommentAction\",\"name\":\"Comment\",\"target\":[\"https:\\\/\\\/dmcsrb.com\\\/drustvo\\\/od-pocetka-2025-prijavljen-nestanak-183-osobe-za-12-se-jos-traga\\\/#respond\"]}]},{\"@type\":\"WebPage\",\"@id\":\"https:\\\/\\\/dmcsrb.com\\\/drustvo\\\/od-pocetka-2025-prijavljen-nestanak-183-osobe-za-12-se-jos-traga\\\/\",\"url\":\"https:\\\/\\\/dmcsrb.com\\\/drustvo\\\/od-pocetka-2025-prijavljen-nestanak-183-osobe-za-12-se-jos-traga\\\/\",\"name\":\"Od po\u010detka 2025. prijavljen nestanak 183 osobe, za 12 se jo\u0161 traga - dmcsrb.com\",\"isPartOf\":{\"@id\":\"https:\\\/\\\/dmcsrb.com\\\/#website\"},\"primaryImageOfPage\":{\"@id\":\"https:\\\/\\\/dmcsrb.com\\\/drustvo\\\/od-pocetka-2025-prijavljen-nestanak-183-osobe-za-12-se-jos-traga\\\/#primaryimage\"},\"image\":{\"@id\":\"https:\\\/\\\/dmcsrb.com\\\/drustvo\\\/od-pocetka-2025-prijavljen-nestanak-183-osobe-za-12-se-jos-traga\\\/#primaryimage\"},\"thumbnailUrl\":\"https:\\\/\\\/dmcsrb.com\\\/wp-content\\\/uploads\\\/2026\\\/01\\\/ljudi.jpg\",\"datePublished\":\"2025-09-24T03:27:37+00:00\",\"author\":{\"@id\":\"https:\\\/\\\/dmcsrb.com\\\/#\\\/schema\\\/person\\\/5c39170f12db1b8b457732d0b5c854e2\"},\"breadcrumb\":{\"@id\":\"https:\\\/\\\/dmcsrb.com\\\/drustvo\\\/od-pocetka-2025-prijavljen-nestanak-183-osobe-za-12-se-jos-traga\\\/#breadcrumb\"},\"inLanguage\":\"en-GB\",\"potentialAction\":[{\"@type\":\"ReadAction\",\"target\":[\"https:\\\/\\\/dmcsrb.com\\\/drustvo\\\/od-pocetka-2025-prijavljen-nestanak-183-osobe-za-12-se-jos-traga\\\/\"]}]},{\"@type\":\"ImageObject\",\"inLanguage\":\"en-GB\",\"@id\":\"https:\\\/\\\/dmcsrb.com\\\/drustvo\\\/od-pocetka-2025-prijavljen-nestanak-183-osobe-za-12-se-jos-traga\\\/#primaryimage\",\"url\":\"https:\\\/\\\/dmcsrb.com\\\/wp-content\\\/uploads\\\/2026\\\/01\\\/ljudi.jpg\",\"contentUrl\":\"https:\\\/\\\/dmcsrb.com\\\/wp-content\\\/uploads\\\/2026\\\/01\\\/ljudi.jpg\",\"width\":1538,\"height\":846},{\"@type\":\"BreadcrumbList\",\"@id\":\"https:\\\/\\\/dmcsrb.com\\\/drustvo\\\/od-pocetka-2025-prijavljen-nestanak-183-osobe-za-12-se-jos-traga\\\/#breadcrumb\",\"itemListElement\":[{\"@type\":\"ListItem\",\"position\":1,\"name\":\"Home\",\"item\":\"https:\\\/\\\/dmcsrb.com\\\/\"},{\"@type\":\"ListItem\",\"position\":2,\"name\":\"Od po\u010detka 2025. prijavljen nestanak 183 osobe, za 12 se jo\u0161 traga\"}]},{\"@type\":\"WebSite\",\"@id\":\"https:\\\/\\\/dmcsrb.com\\\/#website\",\"url\":\"https:\\\/\\\/dmcsrb.com\\\/\",\"name\":\"dmcsrb.com\",\"description\":\"\",\"potentialAction\":[{\"@type\":\"SearchAction\",\"target\":{\"@type\":\"EntryPoint\",\"urlTemplate\":\"https:\\\/\\\/dmcsrb.com\\\/?s={search_term_string}\"},\"query-input\":{\"@type\":\"PropertyValueSpecification\",\"valueRequired\":true,\"valueName\":\"search_term_string\"}}],\"inLanguage\":\"en-GB\"},{\"@type\":\"Person\",\"@id\":\"https:\\\/\\\/dmcsrb.com\\\/#\\\/schema\\\/person\\\/5c39170f12db1b8b457732d0b5c854e2\",\"name\":\"dmcsrbija.com@gmail.com\",\"image\":{\"@type\":\"ImageObject\",\"inLanguage\":\"en-GB\",\"@id\":\"https:\\\/\\\/secure.gravatar.com\\\/avatar\\\/68592660ad6347fad0fb587f8d5d8f1a7b44961362f56e4f2cd524feb87e9069?s=96&d=mm&r=g\",\"url\":\"https:\\\/\\\/secure.gravatar.com\\\/avatar\\\/68592660ad6347fad0fb587f8d5d8f1a7b44961362f56e4f2cd524feb87e9069?s=96&d=mm&r=g\",\"contentUrl\":\"https:\\\/\\\/secure.gravatar.com\\\/avatar\\\/68592660ad6347fad0fb587f8d5d8f1a7b44961362f56e4f2cd524feb87e9069?s=96&d=mm&r=g\",\"caption\":\"dmcsrbija.com@gmail.com\"},\"sameAs\":[\"https:\\\/\\\/dmcsrb.com\"],\"url\":\"https:\\\/\\\/dmcsrb.com\\\/en\\\/author\\\/dmcsrbija-comgmail-com\\\/\"}]}<\/script>\n<!-- \/ Yoast SEO plugin. -->","yoast_head_json":{"title":"Od po\u010detka 2025. prijavljen nestanak 183 osobe, za 12 se jo\u0161 traga - dmcsrb.com","robots":{"index":"index","follow":"follow","max-snippet":"max-snippet:-1","max-image-preview":"max-image-preview:large","max-video-preview":"max-video-preview:-1"},"canonical":"https:\/\/dmcsrb.com\/en\/drustvo\/od-pocetka-2025-prijavljen-nestanak-183-osobe-za-12-se-jos-traga\/","og_locale":"en_GB","og_type":"article","og_title":"Od po\u010detka 2025. prijavljen nestanak 183 osobe, za 12 se jo\u0161 traga - dmcsrb.com","og_description":"Nijesu, na\u017ealost, nerijetki nestanci osoba u Crnoj Gori. Tako je ju\u010de, prona\u0111en bez znakova \u017eivota Aleksej Polyakov, kod manastira Praskvica. To je samo jedan u nizu slu\u010dajeva, u posljednjih par godina. A od po\u010detka 2025. prijavljen je nestanak ukupno 183 lica, od \u010dega je 171 osoba prona\u0111ena, podaci su Uprave policije koji su dostavljeni Radiju Crne Gore. U\u010destali nestanci vezani su za razne okolnosti, ka\u017ee doktor nauka bezbjednosti Ivan Peki\u0107.","og_url":"https:\/\/dmcsrb.com\/en\/drustvo\/od-pocetka-2025-prijavljen-nestanak-183-osobe-za-12-se-jos-traga\/","og_site_name":"dmcsrb.com","article_published_time":"2025-09-24T03:27:37+00:00","og_image":[{"width":1538,"height":846,"url":"https:\/\/dmcsrb.com\/wp-content\/uploads\/2026\/01\/ljudi.jpg","type":"image\/jpeg"}],"author":"dmcsrbija.com@gmail.com","twitter_card":"summary_large_image","twitter_misc":{"Written by":"dmcsrbija.com@gmail.com","Estimated reading time":"2 minutes"},"schema":{"@context":"https:\/\/schema.org","@graph":[{"@type":"Article","@id":"https:\/\/dmcsrb.com\/drustvo\/od-pocetka-2025-prijavljen-nestanak-183-osobe-za-12-se-jos-traga\/#article","isPartOf":{"@id":"https:\/\/dmcsrb.com\/drustvo\/od-pocetka-2025-prijavljen-nestanak-183-osobe-za-12-se-jos-traga\/"},"author":{"name":"dmcsrbija.com@gmail.com","@id":"https:\/\/dmcsrb.com\/#\/schema\/person\/5c39170f12db1b8b457732d0b5c854e2"},"headline":"Od po\u010detka 2025. prijavljen nestanak 183 osobe, za 12 se jo\u0161 traga","datePublished":"2025-09-24T03:27:37+00:00","mainEntityOfPage":{"@id":"https:\/\/dmcsrb.com\/drustvo\/od-pocetka-2025-prijavljen-nestanak-183-osobe-za-12-se-jos-traga\/"},"wordCount":376,"commentCount":0,"image":{"@id":"https:\/\/dmcsrb.com\/drustvo\/od-pocetka-2025-prijavljen-nestanak-183-osobe-za-12-se-jos-traga\/#primaryimage"},"thumbnailUrl":"https:\/\/dmcsrb.com\/wp-content\/uploads\/2026\/01\/ljudi.jpg","keywords":["nestanak","osoba","policija"],"articleSection":["Dru\u0161tvo"],"inLanguage":"en-GB","potentialAction":[{"@type":"CommentAction","name":"Comment","target":["https:\/\/dmcsrb.com\/drustvo\/od-pocetka-2025-prijavljen-nestanak-183-osobe-za-12-se-jos-traga\/#respond"]}]},{"@type":"WebPage","@id":"https:\/\/dmcsrb.com\/drustvo\/od-pocetka-2025-prijavljen-nestanak-183-osobe-za-12-se-jos-traga\/","url":"https:\/\/dmcsrb.com\/drustvo\/od-pocetka-2025-prijavljen-nestanak-183-osobe-za-12-se-jos-traga\/","name":"Od po\u010detka 2025. prijavljen nestanak 183 osobe, za 12 se jo\u0161 traga - dmcsrb.com","isPartOf":{"@id":"https:\/\/dmcsrb.com\/#website"},"primaryImageOfPage":{"@id":"https:\/\/dmcsrb.com\/drustvo\/od-pocetka-2025-prijavljen-nestanak-183-osobe-za-12-se-jos-traga\/#primaryimage"},"image":{"@id":"https:\/\/dmcsrb.com\/drustvo\/od-pocetka-2025-prijavljen-nestanak-183-osobe-za-12-se-jos-traga\/#primaryimage"},"thumbnailUrl":"https:\/\/dmcsrb.com\/wp-content\/uploads\/2026\/01\/ljudi.jpg","datePublished":"2025-09-24T03:27:37+00:00","author":{"@id":"https:\/\/dmcsrb.com\/#\/schema\/person\/5c39170f12db1b8b457732d0b5c854e2"},"breadcrumb":{"@id":"https:\/\/dmcsrb.com\/drustvo\/od-pocetka-2025-prijavljen-nestanak-183-osobe-za-12-se-jos-traga\/#breadcrumb"},"inLanguage":"en-GB","potentialAction":[{"@type":"ReadAction","target":["https:\/\/dmcsrb.com\/drustvo\/od-pocetka-2025-prijavljen-nestanak-183-osobe-za-12-se-jos-traga\/"]}]},{"@type":"ImageObject","inLanguage":"en-GB","@id":"https:\/\/dmcsrb.com\/drustvo\/od-pocetka-2025-prijavljen-nestanak-183-osobe-za-12-se-jos-traga\/#primaryimage","url":"https:\/\/dmcsrb.com\/wp-content\/uploads\/2026\/01\/ljudi.jpg","contentUrl":"https:\/\/dmcsrb.com\/wp-content\/uploads\/2026\/01\/ljudi.jpg","width":1538,"height":846},{"@type":"BreadcrumbList","@id":"https:\/\/dmcsrb.com\/drustvo\/od-pocetka-2025-prijavljen-nestanak-183-osobe-za-12-se-jos-traga\/#breadcrumb","itemListElement":[{"@type":"ListItem","position":1,"name":"Home","item":"https:\/\/dmcsrb.com\/"},{"@type":"ListItem","position":2,"name":"Od po\u010detka 2025. prijavljen nestanak 183 osobe, za 12 se jo\u0161 traga"}]},{"@type":"WebSite","@id":"https:\/\/dmcsrb.com\/#website","url":"https:\/\/dmcsrb.com\/","name":"dmcsrb.com","description":"","potentialAction":[{"@type":"SearchAction","target":{"@type":"EntryPoint","urlTemplate":"https:\/\/dmcsrb.com\/?s={search_term_string}"},"query-input":{"@type":"PropertyValueSpecification","valueRequired":true,"valueName":"search_term_string"}}],"inLanguage":"en-GB"},{"@type":"Person","@id":"https:\/\/dmcsrb.com\/#\/schema\/person\/5c39170f12db1b8b457732d0b5c854e2","name":"dmcsrbija.com@gmail.com","image":{"@type":"ImageObject","inLanguage":"en-GB","@id":"https:\/\/secure.gravatar.com\/avatar\/68592660ad6347fad0fb587f8d5d8f1a7b44961362f56e4f2cd524feb87e9069?s=96&d=mm&r=g","url":"https:\/\/secure.gravatar.com\/avatar\/68592660ad6347fad0fb587f8d5d8f1a7b44961362f56e4f2cd524feb87e9069?s=96&d=mm&r=g","contentUrl":"https:\/\/secure.gravatar.com\/avatar\/68592660ad6347fad0fb587f8d5d8f1a7b44961362f56e4f2cd524feb87e9069?s=96&d=mm&r=g","caption":"dmcsrbija.com@gmail.com"},"sameAs":["https:\/\/dmcsrb.com"],"url":"https:\/\/dmcsrb.com\/en\/author\/dmcsrbija-comgmail-com\/"}]}},"_links":{"self":[{"href":"https:\/\/dmcsrb.com\/en\/wp-json\/wp\/v2\/posts\/953696","targetHints":{"allow":["GET"]}}],"collection":[{"href":"https:\/\/dmcsrb.com\/en\/wp-json\/wp\/v2\/posts"}],"about":[{"href":"https:\/\/dmcsrb.com\/en\/wp-json\/wp\/v2\/types\/post"}],"author":[{"embeddable":true,"href":"https:\/\/dmcsrb.com\/en\/wp-json\/wp\/v2\/users\/1"}],"replies":[{"embeddable":true,"href":"https:\/\/dmcsrb.com\/en\/wp-json\/wp\/v2\/comments?post=953696"}],"version-history":[{"count":0,"href":"https:\/\/dmcsrb.com\/en\/wp-json\/wp\/v2\/posts\/953696\/revisions"}],"wp:featuredmedia":[{"embeddable":true,"href":"https:\/\/dmcsrb.com\/en\/wp-json\/wp\/v2\/media\/908812"}],"wp:attachment":[{"href":"https:\/\/dmcsrb.com\/en\/wp-json\/wp\/v2\/media?parent=953696"}],"wp:term":[{"taxonomy":"category","embeddable":true,"href":"https:\/\/dmcsrb.com\/en\/wp-json\/wp\/v2\/categories?post=953696"},{"taxonomy":"post_tag","embeddable":true,"href":"https:\/\/dmcsrb.com\/en\/wp-json\/wp\/v2\/tags?post=953696"},{"taxonomy":"naslovna","embeddable":true,"href":"https:\/\/dmcsrb.com\/en\/wp-json\/wp\/v2\/naslovna?post=953696"}],"curies":[{"name":"wp","href":"https:\/\/api.w.org\/{rel}","templated":true}]}}