{"id":953648,"date":"2025-09-23T15:53:00","date_gmt":"2025-09-23T13:53:00","guid":{"rendered":"https:\/\/dmcsrb.com\/uncategorized\/potpisan-memorandum-o-formiranju-vaterpolo-regionalne-lige\/"},"modified":"2025-09-23T15:53:00","modified_gmt":"2025-09-23T13:53:00","slug":"potpisan-memorandum-o-formiranju-vaterpolo-regionalne-lige","status":"publish","type":"post","link":"https:\/\/dmcsrb.com\/en\/sport\/potpisan-memorandum-o-formiranju-vaterpolo-regionalne-lige\/","title":{"rendered":"Potpisan Memorandum o formiranju Vaterpolo regionalne lige"},"content":{"rendered":"<p><\/p>\n\n\n\n<p>U Premijer ligi \u0107e u\u010destvovati tri kluba iz Crne Gore \u2013 Jadran m:tel, Primorac i Budu\u0107nost One, a pet iz Srbije \u2013 Novi Beograd, Radni\u010dki, Partizan, \u0160abac i Crvena zvezda.<\/p>\n\n\n\n<p>Igra\u0107e se liga\u0161ki dio sezone, o pobjedniku \u0107e se odlu\u010divati na fajnl-foru.<\/p>\n\n\n\n<p>\u201cVjerujem da \u0107e ovo takmi\u010denje biti prekretnica za budu\u0107nost vaterpola na ovim prostorima\u201d, kazao je predsjednik VPSCG <strong>Nikola Mili\u0107<\/strong>.<\/p>\n\n\n\n<p>\u201cVaterpolo je najtrofejniji sport na prostorima biv\u0161e Jugoslavije, nadam se da \u0107e ovo takmi\u010denje podi\u0107i vaterpolo u na\u0161im zemljama podi\u0107i na ve\u0107i nivo\u201d, kazao je predsjednik VSS <strong>Viktor Jeleni\u0107<\/strong>.<\/p>\n\n\n\n<p>Predsjednici oba saveza naglasili su da je liga otvorena i za predstavnike Hrvatske, kojih ove sezone ne\u0107e u\u010destvovati u regionalnom takmi\u010denju.<\/p>\n\n\n\n<p>\u201c\u017dao mi je \u0161to liga nije ostala u istom formatu, jer je to bilo vjerovatno najja\u010de takmi\u010denje u Evropi. \u017delimo da po\u0161aljemo poruku da je Hrvatski vaterpolo savez itekako dobrodo\u0161ao da ponovo bude dio Vaterpolo regionalne lige. Tako bismo ligu u\u010dinili ja\u010dom i zanimljivijom. Ovo bi trebalo da posmatramo kao dobar sportski proizvod, kao osnov da bi se obezbijedili \u0161to bolji finansijski uslovi za budu\u0107nost takmi\u010denja i kako bi se potencijalni sponzori prona\u0161li interes za ulaganje\u201d, naglasio je Mili\u0107.<\/p>\n\n\n\n<p>\u201cJasno je da liga ne mo\u017ee da bude ista kao pro\u0161le sezone, ali nadam se da \u0107e svi problemi da se rije\u0161e i da \u0107e ve\u0107 od naredne sezone biti druga\u010dije. Najva\u017enije je da prona\u0111emo \u0161to vi\u0161e sponzora i ljudi koji \u017eele da pomognu vaterpolu. Finansije u na\u0161em malom sportu nisu velike, a mogu da daju velike rezultate\u201d, kazao je Jeleni\u0107.<\/p>\n\n\n\n<p>Prvi put \u0107e regionalna vaterpolo liga imati nagradni fond \u2013 pobjedniku \u0107e pripasti 50, drugoplasiranom 30, a tre\u0107eplasiranom 20 hiljada eura.<\/p>\n\n\n\n<p>\u201cMislim da je ti dobar pokazatelj u kom pravcu treba da idemo. Ne\u0161to smo ponudili, obe\u0107ali i dali klubovima, koji su, tako\u0111e, oslobo\u0111eni taksi za sudije i delegata. Ovo je, smatram, veliki korak naprijed, kojim \u0161aljemo jasnu poruku da vjerujemo da \u0107e u narednom periodu biti sve bolje\u201d, rekao je Nikola Mili\u0107.<\/p>\n\n\n\n<p>Sjedi\u0161te Regionalne vaterpolo lige bi\u0107e u Podgorici.<\/p>\n\n\n\n<p>\u201cMjesto je manje bitno u odnosu na odnose koje treba da gradimo i put kojim bi trebalo da idemo, ali za nas je to, ipak, zna\u010dajno, uz zahvalnost kolegama iz Srbije na povjerenju. Mislim da to pokazuje iskreni prijateljski odnos dva nacionalna saveza\u201d, rekao je Mili\u0107.<\/p>","protected":false},"excerpt":{"rendered":"<p>U Podgorici je danas potpisan Memorandum o formiranju Vaterpolo regionalne lige, \u010dime je i ozvani\u010den po\u010detak novog takmi\u010denja, u kome \u0107e u\u010destvati osam klubova iz Crne Gore i Srbije. Memorandum su potpisali Nikola Mili\u0107, predsjednik Vaterpolo i pliva\u010dkog saveza Crne Gore, i Viktor Jeleni\u0107, predsjednik Vaterpolo saveza Srbije.<\/p>","protected":false},"author":1,"featured_media":953649,"comment_status":"open","ping_status":"open","sticky":false,"template":"","format":"standard","meta":{"_acf_changed":false,"footnotes":""},"categories":[148],"tags":[1270,6136,9001,9002],"naslovna":[],"class_list":["post-953648","post","type-post","status-publish","format-standard","has-post-thumbnail","hentry","category-sport","tag-memorandum-o-saradnji","tag-nikola-milic","tag-vaterpolo-regionalna-liga","tag-viktor-jelenic"],"acf":[],"yoast_head":"<!-- This site is optimized with the Yoast SEO plugin v27.4 - https:\/\/yoast.com\/product\/yoast-seo-wordpress\/ -->\n<title>Potpisan Memorandum o formiranju Vaterpolo regionalne lige - dmcsrb.com<\/title>\n<meta name=\"robots\" content=\"index, follow, max-snippet:-1, max-image-preview:large, max-video-preview:-1\" \/>\n<link rel=\"canonical\" href=\"https:\/\/dmcsrb.com\/en\/sport\/potpisan-memorandum-o-formiranju-vaterpolo-regionalne-lige\/\" \/>\n<meta property=\"og:locale\" content=\"en_GB\" \/>\n<meta property=\"og:type\" content=\"article\" \/>\n<meta property=\"og:title\" content=\"Potpisan Memorandum o formiranju Vaterpolo regionalne lige - dmcsrb.com\" \/>\n<meta property=\"og:description\" content=\"U Podgorici je danas potpisan Memorandum o formiranju Vaterpolo regionalne lige, \u010dime je i ozvani\u010den po\u010detak novog takmi\u010denja, u kome \u0107e u\u010destvati osam klubova iz Crne Gore i Srbije. Memorandum su potpisali Nikola Mili\u0107, predsjednik Vaterpolo i pliva\u010dkog saveza Crne Gore, i Viktor Jeleni\u0107, predsjednik Vaterpolo saveza Srbije.\" \/>\n<meta property=\"og:url\" content=\"https:\/\/dmcsrb.com\/en\/sport\/potpisan-memorandum-o-formiranju-vaterpolo-regionalne-lige\/\" \/>\n<meta property=\"og:site_name\" content=\"dmcsrb.com\" \/>\n<meta property=\"article:published_time\" content=\"2025-09-23T13:53:00+00:00\" \/>\n<meta property=\"og:image\" content=\"https:\/\/dmcsrb.com\/wp-content\/uploads\/2026\/01\/memorandum-o-formiranju-regionalne-vaterpolo-lige.webp\" \/>\n\t<meta property=\"og:image:width\" content=\"801\" \/>\n\t<meta property=\"og:image:height\" content=\"491\" \/>\n\t<meta property=\"og:image:type\" content=\"image\/jpeg\" \/>\n<meta name=\"author\" content=\"dmcsrbija.com@gmail.com\" \/>\n<meta name=\"twitter:card\" content=\"summary_large_image\" \/>\n<meta name=\"twitter:label1\" content=\"Written by\" \/>\n\t<meta name=\"twitter:data1\" content=\"dmcsrbija.com@gmail.com\" \/>\n\t<meta name=\"twitter:label2\" content=\"Estimated reading time\" \/>\n\t<meta name=\"twitter:data2\" content=\"2 minutes\" \/>\n<script type=\"application\/ld+json\" class=\"yoast-schema-graph\">{\"@context\":\"https:\\\/\\\/schema.org\",\"@graph\":[{\"@type\":\"Article\",\"@id\":\"https:\\\/\\\/dmcsrb.com\\\/sport\\\/potpisan-memorandum-o-formiranju-vaterpolo-regionalne-lige\\\/#article\",\"isPartOf\":{\"@id\":\"https:\\\/\\\/dmcsrb.com\\\/sport\\\/potpisan-memorandum-o-formiranju-vaterpolo-regionalne-lige\\\/\"},\"author\":{\"name\":\"dmcsrbija.com@gmail.com\",\"@id\":\"https:\\\/\\\/dmcsrb.com\\\/#\\\/schema\\\/person\\\/5c39170f12db1b8b457732d0b5c854e2\"},\"headline\":\"Potpisan Memorandum o formiranju Vaterpolo regionalne lige\",\"datePublished\":\"2025-09-23T13:53:00+00:00\",\"mainEntityOfPage\":{\"@id\":\"https:\\\/\\\/dmcsrb.com\\\/sport\\\/potpisan-memorandum-o-formiranju-vaterpolo-regionalne-lige\\\/\"},\"wordCount\":421,\"commentCount\":0,\"image\":{\"@id\":\"https:\\\/\\\/dmcsrb.com\\\/sport\\\/potpisan-memorandum-o-formiranju-vaterpolo-regionalne-lige\\\/#primaryimage\"},\"thumbnailUrl\":\"https:\\\/\\\/dmcsrb.com\\\/wp-content\\\/uploads\\\/2026\\\/01\\\/memorandum-o-formiranju-regionalne-vaterpolo-lige.webp\",\"keywords\":[\"memorandum o saradnji\",\"Nikola Mili\u0107\",\"Vaterpolo regionalna liga\",\"Viktor Jeleni\u0107\"],\"articleSection\":[\"Sport\"],\"inLanguage\":\"en-GB\",\"potentialAction\":[{\"@type\":\"CommentAction\",\"name\":\"Comment\",\"target\":[\"https:\\\/\\\/dmcsrb.com\\\/sport\\\/potpisan-memorandum-o-formiranju-vaterpolo-regionalne-lige\\\/#respond\"]}]},{\"@type\":\"WebPage\",\"@id\":\"https:\\\/\\\/dmcsrb.com\\\/sport\\\/potpisan-memorandum-o-formiranju-vaterpolo-regionalne-lige\\\/\",\"url\":\"https:\\\/\\\/dmcsrb.com\\\/sport\\\/potpisan-memorandum-o-formiranju-vaterpolo-regionalne-lige\\\/\",\"name\":\"Potpisan Memorandum o formiranju Vaterpolo regionalne lige - dmcsrb.com\",\"isPartOf\":{\"@id\":\"https:\\\/\\\/dmcsrb.com\\\/#website\"},\"primaryImageOfPage\":{\"@id\":\"https:\\\/\\\/dmcsrb.com\\\/sport\\\/potpisan-memorandum-o-formiranju-vaterpolo-regionalne-lige\\\/#primaryimage\"},\"image\":{\"@id\":\"https:\\\/\\\/dmcsrb.com\\\/sport\\\/potpisan-memorandum-o-formiranju-vaterpolo-regionalne-lige\\\/#primaryimage\"},\"thumbnailUrl\":\"https:\\\/\\\/dmcsrb.com\\\/wp-content\\\/uploads\\\/2026\\\/01\\\/memorandum-o-formiranju-regionalne-vaterpolo-lige.webp\",\"datePublished\":\"2025-09-23T13:53:00+00:00\",\"author\":{\"@id\":\"https:\\\/\\\/dmcsrb.com\\\/#\\\/schema\\\/person\\\/5c39170f12db1b8b457732d0b5c854e2\"},\"breadcrumb\":{\"@id\":\"https:\\\/\\\/dmcsrb.com\\\/sport\\\/potpisan-memorandum-o-formiranju-vaterpolo-regionalne-lige\\\/#breadcrumb\"},\"inLanguage\":\"en-GB\",\"potentialAction\":[{\"@type\":\"ReadAction\",\"target\":[\"https:\\\/\\\/dmcsrb.com\\\/sport\\\/potpisan-memorandum-o-formiranju-vaterpolo-regionalne-lige\\\/\"]}]},{\"@type\":\"ImageObject\",\"inLanguage\":\"en-GB\",\"@id\":\"https:\\\/\\\/dmcsrb.com\\\/sport\\\/potpisan-memorandum-o-formiranju-vaterpolo-regionalne-lige\\\/#primaryimage\",\"url\":\"https:\\\/\\\/dmcsrb.com\\\/wp-content\\\/uploads\\\/2026\\\/01\\\/memorandum-o-formiranju-regionalne-vaterpolo-lige.webp\",\"contentUrl\":\"https:\\\/\\\/dmcsrb.com\\\/wp-content\\\/uploads\\\/2026\\\/01\\\/memorandum-o-formiranju-regionalne-vaterpolo-lige.webp\",\"width\":801,\"height\":491},{\"@type\":\"BreadcrumbList\",\"@id\":\"https:\\\/\\\/dmcsrb.com\\\/sport\\\/potpisan-memorandum-o-formiranju-vaterpolo-regionalne-lige\\\/#breadcrumb\",\"itemListElement\":[{\"@type\":\"ListItem\",\"position\":1,\"name\":\"Home\",\"item\":\"https:\\\/\\\/dmcsrb.com\\\/\"},{\"@type\":\"ListItem\",\"position\":2,\"name\":\"Potpisan Memorandum o formiranju Vaterpolo regionalne lige\"}]},{\"@type\":\"WebSite\",\"@id\":\"https:\\\/\\\/dmcsrb.com\\\/#website\",\"url\":\"https:\\\/\\\/dmcsrb.com\\\/\",\"name\":\"dmcsrb.com\",\"description\":\"\",\"potentialAction\":[{\"@type\":\"SearchAction\",\"target\":{\"@type\":\"EntryPoint\",\"urlTemplate\":\"https:\\\/\\\/dmcsrb.com\\\/?s={search_term_string}\"},\"query-input\":{\"@type\":\"PropertyValueSpecification\",\"valueRequired\":true,\"valueName\":\"search_term_string\"}}],\"inLanguage\":\"en-GB\"},{\"@type\":\"Person\",\"@id\":\"https:\\\/\\\/dmcsrb.com\\\/#\\\/schema\\\/person\\\/5c39170f12db1b8b457732d0b5c854e2\",\"name\":\"dmcsrbija.com@gmail.com\",\"image\":{\"@type\":\"ImageObject\",\"inLanguage\":\"en-GB\",\"@id\":\"https:\\\/\\\/secure.gravatar.com\\\/avatar\\\/68592660ad6347fad0fb587f8d5d8f1a7b44961362f56e4f2cd524feb87e9069?s=96&d=mm&r=g\",\"url\":\"https:\\\/\\\/secure.gravatar.com\\\/avatar\\\/68592660ad6347fad0fb587f8d5d8f1a7b44961362f56e4f2cd524feb87e9069?s=96&d=mm&r=g\",\"contentUrl\":\"https:\\\/\\\/secure.gravatar.com\\\/avatar\\\/68592660ad6347fad0fb587f8d5d8f1a7b44961362f56e4f2cd524feb87e9069?s=96&d=mm&r=g\",\"caption\":\"dmcsrbija.com@gmail.com\"},\"sameAs\":[\"https:\\\/\\\/dmcsrb.com\"],\"url\":\"https:\\\/\\\/dmcsrb.com\\\/en\\\/author\\\/dmcsrbija-comgmail-com\\\/\"}]}<\/script>\n<!-- \/ Yoast SEO plugin. -->","yoast_head_json":{"title":"Potpisan Memorandum o formiranju Vaterpolo regionalne lige - dmcsrb.com","robots":{"index":"index","follow":"follow","max-snippet":"max-snippet:-1","max-image-preview":"max-image-preview:large","max-video-preview":"max-video-preview:-1"},"canonical":"https:\/\/dmcsrb.com\/en\/sport\/potpisan-memorandum-o-formiranju-vaterpolo-regionalne-lige\/","og_locale":"en_GB","og_type":"article","og_title":"Potpisan Memorandum o formiranju Vaterpolo regionalne lige - dmcsrb.com","og_description":"U Podgorici je danas potpisan Memorandum o formiranju Vaterpolo regionalne lige, \u010dime je i ozvani\u010den po\u010detak novog takmi\u010denja, u kome \u0107e u\u010destvati osam klubova iz Crne Gore i Srbije. Memorandum su potpisali Nikola Mili\u0107, predsjednik Vaterpolo i pliva\u010dkog saveza Crne Gore, i Viktor Jeleni\u0107, predsjednik Vaterpolo saveza Srbije.","og_url":"https:\/\/dmcsrb.com\/en\/sport\/potpisan-memorandum-o-formiranju-vaterpolo-regionalne-lige\/","og_site_name":"dmcsrb.com","article_published_time":"2025-09-23T13:53:00+00:00","og_image":[{"width":801,"height":491,"url":"https:\/\/dmcsrb.com\/wp-content\/uploads\/2026\/01\/memorandum-o-formiranju-regionalne-vaterpolo-lige.webp","type":"image\/jpeg"}],"author":"dmcsrbija.com@gmail.com","twitter_card":"summary_large_image","twitter_misc":{"Written by":"dmcsrbija.com@gmail.com","Estimated reading time":"2 minutes"},"schema":{"@context":"https:\/\/schema.org","@graph":[{"@type":"Article","@id":"https:\/\/dmcsrb.com\/sport\/potpisan-memorandum-o-formiranju-vaterpolo-regionalne-lige\/#article","isPartOf":{"@id":"https:\/\/dmcsrb.com\/sport\/potpisan-memorandum-o-formiranju-vaterpolo-regionalne-lige\/"},"author":{"name":"dmcsrbija.com@gmail.com","@id":"https:\/\/dmcsrb.com\/#\/schema\/person\/5c39170f12db1b8b457732d0b5c854e2"},"headline":"Potpisan Memorandum o formiranju Vaterpolo regionalne lige","datePublished":"2025-09-23T13:53:00+00:00","mainEntityOfPage":{"@id":"https:\/\/dmcsrb.com\/sport\/potpisan-memorandum-o-formiranju-vaterpolo-regionalne-lige\/"},"wordCount":421,"commentCount":0,"image":{"@id":"https:\/\/dmcsrb.com\/sport\/potpisan-memorandum-o-formiranju-vaterpolo-regionalne-lige\/#primaryimage"},"thumbnailUrl":"https:\/\/dmcsrb.com\/wp-content\/uploads\/2026\/01\/memorandum-o-formiranju-regionalne-vaterpolo-lige.webp","keywords":["memorandum o saradnji","Nikola Mili\u0107","Vaterpolo regionalna liga","Viktor Jeleni\u0107"],"articleSection":["Sport"],"inLanguage":"en-GB","potentialAction":[{"@type":"CommentAction","name":"Comment","target":["https:\/\/dmcsrb.com\/sport\/potpisan-memorandum-o-formiranju-vaterpolo-regionalne-lige\/#respond"]}]},{"@type":"WebPage","@id":"https:\/\/dmcsrb.com\/sport\/potpisan-memorandum-o-formiranju-vaterpolo-regionalne-lige\/","url":"https:\/\/dmcsrb.com\/sport\/potpisan-memorandum-o-formiranju-vaterpolo-regionalne-lige\/","name":"Potpisan Memorandum o formiranju Vaterpolo regionalne lige - dmcsrb.com","isPartOf":{"@id":"https:\/\/dmcsrb.com\/#website"},"primaryImageOfPage":{"@id":"https:\/\/dmcsrb.com\/sport\/potpisan-memorandum-o-formiranju-vaterpolo-regionalne-lige\/#primaryimage"},"image":{"@id":"https:\/\/dmcsrb.com\/sport\/potpisan-memorandum-o-formiranju-vaterpolo-regionalne-lige\/#primaryimage"},"thumbnailUrl":"https:\/\/dmcsrb.com\/wp-content\/uploads\/2026\/01\/memorandum-o-formiranju-regionalne-vaterpolo-lige.webp","datePublished":"2025-09-23T13:53:00+00:00","author":{"@id":"https:\/\/dmcsrb.com\/#\/schema\/person\/5c39170f12db1b8b457732d0b5c854e2"},"breadcrumb":{"@id":"https:\/\/dmcsrb.com\/sport\/potpisan-memorandum-o-formiranju-vaterpolo-regionalne-lige\/#breadcrumb"},"inLanguage":"en-GB","potentialAction":[{"@type":"ReadAction","target":["https:\/\/dmcsrb.com\/sport\/potpisan-memorandum-o-formiranju-vaterpolo-regionalne-lige\/"]}]},{"@type":"ImageObject","inLanguage":"en-GB","@id":"https:\/\/dmcsrb.com\/sport\/potpisan-memorandum-o-formiranju-vaterpolo-regionalne-lige\/#primaryimage","url":"https:\/\/dmcsrb.com\/wp-content\/uploads\/2026\/01\/memorandum-o-formiranju-regionalne-vaterpolo-lige.webp","contentUrl":"https:\/\/dmcsrb.com\/wp-content\/uploads\/2026\/01\/memorandum-o-formiranju-regionalne-vaterpolo-lige.webp","width":801,"height":491},{"@type":"BreadcrumbList","@id":"https:\/\/dmcsrb.com\/sport\/potpisan-memorandum-o-formiranju-vaterpolo-regionalne-lige\/#breadcrumb","itemListElement":[{"@type":"ListItem","position":1,"name":"Home","item":"https:\/\/dmcsrb.com\/"},{"@type":"ListItem","position":2,"name":"Potpisan Memorandum o formiranju Vaterpolo regionalne lige"}]},{"@type":"WebSite","@id":"https:\/\/dmcsrb.com\/#website","url":"https:\/\/dmcsrb.com\/","name":"dmcsrb.com","description":"","potentialAction":[{"@type":"SearchAction","target":{"@type":"EntryPoint","urlTemplate":"https:\/\/dmcsrb.com\/?s={search_term_string}"},"query-input":{"@type":"PropertyValueSpecification","valueRequired":true,"valueName":"search_term_string"}}],"inLanguage":"en-GB"},{"@type":"Person","@id":"https:\/\/dmcsrb.com\/#\/schema\/person\/5c39170f12db1b8b457732d0b5c854e2","name":"dmcsrbija.com@gmail.com","image":{"@type":"ImageObject","inLanguage":"en-GB","@id":"https:\/\/secure.gravatar.com\/avatar\/68592660ad6347fad0fb587f8d5d8f1a7b44961362f56e4f2cd524feb87e9069?s=96&d=mm&r=g","url":"https:\/\/secure.gravatar.com\/avatar\/68592660ad6347fad0fb587f8d5d8f1a7b44961362f56e4f2cd524feb87e9069?s=96&d=mm&r=g","contentUrl":"https:\/\/secure.gravatar.com\/avatar\/68592660ad6347fad0fb587f8d5d8f1a7b44961362f56e4f2cd524feb87e9069?s=96&d=mm&r=g","caption":"dmcsrbija.com@gmail.com"},"sameAs":["https:\/\/dmcsrb.com"],"url":"https:\/\/dmcsrb.com\/en\/author\/dmcsrbija-comgmail-com\/"}]}},"_links":{"self":[{"href":"https:\/\/dmcsrb.com\/en\/wp-json\/wp\/v2\/posts\/953648","targetHints":{"allow":["GET"]}}],"collection":[{"href":"https:\/\/dmcsrb.com\/en\/wp-json\/wp\/v2\/posts"}],"about":[{"href":"https:\/\/dmcsrb.com\/en\/wp-json\/wp\/v2\/types\/post"}],"author":[{"embeddable":true,"href":"https:\/\/dmcsrb.com\/en\/wp-json\/wp\/v2\/users\/1"}],"replies":[{"embeddable":true,"href":"https:\/\/dmcsrb.com\/en\/wp-json\/wp\/v2\/comments?post=953648"}],"version-history":[{"count":0,"href":"https:\/\/dmcsrb.com\/en\/wp-json\/wp\/v2\/posts\/953648\/revisions"}],"wp:featuredmedia":[{"embeddable":true,"href":"https:\/\/dmcsrb.com\/en\/wp-json\/wp\/v2\/media\/953649"}],"wp:attachment":[{"href":"https:\/\/dmcsrb.com\/en\/wp-json\/wp\/v2\/media?parent=953648"}],"wp:term":[{"taxonomy":"category","embeddable":true,"href":"https:\/\/dmcsrb.com\/en\/wp-json\/wp\/v2\/categories?post=953648"},{"taxonomy":"post_tag","embeddable":true,"href":"https:\/\/dmcsrb.com\/en\/wp-json\/wp\/v2\/tags?post=953648"},{"taxonomy":"naslovna","embeddable":true,"href":"https:\/\/dmcsrb.com\/en\/wp-json\/wp\/v2\/naslovna?post=953648"}],"curies":[{"name":"wp","href":"https:\/\/api.w.org\/{rel}","templated":true}]}}