{"id":953647,"date":"2025-09-23T15:12:07","date_gmt":"2025-09-23T13:12:07","guid":{"rendered":"https:\/\/dmcsrb.com\/uncategorized\/vdt-odluka-u-predmetu-telekom-pravilna-i-zakonita\/"},"modified":"2025-09-23T15:12:07","modified_gmt":"2025-09-23T13:12:07","slug":"vdt-odluka-u-predmetu-telekom-pravilna-i-zakonita","status":"publish","type":"post","link":"https:\/\/dmcsrb.com\/en\/hronika\/vdt-odluka-u-predmetu-telekom-pravilna-i-zakonita\/","title":{"rendered":"VDT: Odluka u predmetu &#8220;Telekom&#8221; pravilna i zakonita"},"content":{"rendered":"<p><\/p>\n\n\n\n<p><\/p>\n\n\n\n<p><\/p>\n\n\n\n<p>&#8220;Povodom javnih navoda pojedinih medija i drugih subjekata u vezi sa predmetom protiv M.\u0110. i drugih, upoznajemo javnost da je zastarjelost krivi\u010dnog gonjenja za krivi\u010dna djela zloupotreba slu\u017ebenog polo\u017eaja i&nbsp;zloupotreba slu\u017ebenog polo\u017eaja&nbsp;putem pomaganja nastupila istekom 31.3.2015. godine, za krivi\u010dno djelo davanje mita istekom 15.5.2011.godine i za krivi\u010dno djelo pranje novca istekom 15.5.2016. godine, odnosno znatno prije podno\u0161enja krivi\u010dne prijave koju je nevladina organizacija Mre\u017ea za afirmaciju nevladinog sektora podnijela 1. marta 2019. godine&#8221;, naveli su oni.<\/p>\n\n\n\n<p>Kako su dodali, za krivi\u010dna djela primanje mita i primanje mita pomaganjem, koja su tako\u0111e predmet krivi\u010dne prijave, zastarjelost krivi\u010dnog gonjenja je nastupila istekom 15. maja 2021. godine.<\/p>\n\n\n\n<p>&#8220;Ali odgovornost za to je na ranijem obra\u0111iva\u010du predmeta u odnosu na onog koji je donio odluku i ranijem rukovodiocu Specijalnog dr\u017eavnog tu\u017eila\u0161tva. Iz tog razloga je protiv ranijeg obra\u0111iva\u010da predmeta, glavni specijalni tu\u017eilac Tu\u017eila\u010dkom savjetu podnio predlog za utvr\u0111avanje discplinske odgovornosti. Posebno ukazujemo da kada nastupi zastarjelost krivi\u010dnog gonjenja, specijalni tu\u017eilac po zakonu ne mo\u017ee da preduzima ni jednu procesnu radnju radi provjere navoda prijave i utvr\u0111ivanja njene osnovanosti&#8221;, zaklju\u010dili su oni.<\/p>","protected":false},"excerpt":{"rendered":"<p>Iz Vrhovnog dr\u017eavnog tu\u017eila\u0161tva oglasili su se povodom javnih reakcija nakon odluke da je SDT pravilno utvrdilo zastaru u slu\u010daju &#8220;Telekom&#8221;.<\/p>","protected":false},"author":1,"featured_media":910349,"comment_status":"open","ping_status":"open","sticky":false,"template":"","format":"standard","meta":{"_acf_changed":false,"footnotes":""},"categories":[17],"tags":[8980,492],"naslovna":[],"class_list":["post-953647","post","type-post","status-publish","format-standard","has-post-thumbnail","hentry","category-hronika","tag-telekom","tag-vdt"],"acf":[],"yoast_head":"<!-- This site is optimized with the Yoast SEO plugin v27.4 - https:\/\/yoast.com\/product\/yoast-seo-wordpress\/ -->\n<title>VDT: Odluka u predmetu &quot;Telekom&quot; pravilna i zakonita - dmcsrb.com<\/title>\n<meta name=\"robots\" content=\"index, follow, max-snippet:-1, max-image-preview:large, max-video-preview:-1\" \/>\n<link rel=\"canonical\" href=\"https:\/\/dmcsrb.com\/en\/hronika\/vdt-odluka-u-predmetu-telekom-pravilna-i-zakonita\/\" \/>\n<meta property=\"og:locale\" content=\"en_GB\" \/>\n<meta property=\"og:type\" content=\"article\" \/>\n<meta property=\"og:title\" content=\"VDT: Odluka u predmetu &quot;Telekom&quot; pravilna i zakonita - dmcsrb.com\" \/>\n<meta property=\"og:description\" content=\"Iz Vrhovnog dr\u017eavnog tu\u017eila\u0161tva oglasili su se povodom javnih reakcija nakon odluke da je SDT pravilno utvrdilo zastaru u slu\u010daju &quot;Telekom&quot;.\" \/>\n<meta property=\"og:url\" content=\"https:\/\/dmcsrb.com\/en\/hronika\/vdt-odluka-u-predmetu-telekom-pravilna-i-zakonita\/\" \/>\n<meta property=\"og:site_name\" content=\"dmcsrb.com\" \/>\n<meta property=\"article:published_time\" content=\"2025-09-23T13:12:07+00:00\" \/>\n<meta property=\"og:image\" content=\"https:\/\/dmcsrb.com\/wp-content\/uploads\/2026\/01\/Vrhovno-drzavno-tuzilastvo-VDT.jpg\" \/>\n\t<meta property=\"og:image:width\" content=\"902\" \/>\n\t<meta property=\"og:image:height\" content=\"523\" \/>\n\t<meta property=\"og:image:type\" content=\"image\/jpeg\" \/>\n<meta name=\"author\" content=\"dmcsrbija.com@gmail.com\" \/>\n<meta name=\"twitter:card\" content=\"summary_large_image\" \/>\n<meta name=\"twitter:label1\" content=\"Written by\" \/>\n\t<meta name=\"twitter:data1\" content=\"dmcsrbija.com@gmail.com\" \/>\n\t<meta name=\"twitter:label2\" content=\"Estimated reading time\" \/>\n\t<meta name=\"twitter:data2\" content=\"1 minute\" \/>\n<script type=\"application\/ld+json\" class=\"yoast-schema-graph\">{\"@context\":\"https:\\\/\\\/schema.org\",\"@graph\":[{\"@type\":\"Article\",\"@id\":\"https:\\\/\\\/dmcsrb.com\\\/hronika\\\/vdt-odluka-u-predmetu-telekom-pravilna-i-zakonita\\\/#article\",\"isPartOf\":{\"@id\":\"https:\\\/\\\/dmcsrb.com\\\/hronika\\\/vdt-odluka-u-predmetu-telekom-pravilna-i-zakonita\\\/\"},\"author\":{\"name\":\"dmcsrbija.com@gmail.com\",\"@id\":\"https:\\\/\\\/dmcsrb.com\\\/#\\\/schema\\\/person\\\/5c39170f12db1b8b457732d0b5c854e2\"},\"headline\":\"VDT: Odluka u predmetu &#8220;Telekom&#8221; pravilna i zakonita\",\"datePublished\":\"2025-09-23T13:12:07+00:00\",\"mainEntityOfPage\":{\"@id\":\"https:\\\/\\\/dmcsrb.com\\\/hronika\\\/vdt-odluka-u-predmetu-telekom-pravilna-i-zakonita\\\/\"},\"wordCount\":214,\"commentCount\":0,\"image\":{\"@id\":\"https:\\\/\\\/dmcsrb.com\\\/hronika\\\/vdt-odluka-u-predmetu-telekom-pravilna-i-zakonita\\\/#primaryimage\"},\"thumbnailUrl\":\"https:\\\/\\\/dmcsrb.com\\\/wp-content\\\/uploads\\\/2026\\\/01\\\/Vrhovno-drzavno-tuzilastvo-VDT.jpg\",\"keywords\":[\"Telekom\",\"VDT\"],\"articleSection\":[\"Hronika\"],\"inLanguage\":\"en-GB\",\"potentialAction\":[{\"@type\":\"CommentAction\",\"name\":\"Comment\",\"target\":[\"https:\\\/\\\/dmcsrb.com\\\/hronika\\\/vdt-odluka-u-predmetu-telekom-pravilna-i-zakonita\\\/#respond\"]}]},{\"@type\":\"WebPage\",\"@id\":\"https:\\\/\\\/dmcsrb.com\\\/hronika\\\/vdt-odluka-u-predmetu-telekom-pravilna-i-zakonita\\\/\",\"url\":\"https:\\\/\\\/dmcsrb.com\\\/hronika\\\/vdt-odluka-u-predmetu-telekom-pravilna-i-zakonita\\\/\",\"name\":\"VDT: Odluka u predmetu \\\"Telekom\\\" pravilna i zakonita - dmcsrb.com\",\"isPartOf\":{\"@id\":\"https:\\\/\\\/dmcsrb.com\\\/#website\"},\"primaryImageOfPage\":{\"@id\":\"https:\\\/\\\/dmcsrb.com\\\/hronika\\\/vdt-odluka-u-predmetu-telekom-pravilna-i-zakonita\\\/#primaryimage\"},\"image\":{\"@id\":\"https:\\\/\\\/dmcsrb.com\\\/hronika\\\/vdt-odluka-u-predmetu-telekom-pravilna-i-zakonita\\\/#primaryimage\"},\"thumbnailUrl\":\"https:\\\/\\\/dmcsrb.com\\\/wp-content\\\/uploads\\\/2026\\\/01\\\/Vrhovno-drzavno-tuzilastvo-VDT.jpg\",\"datePublished\":\"2025-09-23T13:12:07+00:00\",\"author\":{\"@id\":\"https:\\\/\\\/dmcsrb.com\\\/#\\\/schema\\\/person\\\/5c39170f12db1b8b457732d0b5c854e2\"},\"breadcrumb\":{\"@id\":\"https:\\\/\\\/dmcsrb.com\\\/hronika\\\/vdt-odluka-u-predmetu-telekom-pravilna-i-zakonita\\\/#breadcrumb\"},\"inLanguage\":\"en-GB\",\"potentialAction\":[{\"@type\":\"ReadAction\",\"target\":[\"https:\\\/\\\/dmcsrb.com\\\/hronika\\\/vdt-odluka-u-predmetu-telekom-pravilna-i-zakonita\\\/\"]}]},{\"@type\":\"ImageObject\",\"inLanguage\":\"en-GB\",\"@id\":\"https:\\\/\\\/dmcsrb.com\\\/hronika\\\/vdt-odluka-u-predmetu-telekom-pravilna-i-zakonita\\\/#primaryimage\",\"url\":\"https:\\\/\\\/dmcsrb.com\\\/wp-content\\\/uploads\\\/2026\\\/01\\\/Vrhovno-drzavno-tuzilastvo-VDT.jpg\",\"contentUrl\":\"https:\\\/\\\/dmcsrb.com\\\/wp-content\\\/uploads\\\/2026\\\/01\\\/Vrhovno-drzavno-tuzilastvo-VDT.jpg\",\"width\":902,\"height\":523},{\"@type\":\"BreadcrumbList\",\"@id\":\"https:\\\/\\\/dmcsrb.com\\\/hronika\\\/vdt-odluka-u-predmetu-telekom-pravilna-i-zakonita\\\/#breadcrumb\",\"itemListElement\":[{\"@type\":\"ListItem\",\"position\":1,\"name\":\"Home\",\"item\":\"https:\\\/\\\/dmcsrb.com\\\/\"},{\"@type\":\"ListItem\",\"position\":2,\"name\":\"VDT: Odluka u predmetu &#8220;Telekom&#8221; pravilna i zakonita\"}]},{\"@type\":\"WebSite\",\"@id\":\"https:\\\/\\\/dmcsrb.com\\\/#website\",\"url\":\"https:\\\/\\\/dmcsrb.com\\\/\",\"name\":\"dmcsrb.com\",\"description\":\"\",\"potentialAction\":[{\"@type\":\"SearchAction\",\"target\":{\"@type\":\"EntryPoint\",\"urlTemplate\":\"https:\\\/\\\/dmcsrb.com\\\/?s={search_term_string}\"},\"query-input\":{\"@type\":\"PropertyValueSpecification\",\"valueRequired\":true,\"valueName\":\"search_term_string\"}}],\"inLanguage\":\"en-GB\"},{\"@type\":\"Person\",\"@id\":\"https:\\\/\\\/dmcsrb.com\\\/#\\\/schema\\\/person\\\/5c39170f12db1b8b457732d0b5c854e2\",\"name\":\"dmcsrbija.com@gmail.com\",\"image\":{\"@type\":\"ImageObject\",\"inLanguage\":\"en-GB\",\"@id\":\"https:\\\/\\\/secure.gravatar.com\\\/avatar\\\/68592660ad6347fad0fb587f8d5d8f1a7b44961362f56e4f2cd524feb87e9069?s=96&d=mm&r=g\",\"url\":\"https:\\\/\\\/secure.gravatar.com\\\/avatar\\\/68592660ad6347fad0fb587f8d5d8f1a7b44961362f56e4f2cd524feb87e9069?s=96&d=mm&r=g\",\"contentUrl\":\"https:\\\/\\\/secure.gravatar.com\\\/avatar\\\/68592660ad6347fad0fb587f8d5d8f1a7b44961362f56e4f2cd524feb87e9069?s=96&d=mm&r=g\",\"caption\":\"dmcsrbija.com@gmail.com\"},\"sameAs\":[\"https:\\\/\\\/dmcsrb.com\"],\"url\":\"https:\\\/\\\/dmcsrb.com\\\/en\\\/author\\\/dmcsrbija-comgmail-com\\\/\"}]}<\/script>\n<!-- \/ Yoast SEO plugin. -->","yoast_head_json":{"title":"VDT: Odluka u predmetu \"Telekom\" pravilna i zakonita - dmcsrb.com","robots":{"index":"index","follow":"follow","max-snippet":"max-snippet:-1","max-image-preview":"max-image-preview:large","max-video-preview":"max-video-preview:-1"},"canonical":"https:\/\/dmcsrb.com\/en\/hronika\/vdt-odluka-u-predmetu-telekom-pravilna-i-zakonita\/","og_locale":"en_GB","og_type":"article","og_title":"VDT: Odluka u predmetu \"Telekom\" pravilna i zakonita - dmcsrb.com","og_description":"Iz Vrhovnog dr\u017eavnog tu\u017eila\u0161tva oglasili su se povodom javnih reakcija nakon odluke da je SDT pravilno utvrdilo zastaru u slu\u010daju \"Telekom\".","og_url":"https:\/\/dmcsrb.com\/en\/hronika\/vdt-odluka-u-predmetu-telekom-pravilna-i-zakonita\/","og_site_name":"dmcsrb.com","article_published_time":"2025-09-23T13:12:07+00:00","og_image":[{"width":902,"height":523,"url":"https:\/\/dmcsrb.com\/wp-content\/uploads\/2026\/01\/Vrhovno-drzavno-tuzilastvo-VDT.jpg","type":"image\/jpeg"}],"author":"dmcsrbija.com@gmail.com","twitter_card":"summary_large_image","twitter_misc":{"Written by":"dmcsrbija.com@gmail.com","Estimated reading time":"1 minute"},"schema":{"@context":"https:\/\/schema.org","@graph":[{"@type":"Article","@id":"https:\/\/dmcsrb.com\/hronika\/vdt-odluka-u-predmetu-telekom-pravilna-i-zakonita\/#article","isPartOf":{"@id":"https:\/\/dmcsrb.com\/hronika\/vdt-odluka-u-predmetu-telekom-pravilna-i-zakonita\/"},"author":{"name":"dmcsrbija.com@gmail.com","@id":"https:\/\/dmcsrb.com\/#\/schema\/person\/5c39170f12db1b8b457732d0b5c854e2"},"headline":"VDT: Odluka u predmetu &#8220;Telekom&#8221; pravilna i zakonita","datePublished":"2025-09-23T13:12:07+00:00","mainEntityOfPage":{"@id":"https:\/\/dmcsrb.com\/hronika\/vdt-odluka-u-predmetu-telekom-pravilna-i-zakonita\/"},"wordCount":214,"commentCount":0,"image":{"@id":"https:\/\/dmcsrb.com\/hronika\/vdt-odluka-u-predmetu-telekom-pravilna-i-zakonita\/#primaryimage"},"thumbnailUrl":"https:\/\/dmcsrb.com\/wp-content\/uploads\/2026\/01\/Vrhovno-drzavno-tuzilastvo-VDT.jpg","keywords":["Telekom","VDT"],"articleSection":["Hronika"],"inLanguage":"en-GB","potentialAction":[{"@type":"CommentAction","name":"Comment","target":["https:\/\/dmcsrb.com\/hronika\/vdt-odluka-u-predmetu-telekom-pravilna-i-zakonita\/#respond"]}]},{"@type":"WebPage","@id":"https:\/\/dmcsrb.com\/hronika\/vdt-odluka-u-predmetu-telekom-pravilna-i-zakonita\/","url":"https:\/\/dmcsrb.com\/hronika\/vdt-odluka-u-predmetu-telekom-pravilna-i-zakonita\/","name":"VDT: Odluka u predmetu \"Telekom\" pravilna i zakonita - dmcsrb.com","isPartOf":{"@id":"https:\/\/dmcsrb.com\/#website"},"primaryImageOfPage":{"@id":"https:\/\/dmcsrb.com\/hronika\/vdt-odluka-u-predmetu-telekom-pravilna-i-zakonita\/#primaryimage"},"image":{"@id":"https:\/\/dmcsrb.com\/hronika\/vdt-odluka-u-predmetu-telekom-pravilna-i-zakonita\/#primaryimage"},"thumbnailUrl":"https:\/\/dmcsrb.com\/wp-content\/uploads\/2026\/01\/Vrhovno-drzavno-tuzilastvo-VDT.jpg","datePublished":"2025-09-23T13:12:07+00:00","author":{"@id":"https:\/\/dmcsrb.com\/#\/schema\/person\/5c39170f12db1b8b457732d0b5c854e2"},"breadcrumb":{"@id":"https:\/\/dmcsrb.com\/hronika\/vdt-odluka-u-predmetu-telekom-pravilna-i-zakonita\/#breadcrumb"},"inLanguage":"en-GB","potentialAction":[{"@type":"ReadAction","target":["https:\/\/dmcsrb.com\/hronika\/vdt-odluka-u-predmetu-telekom-pravilna-i-zakonita\/"]}]},{"@type":"ImageObject","inLanguage":"en-GB","@id":"https:\/\/dmcsrb.com\/hronika\/vdt-odluka-u-predmetu-telekom-pravilna-i-zakonita\/#primaryimage","url":"https:\/\/dmcsrb.com\/wp-content\/uploads\/2026\/01\/Vrhovno-drzavno-tuzilastvo-VDT.jpg","contentUrl":"https:\/\/dmcsrb.com\/wp-content\/uploads\/2026\/01\/Vrhovno-drzavno-tuzilastvo-VDT.jpg","width":902,"height":523},{"@type":"BreadcrumbList","@id":"https:\/\/dmcsrb.com\/hronika\/vdt-odluka-u-predmetu-telekom-pravilna-i-zakonita\/#breadcrumb","itemListElement":[{"@type":"ListItem","position":1,"name":"Home","item":"https:\/\/dmcsrb.com\/"},{"@type":"ListItem","position":2,"name":"VDT: Odluka u predmetu &#8220;Telekom&#8221; pravilna i zakonita"}]},{"@type":"WebSite","@id":"https:\/\/dmcsrb.com\/#website","url":"https:\/\/dmcsrb.com\/","name":"dmcsrb.com","description":"","potentialAction":[{"@type":"SearchAction","target":{"@type":"EntryPoint","urlTemplate":"https:\/\/dmcsrb.com\/?s={search_term_string}"},"query-input":{"@type":"PropertyValueSpecification","valueRequired":true,"valueName":"search_term_string"}}],"inLanguage":"en-GB"},{"@type":"Person","@id":"https:\/\/dmcsrb.com\/#\/schema\/person\/5c39170f12db1b8b457732d0b5c854e2","name":"dmcsrbija.com@gmail.com","image":{"@type":"ImageObject","inLanguage":"en-GB","@id":"https:\/\/secure.gravatar.com\/avatar\/68592660ad6347fad0fb587f8d5d8f1a7b44961362f56e4f2cd524feb87e9069?s=96&d=mm&r=g","url":"https:\/\/secure.gravatar.com\/avatar\/68592660ad6347fad0fb587f8d5d8f1a7b44961362f56e4f2cd524feb87e9069?s=96&d=mm&r=g","contentUrl":"https:\/\/secure.gravatar.com\/avatar\/68592660ad6347fad0fb587f8d5d8f1a7b44961362f56e4f2cd524feb87e9069?s=96&d=mm&r=g","caption":"dmcsrbija.com@gmail.com"},"sameAs":["https:\/\/dmcsrb.com"],"url":"https:\/\/dmcsrb.com\/en\/author\/dmcsrbija-comgmail-com\/"}]}},"_links":{"self":[{"href":"https:\/\/dmcsrb.com\/en\/wp-json\/wp\/v2\/posts\/953647","targetHints":{"allow":["GET"]}}],"collection":[{"href":"https:\/\/dmcsrb.com\/en\/wp-json\/wp\/v2\/posts"}],"about":[{"href":"https:\/\/dmcsrb.com\/en\/wp-json\/wp\/v2\/types\/post"}],"author":[{"embeddable":true,"href":"https:\/\/dmcsrb.com\/en\/wp-json\/wp\/v2\/users\/1"}],"replies":[{"embeddable":true,"href":"https:\/\/dmcsrb.com\/en\/wp-json\/wp\/v2\/comments?post=953647"}],"version-history":[{"count":0,"href":"https:\/\/dmcsrb.com\/en\/wp-json\/wp\/v2\/posts\/953647\/revisions"}],"wp:featuredmedia":[{"embeddable":true,"href":"https:\/\/dmcsrb.com\/en\/wp-json\/wp\/v2\/media\/910349"}],"wp:attachment":[{"href":"https:\/\/dmcsrb.com\/en\/wp-json\/wp\/v2\/media?parent=953647"}],"wp:term":[{"taxonomy":"category","embeddable":true,"href":"https:\/\/dmcsrb.com\/en\/wp-json\/wp\/v2\/categories?post=953647"},{"taxonomy":"post_tag","embeddable":true,"href":"https:\/\/dmcsrb.com\/en\/wp-json\/wp\/v2\/tags?post=953647"},{"taxonomy":"naslovna","embeddable":true,"href":"https:\/\/dmcsrb.com\/en\/wp-json\/wp\/v2\/naslovna?post=953647"}],"curies":[{"name":"wp","href":"https:\/\/api.w.org\/{rel}","templated":true}]}}