{"id":953646,"date":"2025-09-23T15:39:00","date_gmt":"2025-09-23T13:39:00","guid":{"rendered":"https:\/\/dmcsrb.com\/uncategorized\/kavaja-objavio-spisak-kadeta-za-kvalifikacije-za-euro\/"},"modified":"2025-09-23T15:39:00","modified_gmt":"2025-09-23T13:39:00","slug":"kavaja-objavio-spisak-kadeta-za-kvalifikacije-za-euro","status":"publish","type":"post","link":"https:\/\/dmcsrb.com\/en\/sport\/kavaja-objavio-spisak-kadeta-za-kvalifikacije-za-euro\/","title":{"rendered":"Kavaja objavio spisak kadeta za kvalifikacije za EURO"},"content":{"rendered":"<p><\/p>\n\n\n\n<p>Na spisku se nalazi 20 fudbalera:<\/p>\n\n\n\n<p><strong>Golmani:<\/strong>&nbsp;Danilo Kolj\u010devi\u0107 (Grafi\u010dar, Srbija), Simon So\u0161i\u0107 (Budu\u0107nost)<\/p>\n\n\n\n<p><strong>Odbrana:<\/strong>&nbsp;Andrej Kruni\u0107 (Kom), Petar Radomirovi\u0107, Stefan Nedi\u0107, Luka Markovi\u0107 (Stari Aerodrom), Aleksa Pekovi\u0107 (Montfermej, Francuska), Lazar Popovi\u0107 (Budu\u0107nost), Blagoje Uzunovski (IMT, Srbija)<\/p>\n\n\n\n<p><strong>Vezni red:<\/strong>&nbsp;Matija Rak\u010devi\u0107, Petar Vujovi\u0107 (Budu\u0107nost), Mateja Sekuli\u0107 (Rudar), Nemanja Kljajevi\u0107 (Grbalj), Pavle Pejovi\u0107 (Podgorica), Mark \u0110okaj (De\u010di\u0107)<\/p>\n\n\n\n<p><strong>Napad:<\/strong>&nbsp;Petar Begovi\u0107 (Partizan, Srbija), Luka Vu\u0161urovi\u0107 (Novi Pazar, Srbija), Bla\u017eo \u0110uki\u0107 (Sutjeska), Milo\u0161 \u0160ekularac (Stari Aerodrom), Aleksa Cau\u0161evi\u0107 (Budu\u0107nost)<\/p>\n\n\n\n<p>Selektor Kavaja istakao je da je ekipa dugo radila i spremala se za ove kvalifikacije, ali da \u0107e i ovoga puta biti odre\u0111enih kadrovskih problema.<\/p>\n\n\n\n<p>&#8220;Spremamo se cijele godine za ove kvalifikacije. Kroz sve prijateljske utakmice i pripreme radili smo naporno da bismo bili \u0161to bolji. Od ljeta smo, me\u0111utim, imali problema sa dosta izostanaka, tako da nijesu svi igra\u010di mogli da budu sa ekipom. Sli\u010dno je i sada \u2013 u prvom kolu ne\u0107emo mo\u0107i da ra\u010dunamo na fudbalere Budu\u0107nosti, imamo i nekoliko rovitih igra\u010da, dok zbog povrede na spisku nema Veska \u010cuki\u0107a. Ipak, nadam se da \u0107emo odigrati na maksimalnom nivou, prije svega kada je borbenost u pitanju&#8221;, kazao je Kavaja.<\/p>\n\n\n\n<p>Na turniru u Estoniji dvije najbolje ekipe plasira\u0107e se u elitnu rundu (Liga A), dok \u0107e preostali timovi nastaviti takmi\u010denje u Ligi B.<\/p>\n\n\n\n<p>Raspored turnira<\/p>\n\n\n\n<p>1. oktobar<br>11:30 \u2013 Italija \u2013 Estonija<br>14:30 \u2013 Crna Gora \u2013 Ukrajina<\/p>\n\n\n\n<p>4. oktobar<br>11:30 \u2013 Italija \u2013 Crna Gora<br>14:30 \u2013 Estonija \u2013 Ukrajina<\/p>\n\n\n\n<p>7. oktobar<br>14:30 \u2013 Estonija \u2013 Crna Gora<br>14:30 \u2013 Ukrajina \u2013 Italija<\/p>","protected":false},"excerpt":{"rendered":"<p>Selektor kadetske reprezentacije Crne Gore Radovan Kavaja objavio je spisak igra\u010da na koje ra\u010duna u prvoj rundi kvalifikacija za Evropsko prvenstvo. Na turniru u Estoniji, na\u0161i kadeti \u0107e se boriti protiv doma\u0107e selekcije, Italije i Ukrajine.<\/p>","protected":false},"author":1,"featured_media":949999,"comment_status":"open","ping_status":"open","sticky":false,"template":"","format":"standard","meta":{"_acf_changed":false,"footnotes":""},"categories":[148],"tags":[1563,9000,6227],"naslovna":[],"class_list":["post-953646","post","type-post","status-publish","format-standard","has-post-thumbnail","hentry","category-sport","tag-euro","tag-kadeti-crne-gore","tag-radovan-kavaja"],"acf":[],"yoast_head":"<!-- This site is optimized with the Yoast SEO plugin v27.4 - https:\/\/yoast.com\/product\/yoast-seo-wordpress\/ -->\n<title>Kavaja objavio spisak kadeta za kvalifikacije za EURO - dmcsrb.com<\/title>\n<meta name=\"robots\" content=\"index, follow, max-snippet:-1, max-image-preview:large, max-video-preview:-1\" \/>\n<link rel=\"canonical\" href=\"https:\/\/dmcsrb.com\/en\/sport\/kavaja-objavio-spisak-kadeta-za-kvalifikacije-za-euro\/\" \/>\n<meta property=\"og:locale\" content=\"en_GB\" \/>\n<meta property=\"og:type\" content=\"article\" \/>\n<meta property=\"og:title\" content=\"Kavaja objavio spisak kadeta za kvalifikacije za EURO - dmcsrb.com\" \/>\n<meta property=\"og:description\" content=\"Selektor kadetske reprezentacije Crne Gore Radovan Kavaja objavio je spisak igra\u010da na koje ra\u010duna u prvoj rundi kvalifikacija za Evropsko prvenstvo. Na turniru u Estoniji, na\u0161i kadeti \u0107e se boriti protiv doma\u0107e selekcije, Italije i Ukrajine.\" \/>\n<meta property=\"og:url\" content=\"https:\/\/dmcsrb.com\/en\/sport\/kavaja-objavio-spisak-kadeta-za-kvalifikacije-za-euro\/\" \/>\n<meta property=\"og:site_name\" content=\"dmcsrb.com\" \/>\n<meta property=\"article:published_time\" content=\"2025-09-23T13:39:00+00:00\" \/>\n<meta property=\"og:image\" content=\"https:\/\/dmcsrb.com\/wp-content\/uploads\/2026\/01\/Kadeti-FSCG-1-3.webp\" \/>\n\t<meta property=\"og:image:width\" content=\"1050\" \/>\n\t<meta property=\"og:image:height\" content=\"624\" \/>\n\t<meta property=\"og:image:type\" content=\"image\/jpeg\" \/>\n<meta name=\"author\" content=\"dmcsrbija.com@gmail.com\" \/>\n<meta name=\"twitter:card\" content=\"summary_large_image\" \/>\n<meta name=\"twitter:label1\" content=\"Written by\" \/>\n\t<meta name=\"twitter:data1\" content=\"dmcsrbija.com@gmail.com\" \/>\n\t<meta name=\"twitter:label2\" content=\"Estimated reading time\" \/>\n\t<meta name=\"twitter:data2\" content=\"1 minute\" \/>\n<script type=\"application\/ld+json\" class=\"yoast-schema-graph\">{\"@context\":\"https:\\\/\\\/schema.org\",\"@graph\":[{\"@type\":\"Article\",\"@id\":\"https:\\\/\\\/dmcsrb.com\\\/sport\\\/kavaja-objavio-spisak-kadeta-za-kvalifikacije-za-euro\\\/#article\",\"isPartOf\":{\"@id\":\"https:\\\/\\\/dmcsrb.com\\\/sport\\\/kavaja-objavio-spisak-kadeta-za-kvalifikacije-za-euro\\\/\"},\"author\":{\"name\":\"dmcsrbija.com@gmail.com\",\"@id\":\"https:\\\/\\\/dmcsrb.com\\\/#\\\/schema\\\/person\\\/5c39170f12db1b8b457732d0b5c854e2\"},\"headline\":\"Kavaja objavio spisak kadeta za kvalifikacije za EURO\",\"datePublished\":\"2025-09-23T13:39:00+00:00\",\"mainEntityOfPage\":{\"@id\":\"https:\\\/\\\/dmcsrb.com\\\/sport\\\/kavaja-objavio-spisak-kadeta-za-kvalifikacije-za-euro\\\/\"},\"wordCount\":265,\"commentCount\":0,\"image\":{\"@id\":\"https:\\\/\\\/dmcsrb.com\\\/sport\\\/kavaja-objavio-spisak-kadeta-za-kvalifikacije-za-euro\\\/#primaryimage\"},\"thumbnailUrl\":\"https:\\\/\\\/dmcsrb.com\\\/wp-content\\\/uploads\\\/2026\\\/01\\\/Kadeti-FSCG-1-3.webp\",\"keywords\":[\"Euro\",\"Kadeti Crne Gore\",\"Radovan Kavaja\"],\"articleSection\":[\"Sport\"],\"inLanguage\":\"en-GB\",\"potentialAction\":[{\"@type\":\"CommentAction\",\"name\":\"Comment\",\"target\":[\"https:\\\/\\\/dmcsrb.com\\\/sport\\\/kavaja-objavio-spisak-kadeta-za-kvalifikacije-za-euro\\\/#respond\"]}]},{\"@type\":\"WebPage\",\"@id\":\"https:\\\/\\\/dmcsrb.com\\\/sport\\\/kavaja-objavio-spisak-kadeta-za-kvalifikacije-za-euro\\\/\",\"url\":\"https:\\\/\\\/dmcsrb.com\\\/sport\\\/kavaja-objavio-spisak-kadeta-za-kvalifikacije-za-euro\\\/\",\"name\":\"Kavaja objavio spisak kadeta za kvalifikacije za EURO - dmcsrb.com\",\"isPartOf\":{\"@id\":\"https:\\\/\\\/dmcsrb.com\\\/#website\"},\"primaryImageOfPage\":{\"@id\":\"https:\\\/\\\/dmcsrb.com\\\/sport\\\/kavaja-objavio-spisak-kadeta-za-kvalifikacije-za-euro\\\/#primaryimage\"},\"image\":{\"@id\":\"https:\\\/\\\/dmcsrb.com\\\/sport\\\/kavaja-objavio-spisak-kadeta-za-kvalifikacije-za-euro\\\/#primaryimage\"},\"thumbnailUrl\":\"https:\\\/\\\/dmcsrb.com\\\/wp-content\\\/uploads\\\/2026\\\/01\\\/Kadeti-FSCG-1-3.webp\",\"datePublished\":\"2025-09-23T13:39:00+00:00\",\"author\":{\"@id\":\"https:\\\/\\\/dmcsrb.com\\\/#\\\/schema\\\/person\\\/5c39170f12db1b8b457732d0b5c854e2\"},\"breadcrumb\":{\"@id\":\"https:\\\/\\\/dmcsrb.com\\\/sport\\\/kavaja-objavio-spisak-kadeta-za-kvalifikacije-za-euro\\\/#breadcrumb\"},\"inLanguage\":\"en-GB\",\"potentialAction\":[{\"@type\":\"ReadAction\",\"target\":[\"https:\\\/\\\/dmcsrb.com\\\/sport\\\/kavaja-objavio-spisak-kadeta-za-kvalifikacije-za-euro\\\/\"]}]},{\"@type\":\"ImageObject\",\"inLanguage\":\"en-GB\",\"@id\":\"https:\\\/\\\/dmcsrb.com\\\/sport\\\/kavaja-objavio-spisak-kadeta-za-kvalifikacije-za-euro\\\/#primaryimage\",\"url\":\"https:\\\/\\\/dmcsrb.com\\\/wp-content\\\/uploads\\\/2026\\\/01\\\/Kadeti-FSCG-1-3.webp\",\"contentUrl\":\"https:\\\/\\\/dmcsrb.com\\\/wp-content\\\/uploads\\\/2026\\\/01\\\/Kadeti-FSCG-1-3.webp\",\"width\":1050,\"height\":624},{\"@type\":\"BreadcrumbList\",\"@id\":\"https:\\\/\\\/dmcsrb.com\\\/sport\\\/kavaja-objavio-spisak-kadeta-za-kvalifikacije-za-euro\\\/#breadcrumb\",\"itemListElement\":[{\"@type\":\"ListItem\",\"position\":1,\"name\":\"Home\",\"item\":\"https:\\\/\\\/dmcsrb.com\\\/\"},{\"@type\":\"ListItem\",\"position\":2,\"name\":\"Kavaja objavio spisak kadeta za kvalifikacije za EURO\"}]},{\"@type\":\"WebSite\",\"@id\":\"https:\\\/\\\/dmcsrb.com\\\/#website\",\"url\":\"https:\\\/\\\/dmcsrb.com\\\/\",\"name\":\"dmcsrb.com\",\"description\":\"\",\"potentialAction\":[{\"@type\":\"SearchAction\",\"target\":{\"@type\":\"EntryPoint\",\"urlTemplate\":\"https:\\\/\\\/dmcsrb.com\\\/?s={search_term_string}\"},\"query-input\":{\"@type\":\"PropertyValueSpecification\",\"valueRequired\":true,\"valueName\":\"search_term_string\"}}],\"inLanguage\":\"en-GB\"},{\"@type\":\"Person\",\"@id\":\"https:\\\/\\\/dmcsrb.com\\\/#\\\/schema\\\/person\\\/5c39170f12db1b8b457732d0b5c854e2\",\"name\":\"dmcsrbija.com@gmail.com\",\"image\":{\"@type\":\"ImageObject\",\"inLanguage\":\"en-GB\",\"@id\":\"https:\\\/\\\/secure.gravatar.com\\\/avatar\\\/68592660ad6347fad0fb587f8d5d8f1a7b44961362f56e4f2cd524feb87e9069?s=96&d=mm&r=g\",\"url\":\"https:\\\/\\\/secure.gravatar.com\\\/avatar\\\/68592660ad6347fad0fb587f8d5d8f1a7b44961362f56e4f2cd524feb87e9069?s=96&d=mm&r=g\",\"contentUrl\":\"https:\\\/\\\/secure.gravatar.com\\\/avatar\\\/68592660ad6347fad0fb587f8d5d8f1a7b44961362f56e4f2cd524feb87e9069?s=96&d=mm&r=g\",\"caption\":\"dmcsrbija.com@gmail.com\"},\"sameAs\":[\"https:\\\/\\\/dmcsrb.com\"],\"url\":\"https:\\\/\\\/dmcsrb.com\\\/en\\\/author\\\/dmcsrbija-comgmail-com\\\/\"}]}<\/script>\n<!-- \/ Yoast SEO plugin. -->","yoast_head_json":{"title":"Kavaja objavio spisak kadeta za kvalifikacije za EURO - dmcsrb.com","robots":{"index":"index","follow":"follow","max-snippet":"max-snippet:-1","max-image-preview":"max-image-preview:large","max-video-preview":"max-video-preview:-1"},"canonical":"https:\/\/dmcsrb.com\/en\/sport\/kavaja-objavio-spisak-kadeta-za-kvalifikacije-za-euro\/","og_locale":"en_GB","og_type":"article","og_title":"Kavaja objavio spisak kadeta za kvalifikacije za EURO - dmcsrb.com","og_description":"Selektor kadetske reprezentacije Crne Gore Radovan Kavaja objavio je spisak igra\u010da na koje ra\u010duna u prvoj rundi kvalifikacija za Evropsko prvenstvo. Na turniru u Estoniji, na\u0161i kadeti \u0107e se boriti protiv doma\u0107e selekcije, Italije i Ukrajine.","og_url":"https:\/\/dmcsrb.com\/en\/sport\/kavaja-objavio-spisak-kadeta-za-kvalifikacije-za-euro\/","og_site_name":"dmcsrb.com","article_published_time":"2025-09-23T13:39:00+00:00","og_image":[{"width":1050,"height":624,"url":"https:\/\/dmcsrb.com\/wp-content\/uploads\/2026\/01\/Kadeti-FSCG-1-3.webp","type":"image\/jpeg"}],"author":"dmcsrbija.com@gmail.com","twitter_card":"summary_large_image","twitter_misc":{"Written by":"dmcsrbija.com@gmail.com","Estimated reading time":"1 minute"},"schema":{"@context":"https:\/\/schema.org","@graph":[{"@type":"Article","@id":"https:\/\/dmcsrb.com\/sport\/kavaja-objavio-spisak-kadeta-za-kvalifikacije-za-euro\/#article","isPartOf":{"@id":"https:\/\/dmcsrb.com\/sport\/kavaja-objavio-spisak-kadeta-za-kvalifikacije-za-euro\/"},"author":{"name":"dmcsrbija.com@gmail.com","@id":"https:\/\/dmcsrb.com\/#\/schema\/person\/5c39170f12db1b8b457732d0b5c854e2"},"headline":"Kavaja objavio spisak kadeta za kvalifikacije za EURO","datePublished":"2025-09-23T13:39:00+00:00","mainEntityOfPage":{"@id":"https:\/\/dmcsrb.com\/sport\/kavaja-objavio-spisak-kadeta-za-kvalifikacije-za-euro\/"},"wordCount":265,"commentCount":0,"image":{"@id":"https:\/\/dmcsrb.com\/sport\/kavaja-objavio-spisak-kadeta-za-kvalifikacije-za-euro\/#primaryimage"},"thumbnailUrl":"https:\/\/dmcsrb.com\/wp-content\/uploads\/2026\/01\/Kadeti-FSCG-1-3.webp","keywords":["Euro","Kadeti Crne Gore","Radovan Kavaja"],"articleSection":["Sport"],"inLanguage":"en-GB","potentialAction":[{"@type":"CommentAction","name":"Comment","target":["https:\/\/dmcsrb.com\/sport\/kavaja-objavio-spisak-kadeta-za-kvalifikacije-za-euro\/#respond"]}]},{"@type":"WebPage","@id":"https:\/\/dmcsrb.com\/sport\/kavaja-objavio-spisak-kadeta-za-kvalifikacije-za-euro\/","url":"https:\/\/dmcsrb.com\/sport\/kavaja-objavio-spisak-kadeta-za-kvalifikacije-za-euro\/","name":"Kavaja objavio spisak kadeta za kvalifikacije za EURO - dmcsrb.com","isPartOf":{"@id":"https:\/\/dmcsrb.com\/#website"},"primaryImageOfPage":{"@id":"https:\/\/dmcsrb.com\/sport\/kavaja-objavio-spisak-kadeta-za-kvalifikacije-za-euro\/#primaryimage"},"image":{"@id":"https:\/\/dmcsrb.com\/sport\/kavaja-objavio-spisak-kadeta-za-kvalifikacije-za-euro\/#primaryimage"},"thumbnailUrl":"https:\/\/dmcsrb.com\/wp-content\/uploads\/2026\/01\/Kadeti-FSCG-1-3.webp","datePublished":"2025-09-23T13:39:00+00:00","author":{"@id":"https:\/\/dmcsrb.com\/#\/schema\/person\/5c39170f12db1b8b457732d0b5c854e2"},"breadcrumb":{"@id":"https:\/\/dmcsrb.com\/sport\/kavaja-objavio-spisak-kadeta-za-kvalifikacije-za-euro\/#breadcrumb"},"inLanguage":"en-GB","potentialAction":[{"@type":"ReadAction","target":["https:\/\/dmcsrb.com\/sport\/kavaja-objavio-spisak-kadeta-za-kvalifikacije-za-euro\/"]}]},{"@type":"ImageObject","inLanguage":"en-GB","@id":"https:\/\/dmcsrb.com\/sport\/kavaja-objavio-spisak-kadeta-za-kvalifikacije-za-euro\/#primaryimage","url":"https:\/\/dmcsrb.com\/wp-content\/uploads\/2026\/01\/Kadeti-FSCG-1-3.webp","contentUrl":"https:\/\/dmcsrb.com\/wp-content\/uploads\/2026\/01\/Kadeti-FSCG-1-3.webp","width":1050,"height":624},{"@type":"BreadcrumbList","@id":"https:\/\/dmcsrb.com\/sport\/kavaja-objavio-spisak-kadeta-za-kvalifikacije-za-euro\/#breadcrumb","itemListElement":[{"@type":"ListItem","position":1,"name":"Home","item":"https:\/\/dmcsrb.com\/"},{"@type":"ListItem","position":2,"name":"Kavaja objavio spisak kadeta za kvalifikacije za EURO"}]},{"@type":"WebSite","@id":"https:\/\/dmcsrb.com\/#website","url":"https:\/\/dmcsrb.com\/","name":"dmcsrb.com","description":"","potentialAction":[{"@type":"SearchAction","target":{"@type":"EntryPoint","urlTemplate":"https:\/\/dmcsrb.com\/?s={search_term_string}"},"query-input":{"@type":"PropertyValueSpecification","valueRequired":true,"valueName":"search_term_string"}}],"inLanguage":"en-GB"},{"@type":"Person","@id":"https:\/\/dmcsrb.com\/#\/schema\/person\/5c39170f12db1b8b457732d0b5c854e2","name":"dmcsrbija.com@gmail.com","image":{"@type":"ImageObject","inLanguage":"en-GB","@id":"https:\/\/secure.gravatar.com\/avatar\/68592660ad6347fad0fb587f8d5d8f1a7b44961362f56e4f2cd524feb87e9069?s=96&d=mm&r=g","url":"https:\/\/secure.gravatar.com\/avatar\/68592660ad6347fad0fb587f8d5d8f1a7b44961362f56e4f2cd524feb87e9069?s=96&d=mm&r=g","contentUrl":"https:\/\/secure.gravatar.com\/avatar\/68592660ad6347fad0fb587f8d5d8f1a7b44961362f56e4f2cd524feb87e9069?s=96&d=mm&r=g","caption":"dmcsrbija.com@gmail.com"},"sameAs":["https:\/\/dmcsrb.com"],"url":"https:\/\/dmcsrb.com\/en\/author\/dmcsrbija-comgmail-com\/"}]}},"_links":{"self":[{"href":"https:\/\/dmcsrb.com\/en\/wp-json\/wp\/v2\/posts\/953646","targetHints":{"allow":["GET"]}}],"collection":[{"href":"https:\/\/dmcsrb.com\/en\/wp-json\/wp\/v2\/posts"}],"about":[{"href":"https:\/\/dmcsrb.com\/en\/wp-json\/wp\/v2\/types\/post"}],"author":[{"embeddable":true,"href":"https:\/\/dmcsrb.com\/en\/wp-json\/wp\/v2\/users\/1"}],"replies":[{"embeddable":true,"href":"https:\/\/dmcsrb.com\/en\/wp-json\/wp\/v2\/comments?post=953646"}],"version-history":[{"count":0,"href":"https:\/\/dmcsrb.com\/en\/wp-json\/wp\/v2\/posts\/953646\/revisions"}],"wp:featuredmedia":[{"embeddable":true,"href":"https:\/\/dmcsrb.com\/en\/wp-json\/wp\/v2\/media\/949999"}],"wp:attachment":[{"href":"https:\/\/dmcsrb.com\/en\/wp-json\/wp\/v2\/media?parent=953646"}],"wp:term":[{"taxonomy":"category","embeddable":true,"href":"https:\/\/dmcsrb.com\/en\/wp-json\/wp\/v2\/categories?post=953646"},{"taxonomy":"post_tag","embeddable":true,"href":"https:\/\/dmcsrb.com\/en\/wp-json\/wp\/v2\/tags?post=953646"},{"taxonomy":"naslovna","embeddable":true,"href":"https:\/\/dmcsrb.com\/en\/wp-json\/wp\/v2\/naslovna?post=953646"}],"curies":[{"name":"wp","href":"https:\/\/api.w.org\/{rel}","templated":true}]}}