{"id":953639,"date":"2025-09-23T14:27:45","date_gmt":"2025-09-23T12:27:45","guid":{"rendered":"https:\/\/dmcsrb.com\/uncategorized\/presuda-clanovima-savjeta-sramotna-i-opasna-za-pravni-poredak-crne-gore\/"},"modified":"2025-09-23T14:27:45","modified_gmt":"2025-09-23T12:27:45","slug":"presuda-clanovima-savjeta-sramotna-i-opasna-za-pravni-poredak-crne-gore","status":"publish","type":"post","link":"https:\/\/dmcsrb.com\/en\/drustvo\/presuda-clanovima-savjeta-sramotna-i-opasna-za-pravni-poredak-crne-gore\/","title":{"rendered":"Presuda \u010dlanovima Savjeta sramotna i opasna za pravni poredak Crne Gore"},"content":{"rendered":"<p><\/p>\n\n\n\n<p><\/p>\n\n\n\n<p><\/p>\n\n\n\n<p>Komentar Raoni\u0107a prenosimo integralno:<\/p>\n\n\n\n<p>Presuda \u010dlanovima Savjeta, osim \u0161to je paradoksalna i sramotna, pravno je neodr\u017eiva i opasna za pravni poredak Crne Gore.<\/p>\n\n\n\n<p>\u010casni ljudi iz Savjeta zaslu\u017euju po\u0161tovanje, a ne etiketu krivaca. Njihova jedina &#8220;krivica&#8221; je odluka donesena u skladu sa preporukama pravnika, tajno i u skladu sa presudom Vi\u0161eg suda. Ovim se \u0161alje poruka da je nezavisno odlu\u010divanje krivi\u010dno djelo. Po logici ove skandalozne presude \u010dlanovi svih kolektivnih organa za svoje odluke, \u0161to im je opis posla, mogu i\u0107i u zatvor bez ikakvih dokaza. Ovdje potomak \u010dasnih sudija, \u010dak i dokaze izvr\u0107e na \u0161tetu okrivljenih. Da li bi on ovo potpisao?<\/p>\n\n\n\n<p>Vjerujem da \u0107e Vi\u0161i sud imati snage i integriteta da ispravi ovu nepravdu i poka\u017ee da pravo u Crnoj Gori ipak postoji.<br>Ako je ve\u0107 \u017ertva permanentne kampanje, RTCG ne smije biti i talac paradoksa.<\/p>\n\n\n\n<p>Dugo je trebalo da narod ovdje shvati da je korupcija ustvari lopovluk. A sada treba da shvati da je veting metla za ljude nedostojne sprovo\u0111enja pravde. Alarm za donosioce odluka gori!<\/p>\n\n\n\n<p><\/p>","protected":false},"excerpt":{"rendered":"<p>Generalni direktor RTCG Boris Raoni\u0107 prokomentarisao je dana\u0161nju presudu predsjedniku i dijelu \u010dlanova Savjeta RTCG, isti\u010du\u0107i da je takva presuda sramotna, pravno neodr\u017eiva i opasna za pravni poredak Crne Gore.<\/p>","protected":false},"author":1,"featured_media":953640,"comment_status":"open","ping_status":"open","sticky":false,"template":"","format":"standard","meta":{"_acf_changed":false,"footnotes":""},"categories":[2],"tags":[8391,136],"naslovna":[],"class_list":["post-953639","post","type-post","status-publish","format-standard","has-post-thumbnail","hentry","category-drustvo","tag-boris-raonic","tag-rtcg"],"acf":[],"yoast_head":"<!-- This site is optimized with the Yoast SEO plugin v27.0 - https:\/\/yoast.com\/product\/yoast-seo-wordpress\/ -->\n<title>Presuda \u010dlanovima Savjeta sramotna i opasna za pravni poredak Crne Gore - dmcsrb.com<\/title>\n<meta name=\"robots\" content=\"index, follow, max-snippet:-1, max-image-preview:large, max-video-preview:-1\" \/>\n<link rel=\"canonical\" href=\"https:\/\/dmcsrb.com\/en\/drustvo\/presuda-clanovima-savjeta-sramotna-i-opasna-za-pravni-poredak-crne-gore\/\" \/>\n<meta property=\"og:locale\" content=\"en_GB\" \/>\n<meta property=\"og:type\" content=\"article\" \/>\n<meta property=\"og:title\" content=\"Presuda \u010dlanovima Savjeta sramotna i opasna za pravni poredak Crne Gore - dmcsrb.com\" \/>\n<meta property=\"og:description\" content=\"Generalni direktor RTCG Boris Raoni\u0107 prokomentarisao je dana\u0161nju presudu predsjedniku i dijelu \u010dlanova Savjeta RTCG, isti\u010du\u0107i da je takva presuda sramotna, pravno neodr\u017eiva i opasna za pravni poredak Crne Gore.\" \/>\n<meta property=\"og:url\" content=\"https:\/\/dmcsrb.com\/en\/drustvo\/presuda-clanovima-savjeta-sramotna-i-opasna-za-pravni-poredak-crne-gore\/\" \/>\n<meta property=\"og:site_name\" content=\"dmcsrb.com\" \/>\n<meta property=\"article:published_time\" content=\"2025-09-23T12:27:45+00:00\" \/>\n<meta property=\"og:image\" content=\"https:\/\/dmcsrb.com\/wp-content\/uploads\/2026\/01\/Boris-Raonic-foto-Screenprint-Portal-RTCG.webp\" \/>\n\t<meta property=\"og:image:width\" content=\"933\" \/>\n\t<meta property=\"og:image:height\" content=\"466\" \/>\n\t<meta property=\"og:image:type\" content=\"image\/jpeg\" \/>\n<meta name=\"author\" content=\"dmcsrbija.com@gmail.com\" \/>\n<meta name=\"twitter:card\" content=\"summary_large_image\" \/>\n<meta name=\"twitter:label1\" content=\"Written by\" \/>\n\t<meta name=\"twitter:data1\" content=\"dmcsrbija.com@gmail.com\" \/>\n\t<meta name=\"twitter:label2\" content=\"Estimated reading time\" \/>\n\t<meta name=\"twitter:data2\" content=\"1 minute\" \/>\n<script type=\"application\/ld+json\" class=\"yoast-schema-graph\">{\"@context\":\"https:\/\/schema.org\",\"@graph\":[{\"@type\":\"Article\",\"@id\":\"https:\/\/dmcsrb.com\/en\/drustvo\/presuda-clanovima-savjeta-sramotna-i-opasna-za-pravni-poredak-crne-gore\/#article\",\"isPartOf\":{\"@id\":\"https:\/\/dmcsrb.com\/en\/drustvo\/presuda-clanovima-savjeta-sramotna-i-opasna-za-pravni-poredak-crne-gore\/\"},\"author\":{\"name\":\"dmcsrbija.com@gmail.com\",\"@id\":\"https:\/\/dmcsrb.com\/#\/schema\/person\/5c39170f12db1b8b457732d0b5c854e2\"},\"headline\":\"Presuda \u010dlanovima Savjeta sramotna i opasna za pravni poredak Crne Gore\",\"datePublished\":\"2025-09-23T12:27:45+00:00\",\"mainEntityOfPage\":{\"@id\":\"https:\/\/dmcsrb.com\/en\/drustvo\/presuda-clanovima-savjeta-sramotna-i-opasna-za-pravni-poredak-crne-gore\/\"},\"wordCount\":192,\"commentCount\":0,\"image\":{\"@id\":\"https:\/\/dmcsrb.com\/en\/drustvo\/presuda-clanovima-savjeta-sramotna-i-opasna-za-pravni-poredak-crne-gore\/#primaryimage\"},\"thumbnailUrl\":\"https:\/\/dmcsrb.com\/wp-content\/uploads\/2026\/01\/Boris-Raonic-foto-Screenprint-Portal-RTCG.webp\",\"keywords\":[\"Boris Raoni\u0107\",\"RTCG\"],\"articleSection\":[\"Dru\u0161tvo\"],\"inLanguage\":\"en-GB\",\"potentialAction\":[{\"@type\":\"CommentAction\",\"name\":\"Comment\",\"target\":[\"https:\/\/dmcsrb.com\/en\/drustvo\/presuda-clanovima-savjeta-sramotna-i-opasna-za-pravni-poredak-crne-gore\/#respond\"]}]},{\"@type\":\"WebPage\",\"@id\":\"https:\/\/dmcsrb.com\/en\/drustvo\/presuda-clanovima-savjeta-sramotna-i-opasna-za-pravni-poredak-crne-gore\/\",\"url\":\"https:\/\/dmcsrb.com\/en\/drustvo\/presuda-clanovima-savjeta-sramotna-i-opasna-za-pravni-poredak-crne-gore\/\",\"name\":\"Presuda \u010dlanovima Savjeta sramotna i opasna za pravni poredak Crne Gore - dmcsrb.com\",\"isPartOf\":{\"@id\":\"https:\/\/dmcsrb.com\/#website\"},\"primaryImageOfPage\":{\"@id\":\"https:\/\/dmcsrb.com\/en\/drustvo\/presuda-clanovima-savjeta-sramotna-i-opasna-za-pravni-poredak-crne-gore\/#primaryimage\"},\"image\":{\"@id\":\"https:\/\/dmcsrb.com\/en\/drustvo\/presuda-clanovima-savjeta-sramotna-i-opasna-za-pravni-poredak-crne-gore\/#primaryimage\"},\"thumbnailUrl\":\"https:\/\/dmcsrb.com\/wp-content\/uploads\/2026\/01\/Boris-Raonic-foto-Screenprint-Portal-RTCG.webp\",\"datePublished\":\"2025-09-23T12:27:45+00:00\",\"author\":{\"@id\":\"https:\/\/dmcsrb.com\/#\/schema\/person\/5c39170f12db1b8b457732d0b5c854e2\"},\"breadcrumb\":{\"@id\":\"https:\/\/dmcsrb.com\/en\/drustvo\/presuda-clanovima-savjeta-sramotna-i-opasna-za-pravni-poredak-crne-gore\/#breadcrumb\"},\"inLanguage\":\"en-GB\",\"potentialAction\":[{\"@type\":\"ReadAction\",\"target\":[\"https:\/\/dmcsrb.com\/en\/drustvo\/presuda-clanovima-savjeta-sramotna-i-opasna-za-pravni-poredak-crne-gore\/\"]}]},{\"@type\":\"ImageObject\",\"inLanguage\":\"en-GB\",\"@id\":\"https:\/\/dmcsrb.com\/en\/drustvo\/presuda-clanovima-savjeta-sramotna-i-opasna-za-pravni-poredak-crne-gore\/#primaryimage\",\"url\":\"https:\/\/dmcsrb.com\/wp-content\/uploads\/2026\/01\/Boris-Raonic-foto-Screenprint-Portal-RTCG.webp\",\"contentUrl\":\"https:\/\/dmcsrb.com\/wp-content\/uploads\/2026\/01\/Boris-Raonic-foto-Screenprint-Portal-RTCG.webp\",\"width\":933,\"height\":466},{\"@type\":\"BreadcrumbList\",\"@id\":\"https:\/\/dmcsrb.com\/en\/drustvo\/presuda-clanovima-savjeta-sramotna-i-opasna-za-pravni-poredak-crne-gore\/#breadcrumb\",\"itemListElement\":[{\"@type\":\"ListItem\",\"position\":1,\"name\":\"Home\",\"item\":\"https:\/\/dmcsrb.com\/\"},{\"@type\":\"ListItem\",\"position\":2,\"name\":\"Presuda \u010dlanovima Savjeta sramotna i opasna za pravni poredak Crne Gore\"}]},{\"@type\":\"WebSite\",\"@id\":\"https:\/\/dmcsrb.com\/#website\",\"url\":\"https:\/\/dmcsrb.com\/\",\"name\":\"dmcsrb.com\",\"description\":\"\",\"potentialAction\":[{\"@type\":\"SearchAction\",\"target\":{\"@type\":\"EntryPoint\",\"urlTemplate\":\"https:\/\/dmcsrb.com\/?s={search_term_string}\"},\"query-input\":{\"@type\":\"PropertyValueSpecification\",\"valueRequired\":true,\"valueName\":\"search_term_string\"}}],\"inLanguage\":\"en-GB\"},{\"@type\":\"Person\",\"@id\":\"https:\/\/dmcsrb.com\/#\/schema\/person\/5c39170f12db1b8b457732d0b5c854e2\",\"name\":\"dmcsrbija.com@gmail.com\",\"image\":{\"@type\":\"ImageObject\",\"inLanguage\":\"en-GB\",\"@id\":\"https:\/\/dmcsrb.com\/#\/schema\/person\/image\/\",\"url\":\"https:\/\/secure.gravatar.com\/avatar\/68592660ad6347fad0fb587f8d5d8f1a7b44961362f56e4f2cd524feb87e9069?s=96&d=mm&r=g\",\"contentUrl\":\"https:\/\/secure.gravatar.com\/avatar\/68592660ad6347fad0fb587f8d5d8f1a7b44961362f56e4f2cd524feb87e9069?s=96&d=mm&r=g\",\"caption\":\"dmcsrbija.com@gmail.com\"},\"sameAs\":[\"https:\/\/dmcsrb.com\"],\"url\":\"https:\/\/dmcsrb.com\/en\/author\/dmcsrbija-comgmail-com\/\"}]}<\/script>\n<!-- \/ Yoast SEO plugin. -->","yoast_head_json":{"title":"Presuda \u010dlanovima Savjeta sramotna i opasna za pravni poredak Crne Gore - dmcsrb.com","robots":{"index":"index","follow":"follow","max-snippet":"max-snippet:-1","max-image-preview":"max-image-preview:large","max-video-preview":"max-video-preview:-1"},"canonical":"https:\/\/dmcsrb.com\/en\/drustvo\/presuda-clanovima-savjeta-sramotna-i-opasna-za-pravni-poredak-crne-gore\/","og_locale":"en_GB","og_type":"article","og_title":"Presuda \u010dlanovima Savjeta sramotna i opasna za pravni poredak Crne Gore - dmcsrb.com","og_description":"Generalni direktor RTCG Boris Raoni\u0107 prokomentarisao je dana\u0161nju presudu predsjedniku i dijelu \u010dlanova Savjeta RTCG, isti\u010du\u0107i da je takva presuda sramotna, pravno neodr\u017eiva i opasna za pravni poredak Crne Gore.","og_url":"https:\/\/dmcsrb.com\/en\/drustvo\/presuda-clanovima-savjeta-sramotna-i-opasna-za-pravni-poredak-crne-gore\/","og_site_name":"dmcsrb.com","article_published_time":"2025-09-23T12:27:45+00:00","og_image":[{"width":933,"height":466,"url":"https:\/\/dmcsrb.com\/wp-content\/uploads\/2026\/01\/Boris-Raonic-foto-Screenprint-Portal-RTCG.webp","type":"image\/jpeg"}],"author":"dmcsrbija.com@gmail.com","twitter_card":"summary_large_image","twitter_misc":{"Written by":"dmcsrbija.com@gmail.com","Estimated reading time":"1 minute"},"schema":{"@context":"https:\/\/schema.org","@graph":[{"@type":"Article","@id":"https:\/\/dmcsrb.com\/en\/drustvo\/presuda-clanovima-savjeta-sramotna-i-opasna-za-pravni-poredak-crne-gore\/#article","isPartOf":{"@id":"https:\/\/dmcsrb.com\/en\/drustvo\/presuda-clanovima-savjeta-sramotna-i-opasna-za-pravni-poredak-crne-gore\/"},"author":{"name":"dmcsrbija.com@gmail.com","@id":"https:\/\/dmcsrb.com\/#\/schema\/person\/5c39170f12db1b8b457732d0b5c854e2"},"headline":"Presuda \u010dlanovima Savjeta sramotna i opasna za pravni poredak Crne Gore","datePublished":"2025-09-23T12:27:45+00:00","mainEntityOfPage":{"@id":"https:\/\/dmcsrb.com\/en\/drustvo\/presuda-clanovima-savjeta-sramotna-i-opasna-za-pravni-poredak-crne-gore\/"},"wordCount":192,"commentCount":0,"image":{"@id":"https:\/\/dmcsrb.com\/en\/drustvo\/presuda-clanovima-savjeta-sramotna-i-opasna-za-pravni-poredak-crne-gore\/#primaryimage"},"thumbnailUrl":"https:\/\/dmcsrb.com\/wp-content\/uploads\/2026\/01\/Boris-Raonic-foto-Screenprint-Portal-RTCG.webp","keywords":["Boris Raoni\u0107","RTCG"],"articleSection":["Dru\u0161tvo"],"inLanguage":"en-GB","potentialAction":[{"@type":"CommentAction","name":"Comment","target":["https:\/\/dmcsrb.com\/en\/drustvo\/presuda-clanovima-savjeta-sramotna-i-opasna-za-pravni-poredak-crne-gore\/#respond"]}]},{"@type":"WebPage","@id":"https:\/\/dmcsrb.com\/en\/drustvo\/presuda-clanovima-savjeta-sramotna-i-opasna-za-pravni-poredak-crne-gore\/","url":"https:\/\/dmcsrb.com\/en\/drustvo\/presuda-clanovima-savjeta-sramotna-i-opasna-za-pravni-poredak-crne-gore\/","name":"Presuda \u010dlanovima Savjeta sramotna i opasna za pravni poredak Crne Gore - dmcsrb.com","isPartOf":{"@id":"https:\/\/dmcsrb.com\/#website"},"primaryImageOfPage":{"@id":"https:\/\/dmcsrb.com\/en\/drustvo\/presuda-clanovima-savjeta-sramotna-i-opasna-za-pravni-poredak-crne-gore\/#primaryimage"},"image":{"@id":"https:\/\/dmcsrb.com\/en\/drustvo\/presuda-clanovima-savjeta-sramotna-i-opasna-za-pravni-poredak-crne-gore\/#primaryimage"},"thumbnailUrl":"https:\/\/dmcsrb.com\/wp-content\/uploads\/2026\/01\/Boris-Raonic-foto-Screenprint-Portal-RTCG.webp","datePublished":"2025-09-23T12:27:45+00:00","author":{"@id":"https:\/\/dmcsrb.com\/#\/schema\/person\/5c39170f12db1b8b457732d0b5c854e2"},"breadcrumb":{"@id":"https:\/\/dmcsrb.com\/en\/drustvo\/presuda-clanovima-savjeta-sramotna-i-opasna-za-pravni-poredak-crne-gore\/#breadcrumb"},"inLanguage":"en-GB","potentialAction":[{"@type":"ReadAction","target":["https:\/\/dmcsrb.com\/en\/drustvo\/presuda-clanovima-savjeta-sramotna-i-opasna-za-pravni-poredak-crne-gore\/"]}]},{"@type":"ImageObject","inLanguage":"en-GB","@id":"https:\/\/dmcsrb.com\/en\/drustvo\/presuda-clanovima-savjeta-sramotna-i-opasna-za-pravni-poredak-crne-gore\/#primaryimage","url":"https:\/\/dmcsrb.com\/wp-content\/uploads\/2026\/01\/Boris-Raonic-foto-Screenprint-Portal-RTCG.webp","contentUrl":"https:\/\/dmcsrb.com\/wp-content\/uploads\/2026\/01\/Boris-Raonic-foto-Screenprint-Portal-RTCG.webp","width":933,"height":466},{"@type":"BreadcrumbList","@id":"https:\/\/dmcsrb.com\/en\/drustvo\/presuda-clanovima-savjeta-sramotna-i-opasna-za-pravni-poredak-crne-gore\/#breadcrumb","itemListElement":[{"@type":"ListItem","position":1,"name":"Home","item":"https:\/\/dmcsrb.com\/"},{"@type":"ListItem","position":2,"name":"Presuda \u010dlanovima Savjeta sramotna i opasna za pravni poredak Crne Gore"}]},{"@type":"WebSite","@id":"https:\/\/dmcsrb.com\/#website","url":"https:\/\/dmcsrb.com\/","name":"dmcsrb.com","description":"","potentialAction":[{"@type":"SearchAction","target":{"@type":"EntryPoint","urlTemplate":"https:\/\/dmcsrb.com\/?s={search_term_string}"},"query-input":{"@type":"PropertyValueSpecification","valueRequired":true,"valueName":"search_term_string"}}],"inLanguage":"en-GB"},{"@type":"Person","@id":"https:\/\/dmcsrb.com\/#\/schema\/person\/5c39170f12db1b8b457732d0b5c854e2","name":"dmcsrbija.com@gmail.com","image":{"@type":"ImageObject","inLanguage":"en-GB","@id":"https:\/\/dmcsrb.com\/#\/schema\/person\/image\/","url":"https:\/\/secure.gravatar.com\/avatar\/68592660ad6347fad0fb587f8d5d8f1a7b44961362f56e4f2cd524feb87e9069?s=96&d=mm&r=g","contentUrl":"https:\/\/secure.gravatar.com\/avatar\/68592660ad6347fad0fb587f8d5d8f1a7b44961362f56e4f2cd524feb87e9069?s=96&d=mm&r=g","caption":"dmcsrbija.com@gmail.com"},"sameAs":["https:\/\/dmcsrb.com"],"url":"https:\/\/dmcsrb.com\/en\/author\/dmcsrbija-comgmail-com\/"}]}},"_links":{"self":[{"href":"https:\/\/dmcsrb.com\/en\/wp-json\/wp\/v2\/posts\/953639","targetHints":{"allow":["GET"]}}],"collection":[{"href":"https:\/\/dmcsrb.com\/en\/wp-json\/wp\/v2\/posts"}],"about":[{"href":"https:\/\/dmcsrb.com\/en\/wp-json\/wp\/v2\/types\/post"}],"author":[{"embeddable":true,"href":"https:\/\/dmcsrb.com\/en\/wp-json\/wp\/v2\/users\/1"}],"replies":[{"embeddable":true,"href":"https:\/\/dmcsrb.com\/en\/wp-json\/wp\/v2\/comments?post=953639"}],"version-history":[{"count":0,"href":"https:\/\/dmcsrb.com\/en\/wp-json\/wp\/v2\/posts\/953639\/revisions"}],"wp:featuredmedia":[{"embeddable":true,"href":"https:\/\/dmcsrb.com\/en\/wp-json\/wp\/v2\/media\/953640"}],"wp:attachment":[{"href":"https:\/\/dmcsrb.com\/en\/wp-json\/wp\/v2\/media?parent=953639"}],"wp:term":[{"taxonomy":"category","embeddable":true,"href":"https:\/\/dmcsrb.com\/en\/wp-json\/wp\/v2\/categories?post=953639"},{"taxonomy":"post_tag","embeddable":true,"href":"https:\/\/dmcsrb.com\/en\/wp-json\/wp\/v2\/tags?post=953639"},{"taxonomy":"naslovna","embeddable":true,"href":"https:\/\/dmcsrb.com\/en\/wp-json\/wp\/v2\/naslovna?post=953639"}],"curies":[{"name":"wp","href":"https:\/\/api.w.org\/{rel}","templated":true}]}}