{"id":953636,"date":"2025-09-23T14:36:00","date_gmt":"2025-09-23T12:36:00","guid":{"rendered":"https:\/\/dmcsrb.com\/uncategorized\/milicic-odluka-vdt-za-aferu-telekom-je-korak-nazad-u-djelovanju-ove-institucije\/"},"modified":"2025-09-23T14:36:00","modified_gmt":"2025-09-23T12:36:00","slug":"milicic-odluka-vdt-za-aferu-telekom-je-korak-nazad-u-djelovanju-ove-institucije","status":"publish","type":"post","link":"https:\/\/dmcsrb.com\/en\/hronika\/milicic-odluka-vdt-za-aferu-telekom-je-korak-nazad-u-djelovanju-ove-institucije\/","title":{"rendered":"Mili\u010di\u0107: Odluka VDT za aferu Telekom je korak nazad u djelovanju ove institucije"},"content":{"rendered":"<p><\/p>\n\n\n\n<p><\/p>\n\n\n\n<p>&#8220;Na\u017ealost, ostaci toga re\u017eima rade sve kako bi sprije\u010dili da institucije profunkcioni\u0161u, i tako, izme\u0111u ostalog, zaustavljaju Crnu Goru na putu vladavine prava i procesa integracija, ali i me\u0111u gra\u0111anima stvaraju utisak kako se u na\u0161oj zemlji ni\u0161ta nije promijenilo od 2020. godine&#8221;, navodi se u saop\u0161tenju.\u00a0<\/p>\n\n\n\n<p>Mili\u010di\u0107 je istakao da je do ovoga doveo i izostanak potpune i odlu\u010dne demonta\u017ee sistema koji je decenijama gradio dr\u017eavu u kojoj su sudstvo i tu\u017eila\u0161tvo bili, kako je dodao, posluga jednog \u010dovjeka koji, sude\u0107i prema ovakvom epilogu afere Telekom, i dalje kontroli\u0161e odre\u0111ene punktove mo\u0107i.\u00a0<\/p>\n\n\n\n<p>&#8220;VDT Markovi\u0107 je ovim potezom prije svega ponovo pokazao da njegov dosada\u0161nji rad nije dobar, a svjedoci smo i da je okru\u017een osobama koje su decenijama bliske Prvoj familiji. Kada smo glasali za njega da bude VDT nismo znali da \u0107e se ovako pona\u0161ati, o\u010dekivali smo vi\u0161e&#8221;, navodi on.\u00a0<\/p>\n\n\n\n<p>Mili\u010di\u0107 navodi da Crna Gora nije bila demokratska dr\u017eava, nego diktatura kojom je vladao korumpirani i kriminalni re\u017eim, i posao novog VDT i GST je da zakonski reaguje i procesuira nosioce tih pojava. Dodaje da konstatuju da VDT Markovi\u0107 nema snage i hrabrosti da u\u010destvuje u stvaranju nove, pravne, demokratske dr\u017eave Crne Gore.\u00a0<\/p>\n\n\n\n<p>&#8220;Jasno je da sto prije mora do\u0107i do vetinga u tu\u017eila\u0161tvu i sudstvu, i da u reformama slijede nove bitke, i da oni koji ko\u010de i opstruiraju tu borbu ne mogu biti u istom stroju sa onima koji \u017eele pravo i pravdu&#8221;, zaklju\u010duje Mili\u010di\u0107.<\/p>\n\n\n\n<p><\/p>","protected":false},"excerpt":{"rendered":"<p>Odluka vrhovnog dr\u017eavnog tu\u017eila\u0161tva vezano za aferu Telekom je korak nazad u djelovanju ove institucije, ali, jo\u0161 gore, i pokazatelj da unutar tu\u017eila\u0161tva, kao i sudstva, postoje i dalje strukture koje se gr\u010devito bore da se zaustave istrage vezane za korupciju vrha biv\u0161eg re\u017eima, saop\u0161tio je portparol NSD-a Mirko Mili\u010di\u0107.\u00a0<\/p>","protected":false},"author":1,"featured_media":913762,"comment_status":"open","ping_status":"open","sticky":false,"template":"","format":"standard","meta":{"_acf_changed":false,"footnotes":""},"categories":[17],"tags":[3234,8980,492],"naslovna":[],"class_list":["post-953636","post","type-post","status-publish","format-standard","has-post-thumbnail","hentry","category-hronika","tag-mirko-milicic","tag-telekom","tag-vdt"],"acf":[],"yoast_head":"<!-- This site is optimized with the Yoast SEO plugin v27.4 - https:\/\/yoast.com\/product\/yoast-seo-wordpress\/ -->\n<title>Mili\u010di\u0107: Odluka VDT za aferu Telekom je korak nazad u djelovanju ove institucije - dmcsrb.com<\/title>\n<meta name=\"robots\" content=\"index, follow, max-snippet:-1, max-image-preview:large, max-video-preview:-1\" \/>\n<link rel=\"canonical\" href=\"https:\/\/dmcsrb.com\/en\/hronika\/milicic-odluka-vdt-za-aferu-telekom-je-korak-nazad-u-djelovanju-ove-institucije\/\" \/>\n<meta property=\"og:locale\" content=\"en_GB\" \/>\n<meta property=\"og:type\" content=\"article\" \/>\n<meta property=\"og:title\" content=\"Mili\u010di\u0107: Odluka VDT za aferu Telekom je korak nazad u djelovanju ove institucije - dmcsrb.com\" \/>\n<meta property=\"og:description\" content=\"Odluka vrhovnog dr\u017eavnog tu\u017eila\u0161tva vezano za aferu Telekom je korak nazad u djelovanju ove institucije, ali, jo\u0161 gore, i pokazatelj da unutar tu\u017eila\u0161tva, kao i sudstva, postoje i dalje strukture koje se gr\u010devito bore da se zaustave istrage vezane za korupciju vrha biv\u0161eg re\u017eima, saop\u0161tio je portparol NSD-a Mirko Mili\u010di\u0107.\u00a0\" \/>\n<meta property=\"og:url\" content=\"https:\/\/dmcsrb.com\/en\/hronika\/milicic-odluka-vdt-za-aferu-telekom-je-korak-nazad-u-djelovanju-ove-institucije\/\" \/>\n<meta property=\"og:site_name\" content=\"dmcsrb.com\" \/>\n<meta property=\"article:published_time\" content=\"2025-09-23T12:36:00+00:00\" \/>\n<meta property=\"og:image\" content=\"https:\/\/dmcsrb.com\/wp-content\/uploads\/2026\/01\/mirkomilicic-1024x640-1.png\" \/>\n\t<meta property=\"og:image:width\" content=\"1024\" \/>\n\t<meta property=\"og:image:height\" content=\"640\" \/>\n\t<meta property=\"og:image:type\" content=\"image\/png\" \/>\n<meta name=\"author\" content=\"dmcsrbija.com@gmail.com\" \/>\n<meta name=\"twitter:card\" content=\"summary_large_image\" \/>\n<meta name=\"twitter:label1\" content=\"Written by\" \/>\n\t<meta name=\"twitter:data1\" content=\"dmcsrbija.com@gmail.com\" \/>\n\t<meta name=\"twitter:label2\" content=\"Estimated reading time\" \/>\n\t<meta name=\"twitter:data2\" content=\"1 minute\" \/>\n<script type=\"application\/ld+json\" class=\"yoast-schema-graph\">{\"@context\":\"https:\\\/\\\/schema.org\",\"@graph\":[{\"@type\":\"Article\",\"@id\":\"https:\\\/\\\/dmcsrb.com\\\/hronika\\\/milicic-odluka-vdt-za-aferu-telekom-je-korak-nazad-u-djelovanju-ove-institucije\\\/#article\",\"isPartOf\":{\"@id\":\"https:\\\/\\\/dmcsrb.com\\\/hronika\\\/milicic-odluka-vdt-za-aferu-telekom-je-korak-nazad-u-djelovanju-ove-institucije\\\/\"},\"author\":{\"name\":\"dmcsrbija.com@gmail.com\",\"@id\":\"https:\\\/\\\/dmcsrb.com\\\/#\\\/schema\\\/person\\\/5c39170f12db1b8b457732d0b5c854e2\"},\"headline\":\"Mili\u010di\u0107: Odluka VDT za aferu Telekom je korak nazad u djelovanju ove institucije\",\"datePublished\":\"2025-09-23T12:36:00+00:00\",\"mainEntityOfPage\":{\"@id\":\"https:\\\/\\\/dmcsrb.com\\\/hronika\\\/milicic-odluka-vdt-za-aferu-telekom-je-korak-nazad-u-djelovanju-ove-institucije\\\/\"},\"wordCount\":288,\"commentCount\":0,\"image\":{\"@id\":\"https:\\\/\\\/dmcsrb.com\\\/hronika\\\/milicic-odluka-vdt-za-aferu-telekom-je-korak-nazad-u-djelovanju-ove-institucije\\\/#primaryimage\"},\"thumbnailUrl\":\"https:\\\/\\\/dmcsrb.com\\\/wp-content\\\/uploads\\\/2026\\\/01\\\/mirkomilicic-1024x640-1.png\",\"keywords\":[\"Mirko Mili\u010di\u0107\",\"Telekom\",\"VDT\"],\"articleSection\":[\"Hronika\"],\"inLanguage\":\"en-GB\",\"potentialAction\":[{\"@type\":\"CommentAction\",\"name\":\"Comment\",\"target\":[\"https:\\\/\\\/dmcsrb.com\\\/hronika\\\/milicic-odluka-vdt-za-aferu-telekom-je-korak-nazad-u-djelovanju-ove-institucije\\\/#respond\"]}]},{\"@type\":\"WebPage\",\"@id\":\"https:\\\/\\\/dmcsrb.com\\\/hronika\\\/milicic-odluka-vdt-za-aferu-telekom-je-korak-nazad-u-djelovanju-ove-institucije\\\/\",\"url\":\"https:\\\/\\\/dmcsrb.com\\\/hronika\\\/milicic-odluka-vdt-za-aferu-telekom-je-korak-nazad-u-djelovanju-ove-institucije\\\/\",\"name\":\"Mili\u010di\u0107: Odluka VDT za aferu Telekom je korak nazad u djelovanju ove institucije - dmcsrb.com\",\"isPartOf\":{\"@id\":\"https:\\\/\\\/dmcsrb.com\\\/#website\"},\"primaryImageOfPage\":{\"@id\":\"https:\\\/\\\/dmcsrb.com\\\/hronika\\\/milicic-odluka-vdt-za-aferu-telekom-je-korak-nazad-u-djelovanju-ove-institucije\\\/#primaryimage\"},\"image\":{\"@id\":\"https:\\\/\\\/dmcsrb.com\\\/hronika\\\/milicic-odluka-vdt-za-aferu-telekom-je-korak-nazad-u-djelovanju-ove-institucije\\\/#primaryimage\"},\"thumbnailUrl\":\"https:\\\/\\\/dmcsrb.com\\\/wp-content\\\/uploads\\\/2026\\\/01\\\/mirkomilicic-1024x640-1.png\",\"datePublished\":\"2025-09-23T12:36:00+00:00\",\"author\":{\"@id\":\"https:\\\/\\\/dmcsrb.com\\\/#\\\/schema\\\/person\\\/5c39170f12db1b8b457732d0b5c854e2\"},\"breadcrumb\":{\"@id\":\"https:\\\/\\\/dmcsrb.com\\\/hronika\\\/milicic-odluka-vdt-za-aferu-telekom-je-korak-nazad-u-djelovanju-ove-institucije\\\/#breadcrumb\"},\"inLanguage\":\"en-GB\",\"potentialAction\":[{\"@type\":\"ReadAction\",\"target\":[\"https:\\\/\\\/dmcsrb.com\\\/hronika\\\/milicic-odluka-vdt-za-aferu-telekom-je-korak-nazad-u-djelovanju-ove-institucije\\\/\"]}]},{\"@type\":\"ImageObject\",\"inLanguage\":\"en-GB\",\"@id\":\"https:\\\/\\\/dmcsrb.com\\\/hronika\\\/milicic-odluka-vdt-za-aferu-telekom-je-korak-nazad-u-djelovanju-ove-institucije\\\/#primaryimage\",\"url\":\"https:\\\/\\\/dmcsrb.com\\\/wp-content\\\/uploads\\\/2026\\\/01\\\/mirkomilicic-1024x640-1.png\",\"contentUrl\":\"https:\\\/\\\/dmcsrb.com\\\/wp-content\\\/uploads\\\/2026\\\/01\\\/mirkomilicic-1024x640-1.png\",\"width\":1024,\"height\":640},{\"@type\":\"BreadcrumbList\",\"@id\":\"https:\\\/\\\/dmcsrb.com\\\/hronika\\\/milicic-odluka-vdt-za-aferu-telekom-je-korak-nazad-u-djelovanju-ove-institucije\\\/#breadcrumb\",\"itemListElement\":[{\"@type\":\"ListItem\",\"position\":1,\"name\":\"Home\",\"item\":\"https:\\\/\\\/dmcsrb.com\\\/\"},{\"@type\":\"ListItem\",\"position\":2,\"name\":\"Mili\u010di\u0107: Odluka VDT za aferu Telekom je korak nazad u djelovanju ove institucije\"}]},{\"@type\":\"WebSite\",\"@id\":\"https:\\\/\\\/dmcsrb.com\\\/#website\",\"url\":\"https:\\\/\\\/dmcsrb.com\\\/\",\"name\":\"dmcsrb.com\",\"description\":\"\",\"potentialAction\":[{\"@type\":\"SearchAction\",\"target\":{\"@type\":\"EntryPoint\",\"urlTemplate\":\"https:\\\/\\\/dmcsrb.com\\\/?s={search_term_string}\"},\"query-input\":{\"@type\":\"PropertyValueSpecification\",\"valueRequired\":true,\"valueName\":\"search_term_string\"}}],\"inLanguage\":\"en-GB\"},{\"@type\":\"Person\",\"@id\":\"https:\\\/\\\/dmcsrb.com\\\/#\\\/schema\\\/person\\\/5c39170f12db1b8b457732d0b5c854e2\",\"name\":\"dmcsrbija.com@gmail.com\",\"image\":{\"@type\":\"ImageObject\",\"inLanguage\":\"en-GB\",\"@id\":\"https:\\\/\\\/secure.gravatar.com\\\/avatar\\\/68592660ad6347fad0fb587f8d5d8f1a7b44961362f56e4f2cd524feb87e9069?s=96&d=mm&r=g\",\"url\":\"https:\\\/\\\/secure.gravatar.com\\\/avatar\\\/68592660ad6347fad0fb587f8d5d8f1a7b44961362f56e4f2cd524feb87e9069?s=96&d=mm&r=g\",\"contentUrl\":\"https:\\\/\\\/secure.gravatar.com\\\/avatar\\\/68592660ad6347fad0fb587f8d5d8f1a7b44961362f56e4f2cd524feb87e9069?s=96&d=mm&r=g\",\"caption\":\"dmcsrbija.com@gmail.com\"},\"sameAs\":[\"https:\\\/\\\/dmcsrb.com\"],\"url\":\"https:\\\/\\\/dmcsrb.com\\\/en\\\/author\\\/dmcsrbija-comgmail-com\\\/\"}]}<\/script>\n<!-- \/ Yoast SEO plugin. -->","yoast_head_json":{"title":"Mili\u010di\u0107: Odluka VDT za aferu Telekom je korak nazad u djelovanju ove institucije - dmcsrb.com","robots":{"index":"index","follow":"follow","max-snippet":"max-snippet:-1","max-image-preview":"max-image-preview:large","max-video-preview":"max-video-preview:-1"},"canonical":"https:\/\/dmcsrb.com\/en\/hronika\/milicic-odluka-vdt-za-aferu-telekom-je-korak-nazad-u-djelovanju-ove-institucije\/","og_locale":"en_GB","og_type":"article","og_title":"Mili\u010di\u0107: Odluka VDT za aferu Telekom je korak nazad u djelovanju ove institucije - dmcsrb.com","og_description":"Odluka vrhovnog dr\u017eavnog tu\u017eila\u0161tva vezano za aferu Telekom je korak nazad u djelovanju ove institucije, ali, jo\u0161 gore, i pokazatelj da unutar tu\u017eila\u0161tva, kao i sudstva, postoje i dalje strukture koje se gr\u010devito bore da se zaustave istrage vezane za korupciju vrha biv\u0161eg re\u017eima, saop\u0161tio je portparol NSD-a Mirko Mili\u010di\u0107.\u00a0","og_url":"https:\/\/dmcsrb.com\/en\/hronika\/milicic-odluka-vdt-za-aferu-telekom-je-korak-nazad-u-djelovanju-ove-institucije\/","og_site_name":"dmcsrb.com","article_published_time":"2025-09-23T12:36:00+00:00","og_image":[{"width":1024,"height":640,"url":"https:\/\/dmcsrb.com\/wp-content\/uploads\/2026\/01\/mirkomilicic-1024x640-1.png","type":"image\/png"}],"author":"dmcsrbija.com@gmail.com","twitter_card":"summary_large_image","twitter_misc":{"Written by":"dmcsrbija.com@gmail.com","Estimated reading time":"1 minute"},"schema":{"@context":"https:\/\/schema.org","@graph":[{"@type":"Article","@id":"https:\/\/dmcsrb.com\/hronika\/milicic-odluka-vdt-za-aferu-telekom-je-korak-nazad-u-djelovanju-ove-institucije\/#article","isPartOf":{"@id":"https:\/\/dmcsrb.com\/hronika\/milicic-odluka-vdt-za-aferu-telekom-je-korak-nazad-u-djelovanju-ove-institucije\/"},"author":{"name":"dmcsrbija.com@gmail.com","@id":"https:\/\/dmcsrb.com\/#\/schema\/person\/5c39170f12db1b8b457732d0b5c854e2"},"headline":"Mili\u010di\u0107: Odluka VDT za aferu Telekom je korak nazad u djelovanju ove institucije","datePublished":"2025-09-23T12:36:00+00:00","mainEntityOfPage":{"@id":"https:\/\/dmcsrb.com\/hronika\/milicic-odluka-vdt-za-aferu-telekom-je-korak-nazad-u-djelovanju-ove-institucije\/"},"wordCount":288,"commentCount":0,"image":{"@id":"https:\/\/dmcsrb.com\/hronika\/milicic-odluka-vdt-za-aferu-telekom-je-korak-nazad-u-djelovanju-ove-institucije\/#primaryimage"},"thumbnailUrl":"https:\/\/dmcsrb.com\/wp-content\/uploads\/2026\/01\/mirkomilicic-1024x640-1.png","keywords":["Mirko Mili\u010di\u0107","Telekom","VDT"],"articleSection":["Hronika"],"inLanguage":"en-GB","potentialAction":[{"@type":"CommentAction","name":"Comment","target":["https:\/\/dmcsrb.com\/hronika\/milicic-odluka-vdt-za-aferu-telekom-je-korak-nazad-u-djelovanju-ove-institucije\/#respond"]}]},{"@type":"WebPage","@id":"https:\/\/dmcsrb.com\/hronika\/milicic-odluka-vdt-za-aferu-telekom-je-korak-nazad-u-djelovanju-ove-institucije\/","url":"https:\/\/dmcsrb.com\/hronika\/milicic-odluka-vdt-za-aferu-telekom-je-korak-nazad-u-djelovanju-ove-institucije\/","name":"Mili\u010di\u0107: Odluka VDT za aferu Telekom je korak nazad u djelovanju ove institucije - dmcsrb.com","isPartOf":{"@id":"https:\/\/dmcsrb.com\/#website"},"primaryImageOfPage":{"@id":"https:\/\/dmcsrb.com\/hronika\/milicic-odluka-vdt-za-aferu-telekom-je-korak-nazad-u-djelovanju-ove-institucije\/#primaryimage"},"image":{"@id":"https:\/\/dmcsrb.com\/hronika\/milicic-odluka-vdt-za-aferu-telekom-je-korak-nazad-u-djelovanju-ove-institucije\/#primaryimage"},"thumbnailUrl":"https:\/\/dmcsrb.com\/wp-content\/uploads\/2026\/01\/mirkomilicic-1024x640-1.png","datePublished":"2025-09-23T12:36:00+00:00","author":{"@id":"https:\/\/dmcsrb.com\/#\/schema\/person\/5c39170f12db1b8b457732d0b5c854e2"},"breadcrumb":{"@id":"https:\/\/dmcsrb.com\/hronika\/milicic-odluka-vdt-za-aferu-telekom-je-korak-nazad-u-djelovanju-ove-institucije\/#breadcrumb"},"inLanguage":"en-GB","potentialAction":[{"@type":"ReadAction","target":["https:\/\/dmcsrb.com\/hronika\/milicic-odluka-vdt-za-aferu-telekom-je-korak-nazad-u-djelovanju-ove-institucije\/"]}]},{"@type":"ImageObject","inLanguage":"en-GB","@id":"https:\/\/dmcsrb.com\/hronika\/milicic-odluka-vdt-za-aferu-telekom-je-korak-nazad-u-djelovanju-ove-institucije\/#primaryimage","url":"https:\/\/dmcsrb.com\/wp-content\/uploads\/2026\/01\/mirkomilicic-1024x640-1.png","contentUrl":"https:\/\/dmcsrb.com\/wp-content\/uploads\/2026\/01\/mirkomilicic-1024x640-1.png","width":1024,"height":640},{"@type":"BreadcrumbList","@id":"https:\/\/dmcsrb.com\/hronika\/milicic-odluka-vdt-za-aferu-telekom-je-korak-nazad-u-djelovanju-ove-institucije\/#breadcrumb","itemListElement":[{"@type":"ListItem","position":1,"name":"Home","item":"https:\/\/dmcsrb.com\/"},{"@type":"ListItem","position":2,"name":"Mili\u010di\u0107: Odluka VDT za aferu Telekom je korak nazad u djelovanju ove institucije"}]},{"@type":"WebSite","@id":"https:\/\/dmcsrb.com\/#website","url":"https:\/\/dmcsrb.com\/","name":"dmcsrb.com","description":"","potentialAction":[{"@type":"SearchAction","target":{"@type":"EntryPoint","urlTemplate":"https:\/\/dmcsrb.com\/?s={search_term_string}"},"query-input":{"@type":"PropertyValueSpecification","valueRequired":true,"valueName":"search_term_string"}}],"inLanguage":"en-GB"},{"@type":"Person","@id":"https:\/\/dmcsrb.com\/#\/schema\/person\/5c39170f12db1b8b457732d0b5c854e2","name":"dmcsrbija.com@gmail.com","image":{"@type":"ImageObject","inLanguage":"en-GB","@id":"https:\/\/secure.gravatar.com\/avatar\/68592660ad6347fad0fb587f8d5d8f1a7b44961362f56e4f2cd524feb87e9069?s=96&d=mm&r=g","url":"https:\/\/secure.gravatar.com\/avatar\/68592660ad6347fad0fb587f8d5d8f1a7b44961362f56e4f2cd524feb87e9069?s=96&d=mm&r=g","contentUrl":"https:\/\/secure.gravatar.com\/avatar\/68592660ad6347fad0fb587f8d5d8f1a7b44961362f56e4f2cd524feb87e9069?s=96&d=mm&r=g","caption":"dmcsrbija.com@gmail.com"},"sameAs":["https:\/\/dmcsrb.com"],"url":"https:\/\/dmcsrb.com\/en\/author\/dmcsrbija-comgmail-com\/"}]}},"_links":{"self":[{"href":"https:\/\/dmcsrb.com\/en\/wp-json\/wp\/v2\/posts\/953636","targetHints":{"allow":["GET"]}}],"collection":[{"href":"https:\/\/dmcsrb.com\/en\/wp-json\/wp\/v2\/posts"}],"about":[{"href":"https:\/\/dmcsrb.com\/en\/wp-json\/wp\/v2\/types\/post"}],"author":[{"embeddable":true,"href":"https:\/\/dmcsrb.com\/en\/wp-json\/wp\/v2\/users\/1"}],"replies":[{"embeddable":true,"href":"https:\/\/dmcsrb.com\/en\/wp-json\/wp\/v2\/comments?post=953636"}],"version-history":[{"count":0,"href":"https:\/\/dmcsrb.com\/en\/wp-json\/wp\/v2\/posts\/953636\/revisions"}],"wp:featuredmedia":[{"embeddable":true,"href":"https:\/\/dmcsrb.com\/en\/wp-json\/wp\/v2\/media\/913762"}],"wp:attachment":[{"href":"https:\/\/dmcsrb.com\/en\/wp-json\/wp\/v2\/media?parent=953636"}],"wp:term":[{"taxonomy":"category","embeddable":true,"href":"https:\/\/dmcsrb.com\/en\/wp-json\/wp\/v2\/categories?post=953636"},{"taxonomy":"post_tag","embeddable":true,"href":"https:\/\/dmcsrb.com\/en\/wp-json\/wp\/v2\/tags?post=953636"},{"taxonomy":"naslovna","embeddable":true,"href":"https:\/\/dmcsrb.com\/en\/wp-json\/wp\/v2\/naslovna?post=953636"}],"curies":[{"name":"wp","href":"https:\/\/api.w.org\/{rel}","templated":true}]}}