{"id":953604,"date":"2025-09-23T12:37:00","date_gmt":"2025-09-23T10:37:00","guid":{"rendered":"https:\/\/dmcsrb.com\/uncategorized\/drakic-dobila-jednoglasnu-podrsku-za-novi-mandat-na-celu-pkcg\/"},"modified":"2025-09-23T12:37:00","modified_gmt":"2025-09-23T10:37:00","slug":"drakic-dobila-jednoglasnu-podrsku-za-novi-mandat-na-celu-pkcg","status":"publish","type":"post","link":"https:\/\/dmcsrb.com\/en\/ekonomija\/drakic-dobila-jednoglasnu-podrsku-za-novi-mandat-na-celu-pkcg\/","title":{"rendered":"Draki\u0107 dobila jednoglasnu podr\u0161ku za novi mandat na \u010delu PKCG"},"content":{"rendered":"<p>Draki\u0107 je zahvalila na ukazanom povjerenju istakav\u0161i da to predstavlja potvrdu njenog uspje\u0161nog rada kao i rada Stru\u010dne slu\u017ebe ove asocijacije.<\/p>\n\n\n\n<p>&#8220;Najavila je da \u0107e u naredne \u010detiri godine fokus Privredne komore biti na zastupanju interesa privrede, promociji i ja\u010danju njene konkurentnosti, te modernizaciji usluga ove asocijacije kroz uskla\u0111ivanje sa savremenim zahtjevima&#8221;, saop\u0161teno je iz PKCG.<\/p>\n\n\n\n<p>Ona je tokom svog izlaganja posebno naglasila va\u017enost aktivnog uklju\u010divanja poslovne zajednice u kreiranje ekonomskih politika kako bi bile uskla\u0111ene sa realnim potrebama privrede.<\/p>\n\n\n\n<p>&#8220;Komora \u0107e, kao i do sada, upu\u0107ivati inicijative donosiocima odluka i raditi na unapre\u0111enju mehanizama transparentnosti u vezi sa njihovim statusom, te razvijati ciljane servise za rje\u0161avanje klju\u010dnih prepreka u poslovanju&#8221;, navodi se u saop\u0161tenju.<\/p>\n\n\n\n<p>Izme\u0111u ostalog, najavila je kreiranje privrednog kompasa, dokumenta koji \u0107e se pripremati svake godine i u kojem \u0107e biti prikazana mapa inicijativa komore, jasno definisane barijere, predlo\u017eena rje\u0161enja i njihov status.<\/p>\n\n\n\n<p>&#8220;Radi\u0107e se na uvo\u0111enju dodatnih savremenih formata edukacije u PKCG, te obezbje\u0111ivanju ve\u0107e dostupnosti novih znanja za privrednike. Nastavi\u0107e se unapre\u0111ivanje prezentacija privrede na sajmovima, kao i rad na projektima finansiranim od me\u0111unarodnih partnera, posebno Evropske unije, kako bi se \u010dlanicama omogu\u0107ila priprema za kori\u0161\u0107enje evropskih fondova. Naglasila je da \u0107e prioritet biti implementacija e-komore, platforme koja omogu\u0107ava direktnu komunikaciju sa \u010dlanicama, posebno mikro, malim i srednjim preduze\u0107ima, a najavila je i novi koncept Biznis Meet Up koji \u0107e slu\u017eiti za neformalno umre\u017eavanje privrede, finansijskog sektora i inovatora u razli\u010ditim crnogorskim op\u0161tinama, dok \u0107e uvo\u0111enjem EU Desk-a i EU Ready alata,&nbsp;kompanije mo\u0107i da procijene spremnost izlaska na evropsko tr\u017ei\u0161te&#8221;. kazali su iz PKCG.<\/p>\n\n\n\n<p>Nastavi\u0107e se programi afirmacije doma\u0107e proizvodnje, poput \u201eSnaga je u svima nama\u201d, \u010diji je cilj podsticanje potro\u0161a\u010da na kupovinu doma\u0107ih proizvoda i promocija crnogorske privrede.<\/p>\n\n\n\n<p>U okviru njenog mandata bi\u0107e sve\u010dano obilje\u017een i vijek postojanja Privredne komore Crne Gore.<\/p>\n\n\n\n<p>\u201ePodr\u0161kom \u010dlanica Privredne komore, zajedni\u010dkim radom mo\u017eemo osna\u017eiti crnogorsku privredu, raditi na rje\u0161avanju klju\u010dnih prepreka koje usporavaju rast i konkurentnost. Moja vizija je komora koja povezuje, privreda koja napreduje i budu\u0107nosti koju gradimo zajedno\u201c, rekla je Draki\u0107.<\/p>\n\n\n\n<p>Predsjednica je pozvala sve privrednike da poka\u017eu zajedni\u0161tvo kako bi zahtjevi privrede bili jo\u0161 sna\u017enije uva\u017eavani i realizovani od strane donosilaca odluka.<\/p>\n\n\n\n<p>Privrednici su kroz diskusije dali punu podr\u0161ku predsjednici Draki\u0107 i afirmativno govorili o njenom dosada\u0161njem radu. Sjednicu je vodio predsjednik Skup\u0161tine PKCG Stevan Karadagli\u0107, a u radu su, pored \u010dlanova Skup\u0161tine iz renomiranih crnogorskih kompanija, u\u010destvovali potpredsjednici Pavle D. Radovanovi\u0107, Dragan Kujovi\u0107 i Nikola Vujovi\u0107, te generalni sekretar Mitar Baj\u010deta.<\/p>\n\n\n\n<p><a target=\"_blank\" href=\"https:\/\/play.google.com\/store\/apps\/details?id=me.rtcg\" rel=\"noreferrer noopener\"><\/a><a target=\"_blank\" href=\"https:\/\/apps.apple.com\/us\/app\/rtcg\/id1400067551\" rel=\"noreferrer noopener\"><\/a><\/p>\n\n\n\n<h3 class=\"wp-block-heading\">Pratite nas na<\/h3>\n\n\n\n<p><a target=\"_blank\" href=\"https:\/\/www.facebook.com\/PortalRTCG\/\" rel=\"noreferrer noopener\"><\/a><a target=\"_blank\" href=\"https:\/\/twitter.com\/MMC_RTCG\" rel=\"noreferrer noopener\"><\/a><a target=\"_blank\" href=\"https:\/\/www.youtube.com\/channel\/UC-wb2t0TEiMtfmdiB169MPw\/videos?view=0%22\" rel=\"noreferrer noopener\"><\/a><a target=\"_blank\" href=\"https:\/\/www.instagram.com\/rtcg_me\/\" rel=\"noreferrer noopener\"><\/a><a target=\"_blank\" href=\"https:\/\/www.tiktok.com\/@rtcg_me?referer_url=https%3A%2F%2Fwww.rtcg.me%2F&amp;referer_video_id=7082740740232596742&amp;refer=embed\" rel=\"noreferrer noopener\"><\/a><a target=\"_blank\" href=\"https:\/\/invite.viber.com\/?g2=AQAoelI5rYb5tk%2BEdfzIV9p8V1QhJQr56MYLT%2FU0YpvefIh3ZlAzupEpZiY1i6r3\" rel=\"noreferrer noopener\"><\/a><a target=\"_blank\" href=\"https:\/\/t.me\/rtcgjavniservis\" rel=\"noreferrer noopener\"><\/a><a target=\"_blank\" href=\"https:\/\/bsky.app\/profile\/rtcgme.bsky.social\" rel=\"noreferrer noopener\"><\/a><\/p>","protected":false},"excerpt":{"rendered":"<p>Nina Draki\u0107 bi\u0107e predsjednica Privredne komore Crne Gore i u narednom \u010detvorogodi\u0161njem mandatu, jednoglasno je odlu\u010dila Skup\u0161tina krovne poslovne asocijacije na sjednici odr\u017eanoj 23. septembra.<\/p>","protected":false},"author":1,"featured_media":953605,"comment_status":"open","ping_status":"open","sticky":false,"template":"","format":"standard","meta":{"_acf_changed":false,"footnotes":""},"categories":[27],"tags":[4630,3485],"naslovna":[],"class_list":["post-953604","post","type-post","status-publish","format-standard","has-post-thumbnail","hentry","category-ekonomija","tag-nina-drakic","tag-pkcg"],"acf":[],"yoast_head":"<!-- This site is optimized with the Yoast SEO plugin v27.4 - https:\/\/yoast.com\/product\/yoast-seo-wordpress\/ -->\n<title>Draki\u0107 dobila jednoglasnu podr\u0161ku za novi mandat na \u010delu PKCG - dmcsrb.com<\/title>\n<meta name=\"robots\" content=\"index, follow, max-snippet:-1, max-image-preview:large, max-video-preview:-1\" \/>\n<link rel=\"canonical\" href=\"https:\/\/dmcsrb.com\/en\/ekonomija\/drakic-dobila-jednoglasnu-podrsku-za-novi-mandat-na-celu-pkcg\/\" \/>\n<meta property=\"og:locale\" content=\"en_GB\" \/>\n<meta property=\"og:type\" content=\"article\" \/>\n<meta property=\"og:title\" content=\"Draki\u0107 dobila jednoglasnu podr\u0161ku za novi mandat na \u010delu PKCG - dmcsrb.com\" \/>\n<meta property=\"og:description\" content=\"Nina Draki\u0107 bi\u0107e predsjednica Privredne komore Crne Gore i u narednom \u010detvorogodi\u0161njem mandatu, jednoglasno je odlu\u010dila Skup\u0161tina krovne poslovne asocijacije na sjednici odr\u017eanoj 23. septembra.\" \/>\n<meta property=\"og:url\" content=\"https:\/\/dmcsrb.com\/en\/ekonomija\/drakic-dobila-jednoglasnu-podrsku-za-novi-mandat-na-celu-pkcg\/\" \/>\n<meta property=\"og:site_name\" content=\"dmcsrb.com\" \/>\n<meta property=\"article:published_time\" content=\"2025-09-23T10:37:00+00:00\" \/>\n<meta property=\"og:image\" content=\"https:\/\/dmcsrb.com\/wp-content\/uploads\/2026\/01\/Skupstina-glasanje_600x900-1.webp\" \/>\n\t<meta property=\"og:image:width\" content=\"899\" \/>\n\t<meta property=\"og:image:height\" content=\"600\" \/>\n\t<meta property=\"og:image:type\" content=\"image\/jpeg\" \/>\n<meta name=\"author\" content=\"dmcsrbija.com@gmail.com\" \/>\n<meta name=\"twitter:card\" content=\"summary_large_image\" \/>\n<meta name=\"twitter:label1\" content=\"Written by\" \/>\n\t<meta name=\"twitter:data1\" content=\"dmcsrbija.com@gmail.com\" \/>\n\t<meta name=\"twitter:label2\" content=\"Estimated reading time\" \/>\n\t<meta name=\"twitter:data2\" content=\"2 minutes\" \/>\n<script type=\"application\/ld+json\" class=\"yoast-schema-graph\">{\"@context\":\"https:\\\/\\\/schema.org\",\"@graph\":[{\"@type\":\"Article\",\"@id\":\"https:\\\/\\\/dmcsrb.com\\\/ekonomija\\\/drakic-dobila-jednoglasnu-podrsku-za-novi-mandat-na-celu-pkcg\\\/#article\",\"isPartOf\":{\"@id\":\"https:\\\/\\\/dmcsrb.com\\\/ekonomija\\\/drakic-dobila-jednoglasnu-podrsku-za-novi-mandat-na-celu-pkcg\\\/\"},\"author\":{\"name\":\"dmcsrbija.com@gmail.com\",\"@id\":\"https:\\\/\\\/dmcsrb.com\\\/#\\\/schema\\\/person\\\/5c39170f12db1b8b457732d0b5c854e2\"},\"headline\":\"Draki\u0107 dobila jednoglasnu podr\u0161ku za novi mandat na \u010delu PKCG\",\"datePublished\":\"2025-09-23T10:37:00+00:00\",\"mainEntityOfPage\":{\"@id\":\"https:\\\/\\\/dmcsrb.com\\\/ekonomija\\\/drakic-dobila-jednoglasnu-podrsku-za-novi-mandat-na-celu-pkcg\\\/\"},\"wordCount\":485,\"commentCount\":0,\"image\":{\"@id\":\"https:\\\/\\\/dmcsrb.com\\\/ekonomija\\\/drakic-dobila-jednoglasnu-podrsku-za-novi-mandat-na-celu-pkcg\\\/#primaryimage\"},\"thumbnailUrl\":\"https:\\\/\\\/dmcsrb.com\\\/wp-content\\\/uploads\\\/2026\\\/01\\\/Skupstina-glasanje_600x900-1.webp\",\"keywords\":[\"Nina Draki\u0107\",\"PKCG\"],\"articleSection\":[\"Ekonomija\"],\"inLanguage\":\"en-GB\",\"potentialAction\":[{\"@type\":\"CommentAction\",\"name\":\"Comment\",\"target\":[\"https:\\\/\\\/dmcsrb.com\\\/ekonomija\\\/drakic-dobila-jednoglasnu-podrsku-za-novi-mandat-na-celu-pkcg\\\/#respond\"]}]},{\"@type\":\"WebPage\",\"@id\":\"https:\\\/\\\/dmcsrb.com\\\/ekonomija\\\/drakic-dobila-jednoglasnu-podrsku-za-novi-mandat-na-celu-pkcg\\\/\",\"url\":\"https:\\\/\\\/dmcsrb.com\\\/ekonomija\\\/drakic-dobila-jednoglasnu-podrsku-za-novi-mandat-na-celu-pkcg\\\/\",\"name\":\"Draki\u0107 dobila jednoglasnu podr\u0161ku za novi mandat na \u010delu PKCG - dmcsrb.com\",\"isPartOf\":{\"@id\":\"https:\\\/\\\/dmcsrb.com\\\/#website\"},\"primaryImageOfPage\":{\"@id\":\"https:\\\/\\\/dmcsrb.com\\\/ekonomija\\\/drakic-dobila-jednoglasnu-podrsku-za-novi-mandat-na-celu-pkcg\\\/#primaryimage\"},\"image\":{\"@id\":\"https:\\\/\\\/dmcsrb.com\\\/ekonomija\\\/drakic-dobila-jednoglasnu-podrsku-za-novi-mandat-na-celu-pkcg\\\/#primaryimage\"},\"thumbnailUrl\":\"https:\\\/\\\/dmcsrb.com\\\/wp-content\\\/uploads\\\/2026\\\/01\\\/Skupstina-glasanje_600x900-1.webp\",\"datePublished\":\"2025-09-23T10:37:00+00:00\",\"author\":{\"@id\":\"https:\\\/\\\/dmcsrb.com\\\/#\\\/schema\\\/person\\\/5c39170f12db1b8b457732d0b5c854e2\"},\"breadcrumb\":{\"@id\":\"https:\\\/\\\/dmcsrb.com\\\/ekonomija\\\/drakic-dobila-jednoglasnu-podrsku-za-novi-mandat-na-celu-pkcg\\\/#breadcrumb\"},\"inLanguage\":\"en-GB\",\"potentialAction\":[{\"@type\":\"ReadAction\",\"target\":[\"https:\\\/\\\/dmcsrb.com\\\/ekonomija\\\/drakic-dobila-jednoglasnu-podrsku-za-novi-mandat-na-celu-pkcg\\\/\"]}]},{\"@type\":\"ImageObject\",\"inLanguage\":\"en-GB\",\"@id\":\"https:\\\/\\\/dmcsrb.com\\\/ekonomija\\\/drakic-dobila-jednoglasnu-podrsku-za-novi-mandat-na-celu-pkcg\\\/#primaryimage\",\"url\":\"https:\\\/\\\/dmcsrb.com\\\/wp-content\\\/uploads\\\/2026\\\/01\\\/Skupstina-glasanje_600x900-1.webp\",\"contentUrl\":\"https:\\\/\\\/dmcsrb.com\\\/wp-content\\\/uploads\\\/2026\\\/01\\\/Skupstina-glasanje_600x900-1.webp\",\"width\":899,\"height\":600},{\"@type\":\"BreadcrumbList\",\"@id\":\"https:\\\/\\\/dmcsrb.com\\\/ekonomija\\\/drakic-dobila-jednoglasnu-podrsku-za-novi-mandat-na-celu-pkcg\\\/#breadcrumb\",\"itemListElement\":[{\"@type\":\"ListItem\",\"position\":1,\"name\":\"Home\",\"item\":\"https:\\\/\\\/dmcsrb.com\\\/\"},{\"@type\":\"ListItem\",\"position\":2,\"name\":\"Draki\u0107 dobila jednoglasnu podr\u0161ku za novi mandat na \u010delu PKCG\"}]},{\"@type\":\"WebSite\",\"@id\":\"https:\\\/\\\/dmcsrb.com\\\/#website\",\"url\":\"https:\\\/\\\/dmcsrb.com\\\/\",\"name\":\"dmcsrb.com\",\"description\":\"\",\"potentialAction\":[{\"@type\":\"SearchAction\",\"target\":{\"@type\":\"EntryPoint\",\"urlTemplate\":\"https:\\\/\\\/dmcsrb.com\\\/?s={search_term_string}\"},\"query-input\":{\"@type\":\"PropertyValueSpecification\",\"valueRequired\":true,\"valueName\":\"search_term_string\"}}],\"inLanguage\":\"en-GB\"},{\"@type\":\"Person\",\"@id\":\"https:\\\/\\\/dmcsrb.com\\\/#\\\/schema\\\/person\\\/5c39170f12db1b8b457732d0b5c854e2\",\"name\":\"dmcsrbija.com@gmail.com\",\"image\":{\"@type\":\"ImageObject\",\"inLanguage\":\"en-GB\",\"@id\":\"https:\\\/\\\/secure.gravatar.com\\\/avatar\\\/68592660ad6347fad0fb587f8d5d8f1a7b44961362f56e4f2cd524feb87e9069?s=96&d=mm&r=g\",\"url\":\"https:\\\/\\\/secure.gravatar.com\\\/avatar\\\/68592660ad6347fad0fb587f8d5d8f1a7b44961362f56e4f2cd524feb87e9069?s=96&d=mm&r=g\",\"contentUrl\":\"https:\\\/\\\/secure.gravatar.com\\\/avatar\\\/68592660ad6347fad0fb587f8d5d8f1a7b44961362f56e4f2cd524feb87e9069?s=96&d=mm&r=g\",\"caption\":\"dmcsrbija.com@gmail.com\"},\"sameAs\":[\"https:\\\/\\\/dmcsrb.com\"],\"url\":\"https:\\\/\\\/dmcsrb.com\\\/en\\\/author\\\/dmcsrbija-comgmail-com\\\/\"}]}<\/script>\n<!-- \/ Yoast SEO plugin. -->","yoast_head_json":{"title":"Draki\u0107 dobila jednoglasnu podr\u0161ku za novi mandat na \u010delu PKCG - dmcsrb.com","robots":{"index":"index","follow":"follow","max-snippet":"max-snippet:-1","max-image-preview":"max-image-preview:large","max-video-preview":"max-video-preview:-1"},"canonical":"https:\/\/dmcsrb.com\/en\/ekonomija\/drakic-dobila-jednoglasnu-podrsku-za-novi-mandat-na-celu-pkcg\/","og_locale":"en_GB","og_type":"article","og_title":"Draki\u0107 dobila jednoglasnu podr\u0161ku za novi mandat na \u010delu PKCG - dmcsrb.com","og_description":"Nina Draki\u0107 bi\u0107e predsjednica Privredne komore Crne Gore i u narednom \u010detvorogodi\u0161njem mandatu, jednoglasno je odlu\u010dila Skup\u0161tina krovne poslovne asocijacije na sjednici odr\u017eanoj 23. septembra.","og_url":"https:\/\/dmcsrb.com\/en\/ekonomija\/drakic-dobila-jednoglasnu-podrsku-za-novi-mandat-na-celu-pkcg\/","og_site_name":"dmcsrb.com","article_published_time":"2025-09-23T10:37:00+00:00","og_image":[{"width":899,"height":600,"url":"https:\/\/dmcsrb.com\/wp-content\/uploads\/2026\/01\/Skupstina-glasanje_600x900-1.webp","type":"image\/jpeg"}],"author":"dmcsrbija.com@gmail.com","twitter_card":"summary_large_image","twitter_misc":{"Written by":"dmcsrbija.com@gmail.com","Estimated reading time":"2 minutes"},"schema":{"@context":"https:\/\/schema.org","@graph":[{"@type":"Article","@id":"https:\/\/dmcsrb.com\/ekonomija\/drakic-dobila-jednoglasnu-podrsku-za-novi-mandat-na-celu-pkcg\/#article","isPartOf":{"@id":"https:\/\/dmcsrb.com\/ekonomija\/drakic-dobila-jednoglasnu-podrsku-za-novi-mandat-na-celu-pkcg\/"},"author":{"name":"dmcsrbija.com@gmail.com","@id":"https:\/\/dmcsrb.com\/#\/schema\/person\/5c39170f12db1b8b457732d0b5c854e2"},"headline":"Draki\u0107 dobila jednoglasnu podr\u0161ku za novi mandat na \u010delu PKCG","datePublished":"2025-09-23T10:37:00+00:00","mainEntityOfPage":{"@id":"https:\/\/dmcsrb.com\/ekonomija\/drakic-dobila-jednoglasnu-podrsku-za-novi-mandat-na-celu-pkcg\/"},"wordCount":485,"commentCount":0,"image":{"@id":"https:\/\/dmcsrb.com\/ekonomija\/drakic-dobila-jednoglasnu-podrsku-za-novi-mandat-na-celu-pkcg\/#primaryimage"},"thumbnailUrl":"https:\/\/dmcsrb.com\/wp-content\/uploads\/2026\/01\/Skupstina-glasanje_600x900-1.webp","keywords":["Nina Draki\u0107","PKCG"],"articleSection":["Ekonomija"],"inLanguage":"en-GB","potentialAction":[{"@type":"CommentAction","name":"Comment","target":["https:\/\/dmcsrb.com\/ekonomija\/drakic-dobila-jednoglasnu-podrsku-za-novi-mandat-na-celu-pkcg\/#respond"]}]},{"@type":"WebPage","@id":"https:\/\/dmcsrb.com\/ekonomija\/drakic-dobila-jednoglasnu-podrsku-za-novi-mandat-na-celu-pkcg\/","url":"https:\/\/dmcsrb.com\/ekonomija\/drakic-dobila-jednoglasnu-podrsku-za-novi-mandat-na-celu-pkcg\/","name":"Draki\u0107 dobila jednoglasnu podr\u0161ku za novi mandat na \u010delu PKCG - dmcsrb.com","isPartOf":{"@id":"https:\/\/dmcsrb.com\/#website"},"primaryImageOfPage":{"@id":"https:\/\/dmcsrb.com\/ekonomija\/drakic-dobila-jednoglasnu-podrsku-za-novi-mandat-na-celu-pkcg\/#primaryimage"},"image":{"@id":"https:\/\/dmcsrb.com\/ekonomija\/drakic-dobila-jednoglasnu-podrsku-za-novi-mandat-na-celu-pkcg\/#primaryimage"},"thumbnailUrl":"https:\/\/dmcsrb.com\/wp-content\/uploads\/2026\/01\/Skupstina-glasanje_600x900-1.webp","datePublished":"2025-09-23T10:37:00+00:00","author":{"@id":"https:\/\/dmcsrb.com\/#\/schema\/person\/5c39170f12db1b8b457732d0b5c854e2"},"breadcrumb":{"@id":"https:\/\/dmcsrb.com\/ekonomija\/drakic-dobila-jednoglasnu-podrsku-za-novi-mandat-na-celu-pkcg\/#breadcrumb"},"inLanguage":"en-GB","potentialAction":[{"@type":"ReadAction","target":["https:\/\/dmcsrb.com\/ekonomija\/drakic-dobila-jednoglasnu-podrsku-za-novi-mandat-na-celu-pkcg\/"]}]},{"@type":"ImageObject","inLanguage":"en-GB","@id":"https:\/\/dmcsrb.com\/ekonomija\/drakic-dobila-jednoglasnu-podrsku-za-novi-mandat-na-celu-pkcg\/#primaryimage","url":"https:\/\/dmcsrb.com\/wp-content\/uploads\/2026\/01\/Skupstina-glasanje_600x900-1.webp","contentUrl":"https:\/\/dmcsrb.com\/wp-content\/uploads\/2026\/01\/Skupstina-glasanje_600x900-1.webp","width":899,"height":600},{"@type":"BreadcrumbList","@id":"https:\/\/dmcsrb.com\/ekonomija\/drakic-dobila-jednoglasnu-podrsku-za-novi-mandat-na-celu-pkcg\/#breadcrumb","itemListElement":[{"@type":"ListItem","position":1,"name":"Home","item":"https:\/\/dmcsrb.com\/"},{"@type":"ListItem","position":2,"name":"Draki\u0107 dobila jednoglasnu podr\u0161ku za novi mandat na \u010delu PKCG"}]},{"@type":"WebSite","@id":"https:\/\/dmcsrb.com\/#website","url":"https:\/\/dmcsrb.com\/","name":"dmcsrb.com","description":"","potentialAction":[{"@type":"SearchAction","target":{"@type":"EntryPoint","urlTemplate":"https:\/\/dmcsrb.com\/?s={search_term_string}"},"query-input":{"@type":"PropertyValueSpecification","valueRequired":true,"valueName":"search_term_string"}}],"inLanguage":"en-GB"},{"@type":"Person","@id":"https:\/\/dmcsrb.com\/#\/schema\/person\/5c39170f12db1b8b457732d0b5c854e2","name":"dmcsrbija.com@gmail.com","image":{"@type":"ImageObject","inLanguage":"en-GB","@id":"https:\/\/secure.gravatar.com\/avatar\/68592660ad6347fad0fb587f8d5d8f1a7b44961362f56e4f2cd524feb87e9069?s=96&d=mm&r=g","url":"https:\/\/secure.gravatar.com\/avatar\/68592660ad6347fad0fb587f8d5d8f1a7b44961362f56e4f2cd524feb87e9069?s=96&d=mm&r=g","contentUrl":"https:\/\/secure.gravatar.com\/avatar\/68592660ad6347fad0fb587f8d5d8f1a7b44961362f56e4f2cd524feb87e9069?s=96&d=mm&r=g","caption":"dmcsrbija.com@gmail.com"},"sameAs":["https:\/\/dmcsrb.com"],"url":"https:\/\/dmcsrb.com\/en\/author\/dmcsrbija-comgmail-com\/"}]}},"_links":{"self":[{"href":"https:\/\/dmcsrb.com\/en\/wp-json\/wp\/v2\/posts\/953604","targetHints":{"allow":["GET"]}}],"collection":[{"href":"https:\/\/dmcsrb.com\/en\/wp-json\/wp\/v2\/posts"}],"about":[{"href":"https:\/\/dmcsrb.com\/en\/wp-json\/wp\/v2\/types\/post"}],"author":[{"embeddable":true,"href":"https:\/\/dmcsrb.com\/en\/wp-json\/wp\/v2\/users\/1"}],"replies":[{"embeddable":true,"href":"https:\/\/dmcsrb.com\/en\/wp-json\/wp\/v2\/comments?post=953604"}],"version-history":[{"count":0,"href":"https:\/\/dmcsrb.com\/en\/wp-json\/wp\/v2\/posts\/953604\/revisions"}],"wp:featuredmedia":[{"embeddable":true,"href":"https:\/\/dmcsrb.com\/en\/wp-json\/wp\/v2\/media\/953605"}],"wp:attachment":[{"href":"https:\/\/dmcsrb.com\/en\/wp-json\/wp\/v2\/media?parent=953604"}],"wp:term":[{"taxonomy":"category","embeddable":true,"href":"https:\/\/dmcsrb.com\/en\/wp-json\/wp\/v2\/categories?post=953604"},{"taxonomy":"post_tag","embeddable":true,"href":"https:\/\/dmcsrb.com\/en\/wp-json\/wp\/v2\/tags?post=953604"},{"taxonomy":"naslovna","embeddable":true,"href":"https:\/\/dmcsrb.com\/en\/wp-json\/wp\/v2\/naslovna?post=953604"}],"curies":[{"name":"wp","href":"https:\/\/api.w.org\/{rel}","templated":true}]}}