{"id":953600,"date":"2025-09-23T11:44:54","date_gmt":"2025-09-23T09:44:54","guid":{"rendered":"https:\/\/dmcsrb.com\/uncategorized\/saranovic-interpelacija-je-pisano-priznanje-straha-od-institucija-koje-vise-ne-klece-pred-organizovanim-kriminalom\/"},"modified":"2025-09-23T11:44:54","modified_gmt":"2025-09-23T09:44:54","slug":"saranovic-interpelacija-je-pisano-priznanje-straha-od-institucija-koje-vise-ne-klece-pred-organizovanim-kriminalom","status":"publish","type":"post","link":"https:\/\/dmcsrb.com\/en\/politika\/saranovic-interpelacija-je-pisano-priznanje-straha-od-institucija-koje-vise-ne-klece-pred-organizovanim-kriminalom\/","title":{"rendered":"\u0160aranovi\u0107: Interpelacija je pisano priznanje straha od institucija koje vi\u0161e ne kle\u010de pred organizovanim kriminalom"},"content":{"rendered":"<p><br><br>&#8220;Ova interpelacija je pisano priznanje straha od institucija koje vi\u0161e ne kle\u010de pred organizovanim kriminalom&#8221;, kazao je \u0160aranovi\u0107.<br><br>On je podsjetio da su upravo  poslanici DPS-a, koji podnose ovu interpelaciju, potpisivali zahtjeve za pu\u0161tanje Zorana Lazovi\u0107a na slobodu. <\/p>\n\n\n\n<p>&#8220;\u010covjeka koji je simbol dvodecenijskog pretvaranja slu\u017ebi bezbjednosti u privatne filijale najgorih kriminalnih klanova na Balkanu. \u010covjeka pod \u010dijom su komandom curile istrage, vr\u0161ena krivi\u010dna djela, uvezeni kriminalci iz regiona sa najbrutalnijim dosijeima i zapo\u0161ljavani kadrovi bezbjednosti po preporukama \u0161efova mafije. \u010covjeka \u010dije ime, danas, kad se pro\u010dita u sali Skup\u0161tine izaziva ti\u0161inu onih koji su mu slu\u017eili, koji su ga birali i na to mjesto postavili&#8221;, istakao je \u0160Aranovi\u0107.<br><br>Naglasio je da tvrdi da ova interpelacija nije napad na potpredsjednika Vlade Aleksu Be\u010di\u0107a, koji sna\u017eno podr\u017eava veting u bezbjednosnom sektoru, ve\u0107 da je ovo &#8220;napad na sve ono \u0161to vi\u0161e nije pod njihovom kontrolom&#8221;. <\/p>\n\n\n\n<p>&#8220;Napad na sektor koji je prvi put slobodan, na policiju koja ne pita vi\u0161e ko koga \u0161titi, ve\u0107 ko je s kim sara\u0111ivao, na slu\u017ebe koje vi\u0161e ne dijele informacije \u0161efu partije, ve\u0107 dr\u017eavnim tu\u017eiocima&#8221;, smatra \u0160aranovi\u0107.<br><br>Mi\u0161ljenja je da ih napadaju zato \u0161to je veting po\u010deo. <\/p>\n\n\n\n<p>&#8220;Zato \u0161to je ve\u0107 150 uniformisanih lica suspendovano zbog dokaza, zbog veza sa kriminalom, zbog u\u017eivanja opojnih droga, zbog toga \u0161to su, jedan broj njih bili sluge zla u uniformi zakona. A ovo je tek po\u010detak. Spreman je novi talas suspenzija, otkaza, krivi\u010dnih i disciplinskih postupaka. Spremne su nove provjere, spreman je zakon koji bri\u0161e svaku dilemu, poligraf je obavezan, bezbjednosna provjera se sprovodi svakih pet godina, a bezbjednosna smetnja zna\u010di automatski raskid radnog odnosa. Nema vi\u0161e \u0161vercera u uniformi. Nema vi\u0161e mafija\u0161a u kabinetu. Ko ne pro\u0111e, tamo su vrata. Ko ne\u0107e na poligraf, nema \u0161ta da tra\u017ei u slu\u017ebi&#8221;, kazao je \u0160aranovi\u0107.<br><br>Ova interpelacija, kako ka\u017ee, dolazi ba\u0161 sada, jer je kona\u010dno zavr\u0161ena era politi\u010dke kontrole nad operativnim radom. <\/p>\n\n\n\n<p>&#8220;Zato \u0161to vi\u0161e ne postoji broj telefona iz vrha koji mo\u017ee da zaustavi istragu. Zato \u0161to je kriminal koji su \u0161titili, ostao bez za\u0161tite. Zato \u0161to se izbor za direktora Uprave policije vi\u0161e ne vodi po kafanama, u restoranu Ljuba Milovi\u0107a, ve\u0107 po procedurama i zato \u0161to je ovaj sistem po\u010deo da radi ono \u0161to DPS nikada nije smio, da istra\u017euje njihove zlo\u010dine&#8221;, istakao je \u0160aranovi\u0107.<br><br>Upravo sada, dodaje \u0160aranovi\u0107, bezbjednosni sektor Crne Gore raspola\u017ee klju\u010dnim informacijama o ubistvu Gorana \u017dugi\u0107a i Belog Raspopovi\u0107a, ljudi koji su, kako je ve\u0107 saop\u0161teno, ubijeni od strane dr\u017eave. <\/p>\n\n\n\n<p>&#8220;Ne bilo koje, nego dr\u017eave kojom je upravljao DPS. Ubistva koja su se godinama \u010duvala u ladicama, a sada su na stolu. Istina dolazi. A rekao sam vam, dosad sam iznio tek 3% onoga \u0161to imamo. Ostatak slijedi narednih dana. A politi\u010dki rasplet, u parlamentu&#8221;, kazao je \u0160aranovi\u0107.<\/p>\n\n\n\n<p>Naglasio je da ne\u0107e sru\u0161iti Be\u010di\u0107a.<br><br>&#8220;Da ih relaksiram, ne\u0107e sru\u0161iti Be\u010di\u0107a. Ne\u0107ete zaustaviti mene, ni Krapovi\u0107a. Ne\u0107ete zaustaviti istinu. I ne\u0107ete zaustaviti dr\u017eavu koja je odlu\u010dila da vi\u0161e nikad ne bude sluga zla&#8221;, kazao je \u0160aranovi\u0107.<br><br>Kako ka\u017ee, vi\u0161e nema onog principa da isti ljudi budu i kriminal i pravda, u zavisnosti od toga ko im telefonira. <\/p>\n\n\n\n<p>&#8220;Vi\u0161e nema, da ubica ide na odmor, a policajac na raport. Vi\u0161e nema da DPS pi\u0161e zakone za svoje ortake iz podzemlja, vi\u0161e nema da biv\u0161i direktori komanduju iz kafana, a da narodu nude izvinjenja umjesto odgovornosti&#8221;, istakao je \u0160aranovi\u0107.<br><br>Naglasio je da je interpelacija je &#8220;dokaz da vas boli&#8221;. <\/p>\n\n\n\n<p>&#8220;Boli vas \u0161to vam niko vi\u0161e ne otvara vrata. Boli vas \u0161to vam tu\u017eioci vi\u0161e ne di\u017eu telefon. Boli vas \u0161to vam je Aco Mijajlovi\u0107 jedini front. I boli vas, jer znate, sve \u0161to dolazi, nosi imena Mila \u0110ukanovi\u0107a i Zorana Lazovi\u0107a. I na kraju da jo\u0161 jednom ponovim, ovo nije interpelacija, ovo je posljednji trzaj onih koji su izgubili mo\u0107, ali jo\u0161 imaju strah od institucija. A, strah nije bez razloga&#8221;, zaklju\u010dio je \u0160aranovi\u0107.<br><br><\/p>\n\n\n\n<figure class=\"wp-block-embed is-type-wp-embed is-provider-gradski-portal wp-block-embed-gradski-portal\"><div class=\"wp-block-embed__wrapper\">\nhttps:\/\/gradski.me\/zivkovic-predacemo-interpelaciju-o-radu-vlade-u-oblasti-bezbjednosti\/\n<\/div><\/figure>","protected":false},"excerpt":{"rendered":"<p>Da budemo potpuno iskreni, da ne gubimo vrijeme na uvijanja i la\u017ene politi\u010dke formulacije, ovo nije najava interpelacije DPS-a, ovo je najava interpelacije koja se tra\u017ei zbog informacija koje smo iznijeli o ubistvu Gorana \u017dugi\u0107a \u00a0i drugih za koje sam, na osnovu informacije sa kojom sam upoznao javnost, ustvrdio da ih je ubila dr\u017eava, saop\u0161tio je ministar unutra\u0161njih poslova Danilo \u0161aranovi\u0107, povodm najavljene interpelacije od strane Demokratske partije socijalista (DPS).<\/p>","protected":false},"author":1,"featured_media":953601,"comment_status":"open","ping_status":"open","sticky":false,"template":"","format":"standard","meta":{"_acf_changed":false,"footnotes":""},"categories":[12],"tags":[245,8968],"naslovna":[],"class_list":["post-953600","post","type-post","status-publish","format-standard","has-post-thumbnail","hentry","category-politika","tag-danilo-saranovic","tag-interpelacija"],"acf":[],"yoast_head":"<!-- This site is optimized with the Yoast SEO plugin v27.4 - https:\/\/yoast.com\/product\/yoast-seo-wordpress\/ -->\n<title>\u0160aranovi\u0107: Interpelacija je pisano priznanje straha od institucija koje vi\u0161e ne kle\u010de pred organizovanim kriminalom - dmcsrb.com<\/title>\n<meta name=\"robots\" content=\"index, follow, max-snippet:-1, max-image-preview:large, max-video-preview:-1\" \/>\n<link rel=\"canonical\" href=\"https:\/\/dmcsrb.com\/en\/politika\/saranovic-interpelacija-je-pisano-priznanje-straha-od-institucija-koje-vise-ne-klece-pred-organizovanim-kriminalom\/\" \/>\n<meta property=\"og:locale\" content=\"en_GB\" \/>\n<meta property=\"og:type\" content=\"article\" \/>\n<meta property=\"og:title\" content=\"\u0160aranovi\u0107: Interpelacija je pisano priznanje straha od institucija koje vi\u0161e ne kle\u010de pred organizovanim kriminalom - dmcsrb.com\" \/>\n<meta property=\"og:description\" content=\"Da budemo potpuno iskreni, da ne gubimo vrijeme na uvijanja i la\u017ene politi\u010dke formulacije, ovo nije najava interpelacije DPS-a, ovo je najava interpelacije koja se tra\u017ei zbog informacija koje smo iznijeli o ubistvu Gorana \u017dugi\u0107a \u00a0i drugih za koje sam, na osnovu informacije sa kojom sam upoznao javnost, ustvrdio da ih je ubila dr\u017eava, saop\u0161tio je ministar unutra\u0161njih poslova Danilo \u0161aranovi\u0107, povodm najavljene interpelacije od strane Demokratske partije socijalista (DPS).\" \/>\n<meta property=\"og:url\" content=\"https:\/\/dmcsrb.com\/en\/politika\/saranovic-interpelacija-je-pisano-priznanje-straha-od-institucija-koje-vise-ne-klece-pred-organizovanim-kriminalom\/\" \/>\n<meta property=\"og:site_name\" content=\"dmcsrb.com\" \/>\n<meta property=\"article:published_time\" content=\"2025-09-23T09:44:54+00:00\" \/>\n<meta property=\"og:image\" content=\"https:\/\/dmcsrb.com\/wp-content\/uploads\/2026\/01\/thumbnail_Danillo-Saranovic.webp\" \/>\n\t<meta property=\"og:image:width\" content=\"1321\" \/>\n\t<meta property=\"og:image:height\" content=\"970\" \/>\n\t<meta property=\"og:image:type\" content=\"image\/jpeg\" \/>\n<meta name=\"author\" content=\"dmcsrbija.com@gmail.com\" \/>\n<meta name=\"twitter:card\" content=\"summary_large_image\" \/>\n<meta name=\"twitter:label1\" content=\"Written by\" \/>\n\t<meta name=\"twitter:data1\" content=\"dmcsrbija.com@gmail.com\" \/>\n\t<meta name=\"twitter:label2\" content=\"Estimated reading time\" \/>\n\t<meta name=\"twitter:data2\" content=\"4 minutes\" \/>\n<script type=\"application\/ld+json\" class=\"yoast-schema-graph\">{\"@context\":\"https:\\\/\\\/schema.org\",\"@graph\":[{\"@type\":\"Article\",\"@id\":\"https:\\\/\\\/dmcsrb.com\\\/politika\\\/saranovic-interpelacija-je-pisano-priznanje-straha-od-institucija-koje-vise-ne-klece-pred-organizovanim-kriminalom\\\/#article\",\"isPartOf\":{\"@id\":\"https:\\\/\\\/dmcsrb.com\\\/politika\\\/saranovic-interpelacija-je-pisano-priznanje-straha-od-institucija-koje-vise-ne-klece-pred-organizovanim-kriminalom\\\/\"},\"author\":{\"name\":\"dmcsrbija.com@gmail.com\",\"@id\":\"https:\\\/\\\/dmcsrb.com\\\/#\\\/schema\\\/person\\\/5c39170f12db1b8b457732d0b5c854e2\"},\"headline\":\"\u0160aranovi\u0107: Interpelacija je pisano priznanje straha od institucija koje vi\u0161e ne kle\u010de pred organizovanim kriminalom\",\"datePublished\":\"2025-09-23T09:44:54+00:00\",\"mainEntityOfPage\":{\"@id\":\"https:\\\/\\\/dmcsrb.com\\\/politika\\\/saranovic-interpelacija-je-pisano-priznanje-straha-od-institucija-koje-vise-ne-klece-pred-organizovanim-kriminalom\\\/\"},\"wordCount\":742,\"commentCount\":0,\"image\":{\"@id\":\"https:\\\/\\\/dmcsrb.com\\\/politika\\\/saranovic-interpelacija-je-pisano-priznanje-straha-od-institucija-koje-vise-ne-klece-pred-organizovanim-kriminalom\\\/#primaryimage\"},\"thumbnailUrl\":\"https:\\\/\\\/dmcsrb.com\\\/wp-content\\\/uploads\\\/2026\\\/01\\\/thumbnail_Danillo-Saranovic.webp\",\"keywords\":[\"Danilo \u0160aranovi\u0107\",\"Interpelacija\"],\"articleSection\":[\"Politika\"],\"inLanguage\":\"en-GB\",\"potentialAction\":[{\"@type\":\"CommentAction\",\"name\":\"Comment\",\"target\":[\"https:\\\/\\\/dmcsrb.com\\\/politika\\\/saranovic-interpelacija-je-pisano-priznanje-straha-od-institucija-koje-vise-ne-klece-pred-organizovanim-kriminalom\\\/#respond\"]}]},{\"@type\":\"WebPage\",\"@id\":\"https:\\\/\\\/dmcsrb.com\\\/politika\\\/saranovic-interpelacija-je-pisano-priznanje-straha-od-institucija-koje-vise-ne-klece-pred-organizovanim-kriminalom\\\/\",\"url\":\"https:\\\/\\\/dmcsrb.com\\\/politika\\\/saranovic-interpelacija-je-pisano-priznanje-straha-od-institucija-koje-vise-ne-klece-pred-organizovanim-kriminalom\\\/\",\"name\":\"\u0160aranovi\u0107: Interpelacija je pisano priznanje straha od institucija koje vi\u0161e ne kle\u010de pred organizovanim kriminalom - dmcsrb.com\",\"isPartOf\":{\"@id\":\"https:\\\/\\\/dmcsrb.com\\\/#website\"},\"primaryImageOfPage\":{\"@id\":\"https:\\\/\\\/dmcsrb.com\\\/politika\\\/saranovic-interpelacija-je-pisano-priznanje-straha-od-institucija-koje-vise-ne-klece-pred-organizovanim-kriminalom\\\/#primaryimage\"},\"image\":{\"@id\":\"https:\\\/\\\/dmcsrb.com\\\/politika\\\/saranovic-interpelacija-je-pisano-priznanje-straha-od-institucija-koje-vise-ne-klece-pred-organizovanim-kriminalom\\\/#primaryimage\"},\"thumbnailUrl\":\"https:\\\/\\\/dmcsrb.com\\\/wp-content\\\/uploads\\\/2026\\\/01\\\/thumbnail_Danillo-Saranovic.webp\",\"datePublished\":\"2025-09-23T09:44:54+00:00\",\"author\":{\"@id\":\"https:\\\/\\\/dmcsrb.com\\\/#\\\/schema\\\/person\\\/5c39170f12db1b8b457732d0b5c854e2\"},\"breadcrumb\":{\"@id\":\"https:\\\/\\\/dmcsrb.com\\\/politika\\\/saranovic-interpelacija-je-pisano-priznanje-straha-od-institucija-koje-vise-ne-klece-pred-organizovanim-kriminalom\\\/#breadcrumb\"},\"inLanguage\":\"en-GB\",\"potentialAction\":[{\"@type\":\"ReadAction\",\"target\":[\"https:\\\/\\\/dmcsrb.com\\\/politika\\\/saranovic-interpelacija-je-pisano-priznanje-straha-od-institucija-koje-vise-ne-klece-pred-organizovanim-kriminalom\\\/\"]}]},{\"@type\":\"ImageObject\",\"inLanguage\":\"en-GB\",\"@id\":\"https:\\\/\\\/dmcsrb.com\\\/politika\\\/saranovic-interpelacija-je-pisano-priznanje-straha-od-institucija-koje-vise-ne-klece-pred-organizovanim-kriminalom\\\/#primaryimage\",\"url\":\"https:\\\/\\\/dmcsrb.com\\\/wp-content\\\/uploads\\\/2026\\\/01\\\/thumbnail_Danillo-Saranovic.webp\",\"contentUrl\":\"https:\\\/\\\/dmcsrb.com\\\/wp-content\\\/uploads\\\/2026\\\/01\\\/thumbnail_Danillo-Saranovic.webp\",\"width\":1321,\"height\":970},{\"@type\":\"BreadcrumbList\",\"@id\":\"https:\\\/\\\/dmcsrb.com\\\/politika\\\/saranovic-interpelacija-je-pisano-priznanje-straha-od-institucija-koje-vise-ne-klece-pred-organizovanim-kriminalom\\\/#breadcrumb\",\"itemListElement\":[{\"@type\":\"ListItem\",\"position\":1,\"name\":\"Home\",\"item\":\"https:\\\/\\\/dmcsrb.com\\\/\"},{\"@type\":\"ListItem\",\"position\":2,\"name\":\"\u0160aranovi\u0107: Interpelacija je pisano priznanje straha od institucija koje vi\u0161e ne kle\u010de pred organizovanim kriminalom\"}]},{\"@type\":\"WebSite\",\"@id\":\"https:\\\/\\\/dmcsrb.com\\\/#website\",\"url\":\"https:\\\/\\\/dmcsrb.com\\\/\",\"name\":\"dmcsrb.com\",\"description\":\"\",\"potentialAction\":[{\"@type\":\"SearchAction\",\"target\":{\"@type\":\"EntryPoint\",\"urlTemplate\":\"https:\\\/\\\/dmcsrb.com\\\/?s={search_term_string}\"},\"query-input\":{\"@type\":\"PropertyValueSpecification\",\"valueRequired\":true,\"valueName\":\"search_term_string\"}}],\"inLanguage\":\"en-GB\"},{\"@type\":\"Person\",\"@id\":\"https:\\\/\\\/dmcsrb.com\\\/#\\\/schema\\\/person\\\/5c39170f12db1b8b457732d0b5c854e2\",\"name\":\"dmcsrbija.com@gmail.com\",\"image\":{\"@type\":\"ImageObject\",\"inLanguage\":\"en-GB\",\"@id\":\"https:\\\/\\\/secure.gravatar.com\\\/avatar\\\/68592660ad6347fad0fb587f8d5d8f1a7b44961362f56e4f2cd524feb87e9069?s=96&d=mm&r=g\",\"url\":\"https:\\\/\\\/secure.gravatar.com\\\/avatar\\\/68592660ad6347fad0fb587f8d5d8f1a7b44961362f56e4f2cd524feb87e9069?s=96&d=mm&r=g\",\"contentUrl\":\"https:\\\/\\\/secure.gravatar.com\\\/avatar\\\/68592660ad6347fad0fb587f8d5d8f1a7b44961362f56e4f2cd524feb87e9069?s=96&d=mm&r=g\",\"caption\":\"dmcsrbija.com@gmail.com\"},\"sameAs\":[\"https:\\\/\\\/dmcsrb.com\"],\"url\":\"https:\\\/\\\/dmcsrb.com\\\/en\\\/author\\\/dmcsrbija-comgmail-com\\\/\"}]}<\/script>\n<!-- \/ Yoast SEO plugin. -->","yoast_head_json":{"title":"\u0160aranovi\u0107: Interpelacija je pisano priznanje straha od institucija koje vi\u0161e ne kle\u010de pred organizovanim kriminalom - dmcsrb.com","robots":{"index":"index","follow":"follow","max-snippet":"max-snippet:-1","max-image-preview":"max-image-preview:large","max-video-preview":"max-video-preview:-1"},"canonical":"https:\/\/dmcsrb.com\/en\/politika\/saranovic-interpelacija-je-pisano-priznanje-straha-od-institucija-koje-vise-ne-klece-pred-organizovanim-kriminalom\/","og_locale":"en_GB","og_type":"article","og_title":"\u0160aranovi\u0107: Interpelacija je pisano priznanje straha od institucija koje vi\u0161e ne kle\u010de pred organizovanim kriminalom - dmcsrb.com","og_description":"Da budemo potpuno iskreni, da ne gubimo vrijeme na uvijanja i la\u017ene politi\u010dke formulacije, ovo nije najava interpelacije DPS-a, ovo je najava interpelacije koja se tra\u017ei zbog informacija koje smo iznijeli o ubistvu Gorana \u017dugi\u0107a \u00a0i drugih za koje sam, na osnovu informacije sa kojom sam upoznao javnost, ustvrdio da ih je ubila dr\u017eava, saop\u0161tio je ministar unutra\u0161njih poslova Danilo \u0161aranovi\u0107, povodm najavljene interpelacije od strane Demokratske partije socijalista (DPS).","og_url":"https:\/\/dmcsrb.com\/en\/politika\/saranovic-interpelacija-je-pisano-priznanje-straha-od-institucija-koje-vise-ne-klece-pred-organizovanim-kriminalom\/","og_site_name":"dmcsrb.com","article_published_time":"2025-09-23T09:44:54+00:00","og_image":[{"width":1321,"height":970,"url":"https:\/\/dmcsrb.com\/wp-content\/uploads\/2026\/01\/thumbnail_Danillo-Saranovic.webp","type":"image\/jpeg"}],"author":"dmcsrbija.com@gmail.com","twitter_card":"summary_large_image","twitter_misc":{"Written by":"dmcsrbija.com@gmail.com","Estimated reading time":"4 minutes"},"schema":{"@context":"https:\/\/schema.org","@graph":[{"@type":"Article","@id":"https:\/\/dmcsrb.com\/politika\/saranovic-interpelacija-je-pisano-priznanje-straha-od-institucija-koje-vise-ne-klece-pred-organizovanim-kriminalom\/#article","isPartOf":{"@id":"https:\/\/dmcsrb.com\/politika\/saranovic-interpelacija-je-pisano-priznanje-straha-od-institucija-koje-vise-ne-klece-pred-organizovanim-kriminalom\/"},"author":{"name":"dmcsrbija.com@gmail.com","@id":"https:\/\/dmcsrb.com\/#\/schema\/person\/5c39170f12db1b8b457732d0b5c854e2"},"headline":"\u0160aranovi\u0107: Interpelacija je pisano priznanje straha od institucija koje vi\u0161e ne kle\u010de pred organizovanim kriminalom","datePublished":"2025-09-23T09:44:54+00:00","mainEntityOfPage":{"@id":"https:\/\/dmcsrb.com\/politika\/saranovic-interpelacija-je-pisano-priznanje-straha-od-institucija-koje-vise-ne-klece-pred-organizovanim-kriminalom\/"},"wordCount":742,"commentCount":0,"image":{"@id":"https:\/\/dmcsrb.com\/politika\/saranovic-interpelacija-je-pisano-priznanje-straha-od-institucija-koje-vise-ne-klece-pred-organizovanim-kriminalom\/#primaryimage"},"thumbnailUrl":"https:\/\/dmcsrb.com\/wp-content\/uploads\/2026\/01\/thumbnail_Danillo-Saranovic.webp","keywords":["Danilo \u0160aranovi\u0107","Interpelacija"],"articleSection":["Politika"],"inLanguage":"en-GB","potentialAction":[{"@type":"CommentAction","name":"Comment","target":["https:\/\/dmcsrb.com\/politika\/saranovic-interpelacija-je-pisano-priznanje-straha-od-institucija-koje-vise-ne-klece-pred-organizovanim-kriminalom\/#respond"]}]},{"@type":"WebPage","@id":"https:\/\/dmcsrb.com\/politika\/saranovic-interpelacija-je-pisano-priznanje-straha-od-institucija-koje-vise-ne-klece-pred-organizovanim-kriminalom\/","url":"https:\/\/dmcsrb.com\/politika\/saranovic-interpelacija-je-pisano-priznanje-straha-od-institucija-koje-vise-ne-klece-pred-organizovanim-kriminalom\/","name":"\u0160aranovi\u0107: Interpelacija je pisano priznanje straha od institucija koje vi\u0161e ne kle\u010de pred organizovanim kriminalom - dmcsrb.com","isPartOf":{"@id":"https:\/\/dmcsrb.com\/#website"},"primaryImageOfPage":{"@id":"https:\/\/dmcsrb.com\/politika\/saranovic-interpelacija-je-pisano-priznanje-straha-od-institucija-koje-vise-ne-klece-pred-organizovanim-kriminalom\/#primaryimage"},"image":{"@id":"https:\/\/dmcsrb.com\/politika\/saranovic-interpelacija-je-pisano-priznanje-straha-od-institucija-koje-vise-ne-klece-pred-organizovanim-kriminalom\/#primaryimage"},"thumbnailUrl":"https:\/\/dmcsrb.com\/wp-content\/uploads\/2026\/01\/thumbnail_Danillo-Saranovic.webp","datePublished":"2025-09-23T09:44:54+00:00","author":{"@id":"https:\/\/dmcsrb.com\/#\/schema\/person\/5c39170f12db1b8b457732d0b5c854e2"},"breadcrumb":{"@id":"https:\/\/dmcsrb.com\/politika\/saranovic-interpelacija-je-pisano-priznanje-straha-od-institucija-koje-vise-ne-klece-pred-organizovanim-kriminalom\/#breadcrumb"},"inLanguage":"en-GB","potentialAction":[{"@type":"ReadAction","target":["https:\/\/dmcsrb.com\/politika\/saranovic-interpelacija-je-pisano-priznanje-straha-od-institucija-koje-vise-ne-klece-pred-organizovanim-kriminalom\/"]}]},{"@type":"ImageObject","inLanguage":"en-GB","@id":"https:\/\/dmcsrb.com\/politika\/saranovic-interpelacija-je-pisano-priznanje-straha-od-institucija-koje-vise-ne-klece-pred-organizovanim-kriminalom\/#primaryimage","url":"https:\/\/dmcsrb.com\/wp-content\/uploads\/2026\/01\/thumbnail_Danillo-Saranovic.webp","contentUrl":"https:\/\/dmcsrb.com\/wp-content\/uploads\/2026\/01\/thumbnail_Danillo-Saranovic.webp","width":1321,"height":970},{"@type":"BreadcrumbList","@id":"https:\/\/dmcsrb.com\/politika\/saranovic-interpelacija-je-pisano-priznanje-straha-od-institucija-koje-vise-ne-klece-pred-organizovanim-kriminalom\/#breadcrumb","itemListElement":[{"@type":"ListItem","position":1,"name":"Home","item":"https:\/\/dmcsrb.com\/"},{"@type":"ListItem","position":2,"name":"\u0160aranovi\u0107: Interpelacija je pisano priznanje straha od institucija koje vi\u0161e ne kle\u010de pred organizovanim kriminalom"}]},{"@type":"WebSite","@id":"https:\/\/dmcsrb.com\/#website","url":"https:\/\/dmcsrb.com\/","name":"dmcsrb.com","description":"","potentialAction":[{"@type":"SearchAction","target":{"@type":"EntryPoint","urlTemplate":"https:\/\/dmcsrb.com\/?s={search_term_string}"},"query-input":{"@type":"PropertyValueSpecification","valueRequired":true,"valueName":"search_term_string"}}],"inLanguage":"en-GB"},{"@type":"Person","@id":"https:\/\/dmcsrb.com\/#\/schema\/person\/5c39170f12db1b8b457732d0b5c854e2","name":"dmcsrbija.com@gmail.com","image":{"@type":"ImageObject","inLanguage":"en-GB","@id":"https:\/\/secure.gravatar.com\/avatar\/68592660ad6347fad0fb587f8d5d8f1a7b44961362f56e4f2cd524feb87e9069?s=96&d=mm&r=g","url":"https:\/\/secure.gravatar.com\/avatar\/68592660ad6347fad0fb587f8d5d8f1a7b44961362f56e4f2cd524feb87e9069?s=96&d=mm&r=g","contentUrl":"https:\/\/secure.gravatar.com\/avatar\/68592660ad6347fad0fb587f8d5d8f1a7b44961362f56e4f2cd524feb87e9069?s=96&d=mm&r=g","caption":"dmcsrbija.com@gmail.com"},"sameAs":["https:\/\/dmcsrb.com"],"url":"https:\/\/dmcsrb.com\/en\/author\/dmcsrbija-comgmail-com\/"}]}},"_links":{"self":[{"href":"https:\/\/dmcsrb.com\/en\/wp-json\/wp\/v2\/posts\/953600","targetHints":{"allow":["GET"]}}],"collection":[{"href":"https:\/\/dmcsrb.com\/en\/wp-json\/wp\/v2\/posts"}],"about":[{"href":"https:\/\/dmcsrb.com\/en\/wp-json\/wp\/v2\/types\/post"}],"author":[{"embeddable":true,"href":"https:\/\/dmcsrb.com\/en\/wp-json\/wp\/v2\/users\/1"}],"replies":[{"embeddable":true,"href":"https:\/\/dmcsrb.com\/en\/wp-json\/wp\/v2\/comments?post=953600"}],"version-history":[{"count":0,"href":"https:\/\/dmcsrb.com\/en\/wp-json\/wp\/v2\/posts\/953600\/revisions"}],"wp:featuredmedia":[{"embeddable":true,"href":"https:\/\/dmcsrb.com\/en\/wp-json\/wp\/v2\/media\/953601"}],"wp:attachment":[{"href":"https:\/\/dmcsrb.com\/en\/wp-json\/wp\/v2\/media?parent=953600"}],"wp:term":[{"taxonomy":"category","embeddable":true,"href":"https:\/\/dmcsrb.com\/en\/wp-json\/wp\/v2\/categories?post=953600"},{"taxonomy":"post_tag","embeddable":true,"href":"https:\/\/dmcsrb.com\/en\/wp-json\/wp\/v2\/tags?post=953600"},{"taxonomy":"naslovna","embeddable":true,"href":"https:\/\/dmcsrb.com\/en\/wp-json\/wp\/v2\/naslovna?post=953600"}],"curies":[{"name":"wp","href":"https:\/\/api.w.org\/{rel}","templated":true}]}}