{"id":953580,"date":"2025-09-23T11:25:00","date_gmt":"2025-09-23T09:25:00","guid":{"rendered":"https:\/\/dmcsrb.com\/uncategorized\/zivkovic-predacemo-interpelaciju-o-radu-vlade-u-oblasti-bezbjednosti\/"},"modified":"2025-09-23T11:25:00","modified_gmt":"2025-09-23T09:25:00","slug":"zivkovic-predacemo-interpelaciju-o-radu-vlade-u-oblasti-bezbjednosti","status":"publish","type":"post","link":"https:\/\/dmcsrb.com\/en\/politika\/zivkovic-predacemo-interpelaciju-o-radu-vlade-u-oblasti-bezbjednosti\/","title":{"rendered":"\u017divkovi\u0107: Preda\u0107emo interpelaciju o radu Vlade u oblasti bezbjednosti"},"content":{"rendered":"<p>On je, na konferenciji za novinare u Skup\u0161tini, kazao da se interpelacija odnosi dominantno na rad koordinatora svih slu\u017ebi bezbjednosti i potpredsjednika Vlade Alekse Be\u010di\u0107 i da \u0107e je ponuditi svim partijama vlasti.<\/p>\n\n\n\n<p>\u017divkovi\u0107 je rekao da je Crna Gora razorena djelovanjem nedgovorne i zlonamjerne parlamentarne ve\u0107ine, a da je, uz ekonomiju i zdravstveni sistem, najrazoreniji sektor bezbjednosti.<\/p>\n\n\n\n<p>On je podsjetio na to kako je dr\u017eava reagovala tokom po\u017eara u Crnoj Gori u avgustu, ali i na odgovor bezbjednosnih slu\u017ebi na postavljanje spomenika Pavlu \u0110uri\u0161i\u0107u u Zaostru.<\/p>\n\n\n\n<p>\u201cTvrdim da je Agencija za nacionalnu bezbjednost imala sve informacije par dana ranije da \u0107e spomenik biti postavljen tamo, a da Uprava policije nije ni\u0161ta uradila po ovom pitanju\u201d, rekao je \u017divkovi\u0107.<\/p>\n\n\n\n<p>On je kazao da je i odgovor dr\u017eave u pogledu skoro svakodnevnih likvidacija na crnogorskim ulicama bio katastrofalan.<\/p>\n\n\n\n<p>\u201cJasno je da danas Crna Gora nema bezbjednosni sistem, da se on nalazi pod potpunom kontrolom partija na vlasti i da je interes stranaka koje upravljaju bezbjednosnim sektorom da od toga stvore bezbjednosni partijski aparat\u201d, dodao je \u017divkovi\u0107.<\/p>\n\n\n\n<p>On je kazao da su odlu\u010dili da predaju interpelaciju sa ciljem da se te teme otvore u Skup\u0161tini Crne Gore, jer vjeruju da je najve\u0107i zakonodavni dom najbolje mjesto da se \u010duju argumenti i predstavnika vlasti i opozicije.<\/p>\n\n\n\n<p>\u201cInterpelaciju \u0107emo ponuditi svim partijama vlasti jer o\u010dekujemo od njih da razumiju da je uloga opozicije prije svega kontrolna i da koristimo ove mehanizme kako bismo o ovim temama razgovarali u Skup\u0161tini\u201d, rekao je \u017divkovi\u0107.<\/p>\n\n\n\n<p>Kako je dodao, od predstavnika opozicije o\u010dekuju da \u0107e potpisati interpelaciju.<\/p>\n\n\n\n<p>\u017divkovi\u0107 je kazao da \u0107e ove teme, i pored interpelacije, otvarati na razli\u010ditim saslu\u0161anjima u Skup\u0161tini.<\/p>","protected":false},"excerpt":{"rendered":"<p>Demokratska partija socijalista (DPS) preda\u0107e u skup\u0161tinsku proceduru interpelaciju za preispitivanje rada Vlade u oblasti bezbjednosti, unutra\u0161nje politike, odbrane i borbe protiv organizovanog kriminala, najavio je predsjednik te stranke Danijel \u017divkovi\u0107.<\/p>","protected":false},"author":1,"featured_media":953581,"comment_status":"open","ping_status":"open","sticky":false,"template":"","format":"standard","meta":{"_acf_changed":false,"footnotes":""},"categories":[12],"tags":[355,2429,8968],"naslovna":[],"class_list":["post-953580","post","type-post","status-publish","format-standard","has-post-thumbnail","hentry","category-politika","tag-aleksa-becic","tag-danijel-zivkovic","tag-interpelacija"],"acf":[],"yoast_head":"<!-- This site is optimized with the Yoast SEO plugin v27.4 - https:\/\/yoast.com\/product\/yoast-seo-wordpress\/ -->\n<title>\u017divkovi\u0107: Preda\u0107emo interpelaciju o radu Vlade u oblasti bezbjednosti - dmcsrb.com<\/title>\n<meta name=\"robots\" content=\"index, follow, max-snippet:-1, max-image-preview:large, max-video-preview:-1\" \/>\n<link rel=\"canonical\" href=\"https:\/\/dmcsrb.com\/en\/politika\/zivkovic-predacemo-interpelaciju-o-radu-vlade-u-oblasti-bezbjednosti\/\" \/>\n<meta property=\"og:locale\" content=\"en_GB\" \/>\n<meta property=\"og:type\" content=\"article\" \/>\n<meta property=\"og:title\" content=\"\u017divkovi\u0107: Preda\u0107emo interpelaciju o radu Vlade u oblasti bezbjednosti - dmcsrb.com\" \/>\n<meta property=\"og:description\" content=\"Demokratska partija socijalista (DPS) preda\u0107e u skup\u0161tinsku proceduru interpelaciju za preispitivanje rada Vlade u oblasti bezbjednosti, unutra\u0161nje politike, odbrane i borbe protiv organizovanog kriminala, najavio je predsjednik te stranke Danijel \u017divkovi\u0107.\" \/>\n<meta property=\"og:url\" content=\"https:\/\/dmcsrb.com\/en\/politika\/zivkovic-predacemo-interpelaciju-o-radu-vlade-u-oblasti-bezbjednosti\/\" \/>\n<meta property=\"og:site_name\" content=\"dmcsrb.com\" \/>\n<meta property=\"article:published_time\" content=\"2025-09-23T09:25:00+00:00\" \/>\n<meta property=\"og:image\" content=\"https:\/\/dmcsrb.com\/wp-content\/uploads\/2026\/01\/Danijel-Zivkovic-dps-foto-DPS.webp\" \/>\n\t<meta property=\"og:image:width\" content=\"1158\" \/>\n\t<meta property=\"og:image:height\" content=\"718\" \/>\n\t<meta property=\"og:image:type\" content=\"image\/jpeg\" \/>\n<meta name=\"author\" content=\"dmcsrbija.com@gmail.com\" \/>\n<meta name=\"twitter:card\" content=\"summary_large_image\" \/>\n<meta name=\"twitter:label1\" content=\"Written by\" \/>\n\t<meta name=\"twitter:data1\" content=\"dmcsrbija.com@gmail.com\" \/>\n\t<meta name=\"twitter:label2\" content=\"Estimated reading time\" \/>\n\t<meta name=\"twitter:data2\" content=\"1 minute\" \/>\n<script type=\"application\/ld+json\" class=\"yoast-schema-graph\">{\"@context\":\"https:\\\/\\\/schema.org\",\"@graph\":[{\"@type\":\"Article\",\"@id\":\"https:\\\/\\\/dmcsrb.com\\\/politika\\\/zivkovic-predacemo-interpelaciju-o-radu-vlade-u-oblasti-bezbjednosti\\\/#article\",\"isPartOf\":{\"@id\":\"https:\\\/\\\/dmcsrb.com\\\/politika\\\/zivkovic-predacemo-interpelaciju-o-radu-vlade-u-oblasti-bezbjednosti\\\/\"},\"author\":{\"name\":\"dmcsrbija.com@gmail.com\",\"@id\":\"https:\\\/\\\/dmcsrb.com\\\/#\\\/schema\\\/person\\\/5c39170f12db1b8b457732d0b5c854e2\"},\"headline\":\"\u017divkovi\u0107: Preda\u0107emo interpelaciju o radu Vlade u oblasti bezbjednosti\",\"datePublished\":\"2025-09-23T09:25:00+00:00\",\"mainEntityOfPage\":{\"@id\":\"https:\\\/\\\/dmcsrb.com\\\/politika\\\/zivkovic-predacemo-interpelaciju-o-radu-vlade-u-oblasti-bezbjednosti\\\/\"},\"wordCount\":305,\"commentCount\":0,\"image\":{\"@id\":\"https:\\\/\\\/dmcsrb.com\\\/politika\\\/zivkovic-predacemo-interpelaciju-o-radu-vlade-u-oblasti-bezbjednosti\\\/#primaryimage\"},\"thumbnailUrl\":\"https:\\\/\\\/dmcsrb.com\\\/wp-content\\\/uploads\\\/2026\\\/01\\\/Danijel-Zivkovic-dps-foto-DPS.webp\",\"keywords\":[\"Aleksa Be\u010di\u0107\",\"Danijel \u017divkovi\u0107\",\"Interpelacija\"],\"articleSection\":[\"Politika\"],\"inLanguage\":\"en-GB\",\"potentialAction\":[{\"@type\":\"CommentAction\",\"name\":\"Comment\",\"target\":[\"https:\\\/\\\/dmcsrb.com\\\/politika\\\/zivkovic-predacemo-interpelaciju-o-radu-vlade-u-oblasti-bezbjednosti\\\/#respond\"]}]},{\"@type\":\"WebPage\",\"@id\":\"https:\\\/\\\/dmcsrb.com\\\/politika\\\/zivkovic-predacemo-interpelaciju-o-radu-vlade-u-oblasti-bezbjednosti\\\/\",\"url\":\"https:\\\/\\\/dmcsrb.com\\\/politika\\\/zivkovic-predacemo-interpelaciju-o-radu-vlade-u-oblasti-bezbjednosti\\\/\",\"name\":\"\u017divkovi\u0107: Preda\u0107emo interpelaciju o radu Vlade u oblasti bezbjednosti - dmcsrb.com\",\"isPartOf\":{\"@id\":\"https:\\\/\\\/dmcsrb.com\\\/#website\"},\"primaryImageOfPage\":{\"@id\":\"https:\\\/\\\/dmcsrb.com\\\/politika\\\/zivkovic-predacemo-interpelaciju-o-radu-vlade-u-oblasti-bezbjednosti\\\/#primaryimage\"},\"image\":{\"@id\":\"https:\\\/\\\/dmcsrb.com\\\/politika\\\/zivkovic-predacemo-interpelaciju-o-radu-vlade-u-oblasti-bezbjednosti\\\/#primaryimage\"},\"thumbnailUrl\":\"https:\\\/\\\/dmcsrb.com\\\/wp-content\\\/uploads\\\/2026\\\/01\\\/Danijel-Zivkovic-dps-foto-DPS.webp\",\"datePublished\":\"2025-09-23T09:25:00+00:00\",\"author\":{\"@id\":\"https:\\\/\\\/dmcsrb.com\\\/#\\\/schema\\\/person\\\/5c39170f12db1b8b457732d0b5c854e2\"},\"breadcrumb\":{\"@id\":\"https:\\\/\\\/dmcsrb.com\\\/politika\\\/zivkovic-predacemo-interpelaciju-o-radu-vlade-u-oblasti-bezbjednosti\\\/#breadcrumb\"},\"inLanguage\":\"en-GB\",\"potentialAction\":[{\"@type\":\"ReadAction\",\"target\":[\"https:\\\/\\\/dmcsrb.com\\\/politika\\\/zivkovic-predacemo-interpelaciju-o-radu-vlade-u-oblasti-bezbjednosti\\\/\"]}]},{\"@type\":\"ImageObject\",\"inLanguage\":\"en-GB\",\"@id\":\"https:\\\/\\\/dmcsrb.com\\\/politika\\\/zivkovic-predacemo-interpelaciju-o-radu-vlade-u-oblasti-bezbjednosti\\\/#primaryimage\",\"url\":\"https:\\\/\\\/dmcsrb.com\\\/wp-content\\\/uploads\\\/2026\\\/01\\\/Danijel-Zivkovic-dps-foto-DPS.webp\",\"contentUrl\":\"https:\\\/\\\/dmcsrb.com\\\/wp-content\\\/uploads\\\/2026\\\/01\\\/Danijel-Zivkovic-dps-foto-DPS.webp\",\"width\":1158,\"height\":718},{\"@type\":\"BreadcrumbList\",\"@id\":\"https:\\\/\\\/dmcsrb.com\\\/politika\\\/zivkovic-predacemo-interpelaciju-o-radu-vlade-u-oblasti-bezbjednosti\\\/#breadcrumb\",\"itemListElement\":[{\"@type\":\"ListItem\",\"position\":1,\"name\":\"Home\",\"item\":\"https:\\\/\\\/dmcsrb.com\\\/\"},{\"@type\":\"ListItem\",\"position\":2,\"name\":\"\u017divkovi\u0107: Preda\u0107emo interpelaciju o radu Vlade u oblasti bezbjednosti\"}]},{\"@type\":\"WebSite\",\"@id\":\"https:\\\/\\\/dmcsrb.com\\\/#website\",\"url\":\"https:\\\/\\\/dmcsrb.com\\\/\",\"name\":\"dmcsrb.com\",\"description\":\"\",\"potentialAction\":[{\"@type\":\"SearchAction\",\"target\":{\"@type\":\"EntryPoint\",\"urlTemplate\":\"https:\\\/\\\/dmcsrb.com\\\/?s={search_term_string}\"},\"query-input\":{\"@type\":\"PropertyValueSpecification\",\"valueRequired\":true,\"valueName\":\"search_term_string\"}}],\"inLanguage\":\"en-GB\"},{\"@type\":\"Person\",\"@id\":\"https:\\\/\\\/dmcsrb.com\\\/#\\\/schema\\\/person\\\/5c39170f12db1b8b457732d0b5c854e2\",\"name\":\"dmcsrbija.com@gmail.com\",\"image\":{\"@type\":\"ImageObject\",\"inLanguage\":\"en-GB\",\"@id\":\"https:\\\/\\\/secure.gravatar.com\\\/avatar\\\/68592660ad6347fad0fb587f8d5d8f1a7b44961362f56e4f2cd524feb87e9069?s=96&d=mm&r=g\",\"url\":\"https:\\\/\\\/secure.gravatar.com\\\/avatar\\\/68592660ad6347fad0fb587f8d5d8f1a7b44961362f56e4f2cd524feb87e9069?s=96&d=mm&r=g\",\"contentUrl\":\"https:\\\/\\\/secure.gravatar.com\\\/avatar\\\/68592660ad6347fad0fb587f8d5d8f1a7b44961362f56e4f2cd524feb87e9069?s=96&d=mm&r=g\",\"caption\":\"dmcsrbija.com@gmail.com\"},\"sameAs\":[\"https:\\\/\\\/dmcsrb.com\"],\"url\":\"https:\\\/\\\/dmcsrb.com\\\/en\\\/author\\\/dmcsrbija-comgmail-com\\\/\"}]}<\/script>\n<!-- \/ Yoast SEO plugin. -->","yoast_head_json":{"title":"\u017divkovi\u0107: Preda\u0107emo interpelaciju o radu Vlade u oblasti bezbjednosti - dmcsrb.com","robots":{"index":"index","follow":"follow","max-snippet":"max-snippet:-1","max-image-preview":"max-image-preview:large","max-video-preview":"max-video-preview:-1"},"canonical":"https:\/\/dmcsrb.com\/en\/politika\/zivkovic-predacemo-interpelaciju-o-radu-vlade-u-oblasti-bezbjednosti\/","og_locale":"en_GB","og_type":"article","og_title":"\u017divkovi\u0107: Preda\u0107emo interpelaciju o radu Vlade u oblasti bezbjednosti - dmcsrb.com","og_description":"Demokratska partija socijalista (DPS) preda\u0107e u skup\u0161tinsku proceduru interpelaciju za preispitivanje rada Vlade u oblasti bezbjednosti, unutra\u0161nje politike, odbrane i borbe protiv organizovanog kriminala, najavio je predsjednik te stranke Danijel \u017divkovi\u0107.","og_url":"https:\/\/dmcsrb.com\/en\/politika\/zivkovic-predacemo-interpelaciju-o-radu-vlade-u-oblasti-bezbjednosti\/","og_site_name":"dmcsrb.com","article_published_time":"2025-09-23T09:25:00+00:00","og_image":[{"width":1158,"height":718,"url":"https:\/\/dmcsrb.com\/wp-content\/uploads\/2026\/01\/Danijel-Zivkovic-dps-foto-DPS.webp","type":"image\/jpeg"}],"author":"dmcsrbija.com@gmail.com","twitter_card":"summary_large_image","twitter_misc":{"Written by":"dmcsrbija.com@gmail.com","Estimated reading time":"1 minute"},"schema":{"@context":"https:\/\/schema.org","@graph":[{"@type":"Article","@id":"https:\/\/dmcsrb.com\/politika\/zivkovic-predacemo-interpelaciju-o-radu-vlade-u-oblasti-bezbjednosti\/#article","isPartOf":{"@id":"https:\/\/dmcsrb.com\/politika\/zivkovic-predacemo-interpelaciju-o-radu-vlade-u-oblasti-bezbjednosti\/"},"author":{"name":"dmcsrbija.com@gmail.com","@id":"https:\/\/dmcsrb.com\/#\/schema\/person\/5c39170f12db1b8b457732d0b5c854e2"},"headline":"\u017divkovi\u0107: Preda\u0107emo interpelaciju o radu Vlade u oblasti bezbjednosti","datePublished":"2025-09-23T09:25:00+00:00","mainEntityOfPage":{"@id":"https:\/\/dmcsrb.com\/politika\/zivkovic-predacemo-interpelaciju-o-radu-vlade-u-oblasti-bezbjednosti\/"},"wordCount":305,"commentCount":0,"image":{"@id":"https:\/\/dmcsrb.com\/politika\/zivkovic-predacemo-interpelaciju-o-radu-vlade-u-oblasti-bezbjednosti\/#primaryimage"},"thumbnailUrl":"https:\/\/dmcsrb.com\/wp-content\/uploads\/2026\/01\/Danijel-Zivkovic-dps-foto-DPS.webp","keywords":["Aleksa Be\u010di\u0107","Danijel \u017divkovi\u0107","Interpelacija"],"articleSection":["Politika"],"inLanguage":"en-GB","potentialAction":[{"@type":"CommentAction","name":"Comment","target":["https:\/\/dmcsrb.com\/politika\/zivkovic-predacemo-interpelaciju-o-radu-vlade-u-oblasti-bezbjednosti\/#respond"]}]},{"@type":"WebPage","@id":"https:\/\/dmcsrb.com\/politika\/zivkovic-predacemo-interpelaciju-o-radu-vlade-u-oblasti-bezbjednosti\/","url":"https:\/\/dmcsrb.com\/politika\/zivkovic-predacemo-interpelaciju-o-radu-vlade-u-oblasti-bezbjednosti\/","name":"\u017divkovi\u0107: Preda\u0107emo interpelaciju o radu Vlade u oblasti bezbjednosti - dmcsrb.com","isPartOf":{"@id":"https:\/\/dmcsrb.com\/#website"},"primaryImageOfPage":{"@id":"https:\/\/dmcsrb.com\/politika\/zivkovic-predacemo-interpelaciju-o-radu-vlade-u-oblasti-bezbjednosti\/#primaryimage"},"image":{"@id":"https:\/\/dmcsrb.com\/politika\/zivkovic-predacemo-interpelaciju-o-radu-vlade-u-oblasti-bezbjednosti\/#primaryimage"},"thumbnailUrl":"https:\/\/dmcsrb.com\/wp-content\/uploads\/2026\/01\/Danijel-Zivkovic-dps-foto-DPS.webp","datePublished":"2025-09-23T09:25:00+00:00","author":{"@id":"https:\/\/dmcsrb.com\/#\/schema\/person\/5c39170f12db1b8b457732d0b5c854e2"},"breadcrumb":{"@id":"https:\/\/dmcsrb.com\/politika\/zivkovic-predacemo-interpelaciju-o-radu-vlade-u-oblasti-bezbjednosti\/#breadcrumb"},"inLanguage":"en-GB","potentialAction":[{"@type":"ReadAction","target":["https:\/\/dmcsrb.com\/politika\/zivkovic-predacemo-interpelaciju-o-radu-vlade-u-oblasti-bezbjednosti\/"]}]},{"@type":"ImageObject","inLanguage":"en-GB","@id":"https:\/\/dmcsrb.com\/politika\/zivkovic-predacemo-interpelaciju-o-radu-vlade-u-oblasti-bezbjednosti\/#primaryimage","url":"https:\/\/dmcsrb.com\/wp-content\/uploads\/2026\/01\/Danijel-Zivkovic-dps-foto-DPS.webp","contentUrl":"https:\/\/dmcsrb.com\/wp-content\/uploads\/2026\/01\/Danijel-Zivkovic-dps-foto-DPS.webp","width":1158,"height":718},{"@type":"BreadcrumbList","@id":"https:\/\/dmcsrb.com\/politika\/zivkovic-predacemo-interpelaciju-o-radu-vlade-u-oblasti-bezbjednosti\/#breadcrumb","itemListElement":[{"@type":"ListItem","position":1,"name":"Home","item":"https:\/\/dmcsrb.com\/"},{"@type":"ListItem","position":2,"name":"\u017divkovi\u0107: Preda\u0107emo interpelaciju o radu Vlade u oblasti bezbjednosti"}]},{"@type":"WebSite","@id":"https:\/\/dmcsrb.com\/#website","url":"https:\/\/dmcsrb.com\/","name":"dmcsrb.com","description":"","potentialAction":[{"@type":"SearchAction","target":{"@type":"EntryPoint","urlTemplate":"https:\/\/dmcsrb.com\/?s={search_term_string}"},"query-input":{"@type":"PropertyValueSpecification","valueRequired":true,"valueName":"search_term_string"}}],"inLanguage":"en-GB"},{"@type":"Person","@id":"https:\/\/dmcsrb.com\/#\/schema\/person\/5c39170f12db1b8b457732d0b5c854e2","name":"dmcsrbija.com@gmail.com","image":{"@type":"ImageObject","inLanguage":"en-GB","@id":"https:\/\/secure.gravatar.com\/avatar\/68592660ad6347fad0fb587f8d5d8f1a7b44961362f56e4f2cd524feb87e9069?s=96&d=mm&r=g","url":"https:\/\/secure.gravatar.com\/avatar\/68592660ad6347fad0fb587f8d5d8f1a7b44961362f56e4f2cd524feb87e9069?s=96&d=mm&r=g","contentUrl":"https:\/\/secure.gravatar.com\/avatar\/68592660ad6347fad0fb587f8d5d8f1a7b44961362f56e4f2cd524feb87e9069?s=96&d=mm&r=g","caption":"dmcsrbija.com@gmail.com"},"sameAs":["https:\/\/dmcsrb.com"],"url":"https:\/\/dmcsrb.com\/en\/author\/dmcsrbija-comgmail-com\/"}]}},"_links":{"self":[{"href":"https:\/\/dmcsrb.com\/en\/wp-json\/wp\/v2\/posts\/953580","targetHints":{"allow":["GET"]}}],"collection":[{"href":"https:\/\/dmcsrb.com\/en\/wp-json\/wp\/v2\/posts"}],"about":[{"href":"https:\/\/dmcsrb.com\/en\/wp-json\/wp\/v2\/types\/post"}],"author":[{"embeddable":true,"href":"https:\/\/dmcsrb.com\/en\/wp-json\/wp\/v2\/users\/1"}],"replies":[{"embeddable":true,"href":"https:\/\/dmcsrb.com\/en\/wp-json\/wp\/v2\/comments?post=953580"}],"version-history":[{"count":0,"href":"https:\/\/dmcsrb.com\/en\/wp-json\/wp\/v2\/posts\/953580\/revisions"}],"wp:featuredmedia":[{"embeddable":true,"href":"https:\/\/dmcsrb.com\/en\/wp-json\/wp\/v2\/media\/953581"}],"wp:attachment":[{"href":"https:\/\/dmcsrb.com\/en\/wp-json\/wp\/v2\/media?parent=953580"}],"wp:term":[{"taxonomy":"category","embeddable":true,"href":"https:\/\/dmcsrb.com\/en\/wp-json\/wp\/v2\/categories?post=953580"},{"taxonomy":"post_tag","embeddable":true,"href":"https:\/\/dmcsrb.com\/en\/wp-json\/wp\/v2\/tags?post=953580"},{"taxonomy":"naslovna","embeddable":true,"href":"https:\/\/dmcsrb.com\/en\/wp-json\/wp\/v2\/naslovna?post=953580"}],"curies":[{"name":"wp","href":"https:\/\/api.w.org\/{rel}","templated":true}]}}