{"id":953574,"date":"2025-09-23T10:21:00","date_gmt":"2025-09-23T08:21:00","guid":{"rendered":"https:\/\/dmcsrb.com\/uncategorized\/muzicko-pjesnicko-vece-dragana-koprivice-i-prijatelja-u-czk-danilovgrad\/"},"modified":"2025-09-23T10:21:00","modified_gmt":"2025-09-23T08:21:00","slug":"muzicko-pjesnicko-vece-dragana-koprivice-i-prijatelja-u-czk-danilovgrad","status":"publish","type":"post","link":"https:\/\/dmcsrb.com\/en\/kultura\/muzicko-pjesnicko-vece-dragana-koprivice-i-prijatelja-u-czk-danilovgrad\/","title":{"rendered":"Muzi\u010dko &#8211; pjesni\u010dko ve\u010de Dragana Koprivice i prijatelja u CZK Danilovgrad"},"content":{"rendered":"<p><\/p>\n\n\n\n<p>Sa Koprivicom \u0107e se ovog puta svojim stihovima predstaviti talentovani pjesnici Ana \u0110urovi\u0107 i Darko Buli\u0107 iz Podgorice i Tijana Dragani\u0107 iz Nik\u0161i\u0107a, a Rada Dragani\u0107 \u0107e govoriti poeziju i aforizme.<\/p>\n\n\n\n<p>Tokom programa, Koprivica \u0107e svirati na harmonici poznate narodne refrene, govoriti svoje humoristi\u010dke aforizme i pjevati doma\u0107e i strane hitove.<\/p>\n\n\n\n<p>Prije nekoliko dana Koprivica i prijatelji izveli su svoj program i u Centru za kulturu Pljevlja i humanitarni nastup u Hotelu \u201cPark\u201d u Budvi za Udru\u017eenje djece i mladih sa smetnjama u razvoju NVO \u201cPu\u017eeva ku\u0107ica\u201d.<\/p>\n\n\n\n<p>Od po\u010detka godine nastup u Centru za kulturu Danilovgrad bi\u0107e ve\u0107 petnaesti po redu, a slijede gostovanja i u ostalim op\u0161tinama.<\/p>","protected":false},"excerpt":{"rendered":"<p>Nakon niza uspje\u0161nih muzi\u010dko-pjesni\u010dkih nastupa po na\u0161im gradovima, Dragan Koprivica i prijatelji nastupi\u0107e sjutra ve\u010de u velikoj sali CZK Danilovgrad sa po\u010detkom u 19 \u010dasova, a ulaz za sve ljubitelje muzike i poezije je slobodan.<\/p>","protected":false},"author":1,"featured_media":953575,"comment_status":"open","ping_status":"open","sticky":false,"template":"","format":"standard","meta":{"_acf_changed":false,"footnotes":""},"categories":[50],"tags":[219,2345],"naslovna":[],"class_list":["post-953574","post","type-post","status-publish","format-standard","has-post-thumbnail","hentry","category-kultura","tag-dragan-koprivica","tag-muzicko-pjesnicko-vece"],"acf":[],"yoast_head":"<!-- This site is optimized with the Yoast SEO plugin v27.0 - https:\/\/yoast.com\/product\/yoast-seo-wordpress\/ -->\n<title>Muzi\u010dko - pjesni\u010dko ve\u010de Dragana Koprivice i prijatelja u CZK Danilovgrad - dmcsrb.com<\/title>\n<meta name=\"robots\" content=\"index, follow, max-snippet:-1, max-image-preview:large, max-video-preview:-1\" \/>\n<link rel=\"canonical\" href=\"https:\/\/dmcsrb.com\/en\/kultura\/muzicko-pjesnicko-vece-dragana-koprivice-i-prijatelja-u-czk-danilovgrad\/\" \/>\n<meta property=\"og:locale\" content=\"en_GB\" \/>\n<meta property=\"og:type\" content=\"article\" \/>\n<meta property=\"og:title\" content=\"Muzi\u010dko - pjesni\u010dko ve\u010de Dragana Koprivice i prijatelja u CZK Danilovgrad - dmcsrb.com\" \/>\n<meta property=\"og:description\" content=\"Nakon niza uspje\u0161nih muzi\u010dko-pjesni\u010dkih nastupa po na\u0161im gradovima, Dragan Koprivica i prijatelji nastupi\u0107e sjutra ve\u010de u velikoj sali CZK Danilovgrad sa po\u010detkom u 19 \u010dasova, a ulaz za sve ljubitelje muzike i poezije je slobodan.\" \/>\n<meta property=\"og:url\" content=\"https:\/\/dmcsrb.com\/en\/kultura\/muzicko-pjesnicko-vece-dragana-koprivice-i-prijatelja-u-czk-danilovgrad\/\" \/>\n<meta property=\"og:site_name\" content=\"dmcsrb.com\" \/>\n<meta property=\"article:published_time\" content=\"2025-09-23T08:21:00+00:00\" \/>\n<meta property=\"og:image\" content=\"https:\/\/dmcsrb.com\/wp-content\/uploads\/2026\/01\/Screenshot-2025-09-23-115934-e1758621598653.webp\" \/>\n\t<meta property=\"og:image:width\" content=\"528\" \/>\n\t<meta property=\"og:image:height\" content=\"649\" \/>\n\t<meta property=\"og:image:type\" content=\"image\/jpeg\" \/>\n<meta name=\"author\" content=\"dmcsrbija.com@gmail.com\" \/>\n<meta name=\"twitter:card\" content=\"summary_large_image\" \/>\n<meta name=\"twitter:label1\" content=\"Written by\" \/>\n\t<meta name=\"twitter:data1\" content=\"dmcsrbija.com@gmail.com\" \/>\n\t<meta name=\"twitter:label2\" content=\"Estimated reading time\" \/>\n\t<meta name=\"twitter:data2\" content=\"1 minute\" \/>\n<script type=\"application\/ld+json\" class=\"yoast-schema-graph\">{\"@context\":\"https:\/\/schema.org\",\"@graph\":[{\"@type\":\"Article\",\"@id\":\"https:\/\/dmcsrb.com\/kultura\/muzicko-pjesnicko-vece-dragana-koprivice-i-prijatelja-u-czk-danilovgrad\/#article\",\"isPartOf\":{\"@id\":\"https:\/\/dmcsrb.com\/kultura\/muzicko-pjesnicko-vece-dragana-koprivice-i-prijatelja-u-czk-danilovgrad\/\"},\"author\":{\"name\":\"dmcsrbija.com@gmail.com\",\"@id\":\"https:\/\/dmcsrb.com\/#\/schema\/person\/5c39170f12db1b8b457732d0b5c854e2\"},\"headline\":\"Muzi\u010dko &#8211; pjesni\u010dko ve\u010de Dragana Koprivice i prijatelja u CZK Danilovgrad\",\"datePublished\":\"2025-09-23T08:21:00+00:00\",\"mainEntityOfPage\":{\"@id\":\"https:\/\/dmcsrb.com\/kultura\/muzicko-pjesnicko-vece-dragana-koprivice-i-prijatelja-u-czk-danilovgrad\/\"},\"wordCount\":132,\"commentCount\":0,\"image\":{\"@id\":\"https:\/\/dmcsrb.com\/kultura\/muzicko-pjesnicko-vece-dragana-koprivice-i-prijatelja-u-czk-danilovgrad\/#primaryimage\"},\"thumbnailUrl\":\"https:\/\/dmcsrb.com\/wp-content\/uploads\/2026\/01\/Screenshot-2025-09-23-115934-e1758621598653.webp\",\"keywords\":[\"Dragan Koprivica\",\"Muzi\u010dko pjesni\u010dko ve\u010de\"],\"articleSection\":[\"Kultura\"],\"inLanguage\":\"en-GB\",\"potentialAction\":[{\"@type\":\"CommentAction\",\"name\":\"Comment\",\"target\":[\"https:\/\/dmcsrb.com\/kultura\/muzicko-pjesnicko-vece-dragana-koprivice-i-prijatelja-u-czk-danilovgrad\/#respond\"]}]},{\"@type\":\"WebPage\",\"@id\":\"https:\/\/dmcsrb.com\/kultura\/muzicko-pjesnicko-vece-dragana-koprivice-i-prijatelja-u-czk-danilovgrad\/\",\"url\":\"https:\/\/dmcsrb.com\/kultura\/muzicko-pjesnicko-vece-dragana-koprivice-i-prijatelja-u-czk-danilovgrad\/\",\"name\":\"Muzi\u010dko - pjesni\u010dko ve\u010de Dragana Koprivice i prijatelja u CZK Danilovgrad - dmcsrb.com\",\"isPartOf\":{\"@id\":\"https:\/\/dmcsrb.com\/#website\"},\"primaryImageOfPage\":{\"@id\":\"https:\/\/dmcsrb.com\/kultura\/muzicko-pjesnicko-vece-dragana-koprivice-i-prijatelja-u-czk-danilovgrad\/#primaryimage\"},\"image\":{\"@id\":\"https:\/\/dmcsrb.com\/kultura\/muzicko-pjesnicko-vece-dragana-koprivice-i-prijatelja-u-czk-danilovgrad\/#primaryimage\"},\"thumbnailUrl\":\"https:\/\/dmcsrb.com\/wp-content\/uploads\/2026\/01\/Screenshot-2025-09-23-115934-e1758621598653.webp\",\"datePublished\":\"2025-09-23T08:21:00+00:00\",\"author\":{\"@id\":\"https:\/\/dmcsrb.com\/#\/schema\/person\/5c39170f12db1b8b457732d0b5c854e2\"},\"breadcrumb\":{\"@id\":\"https:\/\/dmcsrb.com\/kultura\/muzicko-pjesnicko-vece-dragana-koprivice-i-prijatelja-u-czk-danilovgrad\/#breadcrumb\"},\"inLanguage\":\"en-GB\",\"potentialAction\":[{\"@type\":\"ReadAction\",\"target\":[\"https:\/\/dmcsrb.com\/kultura\/muzicko-pjesnicko-vece-dragana-koprivice-i-prijatelja-u-czk-danilovgrad\/\"]}]},{\"@type\":\"ImageObject\",\"inLanguage\":\"en-GB\",\"@id\":\"https:\/\/dmcsrb.com\/kultura\/muzicko-pjesnicko-vece-dragana-koprivice-i-prijatelja-u-czk-danilovgrad\/#primaryimage\",\"url\":\"https:\/\/dmcsrb.com\/wp-content\/uploads\/2026\/01\/Screenshot-2025-09-23-115934-e1758621598653.webp\",\"contentUrl\":\"https:\/\/dmcsrb.com\/wp-content\/uploads\/2026\/01\/Screenshot-2025-09-23-115934-e1758621598653.webp\",\"width\":528,\"height\":649},{\"@type\":\"BreadcrumbList\",\"@id\":\"https:\/\/dmcsrb.com\/kultura\/muzicko-pjesnicko-vece-dragana-koprivice-i-prijatelja-u-czk-danilovgrad\/#breadcrumb\",\"itemListElement\":[{\"@type\":\"ListItem\",\"position\":1,\"name\":\"Home\",\"item\":\"https:\/\/dmcsrb.com\/\"},{\"@type\":\"ListItem\",\"position\":2,\"name\":\"Muzi\u010dko &#8211; pjesni\u010dko ve\u010de Dragana Koprivice i prijatelja u CZK Danilovgrad\"}]},{\"@type\":\"WebSite\",\"@id\":\"https:\/\/dmcsrb.com\/#website\",\"url\":\"https:\/\/dmcsrb.com\/\",\"name\":\"dmcsrb.com\",\"description\":\"\",\"potentialAction\":[{\"@type\":\"SearchAction\",\"target\":{\"@type\":\"EntryPoint\",\"urlTemplate\":\"https:\/\/dmcsrb.com\/?s={search_term_string}\"},\"query-input\":{\"@type\":\"PropertyValueSpecification\",\"valueRequired\":true,\"valueName\":\"search_term_string\"}}],\"inLanguage\":\"en-GB\"},{\"@type\":\"Person\",\"@id\":\"https:\/\/dmcsrb.com\/#\/schema\/person\/5c39170f12db1b8b457732d0b5c854e2\",\"name\":\"dmcsrbija.com@gmail.com\",\"image\":{\"@type\":\"ImageObject\",\"inLanguage\":\"en-GB\",\"@id\":\"https:\/\/dmcsrb.com\/#\/schema\/person\/image\/\",\"url\":\"https:\/\/secure.gravatar.com\/avatar\/68592660ad6347fad0fb587f8d5d8f1a7b44961362f56e4f2cd524feb87e9069?s=96&d=mm&r=g\",\"contentUrl\":\"https:\/\/secure.gravatar.com\/avatar\/68592660ad6347fad0fb587f8d5d8f1a7b44961362f56e4f2cd524feb87e9069?s=96&d=mm&r=g\",\"caption\":\"dmcsrbija.com@gmail.com\"},\"sameAs\":[\"https:\/\/dmcsrb.com\"],\"url\":\"https:\/\/dmcsrb.com\/en\/author\/dmcsrbija-comgmail-com\/\"}]}<\/script>\n<!-- \/ Yoast SEO plugin. -->","yoast_head_json":{"title":"Muzi\u010dko - pjesni\u010dko ve\u010de Dragana Koprivice i prijatelja u CZK Danilovgrad - dmcsrb.com","robots":{"index":"index","follow":"follow","max-snippet":"max-snippet:-1","max-image-preview":"max-image-preview:large","max-video-preview":"max-video-preview:-1"},"canonical":"https:\/\/dmcsrb.com\/en\/kultura\/muzicko-pjesnicko-vece-dragana-koprivice-i-prijatelja-u-czk-danilovgrad\/","og_locale":"en_GB","og_type":"article","og_title":"Muzi\u010dko - pjesni\u010dko ve\u010de Dragana Koprivice i prijatelja u CZK Danilovgrad - dmcsrb.com","og_description":"Nakon niza uspje\u0161nih muzi\u010dko-pjesni\u010dkih nastupa po na\u0161im gradovima, Dragan Koprivica i prijatelji nastupi\u0107e sjutra ve\u010de u velikoj sali CZK Danilovgrad sa po\u010detkom u 19 \u010dasova, a ulaz za sve ljubitelje muzike i poezije je slobodan.","og_url":"https:\/\/dmcsrb.com\/en\/kultura\/muzicko-pjesnicko-vece-dragana-koprivice-i-prijatelja-u-czk-danilovgrad\/","og_site_name":"dmcsrb.com","article_published_time":"2025-09-23T08:21:00+00:00","og_image":[{"width":528,"height":649,"url":"https:\/\/dmcsrb.com\/wp-content\/uploads\/2026\/01\/Screenshot-2025-09-23-115934-e1758621598653.webp","type":"image\/jpeg"}],"author":"dmcsrbija.com@gmail.com","twitter_card":"summary_large_image","twitter_misc":{"Written by":"dmcsrbija.com@gmail.com","Estimated reading time":"1 minute"},"schema":{"@context":"https:\/\/schema.org","@graph":[{"@type":"Article","@id":"https:\/\/dmcsrb.com\/kultura\/muzicko-pjesnicko-vece-dragana-koprivice-i-prijatelja-u-czk-danilovgrad\/#article","isPartOf":{"@id":"https:\/\/dmcsrb.com\/kultura\/muzicko-pjesnicko-vece-dragana-koprivice-i-prijatelja-u-czk-danilovgrad\/"},"author":{"name":"dmcsrbija.com@gmail.com","@id":"https:\/\/dmcsrb.com\/#\/schema\/person\/5c39170f12db1b8b457732d0b5c854e2"},"headline":"Muzi\u010dko &#8211; pjesni\u010dko ve\u010de Dragana Koprivice i prijatelja u CZK Danilovgrad","datePublished":"2025-09-23T08:21:00+00:00","mainEntityOfPage":{"@id":"https:\/\/dmcsrb.com\/kultura\/muzicko-pjesnicko-vece-dragana-koprivice-i-prijatelja-u-czk-danilovgrad\/"},"wordCount":132,"commentCount":0,"image":{"@id":"https:\/\/dmcsrb.com\/kultura\/muzicko-pjesnicko-vece-dragana-koprivice-i-prijatelja-u-czk-danilovgrad\/#primaryimage"},"thumbnailUrl":"https:\/\/dmcsrb.com\/wp-content\/uploads\/2026\/01\/Screenshot-2025-09-23-115934-e1758621598653.webp","keywords":["Dragan Koprivica","Muzi\u010dko pjesni\u010dko ve\u010de"],"articleSection":["Kultura"],"inLanguage":"en-GB","potentialAction":[{"@type":"CommentAction","name":"Comment","target":["https:\/\/dmcsrb.com\/kultura\/muzicko-pjesnicko-vece-dragana-koprivice-i-prijatelja-u-czk-danilovgrad\/#respond"]}]},{"@type":"WebPage","@id":"https:\/\/dmcsrb.com\/kultura\/muzicko-pjesnicko-vece-dragana-koprivice-i-prijatelja-u-czk-danilovgrad\/","url":"https:\/\/dmcsrb.com\/kultura\/muzicko-pjesnicko-vece-dragana-koprivice-i-prijatelja-u-czk-danilovgrad\/","name":"Muzi\u010dko - pjesni\u010dko ve\u010de Dragana Koprivice i prijatelja u CZK Danilovgrad - dmcsrb.com","isPartOf":{"@id":"https:\/\/dmcsrb.com\/#website"},"primaryImageOfPage":{"@id":"https:\/\/dmcsrb.com\/kultura\/muzicko-pjesnicko-vece-dragana-koprivice-i-prijatelja-u-czk-danilovgrad\/#primaryimage"},"image":{"@id":"https:\/\/dmcsrb.com\/kultura\/muzicko-pjesnicko-vece-dragana-koprivice-i-prijatelja-u-czk-danilovgrad\/#primaryimage"},"thumbnailUrl":"https:\/\/dmcsrb.com\/wp-content\/uploads\/2026\/01\/Screenshot-2025-09-23-115934-e1758621598653.webp","datePublished":"2025-09-23T08:21:00+00:00","author":{"@id":"https:\/\/dmcsrb.com\/#\/schema\/person\/5c39170f12db1b8b457732d0b5c854e2"},"breadcrumb":{"@id":"https:\/\/dmcsrb.com\/kultura\/muzicko-pjesnicko-vece-dragana-koprivice-i-prijatelja-u-czk-danilovgrad\/#breadcrumb"},"inLanguage":"en-GB","potentialAction":[{"@type":"ReadAction","target":["https:\/\/dmcsrb.com\/kultura\/muzicko-pjesnicko-vece-dragana-koprivice-i-prijatelja-u-czk-danilovgrad\/"]}]},{"@type":"ImageObject","inLanguage":"en-GB","@id":"https:\/\/dmcsrb.com\/kultura\/muzicko-pjesnicko-vece-dragana-koprivice-i-prijatelja-u-czk-danilovgrad\/#primaryimage","url":"https:\/\/dmcsrb.com\/wp-content\/uploads\/2026\/01\/Screenshot-2025-09-23-115934-e1758621598653.webp","contentUrl":"https:\/\/dmcsrb.com\/wp-content\/uploads\/2026\/01\/Screenshot-2025-09-23-115934-e1758621598653.webp","width":528,"height":649},{"@type":"BreadcrumbList","@id":"https:\/\/dmcsrb.com\/kultura\/muzicko-pjesnicko-vece-dragana-koprivice-i-prijatelja-u-czk-danilovgrad\/#breadcrumb","itemListElement":[{"@type":"ListItem","position":1,"name":"Home","item":"https:\/\/dmcsrb.com\/"},{"@type":"ListItem","position":2,"name":"Muzi\u010dko &#8211; pjesni\u010dko ve\u010de Dragana Koprivice i prijatelja u CZK Danilovgrad"}]},{"@type":"WebSite","@id":"https:\/\/dmcsrb.com\/#website","url":"https:\/\/dmcsrb.com\/","name":"dmcsrb.com","description":"","potentialAction":[{"@type":"SearchAction","target":{"@type":"EntryPoint","urlTemplate":"https:\/\/dmcsrb.com\/?s={search_term_string}"},"query-input":{"@type":"PropertyValueSpecification","valueRequired":true,"valueName":"search_term_string"}}],"inLanguage":"en-GB"},{"@type":"Person","@id":"https:\/\/dmcsrb.com\/#\/schema\/person\/5c39170f12db1b8b457732d0b5c854e2","name":"dmcsrbija.com@gmail.com","image":{"@type":"ImageObject","inLanguage":"en-GB","@id":"https:\/\/dmcsrb.com\/#\/schema\/person\/image\/","url":"https:\/\/secure.gravatar.com\/avatar\/68592660ad6347fad0fb587f8d5d8f1a7b44961362f56e4f2cd524feb87e9069?s=96&d=mm&r=g","contentUrl":"https:\/\/secure.gravatar.com\/avatar\/68592660ad6347fad0fb587f8d5d8f1a7b44961362f56e4f2cd524feb87e9069?s=96&d=mm&r=g","caption":"dmcsrbija.com@gmail.com"},"sameAs":["https:\/\/dmcsrb.com"],"url":"https:\/\/dmcsrb.com\/en\/author\/dmcsrbija-comgmail-com\/"}]}},"_links":{"self":[{"href":"https:\/\/dmcsrb.com\/en\/wp-json\/wp\/v2\/posts\/953574","targetHints":{"allow":["GET"]}}],"collection":[{"href":"https:\/\/dmcsrb.com\/en\/wp-json\/wp\/v2\/posts"}],"about":[{"href":"https:\/\/dmcsrb.com\/en\/wp-json\/wp\/v2\/types\/post"}],"author":[{"embeddable":true,"href":"https:\/\/dmcsrb.com\/en\/wp-json\/wp\/v2\/users\/1"}],"replies":[{"embeddable":true,"href":"https:\/\/dmcsrb.com\/en\/wp-json\/wp\/v2\/comments?post=953574"}],"version-history":[{"count":0,"href":"https:\/\/dmcsrb.com\/en\/wp-json\/wp\/v2\/posts\/953574\/revisions"}],"wp:featuredmedia":[{"embeddable":true,"href":"https:\/\/dmcsrb.com\/en\/wp-json\/wp\/v2\/media\/953575"}],"wp:attachment":[{"href":"https:\/\/dmcsrb.com\/en\/wp-json\/wp\/v2\/media?parent=953574"}],"wp:term":[{"taxonomy":"category","embeddable":true,"href":"https:\/\/dmcsrb.com\/en\/wp-json\/wp\/v2\/categories?post=953574"},{"taxonomy":"post_tag","embeddable":true,"href":"https:\/\/dmcsrb.com\/en\/wp-json\/wp\/v2\/tags?post=953574"},{"taxonomy":"naslovna","embeddable":true,"href":"https:\/\/dmcsrb.com\/en\/wp-json\/wp\/v2\/naslovna?post=953574"}],"curies":[{"name":"wp","href":"https:\/\/api.w.org\/{rel}","templated":true}]}}