{"id":953529,"date":"2025-09-23T06:11:02","date_gmt":"2025-09-23T04:11:02","guid":{"rendered":"https:\/\/dmcsrb.com\/uncategorized\/podrska-i-radnicima-bez-posla-zbog-stecaja-drzavnih-preduzeca\/"},"modified":"2025-09-23T06:11:02","modified_gmt":"2025-09-23T04:11:02","slug":"podrska-i-radnicima-bez-posla-zbog-stecaja-drzavnih-preduzeca","status":"publish","type":"post","link":"https:\/\/dmcsrb.com\/en\/ekonomija\/podrska-i-radnicima-bez-posla-zbog-stecaja-drzavnih-preduzeca\/","title":{"rendered":"&#8220;Podr\u0161ka i radnicima bez posla zbog ste\u010daja dr\u017eavnih preduze\u0107a\u201c"},"content":{"rendered":"<p>I Ines Mrdovi\u0107 iz Akcije za socijalnu pravdu smatra da su sada\u0161nja rje\u0161enja neprihvatljiva i da pravo na finansijsku podr\u0161ku moraju imati sve grane privrede.<\/p>\n\n\n\n<p>Preporu\u010dila je, u izjavi za na\u0161 radio, \u017ertvama tranzicije da zahtjeve ne \u0161alju samo Vladi, ve\u0107 i da, kako je kazala, zakucaju na vrata parlamenta.&nbsp;<\/p>\n\n\n\n<p>U Ministarstvu poljoprivrede i dalje pristi\u017eu zahtjevi biv\u0161ih radnika iz drvoprera\u0111iva\u010dke i \u0161umarske industrije koji bi, prema zakonu o naknadama, mogli ostvariti pravo na otpremninu od 12.000 eura. Plan je da komisije obrade pristigle zahtjeve, formiraju listu onih koji imaju pravo na isplatu, a novac bi, kako je najavljeno, bio opredijeljen u bud\u017eetu za narednu godinu.<\/p>\n\n\n\n<p>Ranije tu finansijsku podr\u0161ku su dobili biv\u0161i radnici u metaloprera\u0111iva\u010dkoj industriji, ali ne svi, saop\u0161tili su iz nevladine organizacije za za\u0161titu prava nezaposlenih u Bijelom Polju.<\/p>\n\n\n\n<p>Tvrde da je u toj op\u0161tini naknadu dobilo samo 10 od 1.000 radnika koji su bili zaposleni u metalskom sektoru. Poslali su poruku nadle\u017enima.&nbsp;&nbsp;<\/p>\n\n\n\n<p>&#8220;Pozivamo Skup\u0161tinu da izmijeni zakon o obe\u0161te\u0107enju radnika metalske struke. Obra\u0107ali smo se Ministarstvu rada, Skup\u0161tinskoj komisiji za privatizaciju, Ombudsmanu, a na Upravnom sudu hiljadu radnika koje se \u017ealilo izgubilo je spor, tako da od nas hiljadu niko nema pravo na obe\u0161te\u0107enje&#8221;, dodaju.&nbsp;<\/p>\n\n\n\n<p>To \u0161to je novac dobilo oko \u0161est hiljada biv\u0161ih radnika u metalskoj, a prema najavi dobi\u0107e i nekada\u0161nji zaposleni u drvopreradi, su dobra rje\u0161enja, ali kako ocjenjuje za na\u0161 radio, Ines Mrdovi\u0107 iz Akcije za socijalnu pravdu, ne bi smjelo biti selektivnosti. Neprihvatljivo je, ka\u017ee, da jedni dobiju novac, a drugi ne.<\/p>\n\n\n\n<p>&#8220;Sve su to bili radnici koji su doprinosili ovom sistemu i ovoj dr\u017eavi i niko od njih ne treba da bude zaobi\u0111en&#8221;, istakla je Mrdovi\u0107.&nbsp;<\/p>\n\n\n\n<p>Mrdovi\u0107 je stava da bi i biv\u0161i radnici morali biti organizovaniji da bi se izborili za ono \u0161to im sleduje kao \u017ertvama tranzicije.<\/p>\n\n\n\n<p>&#8220;Bilo bi vrlo po\u017eeljno i da zakucaju na vrata parlamenta i na adrese poslani\u010dkih grupa u parlamentu kako bi na taj na\u010din br\u017ee ostvarili svoja prava&#8221;, dodala je Mrdovi\u0107.&nbsp;<\/p>\n\n\n\n<p>Iz Unije slobodnih sindikata tra\u017ee da Vlada usvoji zakon kojim bi pravo na otpremninu ostvarili svi zaposleni u dr\u017eavnim firmama pogo\u0111enim ste\u010dajem, bez obzira, kako navode u saop\u0161tenju, u kom su sektoru radili.<\/p>\n\n\n\n<p>Dosada\u0161nja praksa da pravo na finansijsku podr\u0161ku dobija samo dio biv\u0161ih radnika je, kako ocjenjuju, diskriminatorska prema onima koji su ostali bez posla zbog ste\u010daja, a nijesu obuhva\u0107eni zakonskim rje\u0161enjima. Prema pisanju pojedinih medija, i radnici drugih grana tekstilne i grafi\u010dke industrije uskoro \u0107e tra\u017eiti da se zakon pro\u0161iri i na te oblasti.<\/p>\n\n\n\n<p><\/p>","protected":false},"excerpt":{"rendered":"<p>Zakon mora va\u017eiti za sve, pa je neprihvatljivo da se otpremnine ispla\u0107aju selektivno, ocijenili su iz Unije slobodnih sindikata i predlo\u017eili usvajanje zakona koji \u0107e obuhvatiti radnike koji su bez posla ostali zbog ste\u010daja u dr\u017eavnim preduze\u0107ima.<\/p>","protected":false},"author":1,"featured_media":953530,"comment_status":"open","ping_status":"open","sticky":false,"template":"","format":"standard","meta":{"_acf_changed":false,"footnotes":""},"categories":[27],"tags":[3734,8945,1940,4560],"naslovna":[],"class_list":["post-953529","post","type-post","status-publish","format-standard","has-post-thumbnail","hentry","category-ekonomija","tag-isplata","tag-otpremnina","tag-podrska","tag-radnici"],"acf":[],"yoast_head":"<!-- This site is optimized with the Yoast SEO plugin v27.0 - https:\/\/yoast.com\/product\/yoast-seo-wordpress\/ -->\n<title>&quot;Podr\u0161ka i radnicima bez posla zbog ste\u010daja dr\u017eavnih preduze\u0107a\u201c - dmcsrb.com<\/title>\n<meta name=\"robots\" content=\"index, follow, max-snippet:-1, max-image-preview:large, max-video-preview:-1\" \/>\n<link rel=\"canonical\" href=\"https:\/\/dmcsrb.com\/en\/ekonomija\/podrska-i-radnicima-bez-posla-zbog-stecaja-drzavnih-preduzeca\/\" \/>\n<meta property=\"og:locale\" content=\"en_GB\" \/>\n<meta property=\"og:type\" content=\"article\" \/>\n<meta property=\"og:title\" content=\"&quot;Podr\u0161ka i radnicima bez posla zbog ste\u010daja dr\u017eavnih preduze\u0107a\u201c - dmcsrb.com\" \/>\n<meta property=\"og:description\" content=\"Zakon mora va\u017eiti za sve, pa je neprihvatljivo da se otpremnine ispla\u0107aju selektivno, ocijenili su iz Unije slobodnih sindikata i predlo\u017eili usvajanje zakona koji \u0107e obuhvatiti radnike koji su bez posla ostali zbog ste\u010daja u dr\u017eavnim preduze\u0107ima.\" \/>\n<meta property=\"og:url\" content=\"https:\/\/dmcsrb.com\/en\/ekonomija\/podrska-i-radnicima-bez-posla-zbog-stecaja-drzavnih-preduzeca\/\" \/>\n<meta property=\"og:site_name\" content=\"dmcsrb.com\" \/>\n<meta property=\"article:published_time\" content=\"2025-09-23T04:11:02+00:00\" \/>\n<meta property=\"og:image\" content=\"https:\/\/dmcsrb.com\/wp-content\/uploads\/2026\/01\/Radnici-foto-pixabay.webp\" \/>\n\t<meta property=\"og:image:width\" content=\"826\" \/>\n\t<meta property=\"og:image:height\" content=\"507\" \/>\n\t<meta property=\"og:image:type\" content=\"image\/jpeg\" \/>\n<meta name=\"author\" content=\"dmcsrbija.com@gmail.com\" \/>\n<meta name=\"twitter:card\" content=\"summary_large_image\" \/>\n<meta name=\"twitter:label1\" content=\"Written by\" \/>\n\t<meta name=\"twitter:data1\" content=\"dmcsrbija.com@gmail.com\" \/>\n\t<meta name=\"twitter:label2\" content=\"Estimated reading time\" \/>\n\t<meta name=\"twitter:data2\" content=\"2 minutes\" \/>\n<script type=\"application\/ld+json\" class=\"yoast-schema-graph\">{\"@context\":\"https:\/\/schema.org\",\"@graph\":[{\"@type\":\"Article\",\"@id\":\"https:\/\/dmcsrb.com\/ekonomija\/podrska-i-radnicima-bez-posla-zbog-stecaja-drzavnih-preduzeca\/#article\",\"isPartOf\":{\"@id\":\"https:\/\/dmcsrb.com\/ekonomija\/podrska-i-radnicima-bez-posla-zbog-stecaja-drzavnih-preduzeca\/\"},\"author\":{\"name\":\"dmcsrbija.com@gmail.com\",\"@id\":\"https:\/\/dmcsrb.com\/#\/schema\/person\/5c39170f12db1b8b457732d0b5c854e2\"},\"headline\":\"&#8220;Podr\u0161ka i radnicima bez posla zbog ste\u010daja dr\u017eavnih preduze\u0107a\u201c\",\"datePublished\":\"2025-09-23T04:11:02+00:00\",\"mainEntityOfPage\":{\"@id\":\"https:\/\/dmcsrb.com\/ekonomija\/podrska-i-radnicima-bez-posla-zbog-stecaja-drzavnih-preduzeca\/\"},\"wordCount\":480,\"commentCount\":0,\"image\":{\"@id\":\"https:\/\/dmcsrb.com\/ekonomija\/podrska-i-radnicima-bez-posla-zbog-stecaja-drzavnih-preduzeca\/#primaryimage\"},\"thumbnailUrl\":\"https:\/\/dmcsrb.com\/wp-content\/uploads\/2026\/01\/Radnici-foto-pixabay.webp\",\"keywords\":[\"isplata\",\"otpremnina\",\"podr\u0161ka\",\"radnici\"],\"articleSection\":[\"Ekonomija\"],\"inLanguage\":\"en-GB\",\"potentialAction\":[{\"@type\":\"CommentAction\",\"name\":\"Comment\",\"target\":[\"https:\/\/dmcsrb.com\/ekonomija\/podrska-i-radnicima-bez-posla-zbog-stecaja-drzavnih-preduzeca\/#respond\"]}]},{\"@type\":\"WebPage\",\"@id\":\"https:\/\/dmcsrb.com\/ekonomija\/podrska-i-radnicima-bez-posla-zbog-stecaja-drzavnih-preduzeca\/\",\"url\":\"https:\/\/dmcsrb.com\/ekonomija\/podrska-i-radnicima-bez-posla-zbog-stecaja-drzavnih-preduzeca\/\",\"name\":\"\\\"Podr\u0161ka i radnicima bez posla zbog ste\u010daja dr\u017eavnih preduze\u0107a\u201c - dmcsrb.com\",\"isPartOf\":{\"@id\":\"https:\/\/dmcsrb.com\/#website\"},\"primaryImageOfPage\":{\"@id\":\"https:\/\/dmcsrb.com\/ekonomija\/podrska-i-radnicima-bez-posla-zbog-stecaja-drzavnih-preduzeca\/#primaryimage\"},\"image\":{\"@id\":\"https:\/\/dmcsrb.com\/ekonomija\/podrska-i-radnicima-bez-posla-zbog-stecaja-drzavnih-preduzeca\/#primaryimage\"},\"thumbnailUrl\":\"https:\/\/dmcsrb.com\/wp-content\/uploads\/2026\/01\/Radnici-foto-pixabay.webp\",\"datePublished\":\"2025-09-23T04:11:02+00:00\",\"author\":{\"@id\":\"https:\/\/dmcsrb.com\/#\/schema\/person\/5c39170f12db1b8b457732d0b5c854e2\"},\"breadcrumb\":{\"@id\":\"https:\/\/dmcsrb.com\/ekonomija\/podrska-i-radnicima-bez-posla-zbog-stecaja-drzavnih-preduzeca\/#breadcrumb\"},\"inLanguage\":\"en-GB\",\"potentialAction\":[{\"@type\":\"ReadAction\",\"target\":[\"https:\/\/dmcsrb.com\/ekonomija\/podrska-i-radnicima-bez-posla-zbog-stecaja-drzavnih-preduzeca\/\"]}]},{\"@type\":\"ImageObject\",\"inLanguage\":\"en-GB\",\"@id\":\"https:\/\/dmcsrb.com\/ekonomija\/podrska-i-radnicima-bez-posla-zbog-stecaja-drzavnih-preduzeca\/#primaryimage\",\"url\":\"https:\/\/dmcsrb.com\/wp-content\/uploads\/2026\/01\/Radnici-foto-pixabay.webp\",\"contentUrl\":\"https:\/\/dmcsrb.com\/wp-content\/uploads\/2026\/01\/Radnici-foto-pixabay.webp\",\"width\":826,\"height\":507},{\"@type\":\"BreadcrumbList\",\"@id\":\"https:\/\/dmcsrb.com\/ekonomija\/podrska-i-radnicima-bez-posla-zbog-stecaja-drzavnih-preduzeca\/#breadcrumb\",\"itemListElement\":[{\"@type\":\"ListItem\",\"position\":1,\"name\":\"Home\",\"item\":\"https:\/\/dmcsrb.com\/\"},{\"@type\":\"ListItem\",\"position\":2,\"name\":\"&#8220;Podr\u0161ka i radnicima bez posla zbog ste\u010daja dr\u017eavnih preduze\u0107a\u201c\"}]},{\"@type\":\"WebSite\",\"@id\":\"https:\/\/dmcsrb.com\/#website\",\"url\":\"https:\/\/dmcsrb.com\/\",\"name\":\"dmcsrb.com\",\"description\":\"\",\"potentialAction\":[{\"@type\":\"SearchAction\",\"target\":{\"@type\":\"EntryPoint\",\"urlTemplate\":\"https:\/\/dmcsrb.com\/?s={search_term_string}\"},\"query-input\":{\"@type\":\"PropertyValueSpecification\",\"valueRequired\":true,\"valueName\":\"search_term_string\"}}],\"inLanguage\":\"en-GB\"},{\"@type\":\"Person\",\"@id\":\"https:\/\/dmcsrb.com\/#\/schema\/person\/5c39170f12db1b8b457732d0b5c854e2\",\"name\":\"dmcsrbija.com@gmail.com\",\"image\":{\"@type\":\"ImageObject\",\"inLanguage\":\"en-GB\",\"@id\":\"https:\/\/dmcsrb.com\/#\/schema\/person\/image\/\",\"url\":\"https:\/\/secure.gravatar.com\/avatar\/68592660ad6347fad0fb587f8d5d8f1a7b44961362f56e4f2cd524feb87e9069?s=96&d=mm&r=g\",\"contentUrl\":\"https:\/\/secure.gravatar.com\/avatar\/68592660ad6347fad0fb587f8d5d8f1a7b44961362f56e4f2cd524feb87e9069?s=96&d=mm&r=g\",\"caption\":\"dmcsrbija.com@gmail.com\"},\"sameAs\":[\"https:\/\/dmcsrb.com\"],\"url\":\"https:\/\/dmcsrb.com\/en\/author\/dmcsrbija-comgmail-com\/\"}]}<\/script>\n<!-- \/ Yoast SEO plugin. -->","yoast_head_json":{"title":"\"Podr\u0161ka i radnicima bez posla zbog ste\u010daja dr\u017eavnih preduze\u0107a\u201c - dmcsrb.com","robots":{"index":"index","follow":"follow","max-snippet":"max-snippet:-1","max-image-preview":"max-image-preview:large","max-video-preview":"max-video-preview:-1"},"canonical":"https:\/\/dmcsrb.com\/en\/ekonomija\/podrska-i-radnicima-bez-posla-zbog-stecaja-drzavnih-preduzeca\/","og_locale":"en_GB","og_type":"article","og_title":"\"Podr\u0161ka i radnicima bez posla zbog ste\u010daja dr\u017eavnih preduze\u0107a\u201c - dmcsrb.com","og_description":"Zakon mora va\u017eiti za sve, pa je neprihvatljivo da se otpremnine ispla\u0107aju selektivno, ocijenili su iz Unije slobodnih sindikata i predlo\u017eili usvajanje zakona koji \u0107e obuhvatiti radnike koji su bez posla ostali zbog ste\u010daja u dr\u017eavnim preduze\u0107ima.","og_url":"https:\/\/dmcsrb.com\/en\/ekonomija\/podrska-i-radnicima-bez-posla-zbog-stecaja-drzavnih-preduzeca\/","og_site_name":"dmcsrb.com","article_published_time":"2025-09-23T04:11:02+00:00","og_image":[{"width":826,"height":507,"url":"https:\/\/dmcsrb.com\/wp-content\/uploads\/2026\/01\/Radnici-foto-pixabay.webp","type":"image\/jpeg"}],"author":"dmcsrbija.com@gmail.com","twitter_card":"summary_large_image","twitter_misc":{"Written by":"dmcsrbija.com@gmail.com","Estimated reading time":"2 minutes"},"schema":{"@context":"https:\/\/schema.org","@graph":[{"@type":"Article","@id":"https:\/\/dmcsrb.com\/ekonomija\/podrska-i-radnicima-bez-posla-zbog-stecaja-drzavnih-preduzeca\/#article","isPartOf":{"@id":"https:\/\/dmcsrb.com\/ekonomija\/podrska-i-radnicima-bez-posla-zbog-stecaja-drzavnih-preduzeca\/"},"author":{"name":"dmcsrbija.com@gmail.com","@id":"https:\/\/dmcsrb.com\/#\/schema\/person\/5c39170f12db1b8b457732d0b5c854e2"},"headline":"&#8220;Podr\u0161ka i radnicima bez posla zbog ste\u010daja dr\u017eavnih preduze\u0107a\u201c","datePublished":"2025-09-23T04:11:02+00:00","mainEntityOfPage":{"@id":"https:\/\/dmcsrb.com\/ekonomija\/podrska-i-radnicima-bez-posla-zbog-stecaja-drzavnih-preduzeca\/"},"wordCount":480,"commentCount":0,"image":{"@id":"https:\/\/dmcsrb.com\/ekonomija\/podrska-i-radnicima-bez-posla-zbog-stecaja-drzavnih-preduzeca\/#primaryimage"},"thumbnailUrl":"https:\/\/dmcsrb.com\/wp-content\/uploads\/2026\/01\/Radnici-foto-pixabay.webp","keywords":["isplata","otpremnina","podr\u0161ka","radnici"],"articleSection":["Ekonomija"],"inLanguage":"en-GB","potentialAction":[{"@type":"CommentAction","name":"Comment","target":["https:\/\/dmcsrb.com\/ekonomija\/podrska-i-radnicima-bez-posla-zbog-stecaja-drzavnih-preduzeca\/#respond"]}]},{"@type":"WebPage","@id":"https:\/\/dmcsrb.com\/ekonomija\/podrska-i-radnicima-bez-posla-zbog-stecaja-drzavnih-preduzeca\/","url":"https:\/\/dmcsrb.com\/ekonomija\/podrska-i-radnicima-bez-posla-zbog-stecaja-drzavnih-preduzeca\/","name":"\"Podr\u0161ka i radnicima bez posla zbog ste\u010daja dr\u017eavnih preduze\u0107a\u201c - dmcsrb.com","isPartOf":{"@id":"https:\/\/dmcsrb.com\/#website"},"primaryImageOfPage":{"@id":"https:\/\/dmcsrb.com\/ekonomija\/podrska-i-radnicima-bez-posla-zbog-stecaja-drzavnih-preduzeca\/#primaryimage"},"image":{"@id":"https:\/\/dmcsrb.com\/ekonomija\/podrska-i-radnicima-bez-posla-zbog-stecaja-drzavnih-preduzeca\/#primaryimage"},"thumbnailUrl":"https:\/\/dmcsrb.com\/wp-content\/uploads\/2026\/01\/Radnici-foto-pixabay.webp","datePublished":"2025-09-23T04:11:02+00:00","author":{"@id":"https:\/\/dmcsrb.com\/#\/schema\/person\/5c39170f12db1b8b457732d0b5c854e2"},"breadcrumb":{"@id":"https:\/\/dmcsrb.com\/ekonomija\/podrska-i-radnicima-bez-posla-zbog-stecaja-drzavnih-preduzeca\/#breadcrumb"},"inLanguage":"en-GB","potentialAction":[{"@type":"ReadAction","target":["https:\/\/dmcsrb.com\/ekonomija\/podrska-i-radnicima-bez-posla-zbog-stecaja-drzavnih-preduzeca\/"]}]},{"@type":"ImageObject","inLanguage":"en-GB","@id":"https:\/\/dmcsrb.com\/ekonomija\/podrska-i-radnicima-bez-posla-zbog-stecaja-drzavnih-preduzeca\/#primaryimage","url":"https:\/\/dmcsrb.com\/wp-content\/uploads\/2026\/01\/Radnici-foto-pixabay.webp","contentUrl":"https:\/\/dmcsrb.com\/wp-content\/uploads\/2026\/01\/Radnici-foto-pixabay.webp","width":826,"height":507},{"@type":"BreadcrumbList","@id":"https:\/\/dmcsrb.com\/ekonomija\/podrska-i-radnicima-bez-posla-zbog-stecaja-drzavnih-preduzeca\/#breadcrumb","itemListElement":[{"@type":"ListItem","position":1,"name":"Home","item":"https:\/\/dmcsrb.com\/"},{"@type":"ListItem","position":2,"name":"&#8220;Podr\u0161ka i radnicima bez posla zbog ste\u010daja dr\u017eavnih preduze\u0107a\u201c"}]},{"@type":"WebSite","@id":"https:\/\/dmcsrb.com\/#website","url":"https:\/\/dmcsrb.com\/","name":"dmcsrb.com","description":"","potentialAction":[{"@type":"SearchAction","target":{"@type":"EntryPoint","urlTemplate":"https:\/\/dmcsrb.com\/?s={search_term_string}"},"query-input":{"@type":"PropertyValueSpecification","valueRequired":true,"valueName":"search_term_string"}}],"inLanguage":"en-GB"},{"@type":"Person","@id":"https:\/\/dmcsrb.com\/#\/schema\/person\/5c39170f12db1b8b457732d0b5c854e2","name":"dmcsrbija.com@gmail.com","image":{"@type":"ImageObject","inLanguage":"en-GB","@id":"https:\/\/dmcsrb.com\/#\/schema\/person\/image\/","url":"https:\/\/secure.gravatar.com\/avatar\/68592660ad6347fad0fb587f8d5d8f1a7b44961362f56e4f2cd524feb87e9069?s=96&d=mm&r=g","contentUrl":"https:\/\/secure.gravatar.com\/avatar\/68592660ad6347fad0fb587f8d5d8f1a7b44961362f56e4f2cd524feb87e9069?s=96&d=mm&r=g","caption":"dmcsrbija.com@gmail.com"},"sameAs":["https:\/\/dmcsrb.com"],"url":"https:\/\/dmcsrb.com\/en\/author\/dmcsrbija-comgmail-com\/"}]}},"_links":{"self":[{"href":"https:\/\/dmcsrb.com\/en\/wp-json\/wp\/v2\/posts\/953529","targetHints":{"allow":["GET"]}}],"collection":[{"href":"https:\/\/dmcsrb.com\/en\/wp-json\/wp\/v2\/posts"}],"about":[{"href":"https:\/\/dmcsrb.com\/en\/wp-json\/wp\/v2\/types\/post"}],"author":[{"embeddable":true,"href":"https:\/\/dmcsrb.com\/en\/wp-json\/wp\/v2\/users\/1"}],"replies":[{"embeddable":true,"href":"https:\/\/dmcsrb.com\/en\/wp-json\/wp\/v2\/comments?post=953529"}],"version-history":[{"count":0,"href":"https:\/\/dmcsrb.com\/en\/wp-json\/wp\/v2\/posts\/953529\/revisions"}],"wp:featuredmedia":[{"embeddable":true,"href":"https:\/\/dmcsrb.com\/en\/wp-json\/wp\/v2\/media\/953530"}],"wp:attachment":[{"href":"https:\/\/dmcsrb.com\/en\/wp-json\/wp\/v2\/media?parent=953529"}],"wp:term":[{"taxonomy":"category","embeddable":true,"href":"https:\/\/dmcsrb.com\/en\/wp-json\/wp\/v2\/categories?post=953529"},{"taxonomy":"post_tag","embeddable":true,"href":"https:\/\/dmcsrb.com\/en\/wp-json\/wp\/v2\/tags?post=953529"},{"taxonomy":"naslovna","embeddable":true,"href":"https:\/\/dmcsrb.com\/en\/wp-json\/wp\/v2\/naslovna?post=953529"}],"curies":[{"name":"wp","href":"https:\/\/api.w.org\/{rel}","templated":true}]}}