{"id":953525,"date":"2025-09-23T05:39:14","date_gmt":"2025-09-23T03:39:14","guid":{"rendered":"https:\/\/dmcsrb.com\/uncategorized\/rovcanin-izabracemo-sudije-ustavnog-suda-do-kraja-godine\/"},"modified":"2025-09-23T05:39:14","modified_gmt":"2025-09-23T03:39:14","slug":"rovcanin-izabracemo-sudije-ustavnog-suda-do-kraja-godine","status":"publish","type":"post","link":"https:\/\/dmcsrb.com\/en\/hronika\/rovcanin-izabracemo-sudije-ustavnog-suda-do-kraja-godine\/","title":{"rendered":"Rov\u010danin: Izabra\u0107emo sudije Ustavnog suda do kraja godine"},"content":{"rendered":"<p>Mnogo puta do sada je predsjednik dr\u017eave, Jakov Milatovi\u0107, uputio kritike vladaju\u0107oj ve\u0107ini zbog nefunkcionalnosti Ustavnog suda. Ovog puta uz konstataciju da su im rije\u010di u nesaglasju sa dijelima te da \u017eelja izvr\u0161ne vlasti i nije funkcionalnost te institucije, ve\u0107 politi\u010dka kontrola.<\/p>\n\n\n\n<p>&#8220;U djelima nove vlasti se apsolutno vide prakse iz pro\u0161losti, prakse prethodnih vlasti&#8221;, izjavio je predsjednik Crne Gore.<\/p>\n\n\n\n<p>U vladaju\u0107oj ve\u0107ini pak kategori\u010dno odbacuju takve tvrdnje. \u010clan Ustavnog odbora iz reda Demokrata, Nikola Rov\u010danin, poru\u010duje da je zapravo \u017eelja ve\u0107ine da Ustavni sud bude profesionalan i nepristrasan.<\/p>\n\n\n\n<p>&#8220;Ranije je postojala praksa politi\u010dke kontrole u nekom periodu i pod nekom drugom vla\u0161\u0107u koju smo porazili 30. augusta, gdje su sudije Ustavnog suda bili oni koji su imali \u010dlansku kartu Demokratske partije socijalista i koji su donosili vrlo problemati\u010dne odluke. Dakle, vo\u0111eni tim, \u017eelimo da uspostavimo jedan nezavistan, nepristrasan i stru\u010dan Ustavni sud&#8221;, kazao je Rov\u010danin.<\/p>\n\n\n\n<p>Ustavni sud, kako obe\u0107ava Rov\u010danin, bit \u0107e kompletiran do kraja godine, odnosno tokom redovnog skup\u0161tinskog zasjedanja. \u010cini\u0107e ga, kako nagla\u0161ava, najbolji od kandidata saslu\u0161anih pred mati\u010dnim odborom.<\/p>\n\n\n\n<p>&#8220;Predlog predsjednika je prije svega diskrecioni jer predsjednik je inokosni organ i negdje gra\u0111ani nemaju priliku, kao kod Ustavnog odbora, da se upoznaju direktno u razgovoru \u010dlanova Ustavnog odbora i drugih zainteresovanih poslanika sa samim kandidatima.U tom dijelu, u svakom slu\u010daju, parlamentarna ve\u0107ina \u0107e sagledati i izabrati najbolje kandidate&#8221;, naveo je Rov\u010danin.<\/p>\n\n\n\n<p>Da se ne vodi ra\u010duna o stru\u010dnosti i integritetu, a da se obesmi\u0161ljava diskreciono pravo predsjednika dr\u017eave, smatra njegov savjetnik Dejan Vuk\u0161i\u0107.<\/p>\n\n\n\n<p>&#8220;Na\u017ealost, \u010dinjenica je da danas predsjednik mo\u017ee predlo\u017eiti i najbolje stru\u010dnjake, ali ako nisu u povolji partijama, njihova \u0161ansa je jednaka nuli. Tako se potpuno obesmi\u0161ljava Ustav Crne Gore, pravo predsjednika i sam proces izbora, jer studiju ne broji znanje, integritet i iskustvo, nego partijska volja&#8221;, ka\u017ee Vuk\u0161i\u0107.<\/p>\n\n\n\n<p>Izjave pojedinih politi\u010dara da \u0107e se na\u0107i odgovaraju\u0107e sudije, posljednja su opomena, ka\u017ee Vuk\u0161i\u0107, da se sprije\u010di sunovrat pravosudnog sistema.<\/p>\n\n\n\n<p>&#8220;Ustavni sud koji bi trebalo da bude brana protiv samovolje vlasti, pretvara se u produ\u017eenu ruku partijskih \u0161efova. To zna\u010di da presude vi\u0161e ne zavise od ustava i zakona, ve\u0107 od trenutnih politi\u010dkih interesa. U takvom sistemu i najgrublje kr\u0161enje zakona mo\u017ee biti progla\u0161eno ispravnim, ako tako nala\u017ee partijski dogovor. Gra\u0111ani treba da shvate da \u0107e onda da \u017eive u zemlji gdje pravda nije njihovo pravo, ve\u0107 privilegija za podobne&#8221;, kazao je Vuk\u0161i\u0107.<\/p>\n\n\n\n<p>Podsje\u0107amo, i iz Strazbura su upozorili na slabosti crnogorskog pravosu\u0111a, uz napomenu da se upravo najve\u0107i broj predstavki, 63 odsto, odnosi na prekomjernu du\u017einu trajanja postupaka pred Ustavnim sudom, te da taj problem dominira godinama.<\/p>\n\n\n\n<p><\/p>","protected":false},"excerpt":{"rendered":"<p>U skladu sa te\u017enjama EU \u010dlanstva, vladaju\u0107a ve\u0107ina \u0107e do kraja godine izabrati sudije Ustavnog suda. To je Radiju Crne Gore saop\u0161tio \u010dlan mati\u010dnog skup\u0161tinskog odbora, poslanik Demokrata Nikola Rov\u010danin, demantuju\u0107i tvrdnje predsjednika dr\u017eave da ve\u0107ina zapravo opstruira proces jer \u017eeli kontrolu nad jednom od najva\u017enijih sudskih instanci. Da su upravo zbog odnosa vladaju\u0107e ve\u0107ine prema izboru sudija Ustavnog suda gra\u0111ani u opasnosti, upozorava savjetnik prvog \u010dovjeka dr\u017eave, Dejan Vuk\u0161i\u0107. Ta institucija, umjesto da bude brana protiv samovolje vlasti, pretvara se, kako konstatuje Vuk\u0161i\u0107, u produ\u017eenu ruku partijskih \u0161efova.<\/p>","protected":false},"author":1,"featured_media":952828,"comment_status":"open","ping_status":"open","sticky":false,"template":"","format":"standard","meta":{"_acf_changed":false,"footnotes":""},"categories":[17],"tags":[2028,3936,129],"naslovna":[],"class_list":["post-953525","post","type-post","status-publish","format-standard","has-post-thumbnail","hentry","category-hronika","tag-nikola-rovcanin-2","tag-sudije","tag-ustavni-sud"],"acf":[],"yoast_head":"<!-- This site is optimized with the Yoast SEO plugin v27.4 - https:\/\/yoast.com\/product\/yoast-seo-wordpress\/ -->\n<title>Rov\u010danin: Izabra\u0107emo sudije Ustavnog suda do kraja godine - dmcsrb.com<\/title>\n<meta name=\"robots\" content=\"index, follow, max-snippet:-1, max-image-preview:large, max-video-preview:-1\" \/>\n<link rel=\"canonical\" href=\"https:\/\/dmcsrb.com\/en\/hronika\/rovcanin-izabracemo-sudije-ustavnog-suda-do-kraja-godine\/\" \/>\n<meta property=\"og:locale\" content=\"en_GB\" \/>\n<meta property=\"og:type\" content=\"article\" \/>\n<meta property=\"og:title\" content=\"Rov\u010danin: Izabra\u0107emo sudije Ustavnog suda do kraja godine - dmcsrb.com\" \/>\n<meta property=\"og:description\" content=\"U skladu sa te\u017enjama EU \u010dlanstva, vladaju\u0107a ve\u0107ina \u0107e do kraja godine izabrati sudije Ustavnog suda. To je Radiju Crne Gore saop\u0161tio \u010dlan mati\u010dnog skup\u0161tinskog odbora, poslanik Demokrata Nikola Rov\u010danin, demantuju\u0107i tvrdnje predsjednika dr\u017eave da ve\u0107ina zapravo opstruira proces jer \u017eeli kontrolu nad jednom od najva\u017enijih sudskih instanci. Da su upravo zbog odnosa vladaju\u0107e ve\u0107ine prema izboru sudija Ustavnog suda gra\u0111ani u opasnosti, upozorava savjetnik prvog \u010dovjeka dr\u017eave, Dejan Vuk\u0161i\u0107. Ta institucija, umjesto da bude brana protiv samovolje vlasti, pretvara se, kako konstatuje Vuk\u0161i\u0107, u produ\u017eenu ruku partijskih \u0161efova.\" \/>\n<meta property=\"og:url\" content=\"https:\/\/dmcsrb.com\/en\/hronika\/rovcanin-izabracemo-sudije-ustavnog-suda-do-kraja-godine\/\" \/>\n<meta property=\"og:site_name\" content=\"dmcsrb.com\" \/>\n<meta property=\"article:published_time\" content=\"2025-09-23T03:39:14+00:00\" \/>\n<meta property=\"og:image\" content=\"https:\/\/dmcsrb.com\/wp-content\/uploads\/2026\/01\/sastanak-posp-a-foto-skupstina.webp\" \/>\n\t<meta property=\"og:image:width\" content=\"893\" \/>\n\t<meta property=\"og:image:height\" content=\"518\" \/>\n\t<meta property=\"og:image:type\" content=\"image\/jpeg\" \/>\n<meta name=\"author\" content=\"dmcsrbija.com@gmail.com\" \/>\n<meta name=\"twitter:card\" content=\"summary_large_image\" \/>\n<meta name=\"twitter:label1\" content=\"Written by\" \/>\n\t<meta name=\"twitter:data1\" content=\"dmcsrbija.com@gmail.com\" \/>\n\t<meta name=\"twitter:label2\" content=\"Estimated reading time\" \/>\n\t<meta name=\"twitter:data2\" content=\"2 minutes\" \/>\n<script type=\"application\/ld+json\" class=\"yoast-schema-graph\">{\"@context\":\"https:\\\/\\\/schema.org\",\"@graph\":[{\"@type\":\"Article\",\"@id\":\"https:\\\/\\\/dmcsrb.com\\\/hronika\\\/rovcanin-izabracemo-sudije-ustavnog-suda-do-kraja-godine\\\/#article\",\"isPartOf\":{\"@id\":\"https:\\\/\\\/dmcsrb.com\\\/hronika\\\/rovcanin-izabracemo-sudije-ustavnog-suda-do-kraja-godine\\\/\"},\"author\":{\"name\":\"dmcsrbija.com@gmail.com\",\"@id\":\"https:\\\/\\\/dmcsrb.com\\\/#\\\/schema\\\/person\\\/5c39170f12db1b8b457732d0b5c854e2\"},\"headline\":\"Rov\u010danin: Izabra\u0107emo sudije Ustavnog suda do kraja godine\",\"datePublished\":\"2025-09-23T03:39:14+00:00\",\"mainEntityOfPage\":{\"@id\":\"https:\\\/\\\/dmcsrb.com\\\/hronika\\\/rovcanin-izabracemo-sudije-ustavnog-suda-do-kraja-godine\\\/\"},\"wordCount\":494,\"commentCount\":0,\"image\":{\"@id\":\"https:\\\/\\\/dmcsrb.com\\\/hronika\\\/rovcanin-izabracemo-sudije-ustavnog-suda-do-kraja-godine\\\/#primaryimage\"},\"thumbnailUrl\":\"https:\\\/\\\/dmcsrb.com\\\/wp-content\\\/uploads\\\/2026\\\/01\\\/sastanak-posp-a-foto-skupstina.webp\",\"keywords\":[\"Nikola Rov\u010danin\",\"sudije\",\"Ustavni sud\"],\"articleSection\":[\"Hronika\"],\"inLanguage\":\"en-GB\",\"potentialAction\":[{\"@type\":\"CommentAction\",\"name\":\"Comment\",\"target\":[\"https:\\\/\\\/dmcsrb.com\\\/hronika\\\/rovcanin-izabracemo-sudije-ustavnog-suda-do-kraja-godine\\\/#respond\"]}]},{\"@type\":\"WebPage\",\"@id\":\"https:\\\/\\\/dmcsrb.com\\\/hronika\\\/rovcanin-izabracemo-sudije-ustavnog-suda-do-kraja-godine\\\/\",\"url\":\"https:\\\/\\\/dmcsrb.com\\\/hronika\\\/rovcanin-izabracemo-sudije-ustavnog-suda-do-kraja-godine\\\/\",\"name\":\"Rov\u010danin: Izabra\u0107emo sudije Ustavnog suda do kraja godine - dmcsrb.com\",\"isPartOf\":{\"@id\":\"https:\\\/\\\/dmcsrb.com\\\/#website\"},\"primaryImageOfPage\":{\"@id\":\"https:\\\/\\\/dmcsrb.com\\\/hronika\\\/rovcanin-izabracemo-sudije-ustavnog-suda-do-kraja-godine\\\/#primaryimage\"},\"image\":{\"@id\":\"https:\\\/\\\/dmcsrb.com\\\/hronika\\\/rovcanin-izabracemo-sudije-ustavnog-suda-do-kraja-godine\\\/#primaryimage\"},\"thumbnailUrl\":\"https:\\\/\\\/dmcsrb.com\\\/wp-content\\\/uploads\\\/2026\\\/01\\\/sastanak-posp-a-foto-skupstina.webp\",\"datePublished\":\"2025-09-23T03:39:14+00:00\",\"author\":{\"@id\":\"https:\\\/\\\/dmcsrb.com\\\/#\\\/schema\\\/person\\\/5c39170f12db1b8b457732d0b5c854e2\"},\"breadcrumb\":{\"@id\":\"https:\\\/\\\/dmcsrb.com\\\/hronika\\\/rovcanin-izabracemo-sudije-ustavnog-suda-do-kraja-godine\\\/#breadcrumb\"},\"inLanguage\":\"en-GB\",\"potentialAction\":[{\"@type\":\"ReadAction\",\"target\":[\"https:\\\/\\\/dmcsrb.com\\\/hronika\\\/rovcanin-izabracemo-sudije-ustavnog-suda-do-kraja-godine\\\/\"]}]},{\"@type\":\"ImageObject\",\"inLanguage\":\"en-GB\",\"@id\":\"https:\\\/\\\/dmcsrb.com\\\/hronika\\\/rovcanin-izabracemo-sudije-ustavnog-suda-do-kraja-godine\\\/#primaryimage\",\"url\":\"https:\\\/\\\/dmcsrb.com\\\/wp-content\\\/uploads\\\/2026\\\/01\\\/sastanak-posp-a-foto-skupstina.webp\",\"contentUrl\":\"https:\\\/\\\/dmcsrb.com\\\/wp-content\\\/uploads\\\/2026\\\/01\\\/sastanak-posp-a-foto-skupstina.webp\",\"width\":893,\"height\":518},{\"@type\":\"BreadcrumbList\",\"@id\":\"https:\\\/\\\/dmcsrb.com\\\/hronika\\\/rovcanin-izabracemo-sudije-ustavnog-suda-do-kraja-godine\\\/#breadcrumb\",\"itemListElement\":[{\"@type\":\"ListItem\",\"position\":1,\"name\":\"Home\",\"item\":\"https:\\\/\\\/dmcsrb.com\\\/\"},{\"@type\":\"ListItem\",\"position\":2,\"name\":\"Rov\u010danin: Izabra\u0107emo sudije Ustavnog suda do kraja godine\"}]},{\"@type\":\"WebSite\",\"@id\":\"https:\\\/\\\/dmcsrb.com\\\/#website\",\"url\":\"https:\\\/\\\/dmcsrb.com\\\/\",\"name\":\"dmcsrb.com\",\"description\":\"\",\"potentialAction\":[{\"@type\":\"SearchAction\",\"target\":{\"@type\":\"EntryPoint\",\"urlTemplate\":\"https:\\\/\\\/dmcsrb.com\\\/?s={search_term_string}\"},\"query-input\":{\"@type\":\"PropertyValueSpecification\",\"valueRequired\":true,\"valueName\":\"search_term_string\"}}],\"inLanguage\":\"en-GB\"},{\"@type\":\"Person\",\"@id\":\"https:\\\/\\\/dmcsrb.com\\\/#\\\/schema\\\/person\\\/5c39170f12db1b8b457732d0b5c854e2\",\"name\":\"dmcsrbija.com@gmail.com\",\"image\":{\"@type\":\"ImageObject\",\"inLanguage\":\"en-GB\",\"@id\":\"https:\\\/\\\/secure.gravatar.com\\\/avatar\\\/68592660ad6347fad0fb587f8d5d8f1a7b44961362f56e4f2cd524feb87e9069?s=96&d=mm&r=g\",\"url\":\"https:\\\/\\\/secure.gravatar.com\\\/avatar\\\/68592660ad6347fad0fb587f8d5d8f1a7b44961362f56e4f2cd524feb87e9069?s=96&d=mm&r=g\",\"contentUrl\":\"https:\\\/\\\/secure.gravatar.com\\\/avatar\\\/68592660ad6347fad0fb587f8d5d8f1a7b44961362f56e4f2cd524feb87e9069?s=96&d=mm&r=g\",\"caption\":\"dmcsrbija.com@gmail.com\"},\"sameAs\":[\"https:\\\/\\\/dmcsrb.com\"],\"url\":\"https:\\\/\\\/dmcsrb.com\\\/en\\\/author\\\/dmcsrbija-comgmail-com\\\/\"}]}<\/script>\n<!-- \/ Yoast SEO plugin. -->","yoast_head_json":{"title":"Rov\u010danin: Izabra\u0107emo sudije Ustavnog suda do kraja godine - dmcsrb.com","robots":{"index":"index","follow":"follow","max-snippet":"max-snippet:-1","max-image-preview":"max-image-preview:large","max-video-preview":"max-video-preview:-1"},"canonical":"https:\/\/dmcsrb.com\/en\/hronika\/rovcanin-izabracemo-sudije-ustavnog-suda-do-kraja-godine\/","og_locale":"en_GB","og_type":"article","og_title":"Rov\u010danin: Izabra\u0107emo sudije Ustavnog suda do kraja godine - dmcsrb.com","og_description":"U skladu sa te\u017enjama EU \u010dlanstva, vladaju\u0107a ve\u0107ina \u0107e do kraja godine izabrati sudije Ustavnog suda. To je Radiju Crne Gore saop\u0161tio \u010dlan mati\u010dnog skup\u0161tinskog odbora, poslanik Demokrata Nikola Rov\u010danin, demantuju\u0107i tvrdnje predsjednika dr\u017eave da ve\u0107ina zapravo opstruira proces jer \u017eeli kontrolu nad jednom od najva\u017enijih sudskih instanci. Da su upravo zbog odnosa vladaju\u0107e ve\u0107ine prema izboru sudija Ustavnog suda gra\u0111ani u opasnosti, upozorava savjetnik prvog \u010dovjeka dr\u017eave, Dejan Vuk\u0161i\u0107. Ta institucija, umjesto da bude brana protiv samovolje vlasti, pretvara se, kako konstatuje Vuk\u0161i\u0107, u produ\u017eenu ruku partijskih \u0161efova.","og_url":"https:\/\/dmcsrb.com\/en\/hronika\/rovcanin-izabracemo-sudije-ustavnog-suda-do-kraja-godine\/","og_site_name":"dmcsrb.com","article_published_time":"2025-09-23T03:39:14+00:00","og_image":[{"width":893,"height":518,"url":"https:\/\/dmcsrb.com\/wp-content\/uploads\/2026\/01\/sastanak-posp-a-foto-skupstina.webp","type":"image\/jpeg"}],"author":"dmcsrbija.com@gmail.com","twitter_card":"summary_large_image","twitter_misc":{"Written by":"dmcsrbija.com@gmail.com","Estimated reading time":"2 minutes"},"schema":{"@context":"https:\/\/schema.org","@graph":[{"@type":"Article","@id":"https:\/\/dmcsrb.com\/hronika\/rovcanin-izabracemo-sudije-ustavnog-suda-do-kraja-godine\/#article","isPartOf":{"@id":"https:\/\/dmcsrb.com\/hronika\/rovcanin-izabracemo-sudije-ustavnog-suda-do-kraja-godine\/"},"author":{"name":"dmcsrbija.com@gmail.com","@id":"https:\/\/dmcsrb.com\/#\/schema\/person\/5c39170f12db1b8b457732d0b5c854e2"},"headline":"Rov\u010danin: Izabra\u0107emo sudije Ustavnog suda do kraja godine","datePublished":"2025-09-23T03:39:14+00:00","mainEntityOfPage":{"@id":"https:\/\/dmcsrb.com\/hronika\/rovcanin-izabracemo-sudije-ustavnog-suda-do-kraja-godine\/"},"wordCount":494,"commentCount":0,"image":{"@id":"https:\/\/dmcsrb.com\/hronika\/rovcanin-izabracemo-sudije-ustavnog-suda-do-kraja-godine\/#primaryimage"},"thumbnailUrl":"https:\/\/dmcsrb.com\/wp-content\/uploads\/2026\/01\/sastanak-posp-a-foto-skupstina.webp","keywords":["Nikola Rov\u010danin","sudije","Ustavni sud"],"articleSection":["Hronika"],"inLanguage":"en-GB","potentialAction":[{"@type":"CommentAction","name":"Comment","target":["https:\/\/dmcsrb.com\/hronika\/rovcanin-izabracemo-sudije-ustavnog-suda-do-kraja-godine\/#respond"]}]},{"@type":"WebPage","@id":"https:\/\/dmcsrb.com\/hronika\/rovcanin-izabracemo-sudije-ustavnog-suda-do-kraja-godine\/","url":"https:\/\/dmcsrb.com\/hronika\/rovcanin-izabracemo-sudije-ustavnog-suda-do-kraja-godine\/","name":"Rov\u010danin: Izabra\u0107emo sudije Ustavnog suda do kraja godine - dmcsrb.com","isPartOf":{"@id":"https:\/\/dmcsrb.com\/#website"},"primaryImageOfPage":{"@id":"https:\/\/dmcsrb.com\/hronika\/rovcanin-izabracemo-sudije-ustavnog-suda-do-kraja-godine\/#primaryimage"},"image":{"@id":"https:\/\/dmcsrb.com\/hronika\/rovcanin-izabracemo-sudije-ustavnog-suda-do-kraja-godine\/#primaryimage"},"thumbnailUrl":"https:\/\/dmcsrb.com\/wp-content\/uploads\/2026\/01\/sastanak-posp-a-foto-skupstina.webp","datePublished":"2025-09-23T03:39:14+00:00","author":{"@id":"https:\/\/dmcsrb.com\/#\/schema\/person\/5c39170f12db1b8b457732d0b5c854e2"},"breadcrumb":{"@id":"https:\/\/dmcsrb.com\/hronika\/rovcanin-izabracemo-sudije-ustavnog-suda-do-kraja-godine\/#breadcrumb"},"inLanguage":"en-GB","potentialAction":[{"@type":"ReadAction","target":["https:\/\/dmcsrb.com\/hronika\/rovcanin-izabracemo-sudije-ustavnog-suda-do-kraja-godine\/"]}]},{"@type":"ImageObject","inLanguage":"en-GB","@id":"https:\/\/dmcsrb.com\/hronika\/rovcanin-izabracemo-sudije-ustavnog-suda-do-kraja-godine\/#primaryimage","url":"https:\/\/dmcsrb.com\/wp-content\/uploads\/2026\/01\/sastanak-posp-a-foto-skupstina.webp","contentUrl":"https:\/\/dmcsrb.com\/wp-content\/uploads\/2026\/01\/sastanak-posp-a-foto-skupstina.webp","width":893,"height":518},{"@type":"BreadcrumbList","@id":"https:\/\/dmcsrb.com\/hronika\/rovcanin-izabracemo-sudije-ustavnog-suda-do-kraja-godine\/#breadcrumb","itemListElement":[{"@type":"ListItem","position":1,"name":"Home","item":"https:\/\/dmcsrb.com\/"},{"@type":"ListItem","position":2,"name":"Rov\u010danin: Izabra\u0107emo sudije Ustavnog suda do kraja godine"}]},{"@type":"WebSite","@id":"https:\/\/dmcsrb.com\/#website","url":"https:\/\/dmcsrb.com\/","name":"dmcsrb.com","description":"","potentialAction":[{"@type":"SearchAction","target":{"@type":"EntryPoint","urlTemplate":"https:\/\/dmcsrb.com\/?s={search_term_string}"},"query-input":{"@type":"PropertyValueSpecification","valueRequired":true,"valueName":"search_term_string"}}],"inLanguage":"en-GB"},{"@type":"Person","@id":"https:\/\/dmcsrb.com\/#\/schema\/person\/5c39170f12db1b8b457732d0b5c854e2","name":"dmcsrbija.com@gmail.com","image":{"@type":"ImageObject","inLanguage":"en-GB","@id":"https:\/\/secure.gravatar.com\/avatar\/68592660ad6347fad0fb587f8d5d8f1a7b44961362f56e4f2cd524feb87e9069?s=96&d=mm&r=g","url":"https:\/\/secure.gravatar.com\/avatar\/68592660ad6347fad0fb587f8d5d8f1a7b44961362f56e4f2cd524feb87e9069?s=96&d=mm&r=g","contentUrl":"https:\/\/secure.gravatar.com\/avatar\/68592660ad6347fad0fb587f8d5d8f1a7b44961362f56e4f2cd524feb87e9069?s=96&d=mm&r=g","caption":"dmcsrbija.com@gmail.com"},"sameAs":["https:\/\/dmcsrb.com"],"url":"https:\/\/dmcsrb.com\/en\/author\/dmcsrbija-comgmail-com\/"}]}},"_links":{"self":[{"href":"https:\/\/dmcsrb.com\/en\/wp-json\/wp\/v2\/posts\/953525","targetHints":{"allow":["GET"]}}],"collection":[{"href":"https:\/\/dmcsrb.com\/en\/wp-json\/wp\/v2\/posts"}],"about":[{"href":"https:\/\/dmcsrb.com\/en\/wp-json\/wp\/v2\/types\/post"}],"author":[{"embeddable":true,"href":"https:\/\/dmcsrb.com\/en\/wp-json\/wp\/v2\/users\/1"}],"replies":[{"embeddable":true,"href":"https:\/\/dmcsrb.com\/en\/wp-json\/wp\/v2\/comments?post=953525"}],"version-history":[{"count":0,"href":"https:\/\/dmcsrb.com\/en\/wp-json\/wp\/v2\/posts\/953525\/revisions"}],"wp:featuredmedia":[{"embeddable":true,"href":"https:\/\/dmcsrb.com\/en\/wp-json\/wp\/v2\/media\/952828"}],"wp:attachment":[{"href":"https:\/\/dmcsrb.com\/en\/wp-json\/wp\/v2\/media?parent=953525"}],"wp:term":[{"taxonomy":"category","embeddable":true,"href":"https:\/\/dmcsrb.com\/en\/wp-json\/wp\/v2\/categories?post=953525"},{"taxonomy":"post_tag","embeddable":true,"href":"https:\/\/dmcsrb.com\/en\/wp-json\/wp\/v2\/tags?post=953525"},{"taxonomy":"naslovna","embeddable":true,"href":"https:\/\/dmcsrb.com\/en\/wp-json\/wp\/v2\/naslovna?post=953525"}],"curies":[{"name":"wp","href":"https:\/\/api.w.org\/{rel}","templated":true}]}}