{"id":953511,"date":"2025-09-22T20:11:00","date_gmt":"2025-09-22T18:11:00","guid":{"rendered":"https:\/\/dmcsrb.com\/uncategorized\/ibrahimovic-crna-gora-posvecena-multilateralizmu-regionalnoj-saradnji-i-rodnoj-ravnopravnosti\/"},"modified":"2025-09-22T20:11:00","modified_gmt":"2025-09-22T18:11:00","slug":"ibrahimovic-crna-gora-posvecena-multilateralizmu-regionalnoj-saradnji-i-rodnoj-ravnopravnosti","status":"publish","type":"post","link":"https:\/\/dmcsrb.com\/en\/politika\/ibrahimovic-crna-gora-posvecena-multilateralizmu-regionalnoj-saradnji-i-rodnoj-ravnopravnosti\/","title":{"rendered":"Ibrahimovi\u0107: Crna Gora posve\u0107ena multilateralizmu, regionalnoj saradnji i rodnoj ravnopravnosti"},"content":{"rendered":"<p><\/p>\n\n\n\n<p><\/p>\n\n\n\n<p><\/p>\n\n\n\n<p>Ibrahimovi\u0107 je u\u010destvovao na vi\u0161e va\u017enih skupova i susreta uo\u010di 80. zasijedanja Generalne skup\u0161tine Ujedinjenih nacija, potvrdiv\u0161i sna\u017enu posve\u0107enost Crne Gore ja\u010danju regionalne saradnje, multilateralizmu i rodnoj ravnopravnosti.<\/p>\n\n\n\n<p>Ibrahimovi\u0107 je, zajedno sa svjetskim liderima, prisustvovao sve\u010danosti obilje\u017eavanja 80 godina od osnivanja Ujedinjenih nacija, isti\u010du\u0107i posve\u0107enost Crne Gore miru i ja\u010danju uloge UN u rje\u0161avanju globalnih izazova.<\/p>\n\n\n\n<p>Na radnom doru\u010dku Jadransko-jonske inicijative istakao je da je evropska integracija klju\u010dna za dugoro\u010dnu stabilnost i prosperitet regiona, poru\u010div\u0161i da \u201eEvropska unija nije samo geopoliti\u010dka potreba, ve\u0107 i zajedni\u010dki okvir za mir, razvoj i demokratske vrijednosti koje svi dijelimo\u201c. Dodao je da Crna Gora ostaje \u010dvrsto posve\u0107ena zavr\u0161etku pregovora do 2026. i \u010dlanstvu do 2028. godine, te naglasio da su \u201eregionalna saradnja i izgradnja povjerenja najbolji instrumenti za prevazila\u017eenje izazova i otvaranje novih prilika za gra\u0111ane\u201c.<\/p>\n\n\n\n<p>Govore\u0107i na sastanku povodom 30. godi\u0161njice Pekin\u0161ke deklaracije i Platforme za akciju, Ibrahimovi\u0107 je podvukao da Crna Gora stoji uz globalne partnere u promovisanju rodne ravnopravnosti i osna\u017eivanju \u017eena i djevoj\u010dica.<\/p>\n\n\n\n<p>\u201eZalaganje za prava \u017eena, borba protiv nasilja i diskriminacije, kao i osporavanje duboko ukorijenjenih stereotipa \u2013 to je su\u0161tina dobrog upravljanja i temelj odr\u017eivog razvoja\u201c, istakao je ministar, podsje\u0107aju\u0107i da su nacionalne strategije Crne Gore u potpunosti uskla\u0111ene sa me\u0111unarodnim standardima i ciljevima odr\u017eivog razvoja. \u201eNa nama, vladama koje imaju mo\u0107, jeste da stvorimo pravednu i jednaku budu\u0107nost za sve \u017eene i djevoj\u010dice. To dugujemo na\u0161im majkama i k\u0107erkama \u2013 ali, iznad svega, dugujemo to cijelim dru\u0161tvima.\u201c<\/p>\n\n\n\n<p>Tokom dana, ministar \u0107e u\u010destvovati na sastanku o Palestini na visokom nivou, gdje \u0107e Crna Gora jo\u0161 jednom potvrditi posve\u0107enost me\u0111unarodnim naporima za postizanje<br>pravednog i odr\u017eivog mira, zasnovanog na rje\u0161enju dvije dr\u017eave, u skladu sa me\u0111unarodnim pravom i relevantnim rezolucijama UN.<\/p>","protected":false},"excerpt":{"rendered":"<p>Drugog dana boravka u Njujorku, potpredsjednik Vlade i ministar vanjskih poslova Ervin Ibrahimovi\u0107 kazao je da Crna Gora ostaje \u010dvrsto posve\u0107ena zavr\u0161etku pregovora do 2026. i \u010dlanstvu do 2028. godine, te naglasio da su \u201eregionalna saradnja i izgradnja povjerenja najbolji instrumenti za prevazila\u017eenje izazova i otvaranje novih prilika za gra\u0111ane\u201c.<\/p>","protected":false},"author":1,"featured_media":953512,"comment_status":"open","ping_status":"open","sticky":false,"template":"","format":"standard","meta":{"_acf_changed":false,"footnotes":""},"categories":[12],"tags":[8833,1784],"naslovna":[],"class_list":["post-953511","post","type-post","status-publish","format-standard","has-post-thumbnail","hentry","category-politika","tag-ibrahimovic","tag-njujork"],"acf":[],"yoast_head":"<!-- This site is optimized with the Yoast SEO plugin v27.4 - https:\/\/yoast.com\/product\/yoast-seo-wordpress\/ -->\n<title>Ibrahimovi\u0107: Crna Gora posve\u0107ena multilateralizmu, regionalnoj saradnji i rodnoj ravnopravnosti - dmcsrb.com<\/title>\n<meta name=\"robots\" content=\"index, follow, max-snippet:-1, max-image-preview:large, max-video-preview:-1\" \/>\n<link rel=\"canonical\" href=\"https:\/\/dmcsrb.com\/en\/politika\/ibrahimovic-crna-gora-posvecena-multilateralizmu-regionalnoj-saradnji-i-rodnoj-ravnopravnosti\/\" \/>\n<meta property=\"og:locale\" content=\"en_GB\" \/>\n<meta property=\"og:type\" content=\"article\" \/>\n<meta property=\"og:title\" content=\"Ibrahimovi\u0107: Crna Gora posve\u0107ena multilateralizmu, regionalnoj saradnji i rodnoj ravnopravnosti - dmcsrb.com\" \/>\n<meta property=\"og:description\" content=\"Drugog dana boravka u Njujorku, potpredsjednik Vlade i ministar vanjskih poslova Ervin Ibrahimovi\u0107 kazao je da Crna Gora ostaje \u010dvrsto posve\u0107ena zavr\u0161etku pregovora do 2026. i \u010dlanstvu do 2028. godine, te naglasio da su \u201eregionalna saradnja i izgradnja povjerenja najbolji instrumenti za prevazila\u017eenje izazova i otvaranje novih prilika za gra\u0111ane\u201c.\" \/>\n<meta property=\"og:url\" content=\"https:\/\/dmcsrb.com\/en\/politika\/ibrahimovic-crna-gora-posvecena-multilateralizmu-regionalnoj-saradnji-i-rodnoj-ravnopravnosti\/\" \/>\n<meta property=\"og:site_name\" content=\"dmcsrb.com\" \/>\n<meta property=\"article:published_time\" content=\"2025-09-22T18:11:00+00:00\" \/>\n<meta property=\"og:image\" content=\"https:\/\/dmcsrb.com\/wp-content\/uploads\/2026\/01\/ibrahim1-1.webp\" \/>\n\t<meta property=\"og:image:width\" content=\"899\" \/>\n\t<meta property=\"og:image:height\" content=\"598\" \/>\n\t<meta property=\"og:image:type\" content=\"image\/jpeg\" \/>\n<meta name=\"author\" content=\"dmcsrbija.com@gmail.com\" \/>\n<meta name=\"twitter:card\" content=\"summary_large_image\" \/>\n<meta name=\"twitter:label1\" content=\"Written by\" \/>\n\t<meta name=\"twitter:data1\" content=\"dmcsrbija.com@gmail.com\" \/>\n\t<meta name=\"twitter:label2\" content=\"Estimated reading time\" \/>\n\t<meta name=\"twitter:data2\" content=\"2 minutes\" \/>\n<script type=\"application\/ld+json\" class=\"yoast-schema-graph\">{\"@context\":\"https:\\\/\\\/schema.org\",\"@graph\":[{\"@type\":\"Article\",\"@id\":\"https:\\\/\\\/dmcsrb.com\\\/en\\\/politika\\\/ibrahimovic-crna-gora-posvecena-multilateralizmu-regionalnoj-saradnji-i-rodnoj-ravnopravnosti\\\/#article\",\"isPartOf\":{\"@id\":\"https:\\\/\\\/dmcsrb.com\\\/en\\\/politika\\\/ibrahimovic-crna-gora-posvecena-multilateralizmu-regionalnoj-saradnji-i-rodnoj-ravnopravnosti\\\/\"},\"author\":{\"name\":\"dmcsrbija.com@gmail.com\",\"@id\":\"https:\\\/\\\/dmcsrb.com\\\/#\\\/schema\\\/person\\\/5c39170f12db1b8b457732d0b5c854e2\"},\"headline\":\"Ibrahimovi\u0107: Crna Gora posve\u0107ena multilateralizmu, regionalnoj saradnji i rodnoj ravnopravnosti\",\"datePublished\":\"2025-09-22T18:11:00+00:00\",\"mainEntityOfPage\":{\"@id\":\"https:\\\/\\\/dmcsrb.com\\\/en\\\/politika\\\/ibrahimovic-crna-gora-posvecena-multilateralizmu-regionalnoj-saradnji-i-rodnoj-ravnopravnosti\\\/\"},\"wordCount\":336,\"commentCount\":0,\"image\":{\"@id\":\"https:\\\/\\\/dmcsrb.com\\\/en\\\/politika\\\/ibrahimovic-crna-gora-posvecena-multilateralizmu-regionalnoj-saradnji-i-rodnoj-ravnopravnosti\\\/#primaryimage\"},\"thumbnailUrl\":\"https:\\\/\\\/dmcsrb.com\\\/wp-content\\\/uploads\\\/2026\\\/01\\\/ibrahim1-1.webp\",\"keywords\":[\"Ibrahimovi\u0107\",\"Njujork\"],\"articleSection\":[\"Politika\"],\"inLanguage\":\"en-GB\",\"potentialAction\":[{\"@type\":\"CommentAction\",\"name\":\"Comment\",\"target\":[\"https:\\\/\\\/dmcsrb.com\\\/en\\\/politika\\\/ibrahimovic-crna-gora-posvecena-multilateralizmu-regionalnoj-saradnji-i-rodnoj-ravnopravnosti\\\/#respond\"]}]},{\"@type\":\"WebPage\",\"@id\":\"https:\\\/\\\/dmcsrb.com\\\/en\\\/politika\\\/ibrahimovic-crna-gora-posvecena-multilateralizmu-regionalnoj-saradnji-i-rodnoj-ravnopravnosti\\\/\",\"url\":\"https:\\\/\\\/dmcsrb.com\\\/en\\\/politika\\\/ibrahimovic-crna-gora-posvecena-multilateralizmu-regionalnoj-saradnji-i-rodnoj-ravnopravnosti\\\/\",\"name\":\"Ibrahimovi\u0107: Crna Gora posve\u0107ena multilateralizmu, regionalnoj saradnji i rodnoj ravnopravnosti - dmcsrb.com\",\"isPartOf\":{\"@id\":\"https:\\\/\\\/dmcsrb.com\\\/#website\"},\"primaryImageOfPage\":{\"@id\":\"https:\\\/\\\/dmcsrb.com\\\/en\\\/politika\\\/ibrahimovic-crna-gora-posvecena-multilateralizmu-regionalnoj-saradnji-i-rodnoj-ravnopravnosti\\\/#primaryimage\"},\"image\":{\"@id\":\"https:\\\/\\\/dmcsrb.com\\\/en\\\/politika\\\/ibrahimovic-crna-gora-posvecena-multilateralizmu-regionalnoj-saradnji-i-rodnoj-ravnopravnosti\\\/#primaryimage\"},\"thumbnailUrl\":\"https:\\\/\\\/dmcsrb.com\\\/wp-content\\\/uploads\\\/2026\\\/01\\\/ibrahim1-1.webp\",\"datePublished\":\"2025-09-22T18:11:00+00:00\",\"author\":{\"@id\":\"https:\\\/\\\/dmcsrb.com\\\/#\\\/schema\\\/person\\\/5c39170f12db1b8b457732d0b5c854e2\"},\"breadcrumb\":{\"@id\":\"https:\\\/\\\/dmcsrb.com\\\/en\\\/politika\\\/ibrahimovic-crna-gora-posvecena-multilateralizmu-regionalnoj-saradnji-i-rodnoj-ravnopravnosti\\\/#breadcrumb\"},\"inLanguage\":\"en-GB\",\"potentialAction\":[{\"@type\":\"ReadAction\",\"target\":[\"https:\\\/\\\/dmcsrb.com\\\/en\\\/politika\\\/ibrahimovic-crna-gora-posvecena-multilateralizmu-regionalnoj-saradnji-i-rodnoj-ravnopravnosti\\\/\"]}]},{\"@type\":\"ImageObject\",\"inLanguage\":\"en-GB\",\"@id\":\"https:\\\/\\\/dmcsrb.com\\\/en\\\/politika\\\/ibrahimovic-crna-gora-posvecena-multilateralizmu-regionalnoj-saradnji-i-rodnoj-ravnopravnosti\\\/#primaryimage\",\"url\":\"https:\\\/\\\/dmcsrb.com\\\/wp-content\\\/uploads\\\/2026\\\/01\\\/ibrahim1-1.webp\",\"contentUrl\":\"https:\\\/\\\/dmcsrb.com\\\/wp-content\\\/uploads\\\/2026\\\/01\\\/ibrahim1-1.webp\",\"width\":899,\"height\":598},{\"@type\":\"BreadcrumbList\",\"@id\":\"https:\\\/\\\/dmcsrb.com\\\/en\\\/politika\\\/ibrahimovic-crna-gora-posvecena-multilateralizmu-regionalnoj-saradnji-i-rodnoj-ravnopravnosti\\\/#breadcrumb\",\"itemListElement\":[{\"@type\":\"ListItem\",\"position\":1,\"name\":\"Home\",\"item\":\"https:\\\/\\\/dmcsrb.com\\\/\"},{\"@type\":\"ListItem\",\"position\":2,\"name\":\"Ibrahimovi\u0107: Crna Gora posve\u0107ena multilateralizmu, regionalnoj saradnji i rodnoj ravnopravnosti\"}]},{\"@type\":\"WebSite\",\"@id\":\"https:\\\/\\\/dmcsrb.com\\\/#website\",\"url\":\"https:\\\/\\\/dmcsrb.com\\\/\",\"name\":\"dmcsrb.com\",\"description\":\"\",\"potentialAction\":[{\"@type\":\"SearchAction\",\"target\":{\"@type\":\"EntryPoint\",\"urlTemplate\":\"https:\\\/\\\/dmcsrb.com\\\/?s={search_term_string}\"},\"query-input\":{\"@type\":\"PropertyValueSpecification\",\"valueRequired\":true,\"valueName\":\"search_term_string\"}}],\"inLanguage\":\"en-GB\"},{\"@type\":\"Person\",\"@id\":\"https:\\\/\\\/dmcsrb.com\\\/#\\\/schema\\\/person\\\/5c39170f12db1b8b457732d0b5c854e2\",\"name\":\"dmcsrbija.com@gmail.com\",\"image\":{\"@type\":\"ImageObject\",\"inLanguage\":\"en-GB\",\"@id\":\"https:\\\/\\\/secure.gravatar.com\\\/avatar\\\/68592660ad6347fad0fb587f8d5d8f1a7b44961362f56e4f2cd524feb87e9069?s=96&d=mm&r=g\",\"url\":\"https:\\\/\\\/secure.gravatar.com\\\/avatar\\\/68592660ad6347fad0fb587f8d5d8f1a7b44961362f56e4f2cd524feb87e9069?s=96&d=mm&r=g\",\"contentUrl\":\"https:\\\/\\\/secure.gravatar.com\\\/avatar\\\/68592660ad6347fad0fb587f8d5d8f1a7b44961362f56e4f2cd524feb87e9069?s=96&d=mm&r=g\",\"caption\":\"dmcsrbija.com@gmail.com\"},\"sameAs\":[\"https:\\\/\\\/dmcsrb.com\"],\"url\":\"https:\\\/\\\/dmcsrb.com\\\/en\\\/author\\\/dmcsrbija-comgmail-com\\\/\"}]}<\/script>\n<!-- \/ Yoast SEO plugin. -->","yoast_head_json":{"title":"Ibrahimovi\u0107: Crna Gora posve\u0107ena multilateralizmu, regionalnoj saradnji i rodnoj ravnopravnosti - dmcsrb.com","robots":{"index":"index","follow":"follow","max-snippet":"max-snippet:-1","max-image-preview":"max-image-preview:large","max-video-preview":"max-video-preview:-1"},"canonical":"https:\/\/dmcsrb.com\/en\/politika\/ibrahimovic-crna-gora-posvecena-multilateralizmu-regionalnoj-saradnji-i-rodnoj-ravnopravnosti\/","og_locale":"en_GB","og_type":"article","og_title":"Ibrahimovi\u0107: Crna Gora posve\u0107ena multilateralizmu, regionalnoj saradnji i rodnoj ravnopravnosti - dmcsrb.com","og_description":"Drugog dana boravka u Njujorku, potpredsjednik Vlade i ministar vanjskih poslova Ervin Ibrahimovi\u0107 kazao je da Crna Gora ostaje \u010dvrsto posve\u0107ena zavr\u0161etku pregovora do 2026. i \u010dlanstvu do 2028. godine, te naglasio da su \u201eregionalna saradnja i izgradnja povjerenja najbolji instrumenti za prevazila\u017eenje izazova i otvaranje novih prilika za gra\u0111ane\u201c.","og_url":"https:\/\/dmcsrb.com\/en\/politika\/ibrahimovic-crna-gora-posvecena-multilateralizmu-regionalnoj-saradnji-i-rodnoj-ravnopravnosti\/","og_site_name":"dmcsrb.com","article_published_time":"2025-09-22T18:11:00+00:00","og_image":[{"width":899,"height":598,"url":"https:\/\/dmcsrb.com\/wp-content\/uploads\/2026\/01\/ibrahim1-1.webp","type":"image\/jpeg"}],"author":"dmcsrbija.com@gmail.com","twitter_card":"summary_large_image","twitter_misc":{"Written by":"dmcsrbija.com@gmail.com","Estimated reading time":"2 minutes"},"schema":{"@context":"https:\/\/schema.org","@graph":[{"@type":"Article","@id":"https:\/\/dmcsrb.com\/en\/politika\/ibrahimovic-crna-gora-posvecena-multilateralizmu-regionalnoj-saradnji-i-rodnoj-ravnopravnosti\/#article","isPartOf":{"@id":"https:\/\/dmcsrb.com\/en\/politika\/ibrahimovic-crna-gora-posvecena-multilateralizmu-regionalnoj-saradnji-i-rodnoj-ravnopravnosti\/"},"author":{"name":"dmcsrbija.com@gmail.com","@id":"https:\/\/dmcsrb.com\/#\/schema\/person\/5c39170f12db1b8b457732d0b5c854e2"},"headline":"Ibrahimovi\u0107: Crna Gora posve\u0107ena multilateralizmu, regionalnoj saradnji i rodnoj ravnopravnosti","datePublished":"2025-09-22T18:11:00+00:00","mainEntityOfPage":{"@id":"https:\/\/dmcsrb.com\/en\/politika\/ibrahimovic-crna-gora-posvecena-multilateralizmu-regionalnoj-saradnji-i-rodnoj-ravnopravnosti\/"},"wordCount":336,"commentCount":0,"image":{"@id":"https:\/\/dmcsrb.com\/en\/politika\/ibrahimovic-crna-gora-posvecena-multilateralizmu-regionalnoj-saradnji-i-rodnoj-ravnopravnosti\/#primaryimage"},"thumbnailUrl":"https:\/\/dmcsrb.com\/wp-content\/uploads\/2026\/01\/ibrahim1-1.webp","keywords":["Ibrahimovi\u0107","Njujork"],"articleSection":["Politika"],"inLanguage":"en-GB","potentialAction":[{"@type":"CommentAction","name":"Comment","target":["https:\/\/dmcsrb.com\/en\/politika\/ibrahimovic-crna-gora-posvecena-multilateralizmu-regionalnoj-saradnji-i-rodnoj-ravnopravnosti\/#respond"]}]},{"@type":"WebPage","@id":"https:\/\/dmcsrb.com\/en\/politika\/ibrahimovic-crna-gora-posvecena-multilateralizmu-regionalnoj-saradnji-i-rodnoj-ravnopravnosti\/","url":"https:\/\/dmcsrb.com\/en\/politika\/ibrahimovic-crna-gora-posvecena-multilateralizmu-regionalnoj-saradnji-i-rodnoj-ravnopravnosti\/","name":"Ibrahimovi\u0107: Crna Gora posve\u0107ena multilateralizmu, regionalnoj saradnji i rodnoj ravnopravnosti - dmcsrb.com","isPartOf":{"@id":"https:\/\/dmcsrb.com\/#website"},"primaryImageOfPage":{"@id":"https:\/\/dmcsrb.com\/en\/politika\/ibrahimovic-crna-gora-posvecena-multilateralizmu-regionalnoj-saradnji-i-rodnoj-ravnopravnosti\/#primaryimage"},"image":{"@id":"https:\/\/dmcsrb.com\/en\/politika\/ibrahimovic-crna-gora-posvecena-multilateralizmu-regionalnoj-saradnji-i-rodnoj-ravnopravnosti\/#primaryimage"},"thumbnailUrl":"https:\/\/dmcsrb.com\/wp-content\/uploads\/2026\/01\/ibrahim1-1.webp","datePublished":"2025-09-22T18:11:00+00:00","author":{"@id":"https:\/\/dmcsrb.com\/#\/schema\/person\/5c39170f12db1b8b457732d0b5c854e2"},"breadcrumb":{"@id":"https:\/\/dmcsrb.com\/en\/politika\/ibrahimovic-crna-gora-posvecena-multilateralizmu-regionalnoj-saradnji-i-rodnoj-ravnopravnosti\/#breadcrumb"},"inLanguage":"en-GB","potentialAction":[{"@type":"ReadAction","target":["https:\/\/dmcsrb.com\/en\/politika\/ibrahimovic-crna-gora-posvecena-multilateralizmu-regionalnoj-saradnji-i-rodnoj-ravnopravnosti\/"]}]},{"@type":"ImageObject","inLanguage":"en-GB","@id":"https:\/\/dmcsrb.com\/en\/politika\/ibrahimovic-crna-gora-posvecena-multilateralizmu-regionalnoj-saradnji-i-rodnoj-ravnopravnosti\/#primaryimage","url":"https:\/\/dmcsrb.com\/wp-content\/uploads\/2026\/01\/ibrahim1-1.webp","contentUrl":"https:\/\/dmcsrb.com\/wp-content\/uploads\/2026\/01\/ibrahim1-1.webp","width":899,"height":598},{"@type":"BreadcrumbList","@id":"https:\/\/dmcsrb.com\/en\/politika\/ibrahimovic-crna-gora-posvecena-multilateralizmu-regionalnoj-saradnji-i-rodnoj-ravnopravnosti\/#breadcrumb","itemListElement":[{"@type":"ListItem","position":1,"name":"Home","item":"https:\/\/dmcsrb.com\/"},{"@type":"ListItem","position":2,"name":"Ibrahimovi\u0107: Crna Gora posve\u0107ena multilateralizmu, regionalnoj saradnji i rodnoj ravnopravnosti"}]},{"@type":"WebSite","@id":"https:\/\/dmcsrb.com\/#website","url":"https:\/\/dmcsrb.com\/","name":"dmcsrb.com","description":"","potentialAction":[{"@type":"SearchAction","target":{"@type":"EntryPoint","urlTemplate":"https:\/\/dmcsrb.com\/?s={search_term_string}"},"query-input":{"@type":"PropertyValueSpecification","valueRequired":true,"valueName":"search_term_string"}}],"inLanguage":"en-GB"},{"@type":"Person","@id":"https:\/\/dmcsrb.com\/#\/schema\/person\/5c39170f12db1b8b457732d0b5c854e2","name":"dmcsrbija.com@gmail.com","image":{"@type":"ImageObject","inLanguage":"en-GB","@id":"https:\/\/secure.gravatar.com\/avatar\/68592660ad6347fad0fb587f8d5d8f1a7b44961362f56e4f2cd524feb87e9069?s=96&d=mm&r=g","url":"https:\/\/secure.gravatar.com\/avatar\/68592660ad6347fad0fb587f8d5d8f1a7b44961362f56e4f2cd524feb87e9069?s=96&d=mm&r=g","contentUrl":"https:\/\/secure.gravatar.com\/avatar\/68592660ad6347fad0fb587f8d5d8f1a7b44961362f56e4f2cd524feb87e9069?s=96&d=mm&r=g","caption":"dmcsrbija.com@gmail.com"},"sameAs":["https:\/\/dmcsrb.com"],"url":"https:\/\/dmcsrb.com\/en\/author\/dmcsrbija-comgmail-com\/"}]}},"_links":{"self":[{"href":"https:\/\/dmcsrb.com\/en\/wp-json\/wp\/v2\/posts\/953511","targetHints":{"allow":["GET"]}}],"collection":[{"href":"https:\/\/dmcsrb.com\/en\/wp-json\/wp\/v2\/posts"}],"about":[{"href":"https:\/\/dmcsrb.com\/en\/wp-json\/wp\/v2\/types\/post"}],"author":[{"embeddable":true,"href":"https:\/\/dmcsrb.com\/en\/wp-json\/wp\/v2\/users\/1"}],"replies":[{"embeddable":true,"href":"https:\/\/dmcsrb.com\/en\/wp-json\/wp\/v2\/comments?post=953511"}],"version-history":[{"count":0,"href":"https:\/\/dmcsrb.com\/en\/wp-json\/wp\/v2\/posts\/953511\/revisions"}],"wp:featuredmedia":[{"embeddable":true,"href":"https:\/\/dmcsrb.com\/en\/wp-json\/wp\/v2\/media\/953512"}],"wp:attachment":[{"href":"https:\/\/dmcsrb.com\/en\/wp-json\/wp\/v2\/media?parent=953511"}],"wp:term":[{"taxonomy":"category","embeddable":true,"href":"https:\/\/dmcsrb.com\/en\/wp-json\/wp\/v2\/categories?post=953511"},{"taxonomy":"post_tag","embeddable":true,"href":"https:\/\/dmcsrb.com\/en\/wp-json\/wp\/v2\/tags?post=953511"},{"taxonomy":"naslovna","embeddable":true,"href":"https:\/\/dmcsrb.com\/en\/wp-json\/wp\/v2\/naslovna?post=953511"}],"curies":[{"name":"wp","href":"https:\/\/api.w.org\/{rel}","templated":true}]}}