{"id":953454,"date":"2025-09-22T14:49:00","date_gmt":"2025-09-22T12:49:00","guid":{"rendered":"https:\/\/dmcsrb.com\/uncategorized\/sudjenje-kecmanovicima-djecak-pazljivo-isplanirao-zlocin-i-sproveo-ga-svjestan-posljedica\/"},"modified":"2025-09-22T14:49:00","modified_gmt":"2025-09-22T12:49:00","slug":"sudjenje-kecmanovicima-djecak-pazljivo-isplanirao-zlocin-i-sproveo-ga-svjestan-posljedica","status":"publish","type":"post","link":"https:\/\/dmcsrb.com\/en\/region\/sudjenje-kecmanovicima-djecak-pazljivo-isplanirao-zlocin-i-sproveo-ga-svjestan-posljedica\/","title":{"rendered":"Su\u0111enje Kecmanovi\u0107ima: Dje\u010dak pa\u017eljivo isplanirao zlo\u010din i sproveo ga svjestan posljedica"},"content":{"rendered":"<p><\/p>\n\n\n\n<p>Prethodno su na su\u0111enju ispitani vje\u0161taci psihijatrijar i psiholog, koji su ponovili da je maloljetni K. K. u trenutku masovnog ubistva bio sposoban da rasu\u0111uje i upravlja svojim postupcima.<\/p>\n\n\n\n<p>Vje\u0161tak Miodrag Stankovi\u0107 je, odgovaraju\u0107i na pitanja punomo\u0107nika Kecmanovi\u0107a, Marine Ivelje, rekao da je maloljetnik bio svjestan svog djela, ali i da je u jednom vrlo kratkom periodu imao su\u017eenje svijesti od 80 sekundi.<\/p>\n\n\n\n<p>K. K. je, kako je prenio Stankovi\u0107, rekao da ga je period su\u017eenja svijesti omeo da sprovede do kraja plan i da obim bude ve\u0107i, odnosno da bude vi\u0161e \u017ertava.<\/p>\n\n\n\n<p>Stankovi\u0107 je naveo i da je K. K. pa\u017eljivo isplanirao zlo\u010din i sproveo ga, a dodao je da je maloljetnik istra\u017eio kakve \u0107e biti sankcije za izvr\u0161enje masovnog ubistva.<\/p>\n\n\n\n<p>Maloljetnik je, kako je naveo Stankovi\u0107, isplanirao i na koji na\u010din \u0107e da za\u0161titi svoj \u017eivot, odnosno tako \u0161to se predao bez oru\u017eja, koje je odbacio dalje u \u0161kolskom dvori\u0161tu.<\/p>\n\n\n\n<p>\u201cRekao je da je planirao da djelo bude veliko i te\u0161ko, da je znao da je posljedica zatvor\u201d, rekao je Stankovi\u0107 i dodao da je K. K. prekinuo plan kada je shvatio da se sam razoru\u017eao, jer je bio kod prozora u u\u010dinioci bez okvira pi\u0161tolja i ranca.<\/p>\n\n\n\n<p>Dodao je da se maloljetnik nije bavio time kako \u0107e okolina da reaguje na izvr\u0161enje tog djela, kao i da je bio svjestan posljedice.<\/p>\n\n\n\n<p>Stankovi\u0107 je naglasio da je maloljetnik rekao da se sje\u0107a da je najprije ubio \u010duvara \u0161kole, potom dvije de\u017eurne u\u010denice i jo\u0161 jednu djevoj\u010dicu ispred toaleta.<\/p>\n\n\n\n<p>Vje\u0161tak Aneta Laki\u0107 je ponovila da se gubitak njegovog sje\u0107anja dovodi u pitanje, jer je na pitanje da li je vidio krv rekao da nije, ve\u0107 da je samo pucao u tijela.<\/p>\n\n\n\n<p>Ona je navela i da se na snimcima sa kamera iz \u0161kole ne vidi da je K. K. bio u panici, kako je to tvrdio vje\u0161tacima, ve\u0107 da je bio smiren.<\/p>\n\n\n\n<p>Sudija je potom odbio sve predloge advokata, me\u0111u kojima je i onaj za ispitivanje razredne tog odjeljenja Dragane Tomi\u0107, i zaklju\u010dio je javnu raspravu.<\/p>\n\n\n\n<p>Ovaj postupak pokrenut je protiv Miljane i Vladimira Kecmanovi\u0107a, njihovog sina, kao i protiv \u0161kole i dr\u017eave, a po tu\u017ebi \u010dlanova porodice Duki\u0107 \u010dija \u0107erka je ubijena tada.<\/p>\n\n\n\n<p>Tu\u017eba je podnijeta u parni\u010dnom postupku zbog naknade nematerijalne \u0161tete za pretrpljene du\u0161evne bolove usljed smrti bliskog lica, kao i na ime pretrpljenog straha.<\/p>\n\n\n\n<p>Vi\u0161i sud je krajem pro\u0161le godine donio prvostepenu presudu u krivi\u010dnom postupku, kojom je Vladimir Kecmanovi\u0107 osu\u0111en na kaznu zatvora od 14 i po godina, Miljana Kecmanovi\u0107 na kaznu zatvora od tri godine i instruktor u streljani u kojoj je maloljetnik vje\u017ebao pucanje Nemanja Marinkovi\u0107 na kaznu zatvora od 15 mjeseci.<\/p>\n\n\n\n<p>Vladimir i Miljana Kecmanovi\u0107 su osu\u0111eni za krivi\u010dno djelo zanemarivanje i zlostavljanje djeteta, dok je Vladimir Kecmanovi\u0107 osu\u0111en i za krivi\u010dno djelo te\u0161ko djelo protiv op\u0161te sigurnosti.<\/p>\n\n\n\n<p>Pored krivi\u010dnog, okon\u010dana su tri parni\u010dna postupka. Maloljetni K. K. je krivi\u010dno neodgovoran, jer u trenutku masakra nije bio navr\u0161io 14 godina.<\/p>","protected":false},"excerpt":{"rendered":"<p>U Vi\u0161em sudu u Beogradu zavr\u0161en je jo\u0161 jedan parni\u010dni postupak koji se vodi protiv oca, majke i dje\u010daka koji je 3. maja 2023. godine u O\u0160 &#8220;Vladislav Ribnikar&#8221; ubio devet vr\u0161njaka i \u010duvara \u0161kole, a po tu\u017ebi porodice Duki\u0107 \u010dija je \u0107erka ubijena. Presuda \u0107e biti objavljena naknadno.<\/p>","protected":false},"author":1,"featured_media":953455,"comment_status":"open","ping_status":"open","sticky":false,"template":"","format":"standard","meta":{"_acf_changed":false,"footnotes":""},"categories":[103],"tags":[1121,8902,1221],"naslovna":[],"class_list":["post-953454","post","type-post","status-publish","format-standard","has-post-thumbnail","hentry","category-region","tag-beograd","tag-kosta-kecmanovic","tag-sudjenje"],"acf":[],"yoast_head":"<!-- This site is optimized with the Yoast SEO plugin v27.4 - https:\/\/yoast.com\/product\/yoast-seo-wordpress\/ -->\n<title>Su\u0111enje Kecmanovi\u0107ima: Dje\u010dak pa\u017eljivo isplanirao zlo\u010din i sproveo ga svjestan posljedica - dmcsrb.com<\/title>\n<meta name=\"robots\" content=\"index, follow, max-snippet:-1, max-image-preview:large, max-video-preview:-1\" \/>\n<link rel=\"canonical\" href=\"https:\/\/dmcsrb.com\/en\/region\/sudjenje-kecmanovicima-djecak-pazljivo-isplanirao-zlocin-i-sproveo-ga-svjestan-posljedica\/\" \/>\n<meta property=\"og:locale\" content=\"en_GB\" \/>\n<meta property=\"og:type\" content=\"article\" \/>\n<meta property=\"og:title\" content=\"Su\u0111enje Kecmanovi\u0107ima: Dje\u010dak pa\u017eljivo isplanirao zlo\u010din i sproveo ga svjestan posljedica - dmcsrb.com\" \/>\n<meta property=\"og:description\" content=\"U Vi\u0161em sudu u Beogradu zavr\u0161en je jo\u0161 jedan parni\u010dni postupak koji se vodi protiv oca, majke i dje\u010daka koji je 3. maja 2023. godine u O\u0160 &quot;Vladislav Ribnikar&quot; ubio devet vr\u0161njaka i \u010duvara \u0161kole, a po tu\u017ebi porodice Duki\u0107 \u010dija je \u0107erka ubijena. Presuda \u0107e biti objavljena naknadno.\" \/>\n<meta property=\"og:url\" content=\"https:\/\/dmcsrb.com\/en\/region\/sudjenje-kecmanovicima-djecak-pazljivo-isplanirao-zlocin-i-sproveo-ga-svjestan-posljedica\/\" \/>\n<meta property=\"og:site_name\" content=\"dmcsrb.com\" \/>\n<meta property=\"article:published_time\" content=\"2025-09-22T12:49:00+00:00\" \/>\n<meta property=\"og:image\" content=\"https:\/\/dmcsrb.com\/wp-content\/uploads\/2026\/01\/24124262016779_600x900-1.webp\" \/>\n\t<meta property=\"og:image:width\" content=\"900\" \/>\n\t<meta property=\"og:image:height\" content=\"600\" \/>\n\t<meta property=\"og:image:type\" content=\"image\/jpeg\" \/>\n<meta name=\"author\" content=\"dmcsrbija.com@gmail.com\" \/>\n<meta name=\"twitter:card\" content=\"summary_large_image\" \/>\n<meta name=\"twitter:label1\" content=\"Written by\" \/>\n\t<meta name=\"twitter:data1\" content=\"dmcsrbija.com@gmail.com\" \/>\n\t<meta name=\"twitter:label2\" content=\"Estimated reading time\" \/>\n\t<meta name=\"twitter:data2\" content=\"3 minutes\" \/>\n<script type=\"application\/ld+json\" class=\"yoast-schema-graph\">{\"@context\":\"https:\\\/\\\/schema.org\",\"@graph\":[{\"@type\":\"Article\",\"@id\":\"https:\\\/\\\/dmcsrb.com\\\/region\\\/sudjenje-kecmanovicima-djecak-pazljivo-isplanirao-zlocin-i-sproveo-ga-svjestan-posljedica\\\/#article\",\"isPartOf\":{\"@id\":\"https:\\\/\\\/dmcsrb.com\\\/region\\\/sudjenje-kecmanovicima-djecak-pazljivo-isplanirao-zlocin-i-sproveo-ga-svjestan-posljedica\\\/\"},\"author\":{\"name\":\"dmcsrbija.com@gmail.com\",\"@id\":\"https:\\\/\\\/dmcsrb.com\\\/#\\\/schema\\\/person\\\/5c39170f12db1b8b457732d0b5c854e2\"},\"headline\":\"Su\u0111enje Kecmanovi\u0107ima: Dje\u010dak pa\u017eljivo isplanirao zlo\u010din i sproveo ga svjestan posljedica\",\"datePublished\":\"2025-09-22T12:49:00+00:00\",\"mainEntityOfPage\":{\"@id\":\"https:\\\/\\\/dmcsrb.com\\\/region\\\/sudjenje-kecmanovicima-djecak-pazljivo-isplanirao-zlocin-i-sproveo-ga-svjestan-posljedica\\\/\"},\"wordCount\":556,\"commentCount\":0,\"image\":{\"@id\":\"https:\\\/\\\/dmcsrb.com\\\/region\\\/sudjenje-kecmanovicima-djecak-pazljivo-isplanirao-zlocin-i-sproveo-ga-svjestan-posljedica\\\/#primaryimage\"},\"thumbnailUrl\":\"https:\\\/\\\/dmcsrb.com\\\/wp-content\\\/uploads\\\/2026\\\/01\\\/24124262016779_600x900-1.webp\",\"keywords\":[\"Beograd\",\"Kosta Kecmanovi\u0107\",\"su\u0111enje\"],\"articleSection\":[\"Region\"],\"inLanguage\":\"en-GB\",\"potentialAction\":[{\"@type\":\"CommentAction\",\"name\":\"Comment\",\"target\":[\"https:\\\/\\\/dmcsrb.com\\\/region\\\/sudjenje-kecmanovicima-djecak-pazljivo-isplanirao-zlocin-i-sproveo-ga-svjestan-posljedica\\\/#respond\"]}]},{\"@type\":\"WebPage\",\"@id\":\"https:\\\/\\\/dmcsrb.com\\\/region\\\/sudjenje-kecmanovicima-djecak-pazljivo-isplanirao-zlocin-i-sproveo-ga-svjestan-posljedica\\\/\",\"url\":\"https:\\\/\\\/dmcsrb.com\\\/region\\\/sudjenje-kecmanovicima-djecak-pazljivo-isplanirao-zlocin-i-sproveo-ga-svjestan-posljedica\\\/\",\"name\":\"Su\u0111enje Kecmanovi\u0107ima: Dje\u010dak pa\u017eljivo isplanirao zlo\u010din i sproveo ga svjestan posljedica - dmcsrb.com\",\"isPartOf\":{\"@id\":\"https:\\\/\\\/dmcsrb.com\\\/#website\"},\"primaryImageOfPage\":{\"@id\":\"https:\\\/\\\/dmcsrb.com\\\/region\\\/sudjenje-kecmanovicima-djecak-pazljivo-isplanirao-zlocin-i-sproveo-ga-svjestan-posljedica\\\/#primaryimage\"},\"image\":{\"@id\":\"https:\\\/\\\/dmcsrb.com\\\/region\\\/sudjenje-kecmanovicima-djecak-pazljivo-isplanirao-zlocin-i-sproveo-ga-svjestan-posljedica\\\/#primaryimage\"},\"thumbnailUrl\":\"https:\\\/\\\/dmcsrb.com\\\/wp-content\\\/uploads\\\/2026\\\/01\\\/24124262016779_600x900-1.webp\",\"datePublished\":\"2025-09-22T12:49:00+00:00\",\"author\":{\"@id\":\"https:\\\/\\\/dmcsrb.com\\\/#\\\/schema\\\/person\\\/5c39170f12db1b8b457732d0b5c854e2\"},\"breadcrumb\":{\"@id\":\"https:\\\/\\\/dmcsrb.com\\\/region\\\/sudjenje-kecmanovicima-djecak-pazljivo-isplanirao-zlocin-i-sproveo-ga-svjestan-posljedica\\\/#breadcrumb\"},\"inLanguage\":\"en-GB\",\"potentialAction\":[{\"@type\":\"ReadAction\",\"target\":[\"https:\\\/\\\/dmcsrb.com\\\/region\\\/sudjenje-kecmanovicima-djecak-pazljivo-isplanirao-zlocin-i-sproveo-ga-svjestan-posljedica\\\/\"]}]},{\"@type\":\"ImageObject\",\"inLanguage\":\"en-GB\",\"@id\":\"https:\\\/\\\/dmcsrb.com\\\/region\\\/sudjenje-kecmanovicima-djecak-pazljivo-isplanirao-zlocin-i-sproveo-ga-svjestan-posljedica\\\/#primaryimage\",\"url\":\"https:\\\/\\\/dmcsrb.com\\\/wp-content\\\/uploads\\\/2026\\\/01\\\/24124262016779_600x900-1.webp\",\"contentUrl\":\"https:\\\/\\\/dmcsrb.com\\\/wp-content\\\/uploads\\\/2026\\\/01\\\/24124262016779_600x900-1.webp\",\"width\":900,\"height\":600},{\"@type\":\"BreadcrumbList\",\"@id\":\"https:\\\/\\\/dmcsrb.com\\\/region\\\/sudjenje-kecmanovicima-djecak-pazljivo-isplanirao-zlocin-i-sproveo-ga-svjestan-posljedica\\\/#breadcrumb\",\"itemListElement\":[{\"@type\":\"ListItem\",\"position\":1,\"name\":\"Home\",\"item\":\"https:\\\/\\\/dmcsrb.com\\\/\"},{\"@type\":\"ListItem\",\"position\":2,\"name\":\"Su\u0111enje Kecmanovi\u0107ima: Dje\u010dak pa\u017eljivo isplanirao zlo\u010din i sproveo ga svjestan posljedica\"}]},{\"@type\":\"WebSite\",\"@id\":\"https:\\\/\\\/dmcsrb.com\\\/#website\",\"url\":\"https:\\\/\\\/dmcsrb.com\\\/\",\"name\":\"dmcsrb.com\",\"description\":\"\",\"potentialAction\":[{\"@type\":\"SearchAction\",\"target\":{\"@type\":\"EntryPoint\",\"urlTemplate\":\"https:\\\/\\\/dmcsrb.com\\\/?s={search_term_string}\"},\"query-input\":{\"@type\":\"PropertyValueSpecification\",\"valueRequired\":true,\"valueName\":\"search_term_string\"}}],\"inLanguage\":\"en-GB\"},{\"@type\":\"Person\",\"@id\":\"https:\\\/\\\/dmcsrb.com\\\/#\\\/schema\\\/person\\\/5c39170f12db1b8b457732d0b5c854e2\",\"name\":\"dmcsrbija.com@gmail.com\",\"image\":{\"@type\":\"ImageObject\",\"inLanguage\":\"en-GB\",\"@id\":\"https:\\\/\\\/secure.gravatar.com\\\/avatar\\\/68592660ad6347fad0fb587f8d5d8f1a7b44961362f56e4f2cd524feb87e9069?s=96&d=mm&r=g\",\"url\":\"https:\\\/\\\/secure.gravatar.com\\\/avatar\\\/68592660ad6347fad0fb587f8d5d8f1a7b44961362f56e4f2cd524feb87e9069?s=96&d=mm&r=g\",\"contentUrl\":\"https:\\\/\\\/secure.gravatar.com\\\/avatar\\\/68592660ad6347fad0fb587f8d5d8f1a7b44961362f56e4f2cd524feb87e9069?s=96&d=mm&r=g\",\"caption\":\"dmcsrbija.com@gmail.com\"},\"sameAs\":[\"https:\\\/\\\/dmcsrb.com\"],\"url\":\"https:\\\/\\\/dmcsrb.com\\\/en\\\/author\\\/dmcsrbija-comgmail-com\\\/\"}]}<\/script>\n<!-- \/ Yoast SEO plugin. -->","yoast_head_json":{"title":"Su\u0111enje Kecmanovi\u0107ima: Dje\u010dak pa\u017eljivo isplanirao zlo\u010din i sproveo ga svjestan posljedica - dmcsrb.com","robots":{"index":"index","follow":"follow","max-snippet":"max-snippet:-1","max-image-preview":"max-image-preview:large","max-video-preview":"max-video-preview:-1"},"canonical":"https:\/\/dmcsrb.com\/en\/region\/sudjenje-kecmanovicima-djecak-pazljivo-isplanirao-zlocin-i-sproveo-ga-svjestan-posljedica\/","og_locale":"en_GB","og_type":"article","og_title":"Su\u0111enje Kecmanovi\u0107ima: Dje\u010dak pa\u017eljivo isplanirao zlo\u010din i sproveo ga svjestan posljedica - dmcsrb.com","og_description":"U Vi\u0161em sudu u Beogradu zavr\u0161en je jo\u0161 jedan parni\u010dni postupak koji se vodi protiv oca, majke i dje\u010daka koji je 3. maja 2023. godine u O\u0160 \"Vladislav Ribnikar\" ubio devet vr\u0161njaka i \u010duvara \u0161kole, a po tu\u017ebi porodice Duki\u0107 \u010dija je \u0107erka ubijena. Presuda \u0107e biti objavljena naknadno.","og_url":"https:\/\/dmcsrb.com\/en\/region\/sudjenje-kecmanovicima-djecak-pazljivo-isplanirao-zlocin-i-sproveo-ga-svjestan-posljedica\/","og_site_name":"dmcsrb.com","article_published_time":"2025-09-22T12:49:00+00:00","og_image":[{"width":900,"height":600,"url":"https:\/\/dmcsrb.com\/wp-content\/uploads\/2026\/01\/24124262016779_600x900-1.webp","type":"image\/jpeg"}],"author":"dmcsrbija.com@gmail.com","twitter_card":"summary_large_image","twitter_misc":{"Written by":"dmcsrbija.com@gmail.com","Estimated reading time":"3 minutes"},"schema":{"@context":"https:\/\/schema.org","@graph":[{"@type":"Article","@id":"https:\/\/dmcsrb.com\/region\/sudjenje-kecmanovicima-djecak-pazljivo-isplanirao-zlocin-i-sproveo-ga-svjestan-posljedica\/#article","isPartOf":{"@id":"https:\/\/dmcsrb.com\/region\/sudjenje-kecmanovicima-djecak-pazljivo-isplanirao-zlocin-i-sproveo-ga-svjestan-posljedica\/"},"author":{"name":"dmcsrbija.com@gmail.com","@id":"https:\/\/dmcsrb.com\/#\/schema\/person\/5c39170f12db1b8b457732d0b5c854e2"},"headline":"Su\u0111enje Kecmanovi\u0107ima: Dje\u010dak pa\u017eljivo isplanirao zlo\u010din i sproveo ga svjestan posljedica","datePublished":"2025-09-22T12:49:00+00:00","mainEntityOfPage":{"@id":"https:\/\/dmcsrb.com\/region\/sudjenje-kecmanovicima-djecak-pazljivo-isplanirao-zlocin-i-sproveo-ga-svjestan-posljedica\/"},"wordCount":556,"commentCount":0,"image":{"@id":"https:\/\/dmcsrb.com\/region\/sudjenje-kecmanovicima-djecak-pazljivo-isplanirao-zlocin-i-sproveo-ga-svjestan-posljedica\/#primaryimage"},"thumbnailUrl":"https:\/\/dmcsrb.com\/wp-content\/uploads\/2026\/01\/24124262016779_600x900-1.webp","keywords":["Beograd","Kosta Kecmanovi\u0107","su\u0111enje"],"articleSection":["Region"],"inLanguage":"en-GB","potentialAction":[{"@type":"CommentAction","name":"Comment","target":["https:\/\/dmcsrb.com\/region\/sudjenje-kecmanovicima-djecak-pazljivo-isplanirao-zlocin-i-sproveo-ga-svjestan-posljedica\/#respond"]}]},{"@type":"WebPage","@id":"https:\/\/dmcsrb.com\/region\/sudjenje-kecmanovicima-djecak-pazljivo-isplanirao-zlocin-i-sproveo-ga-svjestan-posljedica\/","url":"https:\/\/dmcsrb.com\/region\/sudjenje-kecmanovicima-djecak-pazljivo-isplanirao-zlocin-i-sproveo-ga-svjestan-posljedica\/","name":"Su\u0111enje Kecmanovi\u0107ima: Dje\u010dak pa\u017eljivo isplanirao zlo\u010din i sproveo ga svjestan posljedica - dmcsrb.com","isPartOf":{"@id":"https:\/\/dmcsrb.com\/#website"},"primaryImageOfPage":{"@id":"https:\/\/dmcsrb.com\/region\/sudjenje-kecmanovicima-djecak-pazljivo-isplanirao-zlocin-i-sproveo-ga-svjestan-posljedica\/#primaryimage"},"image":{"@id":"https:\/\/dmcsrb.com\/region\/sudjenje-kecmanovicima-djecak-pazljivo-isplanirao-zlocin-i-sproveo-ga-svjestan-posljedica\/#primaryimage"},"thumbnailUrl":"https:\/\/dmcsrb.com\/wp-content\/uploads\/2026\/01\/24124262016779_600x900-1.webp","datePublished":"2025-09-22T12:49:00+00:00","author":{"@id":"https:\/\/dmcsrb.com\/#\/schema\/person\/5c39170f12db1b8b457732d0b5c854e2"},"breadcrumb":{"@id":"https:\/\/dmcsrb.com\/region\/sudjenje-kecmanovicima-djecak-pazljivo-isplanirao-zlocin-i-sproveo-ga-svjestan-posljedica\/#breadcrumb"},"inLanguage":"en-GB","potentialAction":[{"@type":"ReadAction","target":["https:\/\/dmcsrb.com\/region\/sudjenje-kecmanovicima-djecak-pazljivo-isplanirao-zlocin-i-sproveo-ga-svjestan-posljedica\/"]}]},{"@type":"ImageObject","inLanguage":"en-GB","@id":"https:\/\/dmcsrb.com\/region\/sudjenje-kecmanovicima-djecak-pazljivo-isplanirao-zlocin-i-sproveo-ga-svjestan-posljedica\/#primaryimage","url":"https:\/\/dmcsrb.com\/wp-content\/uploads\/2026\/01\/24124262016779_600x900-1.webp","contentUrl":"https:\/\/dmcsrb.com\/wp-content\/uploads\/2026\/01\/24124262016779_600x900-1.webp","width":900,"height":600},{"@type":"BreadcrumbList","@id":"https:\/\/dmcsrb.com\/region\/sudjenje-kecmanovicima-djecak-pazljivo-isplanirao-zlocin-i-sproveo-ga-svjestan-posljedica\/#breadcrumb","itemListElement":[{"@type":"ListItem","position":1,"name":"Home","item":"https:\/\/dmcsrb.com\/"},{"@type":"ListItem","position":2,"name":"Su\u0111enje Kecmanovi\u0107ima: Dje\u010dak pa\u017eljivo isplanirao zlo\u010din i sproveo ga svjestan posljedica"}]},{"@type":"WebSite","@id":"https:\/\/dmcsrb.com\/#website","url":"https:\/\/dmcsrb.com\/","name":"dmcsrb.com","description":"","potentialAction":[{"@type":"SearchAction","target":{"@type":"EntryPoint","urlTemplate":"https:\/\/dmcsrb.com\/?s={search_term_string}"},"query-input":{"@type":"PropertyValueSpecification","valueRequired":true,"valueName":"search_term_string"}}],"inLanguage":"en-GB"},{"@type":"Person","@id":"https:\/\/dmcsrb.com\/#\/schema\/person\/5c39170f12db1b8b457732d0b5c854e2","name":"dmcsrbija.com@gmail.com","image":{"@type":"ImageObject","inLanguage":"en-GB","@id":"https:\/\/secure.gravatar.com\/avatar\/68592660ad6347fad0fb587f8d5d8f1a7b44961362f56e4f2cd524feb87e9069?s=96&d=mm&r=g","url":"https:\/\/secure.gravatar.com\/avatar\/68592660ad6347fad0fb587f8d5d8f1a7b44961362f56e4f2cd524feb87e9069?s=96&d=mm&r=g","contentUrl":"https:\/\/secure.gravatar.com\/avatar\/68592660ad6347fad0fb587f8d5d8f1a7b44961362f56e4f2cd524feb87e9069?s=96&d=mm&r=g","caption":"dmcsrbija.com@gmail.com"},"sameAs":["https:\/\/dmcsrb.com"],"url":"https:\/\/dmcsrb.com\/en\/author\/dmcsrbija-comgmail-com\/"}]}},"_links":{"self":[{"href":"https:\/\/dmcsrb.com\/en\/wp-json\/wp\/v2\/posts\/953454","targetHints":{"allow":["GET"]}}],"collection":[{"href":"https:\/\/dmcsrb.com\/en\/wp-json\/wp\/v2\/posts"}],"about":[{"href":"https:\/\/dmcsrb.com\/en\/wp-json\/wp\/v2\/types\/post"}],"author":[{"embeddable":true,"href":"https:\/\/dmcsrb.com\/en\/wp-json\/wp\/v2\/users\/1"}],"replies":[{"embeddable":true,"href":"https:\/\/dmcsrb.com\/en\/wp-json\/wp\/v2\/comments?post=953454"}],"version-history":[{"count":0,"href":"https:\/\/dmcsrb.com\/en\/wp-json\/wp\/v2\/posts\/953454\/revisions"}],"wp:featuredmedia":[{"embeddable":true,"href":"https:\/\/dmcsrb.com\/en\/wp-json\/wp\/v2\/media\/953455"}],"wp:attachment":[{"href":"https:\/\/dmcsrb.com\/en\/wp-json\/wp\/v2\/media?parent=953454"}],"wp:term":[{"taxonomy":"category","embeddable":true,"href":"https:\/\/dmcsrb.com\/en\/wp-json\/wp\/v2\/categories?post=953454"},{"taxonomy":"post_tag","embeddable":true,"href":"https:\/\/dmcsrb.com\/en\/wp-json\/wp\/v2\/tags?post=953454"},{"taxonomy":"naslovna","embeddable":true,"href":"https:\/\/dmcsrb.com\/en\/wp-json\/wp\/v2\/naslovna?post=953454"}],"curies":[{"name":"wp","href":"https:\/\/api.w.org\/{rel}","templated":true}]}}