{"id":953452,"date":"2025-09-22T14:15:00","date_gmt":"2025-09-22T12:15:00","guid":{"rendered":"https:\/\/dmcsrb.com\/uncategorized\/forum-gradjana-u-podgorici-dijalog-o-evropskoj-buducnosti\/"},"modified":"2025-09-22T14:15:00","modified_gmt":"2025-09-22T12:15:00","slug":"forum-gradjana-u-podgorici-dijalog-o-evropskoj-buducnosti","status":"publish","type":"post","link":"https:\/\/dmcsrb.com\/en\/politika\/forum-gradjana-u-podgorici-dijalog-o-evropskoj-buducnosti\/","title":{"rendered":"Forum gra\u0111ana u Podgorici &#8211; dijalog o evropskoj budu\u0107nosti"},"content":{"rendered":"<p><\/p>\n\n\n\n<p><\/p>\n\n\n\n<p>Forum je okupio gra\u0111anke i gra\u0111ane iz cijele Crne Gore, izabrane metodom slu\u010dajnog uzorka, kako bi se obezbijedio reprezentativan presjek dru\u0161tva i autenti\u010dan glas razli\u010ditih zajednica i kategorija stanovni\u0161tva. Tokom dvodnevnog rada, u\u010desnice i u\u010desnici su imali priliku da podijele svoje stavove i razmijene mi\u0161ljenja o evropskoj integraciji, sagledaju povezanost pridru\u017eivanja Uniji sa svakodnevnim \u017eivotom i kroz strukturisanu diskusiju oblikuju preporuke namijenjene institucijama.<\/p>\n\n\n\n<p>Forum su otvorili poslanik Evropskog parlamenta Tomas Vajs, poslanik Skup\u0161tine Crne Gore Vasilije \u010carapi\u0107 i direktorica CEDEM-a Nevenka Vuksanovi\u0107.<\/p>\n\n\n\n<p>U uvodnim izlaganjima istaknuto je da evropska integracija nije isklju\u010divo zadatak institucija, ve\u0107 proces koji dobija puni smisao tek kroz aktivno u\u010de\u0161\u0107e gra\u0111anki I gra\u0111ana. Posebno je nagla\u0161eno da deliberativni modeli, kakav je i ovaj forum, omogu\u0107avaju da se iskustva, potrebe i o\u010dekivanja dru\u0161tva preto\u010de u konkretne preporuke koje institucije treba da razmotre i ugrade u javne politike. Govornici su poru\u010dili da je dijalog temelj povjerenja i da upravo ovakvi susreti predstavljaju konkretan pokazatelj da evropski put Crne Gore po\u010diva na partnerstvu gra\u0111ana i institucija.<\/p>\n\n\n\n<p>U uvodnom dijelu foruma, gra\u0111anke i gra\u0111ani aktivno su u\u010destvovali u razgovoru sa poslanikom Evropskog parlamenta Tomasom Vajcom. On je istakao da biti izabran politi\u010dar podrazumijeva odgovornost da se zastupaju interesi gra\u0111anki I gra\u0111ana, te da izborni proces sam po sebi nije dovoljan ukoliko se dijalog ograni\u010dava na periodi\u010dne cikluse. Naglasio je potrebu za stalnim mehanizmima konsultacija, uklju\u010duju\u0107i razli\u010dite oblike javnih rasprava, kako bi gra\u0111anke i gra\u0111ani bili trajno uklju\u010deni u proces dono\u0161enja odluka, u skladu sa evropskim vrijednostima demokratije i vladavine prava.<\/p>\n\n\n\n<p>U segmentu posve\u0107enom razgovorima sa predstavnicama i predstavnicima razli\u010ditih poslani\u010dkih klubova, gra\u0111anke i gra\u0111ani su razmijenili mi\u0161ljenja sa poslanicama i poslanicima Skup\u0161tine Crne Gore Vasilijem \u010carapi\u0107em, Bojanom Pi\u0107an, Albinom \u0106emanom, Amerom Smailovi\u0107em, Draganom Bojovi\u0107em, Sla\u0111anom Kalu\u0111erovi\u0107 i Borisom Mugo\u0161om.<\/p>\n\n\n\n<p>Diskusije su obuhvatile podteme \u2014 ekonomski razvoj, vladavina prava, \u017eivotna sredina i poljoprivreda, turizam i saobra\u0107aj, jednake mogu\u0107nosti, komunikacija i gra\u0111ansko u\u010de\u0161\u0107e u procesu dono\u0161enja odluka. Ovaj dio doga\u0111aja omogu\u0107io je poslanicama i poslanicima da neposredno \u010duju stavove i o\u010dekivanja gra\u0111ana, dok su gra\u0111anke i gra\u0111ani imali priliku da iska\u017eu svoja vi\u0111enja i dileme u vezi sa pristupanjem Evropskoj uniji.<\/p>\n\n\n\n<p>Pored razgovora sa politi\u010dkim predstavnicima, poseban segment foruma je bio posve\u0107en i radu gra\u0111ana sa ekspertkinjom i Biljanom Papovi\u0107, i ekspertima, Ivanom Vuk\u010devi\u0107em i Aleksandrom Dragi\u0107evi\u0107em. Stru\u010dna podr\u0161ka u\u010desnicima omogu\u0107ila je dodatna poja\u0161njenja i analiti\u010dki uvid u pojedina\u010dne teme.<\/p>\n\n\n\n<p>Nakon dva dana intenzivnog rada, gra\u0111anke i gra\u0111ani su ve\u0107inom glasova usvojili preporuke koje \u0107e naknadno biti dostavljene Skup\u0161tini Crne Gore i Evropskom parlamentu. Preporuke obuhvataju pitanja koja su u\u010desnice i u\u010desnici identifikovali kao klju\u010dna za budu\u0107i razvoj Crne Gore u okviru evropskog puta, a njihova posebna vrijednost ogleda se u \u010dinjenici da su rezultat direktnog anga\u017emana i promi\u0161ljanja gra\u0111ana.<\/p>\n\n\n\n<p>&#8220;Gra\u0111anke i gra\u0111ani su iskazali zadovoljstvo zbog prilike da u\u010destvuju u procesu i na taj na\u010din doprinesu kvalitetu rasprave. Posebno su istakli izazove i probleme sa kojima se suo\u010davaju u razli\u010ditim op\u0161tinama, ali i dali sopstvena vi\u0111enja mogu\u0107ih rje\u0161enja, \u010dime je rasprava dobila konstruktivan i raznolik karakter. Za u\u010desnice i u\u010desnike foruma ovo je predstavljalo jedinstvenu priliku da njihov glas bude prepoznat, pri \u010demu su naglasili zna\u010daj \u010dinjenice da su kontaktirani i uklju\u010deni u razmatranje tema koje se nerijetko vezuju isklju\u010divo za rad Skup\u0161tine, iako one u velikoj mjeri uti\u010du na svakodnevni \u017eivot gra\u0111anki i gra\u0111ana&#8221;, navode iz CEDEM-a.<\/p>\n\n\n\n<p>Forum gra\u0111ana u Podgorici bio je prvi u nizu doga\u0111aja ovog tipa koji \u0107e se odr\u017eati u dr\u017eavama Zapadnog Balkana, kao dio regionalnog procesa posve\u0107enog evropskim integracijama. Istovremeno, ovaj Forum gra\u0111ana predstavlja nastavak saradnje Skup\u0161tine Crne Gore i Evropskog parlamenta na projektima deliberativne demokratije, koja je zapo\u010deta 2021. godine organizacijom skup\u0161tine gra\u0111ana posve\u0107ene borbi protiv korupcije u javnom sektoru i zdravstvu.<\/p>","protected":false},"excerpt":{"rendered":"<p>Skup\u0161tina Crne Gore i Evropski parlament, uz podr\u0161ku Centra za demokratiju i ljudska prava (CEDEM), organizovali su 20. i 21. septembra 2025. godine u Podgorici forum gra\u0111ana na temu \u201eGra\u0111ani i gra\u0111anke u srcu pro\u0161irenja Evropske unije\u201c.<\/p>","protected":false},"author":1,"featured_media":953453,"comment_status":"open","ping_status":"open","sticky":false,"template":"","format":"standard","meta":{"_acf_changed":false,"footnotes":""},"categories":[12],"tags":[5480],"naslovna":[],"class_list":["post-953452","post","type-post","status-publish","format-standard","has-post-thumbnail","hentry","category-politika","tag-cedem"],"acf":[],"yoast_head":"<!-- This site is optimized with the Yoast SEO plugin v27.4 - https:\/\/yoast.com\/product\/yoast-seo-wordpress\/ -->\n<title>Forum gra\u0111ana u Podgorici - dijalog o evropskoj budu\u0107nosti - dmcsrb.com<\/title>\n<meta name=\"robots\" content=\"index, follow, max-snippet:-1, max-image-preview:large, max-video-preview:-1\" \/>\n<link rel=\"canonical\" href=\"https:\/\/dmcsrb.com\/en\/politika\/forum-gradjana-u-podgorici-dijalog-o-evropskoj-buducnosti\/\" \/>\n<meta property=\"og:locale\" content=\"en_GB\" \/>\n<meta property=\"og:type\" content=\"article\" \/>\n<meta property=\"og:title\" content=\"Forum gra\u0111ana u Podgorici - dijalog o evropskoj budu\u0107nosti - dmcsrb.com\" \/>\n<meta property=\"og:description\" content=\"Skup\u0161tina Crne Gore i Evropski parlament, uz podr\u0161ku Centra za demokratiju i ljudska prava (CEDEM), organizovali su 20. i 21. septembra 2025. godine u Podgorici forum gra\u0111ana na temu \u201eGra\u0111ani i gra\u0111anke u srcu pro\u0161irenja Evropske unije\u201c.\" \/>\n<meta property=\"og:url\" content=\"https:\/\/dmcsrb.com\/en\/politika\/forum-gradjana-u-podgorici-dijalog-o-evropskoj-buducnosti\/\" \/>\n<meta property=\"og:site_name\" content=\"dmcsrb.com\" \/>\n<meta property=\"article:published_time\" content=\"2025-09-22T12:15:00+00:00\" \/>\n<meta property=\"og:image\" content=\"https:\/\/dmcsrb.com\/wp-content\/uploads\/2026\/01\/Forum-gradjana-foto-CEDEM.webp\" \/>\n\t<meta property=\"og:image:width\" content=\"1150\" \/>\n\t<meta property=\"og:image:height\" content=\"523\" \/>\n\t<meta property=\"og:image:type\" content=\"image\/png\" \/>\n<meta name=\"author\" content=\"dmcsrbija.com@gmail.com\" \/>\n<meta name=\"twitter:card\" content=\"summary_large_image\" \/>\n<meta name=\"twitter:label1\" content=\"Written by\" \/>\n\t<meta name=\"twitter:data1\" content=\"dmcsrbija.com@gmail.com\" \/>\n\t<meta name=\"twitter:label2\" content=\"Estimated reading time\" \/>\n\t<meta name=\"twitter:data2\" content=\"4 minutes\" \/>\n<script type=\"application\/ld+json\" class=\"yoast-schema-graph\">{\"@context\":\"https:\\\/\\\/schema.org\",\"@graph\":[{\"@type\":\"Article\",\"@id\":\"https:\\\/\\\/dmcsrb.com\\\/politika\\\/forum-gradjana-u-podgorici-dijalog-o-evropskoj-buducnosti\\\/#article\",\"isPartOf\":{\"@id\":\"https:\\\/\\\/dmcsrb.com\\\/politika\\\/forum-gradjana-u-podgorici-dijalog-o-evropskoj-buducnosti\\\/\"},\"author\":{\"name\":\"dmcsrbija.com@gmail.com\",\"@id\":\"https:\\\/\\\/dmcsrb.com\\\/#\\\/schema\\\/person\\\/5c39170f12db1b8b457732d0b5c854e2\"},\"headline\":\"Forum gra\u0111ana u Podgorici &#8211; dijalog o evropskoj budu\u0107nosti\",\"datePublished\":\"2025-09-22T12:15:00+00:00\",\"mainEntityOfPage\":{\"@id\":\"https:\\\/\\\/dmcsrb.com\\\/politika\\\/forum-gradjana-u-podgorici-dijalog-o-evropskoj-buducnosti\\\/\"},\"wordCount\":740,\"commentCount\":0,\"image\":{\"@id\":\"https:\\\/\\\/dmcsrb.com\\\/politika\\\/forum-gradjana-u-podgorici-dijalog-o-evropskoj-buducnosti\\\/#primaryimage\"},\"thumbnailUrl\":\"https:\\\/\\\/dmcsrb.com\\\/wp-content\\\/uploads\\\/2026\\\/01\\\/Forum-gradjana-foto-CEDEM.webp\",\"keywords\":[\"CEDEM\"],\"articleSection\":[\"Politika\"],\"inLanguage\":\"en-GB\",\"potentialAction\":[{\"@type\":\"CommentAction\",\"name\":\"Comment\",\"target\":[\"https:\\\/\\\/dmcsrb.com\\\/politika\\\/forum-gradjana-u-podgorici-dijalog-o-evropskoj-buducnosti\\\/#respond\"]}]},{\"@type\":\"WebPage\",\"@id\":\"https:\\\/\\\/dmcsrb.com\\\/politika\\\/forum-gradjana-u-podgorici-dijalog-o-evropskoj-buducnosti\\\/\",\"url\":\"https:\\\/\\\/dmcsrb.com\\\/politika\\\/forum-gradjana-u-podgorici-dijalog-o-evropskoj-buducnosti\\\/\",\"name\":\"Forum gra\u0111ana u Podgorici - dijalog o evropskoj budu\u0107nosti - dmcsrb.com\",\"isPartOf\":{\"@id\":\"https:\\\/\\\/dmcsrb.com\\\/#website\"},\"primaryImageOfPage\":{\"@id\":\"https:\\\/\\\/dmcsrb.com\\\/politika\\\/forum-gradjana-u-podgorici-dijalog-o-evropskoj-buducnosti\\\/#primaryimage\"},\"image\":{\"@id\":\"https:\\\/\\\/dmcsrb.com\\\/politika\\\/forum-gradjana-u-podgorici-dijalog-o-evropskoj-buducnosti\\\/#primaryimage\"},\"thumbnailUrl\":\"https:\\\/\\\/dmcsrb.com\\\/wp-content\\\/uploads\\\/2026\\\/01\\\/Forum-gradjana-foto-CEDEM.webp\",\"datePublished\":\"2025-09-22T12:15:00+00:00\",\"author\":{\"@id\":\"https:\\\/\\\/dmcsrb.com\\\/#\\\/schema\\\/person\\\/5c39170f12db1b8b457732d0b5c854e2\"},\"breadcrumb\":{\"@id\":\"https:\\\/\\\/dmcsrb.com\\\/politika\\\/forum-gradjana-u-podgorici-dijalog-o-evropskoj-buducnosti\\\/#breadcrumb\"},\"inLanguage\":\"en-GB\",\"potentialAction\":[{\"@type\":\"ReadAction\",\"target\":[\"https:\\\/\\\/dmcsrb.com\\\/politika\\\/forum-gradjana-u-podgorici-dijalog-o-evropskoj-buducnosti\\\/\"]}]},{\"@type\":\"ImageObject\",\"inLanguage\":\"en-GB\",\"@id\":\"https:\\\/\\\/dmcsrb.com\\\/politika\\\/forum-gradjana-u-podgorici-dijalog-o-evropskoj-buducnosti\\\/#primaryimage\",\"url\":\"https:\\\/\\\/dmcsrb.com\\\/wp-content\\\/uploads\\\/2026\\\/01\\\/Forum-gradjana-foto-CEDEM.webp\",\"contentUrl\":\"https:\\\/\\\/dmcsrb.com\\\/wp-content\\\/uploads\\\/2026\\\/01\\\/Forum-gradjana-foto-CEDEM.webp\",\"width\":1150,\"height\":523},{\"@type\":\"BreadcrumbList\",\"@id\":\"https:\\\/\\\/dmcsrb.com\\\/politika\\\/forum-gradjana-u-podgorici-dijalog-o-evropskoj-buducnosti\\\/#breadcrumb\",\"itemListElement\":[{\"@type\":\"ListItem\",\"position\":1,\"name\":\"Home\",\"item\":\"https:\\\/\\\/dmcsrb.com\\\/\"},{\"@type\":\"ListItem\",\"position\":2,\"name\":\"Forum gra\u0111ana u Podgorici &#8211; dijalog o evropskoj budu\u0107nosti\"}]},{\"@type\":\"WebSite\",\"@id\":\"https:\\\/\\\/dmcsrb.com\\\/#website\",\"url\":\"https:\\\/\\\/dmcsrb.com\\\/\",\"name\":\"dmcsrb.com\",\"description\":\"\",\"potentialAction\":[{\"@type\":\"SearchAction\",\"target\":{\"@type\":\"EntryPoint\",\"urlTemplate\":\"https:\\\/\\\/dmcsrb.com\\\/?s={search_term_string}\"},\"query-input\":{\"@type\":\"PropertyValueSpecification\",\"valueRequired\":true,\"valueName\":\"search_term_string\"}}],\"inLanguage\":\"en-GB\"},{\"@type\":\"Person\",\"@id\":\"https:\\\/\\\/dmcsrb.com\\\/#\\\/schema\\\/person\\\/5c39170f12db1b8b457732d0b5c854e2\",\"name\":\"dmcsrbija.com@gmail.com\",\"image\":{\"@type\":\"ImageObject\",\"inLanguage\":\"en-GB\",\"@id\":\"https:\\\/\\\/secure.gravatar.com\\\/avatar\\\/68592660ad6347fad0fb587f8d5d8f1a7b44961362f56e4f2cd524feb87e9069?s=96&d=mm&r=g\",\"url\":\"https:\\\/\\\/secure.gravatar.com\\\/avatar\\\/68592660ad6347fad0fb587f8d5d8f1a7b44961362f56e4f2cd524feb87e9069?s=96&d=mm&r=g\",\"contentUrl\":\"https:\\\/\\\/secure.gravatar.com\\\/avatar\\\/68592660ad6347fad0fb587f8d5d8f1a7b44961362f56e4f2cd524feb87e9069?s=96&d=mm&r=g\",\"caption\":\"dmcsrbija.com@gmail.com\"},\"sameAs\":[\"https:\\\/\\\/dmcsrb.com\"],\"url\":\"https:\\\/\\\/dmcsrb.com\\\/en\\\/author\\\/dmcsrbija-comgmail-com\\\/\"}]}<\/script>\n<!-- \/ Yoast SEO plugin. -->","yoast_head_json":{"title":"Forum gra\u0111ana u Podgorici - dijalog o evropskoj budu\u0107nosti - dmcsrb.com","robots":{"index":"index","follow":"follow","max-snippet":"max-snippet:-1","max-image-preview":"max-image-preview:large","max-video-preview":"max-video-preview:-1"},"canonical":"https:\/\/dmcsrb.com\/en\/politika\/forum-gradjana-u-podgorici-dijalog-o-evropskoj-buducnosti\/","og_locale":"en_GB","og_type":"article","og_title":"Forum gra\u0111ana u Podgorici - dijalog o evropskoj budu\u0107nosti - dmcsrb.com","og_description":"Skup\u0161tina Crne Gore i Evropski parlament, uz podr\u0161ku Centra za demokratiju i ljudska prava (CEDEM), organizovali su 20. i 21. septembra 2025. godine u Podgorici forum gra\u0111ana na temu \u201eGra\u0111ani i gra\u0111anke u srcu pro\u0161irenja Evropske unije\u201c.","og_url":"https:\/\/dmcsrb.com\/en\/politika\/forum-gradjana-u-podgorici-dijalog-o-evropskoj-buducnosti\/","og_site_name":"dmcsrb.com","article_published_time":"2025-09-22T12:15:00+00:00","og_image":[{"width":1150,"height":523,"url":"https:\/\/dmcsrb.com\/wp-content\/uploads\/2026\/01\/Forum-gradjana-foto-CEDEM.webp","type":"image\/png"}],"author":"dmcsrbija.com@gmail.com","twitter_card":"summary_large_image","twitter_misc":{"Written by":"dmcsrbija.com@gmail.com","Estimated reading time":"4 minutes"},"schema":{"@context":"https:\/\/schema.org","@graph":[{"@type":"Article","@id":"https:\/\/dmcsrb.com\/politika\/forum-gradjana-u-podgorici-dijalog-o-evropskoj-buducnosti\/#article","isPartOf":{"@id":"https:\/\/dmcsrb.com\/politika\/forum-gradjana-u-podgorici-dijalog-o-evropskoj-buducnosti\/"},"author":{"name":"dmcsrbija.com@gmail.com","@id":"https:\/\/dmcsrb.com\/#\/schema\/person\/5c39170f12db1b8b457732d0b5c854e2"},"headline":"Forum gra\u0111ana u Podgorici &#8211; dijalog o evropskoj budu\u0107nosti","datePublished":"2025-09-22T12:15:00+00:00","mainEntityOfPage":{"@id":"https:\/\/dmcsrb.com\/politika\/forum-gradjana-u-podgorici-dijalog-o-evropskoj-buducnosti\/"},"wordCount":740,"commentCount":0,"image":{"@id":"https:\/\/dmcsrb.com\/politika\/forum-gradjana-u-podgorici-dijalog-o-evropskoj-buducnosti\/#primaryimage"},"thumbnailUrl":"https:\/\/dmcsrb.com\/wp-content\/uploads\/2026\/01\/Forum-gradjana-foto-CEDEM.webp","keywords":["CEDEM"],"articleSection":["Politika"],"inLanguage":"en-GB","potentialAction":[{"@type":"CommentAction","name":"Comment","target":["https:\/\/dmcsrb.com\/politika\/forum-gradjana-u-podgorici-dijalog-o-evropskoj-buducnosti\/#respond"]}]},{"@type":"WebPage","@id":"https:\/\/dmcsrb.com\/politika\/forum-gradjana-u-podgorici-dijalog-o-evropskoj-buducnosti\/","url":"https:\/\/dmcsrb.com\/politika\/forum-gradjana-u-podgorici-dijalog-o-evropskoj-buducnosti\/","name":"Forum gra\u0111ana u Podgorici - dijalog o evropskoj budu\u0107nosti - dmcsrb.com","isPartOf":{"@id":"https:\/\/dmcsrb.com\/#website"},"primaryImageOfPage":{"@id":"https:\/\/dmcsrb.com\/politika\/forum-gradjana-u-podgorici-dijalog-o-evropskoj-buducnosti\/#primaryimage"},"image":{"@id":"https:\/\/dmcsrb.com\/politika\/forum-gradjana-u-podgorici-dijalog-o-evropskoj-buducnosti\/#primaryimage"},"thumbnailUrl":"https:\/\/dmcsrb.com\/wp-content\/uploads\/2026\/01\/Forum-gradjana-foto-CEDEM.webp","datePublished":"2025-09-22T12:15:00+00:00","author":{"@id":"https:\/\/dmcsrb.com\/#\/schema\/person\/5c39170f12db1b8b457732d0b5c854e2"},"breadcrumb":{"@id":"https:\/\/dmcsrb.com\/politika\/forum-gradjana-u-podgorici-dijalog-o-evropskoj-buducnosti\/#breadcrumb"},"inLanguage":"en-GB","potentialAction":[{"@type":"ReadAction","target":["https:\/\/dmcsrb.com\/politika\/forum-gradjana-u-podgorici-dijalog-o-evropskoj-buducnosti\/"]}]},{"@type":"ImageObject","inLanguage":"en-GB","@id":"https:\/\/dmcsrb.com\/politika\/forum-gradjana-u-podgorici-dijalog-o-evropskoj-buducnosti\/#primaryimage","url":"https:\/\/dmcsrb.com\/wp-content\/uploads\/2026\/01\/Forum-gradjana-foto-CEDEM.webp","contentUrl":"https:\/\/dmcsrb.com\/wp-content\/uploads\/2026\/01\/Forum-gradjana-foto-CEDEM.webp","width":1150,"height":523},{"@type":"BreadcrumbList","@id":"https:\/\/dmcsrb.com\/politika\/forum-gradjana-u-podgorici-dijalog-o-evropskoj-buducnosti\/#breadcrumb","itemListElement":[{"@type":"ListItem","position":1,"name":"Home","item":"https:\/\/dmcsrb.com\/"},{"@type":"ListItem","position":2,"name":"Forum gra\u0111ana u Podgorici &#8211; dijalog o evropskoj budu\u0107nosti"}]},{"@type":"WebSite","@id":"https:\/\/dmcsrb.com\/#website","url":"https:\/\/dmcsrb.com\/","name":"dmcsrb.com","description":"","potentialAction":[{"@type":"SearchAction","target":{"@type":"EntryPoint","urlTemplate":"https:\/\/dmcsrb.com\/?s={search_term_string}"},"query-input":{"@type":"PropertyValueSpecification","valueRequired":true,"valueName":"search_term_string"}}],"inLanguage":"en-GB"},{"@type":"Person","@id":"https:\/\/dmcsrb.com\/#\/schema\/person\/5c39170f12db1b8b457732d0b5c854e2","name":"dmcsrbija.com@gmail.com","image":{"@type":"ImageObject","inLanguage":"en-GB","@id":"https:\/\/secure.gravatar.com\/avatar\/68592660ad6347fad0fb587f8d5d8f1a7b44961362f56e4f2cd524feb87e9069?s=96&d=mm&r=g","url":"https:\/\/secure.gravatar.com\/avatar\/68592660ad6347fad0fb587f8d5d8f1a7b44961362f56e4f2cd524feb87e9069?s=96&d=mm&r=g","contentUrl":"https:\/\/secure.gravatar.com\/avatar\/68592660ad6347fad0fb587f8d5d8f1a7b44961362f56e4f2cd524feb87e9069?s=96&d=mm&r=g","caption":"dmcsrbija.com@gmail.com"},"sameAs":["https:\/\/dmcsrb.com"],"url":"https:\/\/dmcsrb.com\/en\/author\/dmcsrbija-comgmail-com\/"}]}},"_links":{"self":[{"href":"https:\/\/dmcsrb.com\/en\/wp-json\/wp\/v2\/posts\/953452","targetHints":{"allow":["GET"]}}],"collection":[{"href":"https:\/\/dmcsrb.com\/en\/wp-json\/wp\/v2\/posts"}],"about":[{"href":"https:\/\/dmcsrb.com\/en\/wp-json\/wp\/v2\/types\/post"}],"author":[{"embeddable":true,"href":"https:\/\/dmcsrb.com\/en\/wp-json\/wp\/v2\/users\/1"}],"replies":[{"embeddable":true,"href":"https:\/\/dmcsrb.com\/en\/wp-json\/wp\/v2\/comments?post=953452"}],"version-history":[{"count":0,"href":"https:\/\/dmcsrb.com\/en\/wp-json\/wp\/v2\/posts\/953452\/revisions"}],"wp:featuredmedia":[{"embeddable":true,"href":"https:\/\/dmcsrb.com\/en\/wp-json\/wp\/v2\/media\/953453"}],"wp:attachment":[{"href":"https:\/\/dmcsrb.com\/en\/wp-json\/wp\/v2\/media?parent=953452"}],"wp:term":[{"taxonomy":"category","embeddable":true,"href":"https:\/\/dmcsrb.com\/en\/wp-json\/wp\/v2\/categories?post=953452"},{"taxonomy":"post_tag","embeddable":true,"href":"https:\/\/dmcsrb.com\/en\/wp-json\/wp\/v2\/tags?post=953452"},{"taxonomy":"naslovna","embeddable":true,"href":"https:\/\/dmcsrb.com\/en\/wp-json\/wp\/v2\/naslovna?post=953452"}],"curies":[{"name":"wp","href":"https:\/\/api.w.org\/{rel}","templated":true}]}}