{"id":953412,"date":"2025-09-22T09:35:00","date_gmt":"2025-09-22T07:35:00","guid":{"rendered":"https:\/\/dmcsrb.com\/uncategorized\/aktuelna-vlast-ponistila-sekularni-karakter-crne-gore-do-temeljnog-ugovora-uz-pomoc-dps-a\/"},"modified":"2025-09-22T09:35:00","modified_gmt":"2025-09-22T07:35:00","slug":"aktuelna-vlast-ponistila-sekularni-karakter-crne-gore-do-temeljnog-ugovora-uz-pomoc-dps-a","status":"publish","type":"post","link":"https:\/\/dmcsrb.com\/en\/politika\/aktuelna-vlast-ponistila-sekularni-karakter-crne-gore-do-temeljnog-ugovora-uz-pomoc-dps-a\/","title":{"rendered":"Aktuelna vlast poni\u0161tila sekularni karakter Crne Gore, do Temeljnog ugovora uz pomo\u0107 DPS-a"},"content":{"rendered":"<p>Kako je naglasio u intervju &#8220;Pobjedi&#8221;, ova vlast dovela je i do uru\u0161avanja me\u0111unarodnog ugleda Crne Gore, posebno u regionu, \u0161to je posljedica, ne samo nekompetentnosti, nego i planskog djelovanja dijela antidr\u017eavne koalicije predvo\u0111ene strankom Andrije Mandi\u0107a.<\/p>\n\n\n\n<p>&#8220;Zloupotrebljavaju\u0107i jednu od najzna\u010dajnijih dr\u017eavnih institucija, Andrija Mandi\u0107 temeljno, otvoreno i neskriveno radi na svom politi\u010dkom i ideolo\u0161kom programu, \u010dija je su\u0161tina nestanak Crne Gore. Eliminisanjem dr\u017eavnih simbola iz svog kabineta i iz Skup\u0161tine, Mandi\u0107 uru\u0161ava ustavno ure\u0111enje i ustavni poredak Crne Gore. Iako znam da u ovoj destrukciji ima podr\u0161ku i crkve i Beograda, moram da priznam da sam iznena\u0111en brzinom kojom se sve odigrava. Mo\u017eda i zato \u0161to nema otpora nadle\u017enih institucija&#8221;, naveo je Markovi\u0107.<\/p>\n\n\n\n<p>Kako je istakao vjeruje da Zdravko Krivokapi\u0107 nije zaboravio ko ga je i gdje predlo\u017eio za premijera, ko mu je postavio \u201e12 apostola\u201c za ministre, ko je organizovao i obezbje\u0111ivao ustoli\u010denje novog mitropolita na Cetinju, za\u0161to su se lideri njegove koalicije susrijetali sa visokim oficirima BIA i u Beogradu i u bosanskohercegova\u010dkom entitetu RS u vrijeme formiranja Vlade, ko je autor programa Evropa sad\u2026<\/p>\n\n\n\n<p>&#8220;Ho\u0107u da ka\u017eem da se i tada i danas o svemu odlu\u010divalo u istim centrima \u201esrpskog sveta\u201c i BIA&#8221;, kazao je Markovi\u0107 u intervjuu.<\/p>\n\n\n\n<p>Na pitanje da li je vlast \u010diji je on bio dio pratila i prislu\u0161kivala neke opozicionare, sve\u0161tena lica, novinare Markovi\u0107 odgovara da to nije bila praksa, niti se sektor bezbjednosti time bavio.<\/p>\n\n\n\n<p>Naglasio je da je Vlada Milojka Spaji\u0107a nastavak vlade Dritana Abazovi\u0107a, a ona vlade Zdravka Krivokapi\u0107a.<\/p>\n\n\n\n<p>&#8220;Bezbjednosni sitem je razoren, ekonomija posrnula; usljed inflacije i visokih cijena, sve je vi\u0161e gra\u0111ana na ivici egzistencije; rasprodaju se i uni\u0161tavaju klju\u010dni razvojni resursi &#8211; uga\u0161ena je nacionalna avio-kompanija, gase se pomorske kompanije, rasprodaje imovina \u201ePlanta\u017ea\u201c, \u017deljezara je prodata pod krajnje problemati\u010dnim uslovima i pod sumnjom na korupciju, da ne govorimo o me\u0111unarodnoj kompromitaciji koncesionog procesa za crnogorske aerodrome&#8221;, naglasio je Markovi\u0107.<\/p>\n\n\n\n<p>Komentari\u0161u\u0107i okolnost da je nosilac liste SEP-a u Podgorici Ilija Mugo\u0161a bio na Kongresu URA-e, pokreta \u010diji je predsjednik potpisao temeljni ugovor, i kazao da je URA \u201epokreta\u010dka snaga promjena\u201c. Markovi\u0107 isti\u010de da je Mugo\u0161a uz saglasnost SEP-a, na taj skup oti\u0161ao po pozivu koji je dobila stranka.<\/p>\n\n\n\n<p>&#8220;Re\u010denica koju citirate zasmetala je dijelu javnosti, dok je dijelu poslu\u017eila kao izgovor za kampanju kompromitacije ili dovo\u0111enja u pitanje kredibiliteta ili opredjeljenja na\u0161e stranke. Dritan Abazovi\u0107 je tzv. temeljni ugovor potpisao jer mu je to omogu\u0107io DPS, koji je podr\u017eao njegovu manjinsku Vladu i u dogovoru sa Urom, koji se odnosio i na temeljni ugovor. Vjerujete mi da to znam. Mugo\u0161in kurtoazni govor je komentarisan, ali Ura nije Dritan Abazovi\u0107. I tamo postoje ljudi koji Crnu Goru do\u017eivljavaju kao svoj jedini izbor&#8221;, naglasio je Markovi\u0107.<\/p>\n\n\n\n<p>Kako je dodao, mo\u017eda nijesu u mogu\u0107nosti da to poka\u017eu, budu\u0107i da njihov predsjednik o\u010dito vlada prostorom. Nije pametno odbaciti petnaestak hiljada suverenisti\u010dkih glasova zbog onoga \u0161to radi Dritan Abazovi\u0107.<\/p>\n\n\n\n<p>&#8220;Ne mogu da razumijem dovo\u0111enje u pitanje orijentacije stranke na \u010dijem sam \u010delu. Svaki dan, svaki sat svog i politi\u010dkog i drugog \u017eivota usmjeren je prema Crnoj Gori i njenom interesu. Besmisleno je da me patriotizmu i odanosti dr\u017eavi u\u010de oni koji su bili miljama daleko kada Crna Gora obnavljala dr\u017eavnost i kada je njeno ime vra\u0107eno na mapu dr\u017eava svijeta.<\/p>\n\n\n\n<p>Na pitanje ho\u0107e li SEP u Podgorici podr\u017eati aktuelnog gradona\u010delnika u slu\u010daju da stranka Milana Kne\u017eevi\u0107a iza\u0111e iz vlasti Markovi\u0107 odgovara da SEP ne\u0107e \u201euskakati\u201c u vlast i spa\u0161avati bilo koga.<\/p>\n\n\n\n<p>Bude li u prilici, gradi\u0107e bolju vlast i u Podgorici i u Crnoj Gori. To zna\u010di vlast u javnom interesu, bez lo\u0161ih partijskih praksi, bez kompromisa sa revizionistima, sa onima koji ne priznaju Crnu Goru, koji je ru\u0161e i mijenjaju njenu istoriju.<\/p>","protected":false},"excerpt":{"rendered":"<p>Kako je naglasio u intervju &#8220;Pobjedi&#8221;, ova vlast dovela je i do uru\u0161avanja me\u0111unarodnog ugleda Crne Gore, posebno u regionu, \u0161to je posljedica, ne samo nekompetentnosti, nego i planskog djelovanja dijela antidr\u017eavne koalicije predvo\u0111ene strankom Andrije Mandi\u0107a. &#8220;Zloupotrebljavaju\u0107i jednu od najzna\u010dajnijih dr\u017eavnih institucija, Andrija Mandi\u0107 temeljno, otvoreno i neskriveno radi na svom politi\u010dkom i ideolo\u0161kom [&hellip;]<\/p>\n","protected":false},"author":1,"featured_media":953413,"comment_status":"open","ping_status":"open","sticky":false,"template":"","format":"standard","meta":{"_acf_changed":false,"footnotes":""},"categories":[12],"tags":[95,8860],"naslovna":[],"class_list":["post-953412","post","type-post","status-publish","format-standard","has-post-thumbnail","hentry","category-politika","tag-crna-gora","tag-dusko-markovic"],"acf":[],"yoast_head":"<!-- This site is optimized with the Yoast SEO plugin v27.4 - https:\/\/yoast.com\/product\/yoast-seo-wordpress\/ -->\n<title>Aktuelna vlast poni\u0161tila sekularni karakter Crne Gore, do Temeljnog ugovora uz pomo\u0107 DPS-a - dmcsrb.com<\/title>\n<meta name=\"robots\" content=\"index, follow, max-snippet:-1, max-image-preview:large, max-video-preview:-1\" \/>\n<link rel=\"canonical\" href=\"https:\/\/dmcsrb.com\/en\/politika\/aktuelna-vlast-ponistila-sekularni-karakter-crne-gore-do-temeljnog-ugovora-uz-pomoc-dps-a\/\" \/>\n<meta property=\"og:locale\" content=\"en_GB\" \/>\n<meta property=\"og:type\" content=\"article\" \/>\n<meta property=\"og:title\" content=\"Aktuelna vlast poni\u0161tila sekularni karakter Crne Gore, do Temeljnog ugovora uz pomo\u0107 DPS-a - dmcsrb.com\" \/>\n<meta property=\"og:description\" content=\"Kako je naglasio u intervju &#8220;Pobjedi&#8221;, ova vlast dovela je i do uru\u0161avanja me\u0111unarodnog ugleda Crne Gore, posebno u regionu, \u0161to je posljedica, ne samo nekompetentnosti, nego i planskog djelovanja dijela antidr\u017eavne koalicije predvo\u0111ene strankom Andrije Mandi\u0107a. &#8220;Zloupotrebljavaju\u0107i jednu od najzna\u010dajnijih dr\u017eavnih institucija, Andrija Mandi\u0107 temeljno, otvoreno i neskriveno radi na svom politi\u010dkom i ideolo\u0161kom [&hellip;]\" \/>\n<meta property=\"og:url\" content=\"https:\/\/dmcsrb.com\/en\/politika\/aktuelna-vlast-ponistila-sekularni-karakter-crne-gore-do-temeljnog-ugovora-uz-pomoc-dps-a\/\" \/>\n<meta property=\"og:site_name\" content=\"dmcsrb.com\" \/>\n<meta property=\"article:published_time\" content=\"2025-09-22T07:35:00+00:00\" \/>\n<meta property=\"og:image\" content=\"https:\/\/dmcsrb.com\/wp-content\/uploads\/2026\/01\/markovic-1.webp\" \/>\n\t<meta property=\"og:image:width\" content=\"837\" \/>\n\t<meta property=\"og:image:height\" content=\"508\" \/>\n\t<meta property=\"og:image:type\" content=\"image\/png\" \/>\n<meta name=\"author\" content=\"dmcsrbija.com@gmail.com\" \/>\n<meta name=\"twitter:card\" content=\"summary_large_image\" \/>\n<meta name=\"twitter:label1\" content=\"Written by\" \/>\n\t<meta name=\"twitter:data1\" content=\"dmcsrbija.com@gmail.com\" \/>\n\t<meta name=\"twitter:label2\" content=\"Estimated reading time\" \/>\n\t<meta name=\"twitter:data2\" content=\"3 minutes\" \/>\n<script type=\"application\/ld+json\" class=\"yoast-schema-graph\">{\"@context\":\"https:\\\/\\\/schema.org\",\"@graph\":[{\"@type\":\"Article\",\"@id\":\"https:\\\/\\\/dmcsrb.com\\\/politika\\\/aktuelna-vlast-ponistila-sekularni-karakter-crne-gore-do-temeljnog-ugovora-uz-pomoc-dps-a\\\/#article\",\"isPartOf\":{\"@id\":\"https:\\\/\\\/dmcsrb.com\\\/politika\\\/aktuelna-vlast-ponistila-sekularni-karakter-crne-gore-do-temeljnog-ugovora-uz-pomoc-dps-a\\\/\"},\"author\":{\"name\":\"dmcsrbija.com@gmail.com\",\"@id\":\"https:\\\/\\\/dmcsrb.com\\\/#\\\/schema\\\/person\\\/5c39170f12db1b8b457732d0b5c854e2\"},\"headline\":\"Aktuelna vlast poni\u0161tila sekularni karakter Crne Gore, do Temeljnog ugovora uz pomo\u0107 DPS-a\",\"datePublished\":\"2025-09-22T07:35:00+00:00\",\"mainEntityOfPage\":{\"@id\":\"https:\\\/\\\/dmcsrb.com\\\/politika\\\/aktuelna-vlast-ponistila-sekularni-karakter-crne-gore-do-temeljnog-ugovora-uz-pomoc-dps-a\\\/\"},\"wordCount\":705,\"commentCount\":0,\"image\":{\"@id\":\"https:\\\/\\\/dmcsrb.com\\\/politika\\\/aktuelna-vlast-ponistila-sekularni-karakter-crne-gore-do-temeljnog-ugovora-uz-pomoc-dps-a\\\/#primaryimage\"},\"thumbnailUrl\":\"https:\\\/\\\/dmcsrb.com\\\/wp-content\\\/uploads\\\/2026\\\/01\\\/markovic-1.webp\",\"keywords\":[\"Crna Gora\",\"Du\u0161ko Markovi\u0107\"],\"articleSection\":[\"Politika\"],\"inLanguage\":\"en-GB\",\"potentialAction\":[{\"@type\":\"CommentAction\",\"name\":\"Comment\",\"target\":[\"https:\\\/\\\/dmcsrb.com\\\/politika\\\/aktuelna-vlast-ponistila-sekularni-karakter-crne-gore-do-temeljnog-ugovora-uz-pomoc-dps-a\\\/#respond\"]}]},{\"@type\":\"WebPage\",\"@id\":\"https:\\\/\\\/dmcsrb.com\\\/politika\\\/aktuelna-vlast-ponistila-sekularni-karakter-crne-gore-do-temeljnog-ugovora-uz-pomoc-dps-a\\\/\",\"url\":\"https:\\\/\\\/dmcsrb.com\\\/politika\\\/aktuelna-vlast-ponistila-sekularni-karakter-crne-gore-do-temeljnog-ugovora-uz-pomoc-dps-a\\\/\",\"name\":\"Aktuelna vlast poni\u0161tila sekularni karakter Crne Gore, do Temeljnog ugovora uz pomo\u0107 DPS-a - dmcsrb.com\",\"isPartOf\":{\"@id\":\"https:\\\/\\\/dmcsrb.com\\\/#website\"},\"primaryImageOfPage\":{\"@id\":\"https:\\\/\\\/dmcsrb.com\\\/politika\\\/aktuelna-vlast-ponistila-sekularni-karakter-crne-gore-do-temeljnog-ugovora-uz-pomoc-dps-a\\\/#primaryimage\"},\"image\":{\"@id\":\"https:\\\/\\\/dmcsrb.com\\\/politika\\\/aktuelna-vlast-ponistila-sekularni-karakter-crne-gore-do-temeljnog-ugovora-uz-pomoc-dps-a\\\/#primaryimage\"},\"thumbnailUrl\":\"https:\\\/\\\/dmcsrb.com\\\/wp-content\\\/uploads\\\/2026\\\/01\\\/markovic-1.webp\",\"datePublished\":\"2025-09-22T07:35:00+00:00\",\"author\":{\"@id\":\"https:\\\/\\\/dmcsrb.com\\\/#\\\/schema\\\/person\\\/5c39170f12db1b8b457732d0b5c854e2\"},\"breadcrumb\":{\"@id\":\"https:\\\/\\\/dmcsrb.com\\\/politika\\\/aktuelna-vlast-ponistila-sekularni-karakter-crne-gore-do-temeljnog-ugovora-uz-pomoc-dps-a\\\/#breadcrumb\"},\"inLanguage\":\"en-GB\",\"potentialAction\":[{\"@type\":\"ReadAction\",\"target\":[\"https:\\\/\\\/dmcsrb.com\\\/politika\\\/aktuelna-vlast-ponistila-sekularni-karakter-crne-gore-do-temeljnog-ugovora-uz-pomoc-dps-a\\\/\"]}]},{\"@type\":\"ImageObject\",\"inLanguage\":\"en-GB\",\"@id\":\"https:\\\/\\\/dmcsrb.com\\\/politika\\\/aktuelna-vlast-ponistila-sekularni-karakter-crne-gore-do-temeljnog-ugovora-uz-pomoc-dps-a\\\/#primaryimage\",\"url\":\"https:\\\/\\\/dmcsrb.com\\\/wp-content\\\/uploads\\\/2026\\\/01\\\/markovic-1.webp\",\"contentUrl\":\"https:\\\/\\\/dmcsrb.com\\\/wp-content\\\/uploads\\\/2026\\\/01\\\/markovic-1.webp\",\"width\":837,\"height\":508},{\"@type\":\"BreadcrumbList\",\"@id\":\"https:\\\/\\\/dmcsrb.com\\\/politika\\\/aktuelna-vlast-ponistila-sekularni-karakter-crne-gore-do-temeljnog-ugovora-uz-pomoc-dps-a\\\/#breadcrumb\",\"itemListElement\":[{\"@type\":\"ListItem\",\"position\":1,\"name\":\"Home\",\"item\":\"https:\\\/\\\/dmcsrb.com\\\/\"},{\"@type\":\"ListItem\",\"position\":2,\"name\":\"Aktuelna vlast poni\u0161tila sekularni karakter Crne Gore, do Temeljnog ugovora uz pomo\u0107 DPS-a\"}]},{\"@type\":\"WebSite\",\"@id\":\"https:\\\/\\\/dmcsrb.com\\\/#website\",\"url\":\"https:\\\/\\\/dmcsrb.com\\\/\",\"name\":\"dmcsrb.com\",\"description\":\"\",\"potentialAction\":[{\"@type\":\"SearchAction\",\"target\":{\"@type\":\"EntryPoint\",\"urlTemplate\":\"https:\\\/\\\/dmcsrb.com\\\/?s={search_term_string}\"},\"query-input\":{\"@type\":\"PropertyValueSpecification\",\"valueRequired\":true,\"valueName\":\"search_term_string\"}}],\"inLanguage\":\"en-GB\"},{\"@type\":\"Person\",\"@id\":\"https:\\\/\\\/dmcsrb.com\\\/#\\\/schema\\\/person\\\/5c39170f12db1b8b457732d0b5c854e2\",\"name\":\"dmcsrbija.com@gmail.com\",\"image\":{\"@type\":\"ImageObject\",\"inLanguage\":\"en-GB\",\"@id\":\"https:\\\/\\\/secure.gravatar.com\\\/avatar\\\/68592660ad6347fad0fb587f8d5d8f1a7b44961362f56e4f2cd524feb87e9069?s=96&d=mm&r=g\",\"url\":\"https:\\\/\\\/secure.gravatar.com\\\/avatar\\\/68592660ad6347fad0fb587f8d5d8f1a7b44961362f56e4f2cd524feb87e9069?s=96&d=mm&r=g\",\"contentUrl\":\"https:\\\/\\\/secure.gravatar.com\\\/avatar\\\/68592660ad6347fad0fb587f8d5d8f1a7b44961362f56e4f2cd524feb87e9069?s=96&d=mm&r=g\",\"caption\":\"dmcsrbija.com@gmail.com\"},\"sameAs\":[\"https:\\\/\\\/dmcsrb.com\"],\"url\":\"https:\\\/\\\/dmcsrb.com\\\/en\\\/author\\\/dmcsrbija-comgmail-com\\\/\"}]}<\/script>\n<!-- \/ Yoast SEO plugin. -->","yoast_head_json":{"title":"Aktuelna vlast poni\u0161tila sekularni karakter Crne Gore, do Temeljnog ugovora uz pomo\u0107 DPS-a - dmcsrb.com","robots":{"index":"index","follow":"follow","max-snippet":"max-snippet:-1","max-image-preview":"max-image-preview:large","max-video-preview":"max-video-preview:-1"},"canonical":"https:\/\/dmcsrb.com\/en\/politika\/aktuelna-vlast-ponistila-sekularni-karakter-crne-gore-do-temeljnog-ugovora-uz-pomoc-dps-a\/","og_locale":"en_GB","og_type":"article","og_title":"Aktuelna vlast poni\u0161tila sekularni karakter Crne Gore, do Temeljnog ugovora uz pomo\u0107 DPS-a - dmcsrb.com","og_description":"Kako je naglasio u intervju &#8220;Pobjedi&#8221;, ova vlast dovela je i do uru\u0161avanja me\u0111unarodnog ugleda Crne Gore, posebno u regionu, \u0161to je posljedica, ne samo nekompetentnosti, nego i planskog djelovanja dijela antidr\u017eavne koalicije predvo\u0111ene strankom Andrije Mandi\u0107a. &#8220;Zloupotrebljavaju\u0107i jednu od najzna\u010dajnijih dr\u017eavnih institucija, Andrija Mandi\u0107 temeljno, otvoreno i neskriveno radi na svom politi\u010dkom i ideolo\u0161kom [&hellip;]","og_url":"https:\/\/dmcsrb.com\/en\/politika\/aktuelna-vlast-ponistila-sekularni-karakter-crne-gore-do-temeljnog-ugovora-uz-pomoc-dps-a\/","og_site_name":"dmcsrb.com","article_published_time":"2025-09-22T07:35:00+00:00","og_image":[{"width":837,"height":508,"url":"https:\/\/dmcsrb.com\/wp-content\/uploads\/2026\/01\/markovic-1.webp","type":"image\/png"}],"author":"dmcsrbija.com@gmail.com","twitter_card":"summary_large_image","twitter_misc":{"Written by":"dmcsrbija.com@gmail.com","Estimated reading time":"3 minutes"},"schema":{"@context":"https:\/\/schema.org","@graph":[{"@type":"Article","@id":"https:\/\/dmcsrb.com\/politika\/aktuelna-vlast-ponistila-sekularni-karakter-crne-gore-do-temeljnog-ugovora-uz-pomoc-dps-a\/#article","isPartOf":{"@id":"https:\/\/dmcsrb.com\/politika\/aktuelna-vlast-ponistila-sekularni-karakter-crne-gore-do-temeljnog-ugovora-uz-pomoc-dps-a\/"},"author":{"name":"dmcsrbija.com@gmail.com","@id":"https:\/\/dmcsrb.com\/#\/schema\/person\/5c39170f12db1b8b457732d0b5c854e2"},"headline":"Aktuelna vlast poni\u0161tila sekularni karakter Crne Gore, do Temeljnog ugovora uz pomo\u0107 DPS-a","datePublished":"2025-09-22T07:35:00+00:00","mainEntityOfPage":{"@id":"https:\/\/dmcsrb.com\/politika\/aktuelna-vlast-ponistila-sekularni-karakter-crne-gore-do-temeljnog-ugovora-uz-pomoc-dps-a\/"},"wordCount":705,"commentCount":0,"image":{"@id":"https:\/\/dmcsrb.com\/politika\/aktuelna-vlast-ponistila-sekularni-karakter-crne-gore-do-temeljnog-ugovora-uz-pomoc-dps-a\/#primaryimage"},"thumbnailUrl":"https:\/\/dmcsrb.com\/wp-content\/uploads\/2026\/01\/markovic-1.webp","keywords":["Crna Gora","Du\u0161ko Markovi\u0107"],"articleSection":["Politika"],"inLanguage":"en-GB","potentialAction":[{"@type":"CommentAction","name":"Comment","target":["https:\/\/dmcsrb.com\/politika\/aktuelna-vlast-ponistila-sekularni-karakter-crne-gore-do-temeljnog-ugovora-uz-pomoc-dps-a\/#respond"]}]},{"@type":"WebPage","@id":"https:\/\/dmcsrb.com\/politika\/aktuelna-vlast-ponistila-sekularni-karakter-crne-gore-do-temeljnog-ugovora-uz-pomoc-dps-a\/","url":"https:\/\/dmcsrb.com\/politika\/aktuelna-vlast-ponistila-sekularni-karakter-crne-gore-do-temeljnog-ugovora-uz-pomoc-dps-a\/","name":"Aktuelna vlast poni\u0161tila sekularni karakter Crne Gore, do Temeljnog ugovora uz pomo\u0107 DPS-a - dmcsrb.com","isPartOf":{"@id":"https:\/\/dmcsrb.com\/#website"},"primaryImageOfPage":{"@id":"https:\/\/dmcsrb.com\/politika\/aktuelna-vlast-ponistila-sekularni-karakter-crne-gore-do-temeljnog-ugovora-uz-pomoc-dps-a\/#primaryimage"},"image":{"@id":"https:\/\/dmcsrb.com\/politika\/aktuelna-vlast-ponistila-sekularni-karakter-crne-gore-do-temeljnog-ugovora-uz-pomoc-dps-a\/#primaryimage"},"thumbnailUrl":"https:\/\/dmcsrb.com\/wp-content\/uploads\/2026\/01\/markovic-1.webp","datePublished":"2025-09-22T07:35:00+00:00","author":{"@id":"https:\/\/dmcsrb.com\/#\/schema\/person\/5c39170f12db1b8b457732d0b5c854e2"},"breadcrumb":{"@id":"https:\/\/dmcsrb.com\/politika\/aktuelna-vlast-ponistila-sekularni-karakter-crne-gore-do-temeljnog-ugovora-uz-pomoc-dps-a\/#breadcrumb"},"inLanguage":"en-GB","potentialAction":[{"@type":"ReadAction","target":["https:\/\/dmcsrb.com\/politika\/aktuelna-vlast-ponistila-sekularni-karakter-crne-gore-do-temeljnog-ugovora-uz-pomoc-dps-a\/"]}]},{"@type":"ImageObject","inLanguage":"en-GB","@id":"https:\/\/dmcsrb.com\/politika\/aktuelna-vlast-ponistila-sekularni-karakter-crne-gore-do-temeljnog-ugovora-uz-pomoc-dps-a\/#primaryimage","url":"https:\/\/dmcsrb.com\/wp-content\/uploads\/2026\/01\/markovic-1.webp","contentUrl":"https:\/\/dmcsrb.com\/wp-content\/uploads\/2026\/01\/markovic-1.webp","width":837,"height":508},{"@type":"BreadcrumbList","@id":"https:\/\/dmcsrb.com\/politika\/aktuelna-vlast-ponistila-sekularni-karakter-crne-gore-do-temeljnog-ugovora-uz-pomoc-dps-a\/#breadcrumb","itemListElement":[{"@type":"ListItem","position":1,"name":"Home","item":"https:\/\/dmcsrb.com\/"},{"@type":"ListItem","position":2,"name":"Aktuelna vlast poni\u0161tila sekularni karakter Crne Gore, do Temeljnog ugovora uz pomo\u0107 DPS-a"}]},{"@type":"WebSite","@id":"https:\/\/dmcsrb.com\/#website","url":"https:\/\/dmcsrb.com\/","name":"dmcsrb.com","description":"","potentialAction":[{"@type":"SearchAction","target":{"@type":"EntryPoint","urlTemplate":"https:\/\/dmcsrb.com\/?s={search_term_string}"},"query-input":{"@type":"PropertyValueSpecification","valueRequired":true,"valueName":"search_term_string"}}],"inLanguage":"en-GB"},{"@type":"Person","@id":"https:\/\/dmcsrb.com\/#\/schema\/person\/5c39170f12db1b8b457732d0b5c854e2","name":"dmcsrbija.com@gmail.com","image":{"@type":"ImageObject","inLanguage":"en-GB","@id":"https:\/\/secure.gravatar.com\/avatar\/68592660ad6347fad0fb587f8d5d8f1a7b44961362f56e4f2cd524feb87e9069?s=96&d=mm&r=g","url":"https:\/\/secure.gravatar.com\/avatar\/68592660ad6347fad0fb587f8d5d8f1a7b44961362f56e4f2cd524feb87e9069?s=96&d=mm&r=g","contentUrl":"https:\/\/secure.gravatar.com\/avatar\/68592660ad6347fad0fb587f8d5d8f1a7b44961362f56e4f2cd524feb87e9069?s=96&d=mm&r=g","caption":"dmcsrbija.com@gmail.com"},"sameAs":["https:\/\/dmcsrb.com"],"url":"https:\/\/dmcsrb.com\/en\/author\/dmcsrbija-comgmail-com\/"}]}},"_links":{"self":[{"href":"https:\/\/dmcsrb.com\/en\/wp-json\/wp\/v2\/posts\/953412","targetHints":{"allow":["GET"]}}],"collection":[{"href":"https:\/\/dmcsrb.com\/en\/wp-json\/wp\/v2\/posts"}],"about":[{"href":"https:\/\/dmcsrb.com\/en\/wp-json\/wp\/v2\/types\/post"}],"author":[{"embeddable":true,"href":"https:\/\/dmcsrb.com\/en\/wp-json\/wp\/v2\/users\/1"}],"replies":[{"embeddable":true,"href":"https:\/\/dmcsrb.com\/en\/wp-json\/wp\/v2\/comments?post=953412"}],"version-history":[{"count":0,"href":"https:\/\/dmcsrb.com\/en\/wp-json\/wp\/v2\/posts\/953412\/revisions"}],"wp:featuredmedia":[{"embeddable":true,"href":"https:\/\/dmcsrb.com\/en\/wp-json\/wp\/v2\/media\/953413"}],"wp:attachment":[{"href":"https:\/\/dmcsrb.com\/en\/wp-json\/wp\/v2\/media?parent=953412"}],"wp:term":[{"taxonomy":"category","embeddable":true,"href":"https:\/\/dmcsrb.com\/en\/wp-json\/wp\/v2\/categories?post=953412"},{"taxonomy":"post_tag","embeddable":true,"href":"https:\/\/dmcsrb.com\/en\/wp-json\/wp\/v2\/tags?post=953412"},{"taxonomy":"naslovna","embeddable":true,"href":"https:\/\/dmcsrb.com\/en\/wp-json\/wp\/v2\/naslovna?post=953412"}],"curies":[{"name":"wp","href":"https:\/\/api.w.org\/{rel}","templated":true}]}}