{"id":953410,"date":"2025-09-22T13:10:00","date_gmt":"2025-09-22T11:10:00","guid":{"rendered":"https:\/\/dmcsrb.com\/uncategorized\/markovic-poslanica-popovic-nervozno-i-netacno-tumaci-moju-izjavu-o-potpisivanju-temeljnog-ugovora\/"},"modified":"2025-09-22T13:10:00","modified_gmt":"2025-09-22T11:10:00","slug":"markovic-poslanica-popovic-nervozno-i-netacno-tumaci-moju-izjavu-o-potpisivanju-temeljnog-ugovora","status":"publish","type":"post","link":"https:\/\/dmcsrb.com\/en\/politika\/markovic-poslanica-popovic-nervozno-i-netacno-tumaci-moju-izjavu-o-potpisivanju-temeljnog-ugovora\/","title":{"rendered":"Markovi\u0107: Poslanica Popovi\u0107 nervozno i neta\u010dno tuma\u010di moju izjavu o potpisivanju Temeljnog ugovora."},"content":{"rendered":"<p>\u00a0&#8220;Nijesam rekao, niti tvrdim, da je DPS podr\u017eao Temeljni ugovor \u2013 to nije ta\u010dno&#8221;, istakao je Markovi\u0107.<\/p>\n\n\n\n<p>\u00a0Preporu\u010dio je poslanici Popovi\u0107 da pa\u017eljivije \u010dita.<\/p>\n\n\n\n<p>&#8220;Pozivam Vas na pristojan i odgovoran politi\u010dki dijalog zasnovan na \u010dinjenicama i autonomnim politi\u010dkim stavovima, bez neta\u010dnih i pau\u0161alnih kvalifikacija&#8221;, zaklju\u010dio je Markovi\u0107.<\/p>\n\n\n\n<figure class=\"wp-block-embed is-type-wp-embed is-provider-gradski-portal wp-block-embed-gradski-portal\"><div class=\"wp-block-embed__wrapper\">\nhttps:\/\/gradski.me\/popovic-markovic-iznio-neistine-laz-da-je-abazovic-u-dogovoru-sa-dps-om-potpisao-temeljni-ugovor\/\n<\/div><\/figure>","protected":false},"excerpt":{"rendered":"<p>Rekao sam, i iza toga stojim, da je Dritan Abazovi\u0107 dobio priliku da potpi\u0161e Temeljni ugovor zahvaljuju\u0107i manjinskoj podr\u0161ci njegovoj Vladi, koju je DPS obezbijedio, kao i sporazumu o toj podr\u0161ci u kojem je, izme\u0111u ostalog, tretirano i pitanje Temeljnog ugovora, kazao je predsjednik Stranke evropskog progresa, Du\u0161ko Markovi\u0107<\/p>","protected":false},"author":1,"featured_media":953411,"comment_status":"open","ping_status":"open","sticky":false,"template":"","format":"standard","meta":{"_acf_changed":false,"footnotes":""},"categories":[12],"tags":[63,8860,232,780],"naslovna":[],"class_list":["post-953410","post","type-post","status-publish","format-standard","has-post-thumbnail","hentry","category-politika","tag-dps","tag-dusko-markovic","tag-sep","tag-sonja-popovic"],"acf":[],"yoast_head":"<!-- This site is optimized with the Yoast SEO plugin v27.4 - https:\/\/yoast.com\/product\/yoast-seo-wordpress\/ -->\n<title>Markovi\u0107: Poslanica Popovi\u0107 nervozno i neta\u010dno tuma\u010di moju izjavu o potpisivanju Temeljnog ugovora. - dmcsrb.com<\/title>\n<meta name=\"robots\" content=\"index, follow, max-snippet:-1, max-image-preview:large, max-video-preview:-1\" \/>\n<link rel=\"canonical\" href=\"https:\/\/dmcsrb.com\/en\/politika\/markovic-poslanica-popovic-nervozno-i-netacno-tumaci-moju-izjavu-o-potpisivanju-temeljnog-ugovora\/\" \/>\n<meta property=\"og:locale\" content=\"en_GB\" \/>\n<meta property=\"og:type\" content=\"article\" \/>\n<meta property=\"og:title\" content=\"Markovi\u0107: Poslanica Popovi\u0107 nervozno i neta\u010dno tuma\u010di moju izjavu o potpisivanju Temeljnog ugovora. - dmcsrb.com\" \/>\n<meta property=\"og:description\" content=\"Rekao sam, i iza toga stojim, da je Dritan Abazovi\u0107 dobio priliku da potpi\u0161e Temeljni ugovor zahvaljuju\u0107i manjinskoj podr\u0161ci njegovoj Vladi, koju je DPS obezbijedio, kao i sporazumu o toj podr\u0161ci u kojem je, izme\u0111u ostalog, tretirano i pitanje Temeljnog ugovora, kazao je predsjednik Stranke evropskog progresa, Du\u0161ko Markovi\u0107\" \/>\n<meta property=\"og:url\" content=\"https:\/\/dmcsrb.com\/en\/politika\/markovic-poslanica-popovic-nervozno-i-netacno-tumaci-moju-izjavu-o-potpisivanju-temeljnog-ugovora\/\" \/>\n<meta property=\"og:site_name\" content=\"dmcsrb.com\" \/>\n<meta property=\"article:published_time\" content=\"2025-09-22T11:10:00+00:00\" \/>\n<meta property=\"og:image\" content=\"https:\/\/dmcsrb.com\/wp-content\/uploads\/2026\/01\/Dusko-Markovic-foto-gradski-me.webp\" \/>\n\t<meta property=\"og:image:width\" content=\"1486\" \/>\n\t<meta property=\"og:image:height\" content=\"788\" \/>\n\t<meta property=\"og:image:type\" content=\"image\/jpeg\" \/>\n<meta name=\"author\" content=\"dmcsrbija.com@gmail.com\" \/>\n<meta name=\"twitter:card\" content=\"summary_large_image\" \/>\n<meta name=\"twitter:label1\" content=\"Written by\" \/>\n\t<meta name=\"twitter:data1\" content=\"dmcsrbija.com@gmail.com\" \/>\n<script type=\"application\/ld+json\" class=\"yoast-schema-graph\">{\"@context\":\"https:\\\/\\\/schema.org\",\"@graph\":[{\"@type\":\"Article\",\"@id\":\"https:\\\/\\\/dmcsrb.com\\\/politika\\\/markovic-poslanica-popovic-nervozno-i-netacno-tumaci-moju-izjavu-o-potpisivanju-temeljnog-ugovora\\\/#article\",\"isPartOf\":{\"@id\":\"https:\\\/\\\/dmcsrb.com\\\/politika\\\/markovic-poslanica-popovic-nervozno-i-netacno-tumaci-moju-izjavu-o-potpisivanju-temeljnog-ugovora\\\/\"},\"author\":{\"name\":\"dmcsrbija.com@gmail.com\",\"@id\":\"https:\\\/\\\/dmcsrb.com\\\/#\\\/schema\\\/person\\\/5c39170f12db1b8b457732d0b5c854e2\"},\"headline\":\"Markovi\u0107: Poslanica Popovi\u0107 nervozno i neta\u010dno tuma\u010di moju izjavu o potpisivanju Temeljnog ugovora.\",\"datePublished\":\"2025-09-22T11:10:00+00:00\",\"mainEntityOfPage\":{\"@id\":\"https:\\\/\\\/dmcsrb.com\\\/politika\\\/markovic-poslanica-popovic-nervozno-i-netacno-tumaci-moju-izjavu-o-potpisivanju-temeljnog-ugovora\\\/\"},\"wordCount\":74,\"commentCount\":0,\"image\":{\"@id\":\"https:\\\/\\\/dmcsrb.com\\\/politika\\\/markovic-poslanica-popovic-nervozno-i-netacno-tumaci-moju-izjavu-o-potpisivanju-temeljnog-ugovora\\\/#primaryimage\"},\"thumbnailUrl\":\"https:\\\/\\\/dmcsrb.com\\\/wp-content\\\/uploads\\\/2026\\\/01\\\/Dusko-Markovic-foto-gradski-me.webp\",\"keywords\":[\"DPS\",\"Du\u0161ko Markovi\u0107\",\"SEP\",\"Sonja Popovi\u0107\"],\"articleSection\":[\"Politika\"],\"inLanguage\":\"en-GB\",\"potentialAction\":[{\"@type\":\"CommentAction\",\"name\":\"Comment\",\"target\":[\"https:\\\/\\\/dmcsrb.com\\\/politika\\\/markovic-poslanica-popovic-nervozno-i-netacno-tumaci-moju-izjavu-o-potpisivanju-temeljnog-ugovora\\\/#respond\"]}]},{\"@type\":\"WebPage\",\"@id\":\"https:\\\/\\\/dmcsrb.com\\\/politika\\\/markovic-poslanica-popovic-nervozno-i-netacno-tumaci-moju-izjavu-o-potpisivanju-temeljnog-ugovora\\\/\",\"url\":\"https:\\\/\\\/dmcsrb.com\\\/politika\\\/markovic-poslanica-popovic-nervozno-i-netacno-tumaci-moju-izjavu-o-potpisivanju-temeljnog-ugovora\\\/\",\"name\":\"Markovi\u0107: Poslanica Popovi\u0107 nervozno i neta\u010dno tuma\u010di moju izjavu o potpisivanju Temeljnog ugovora. - dmcsrb.com\",\"isPartOf\":{\"@id\":\"https:\\\/\\\/dmcsrb.com\\\/#website\"},\"primaryImageOfPage\":{\"@id\":\"https:\\\/\\\/dmcsrb.com\\\/politika\\\/markovic-poslanica-popovic-nervozno-i-netacno-tumaci-moju-izjavu-o-potpisivanju-temeljnog-ugovora\\\/#primaryimage\"},\"image\":{\"@id\":\"https:\\\/\\\/dmcsrb.com\\\/politika\\\/markovic-poslanica-popovic-nervozno-i-netacno-tumaci-moju-izjavu-o-potpisivanju-temeljnog-ugovora\\\/#primaryimage\"},\"thumbnailUrl\":\"https:\\\/\\\/dmcsrb.com\\\/wp-content\\\/uploads\\\/2026\\\/01\\\/Dusko-Markovic-foto-gradski-me.webp\",\"datePublished\":\"2025-09-22T11:10:00+00:00\",\"author\":{\"@id\":\"https:\\\/\\\/dmcsrb.com\\\/#\\\/schema\\\/person\\\/5c39170f12db1b8b457732d0b5c854e2\"},\"breadcrumb\":{\"@id\":\"https:\\\/\\\/dmcsrb.com\\\/politika\\\/markovic-poslanica-popovic-nervozno-i-netacno-tumaci-moju-izjavu-o-potpisivanju-temeljnog-ugovora\\\/#breadcrumb\"},\"inLanguage\":\"en-GB\",\"potentialAction\":[{\"@type\":\"ReadAction\",\"target\":[\"https:\\\/\\\/dmcsrb.com\\\/politika\\\/markovic-poslanica-popovic-nervozno-i-netacno-tumaci-moju-izjavu-o-potpisivanju-temeljnog-ugovora\\\/\"]}]},{\"@type\":\"ImageObject\",\"inLanguage\":\"en-GB\",\"@id\":\"https:\\\/\\\/dmcsrb.com\\\/politika\\\/markovic-poslanica-popovic-nervozno-i-netacno-tumaci-moju-izjavu-o-potpisivanju-temeljnog-ugovora\\\/#primaryimage\",\"url\":\"https:\\\/\\\/dmcsrb.com\\\/wp-content\\\/uploads\\\/2026\\\/01\\\/Dusko-Markovic-foto-gradski-me.webp\",\"contentUrl\":\"https:\\\/\\\/dmcsrb.com\\\/wp-content\\\/uploads\\\/2026\\\/01\\\/Dusko-Markovic-foto-gradski-me.webp\",\"width\":1486,\"height\":788},{\"@type\":\"BreadcrumbList\",\"@id\":\"https:\\\/\\\/dmcsrb.com\\\/politika\\\/markovic-poslanica-popovic-nervozno-i-netacno-tumaci-moju-izjavu-o-potpisivanju-temeljnog-ugovora\\\/#breadcrumb\",\"itemListElement\":[{\"@type\":\"ListItem\",\"position\":1,\"name\":\"Home\",\"item\":\"https:\\\/\\\/dmcsrb.com\\\/\"},{\"@type\":\"ListItem\",\"position\":2,\"name\":\"Markovi\u0107: Poslanica Popovi\u0107 nervozno i neta\u010dno tuma\u010di moju izjavu o potpisivanju Temeljnog ugovora.\"}]},{\"@type\":\"WebSite\",\"@id\":\"https:\\\/\\\/dmcsrb.com\\\/#website\",\"url\":\"https:\\\/\\\/dmcsrb.com\\\/\",\"name\":\"dmcsrb.com\",\"description\":\"\",\"potentialAction\":[{\"@type\":\"SearchAction\",\"target\":{\"@type\":\"EntryPoint\",\"urlTemplate\":\"https:\\\/\\\/dmcsrb.com\\\/?s={search_term_string}\"},\"query-input\":{\"@type\":\"PropertyValueSpecification\",\"valueRequired\":true,\"valueName\":\"search_term_string\"}}],\"inLanguage\":\"en-GB\"},{\"@type\":\"Person\",\"@id\":\"https:\\\/\\\/dmcsrb.com\\\/#\\\/schema\\\/person\\\/5c39170f12db1b8b457732d0b5c854e2\",\"name\":\"dmcsrbija.com@gmail.com\",\"image\":{\"@type\":\"ImageObject\",\"inLanguage\":\"en-GB\",\"@id\":\"https:\\\/\\\/secure.gravatar.com\\\/avatar\\\/68592660ad6347fad0fb587f8d5d8f1a7b44961362f56e4f2cd524feb87e9069?s=96&d=mm&r=g\",\"url\":\"https:\\\/\\\/secure.gravatar.com\\\/avatar\\\/68592660ad6347fad0fb587f8d5d8f1a7b44961362f56e4f2cd524feb87e9069?s=96&d=mm&r=g\",\"contentUrl\":\"https:\\\/\\\/secure.gravatar.com\\\/avatar\\\/68592660ad6347fad0fb587f8d5d8f1a7b44961362f56e4f2cd524feb87e9069?s=96&d=mm&r=g\",\"caption\":\"dmcsrbija.com@gmail.com\"},\"sameAs\":[\"https:\\\/\\\/dmcsrb.com\"],\"url\":\"https:\\\/\\\/dmcsrb.com\\\/en\\\/author\\\/dmcsrbija-comgmail-com\\\/\"}]}<\/script>\n<!-- \/ Yoast SEO plugin. -->","yoast_head_json":{"title":"Markovi\u0107: Poslanica Popovi\u0107 nervozno i neta\u010dno tuma\u010di moju izjavu o potpisivanju Temeljnog ugovora. - dmcsrb.com","robots":{"index":"index","follow":"follow","max-snippet":"max-snippet:-1","max-image-preview":"max-image-preview:large","max-video-preview":"max-video-preview:-1"},"canonical":"https:\/\/dmcsrb.com\/en\/politika\/markovic-poslanica-popovic-nervozno-i-netacno-tumaci-moju-izjavu-o-potpisivanju-temeljnog-ugovora\/","og_locale":"en_GB","og_type":"article","og_title":"Markovi\u0107: Poslanica Popovi\u0107 nervozno i neta\u010dno tuma\u010di moju izjavu o potpisivanju Temeljnog ugovora. - dmcsrb.com","og_description":"Rekao sam, i iza toga stojim, da je Dritan Abazovi\u0107 dobio priliku da potpi\u0161e Temeljni ugovor zahvaljuju\u0107i manjinskoj podr\u0161ci njegovoj Vladi, koju je DPS obezbijedio, kao i sporazumu o toj podr\u0161ci u kojem je, izme\u0111u ostalog, tretirano i pitanje Temeljnog ugovora, kazao je predsjednik Stranke evropskog progresa, Du\u0161ko Markovi\u0107","og_url":"https:\/\/dmcsrb.com\/en\/politika\/markovic-poslanica-popovic-nervozno-i-netacno-tumaci-moju-izjavu-o-potpisivanju-temeljnog-ugovora\/","og_site_name":"dmcsrb.com","article_published_time":"2025-09-22T11:10:00+00:00","og_image":[{"width":1486,"height":788,"url":"https:\/\/dmcsrb.com\/wp-content\/uploads\/2026\/01\/Dusko-Markovic-foto-gradski-me.webp","type":"image\/jpeg"}],"author":"dmcsrbija.com@gmail.com","twitter_card":"summary_large_image","twitter_misc":{"Written by":"dmcsrbija.com@gmail.com"},"schema":{"@context":"https:\/\/schema.org","@graph":[{"@type":"Article","@id":"https:\/\/dmcsrb.com\/politika\/markovic-poslanica-popovic-nervozno-i-netacno-tumaci-moju-izjavu-o-potpisivanju-temeljnog-ugovora\/#article","isPartOf":{"@id":"https:\/\/dmcsrb.com\/politika\/markovic-poslanica-popovic-nervozno-i-netacno-tumaci-moju-izjavu-o-potpisivanju-temeljnog-ugovora\/"},"author":{"name":"dmcsrbija.com@gmail.com","@id":"https:\/\/dmcsrb.com\/#\/schema\/person\/5c39170f12db1b8b457732d0b5c854e2"},"headline":"Markovi\u0107: Poslanica Popovi\u0107 nervozno i neta\u010dno tuma\u010di moju izjavu o potpisivanju Temeljnog ugovora.","datePublished":"2025-09-22T11:10:00+00:00","mainEntityOfPage":{"@id":"https:\/\/dmcsrb.com\/politika\/markovic-poslanica-popovic-nervozno-i-netacno-tumaci-moju-izjavu-o-potpisivanju-temeljnog-ugovora\/"},"wordCount":74,"commentCount":0,"image":{"@id":"https:\/\/dmcsrb.com\/politika\/markovic-poslanica-popovic-nervozno-i-netacno-tumaci-moju-izjavu-o-potpisivanju-temeljnog-ugovora\/#primaryimage"},"thumbnailUrl":"https:\/\/dmcsrb.com\/wp-content\/uploads\/2026\/01\/Dusko-Markovic-foto-gradski-me.webp","keywords":["DPS","Du\u0161ko Markovi\u0107","SEP","Sonja Popovi\u0107"],"articleSection":["Politika"],"inLanguage":"en-GB","potentialAction":[{"@type":"CommentAction","name":"Comment","target":["https:\/\/dmcsrb.com\/politika\/markovic-poslanica-popovic-nervozno-i-netacno-tumaci-moju-izjavu-o-potpisivanju-temeljnog-ugovora\/#respond"]}]},{"@type":"WebPage","@id":"https:\/\/dmcsrb.com\/politika\/markovic-poslanica-popovic-nervozno-i-netacno-tumaci-moju-izjavu-o-potpisivanju-temeljnog-ugovora\/","url":"https:\/\/dmcsrb.com\/politika\/markovic-poslanica-popovic-nervozno-i-netacno-tumaci-moju-izjavu-o-potpisivanju-temeljnog-ugovora\/","name":"Markovi\u0107: Poslanica Popovi\u0107 nervozno i neta\u010dno tuma\u010di moju izjavu o potpisivanju Temeljnog ugovora. - dmcsrb.com","isPartOf":{"@id":"https:\/\/dmcsrb.com\/#website"},"primaryImageOfPage":{"@id":"https:\/\/dmcsrb.com\/politika\/markovic-poslanica-popovic-nervozno-i-netacno-tumaci-moju-izjavu-o-potpisivanju-temeljnog-ugovora\/#primaryimage"},"image":{"@id":"https:\/\/dmcsrb.com\/politika\/markovic-poslanica-popovic-nervozno-i-netacno-tumaci-moju-izjavu-o-potpisivanju-temeljnog-ugovora\/#primaryimage"},"thumbnailUrl":"https:\/\/dmcsrb.com\/wp-content\/uploads\/2026\/01\/Dusko-Markovic-foto-gradski-me.webp","datePublished":"2025-09-22T11:10:00+00:00","author":{"@id":"https:\/\/dmcsrb.com\/#\/schema\/person\/5c39170f12db1b8b457732d0b5c854e2"},"breadcrumb":{"@id":"https:\/\/dmcsrb.com\/politika\/markovic-poslanica-popovic-nervozno-i-netacno-tumaci-moju-izjavu-o-potpisivanju-temeljnog-ugovora\/#breadcrumb"},"inLanguage":"en-GB","potentialAction":[{"@type":"ReadAction","target":["https:\/\/dmcsrb.com\/politika\/markovic-poslanica-popovic-nervozno-i-netacno-tumaci-moju-izjavu-o-potpisivanju-temeljnog-ugovora\/"]}]},{"@type":"ImageObject","inLanguage":"en-GB","@id":"https:\/\/dmcsrb.com\/politika\/markovic-poslanica-popovic-nervozno-i-netacno-tumaci-moju-izjavu-o-potpisivanju-temeljnog-ugovora\/#primaryimage","url":"https:\/\/dmcsrb.com\/wp-content\/uploads\/2026\/01\/Dusko-Markovic-foto-gradski-me.webp","contentUrl":"https:\/\/dmcsrb.com\/wp-content\/uploads\/2026\/01\/Dusko-Markovic-foto-gradski-me.webp","width":1486,"height":788},{"@type":"BreadcrumbList","@id":"https:\/\/dmcsrb.com\/politika\/markovic-poslanica-popovic-nervozno-i-netacno-tumaci-moju-izjavu-o-potpisivanju-temeljnog-ugovora\/#breadcrumb","itemListElement":[{"@type":"ListItem","position":1,"name":"Home","item":"https:\/\/dmcsrb.com\/"},{"@type":"ListItem","position":2,"name":"Markovi\u0107: Poslanica Popovi\u0107 nervozno i neta\u010dno tuma\u010di moju izjavu o potpisivanju Temeljnog ugovora."}]},{"@type":"WebSite","@id":"https:\/\/dmcsrb.com\/#website","url":"https:\/\/dmcsrb.com\/","name":"dmcsrb.com","description":"","potentialAction":[{"@type":"SearchAction","target":{"@type":"EntryPoint","urlTemplate":"https:\/\/dmcsrb.com\/?s={search_term_string}"},"query-input":{"@type":"PropertyValueSpecification","valueRequired":true,"valueName":"search_term_string"}}],"inLanguage":"en-GB"},{"@type":"Person","@id":"https:\/\/dmcsrb.com\/#\/schema\/person\/5c39170f12db1b8b457732d0b5c854e2","name":"dmcsrbija.com@gmail.com","image":{"@type":"ImageObject","inLanguage":"en-GB","@id":"https:\/\/secure.gravatar.com\/avatar\/68592660ad6347fad0fb587f8d5d8f1a7b44961362f56e4f2cd524feb87e9069?s=96&d=mm&r=g","url":"https:\/\/secure.gravatar.com\/avatar\/68592660ad6347fad0fb587f8d5d8f1a7b44961362f56e4f2cd524feb87e9069?s=96&d=mm&r=g","contentUrl":"https:\/\/secure.gravatar.com\/avatar\/68592660ad6347fad0fb587f8d5d8f1a7b44961362f56e4f2cd524feb87e9069?s=96&d=mm&r=g","caption":"dmcsrbija.com@gmail.com"},"sameAs":["https:\/\/dmcsrb.com"],"url":"https:\/\/dmcsrb.com\/en\/author\/dmcsrbija-comgmail-com\/"}]}},"_links":{"self":[{"href":"https:\/\/dmcsrb.com\/en\/wp-json\/wp\/v2\/posts\/953410","targetHints":{"allow":["GET"]}}],"collection":[{"href":"https:\/\/dmcsrb.com\/en\/wp-json\/wp\/v2\/posts"}],"about":[{"href":"https:\/\/dmcsrb.com\/en\/wp-json\/wp\/v2\/types\/post"}],"author":[{"embeddable":true,"href":"https:\/\/dmcsrb.com\/en\/wp-json\/wp\/v2\/users\/1"}],"replies":[{"embeddable":true,"href":"https:\/\/dmcsrb.com\/en\/wp-json\/wp\/v2\/comments?post=953410"}],"version-history":[{"count":0,"href":"https:\/\/dmcsrb.com\/en\/wp-json\/wp\/v2\/posts\/953410\/revisions"}],"wp:featuredmedia":[{"embeddable":true,"href":"https:\/\/dmcsrb.com\/en\/wp-json\/wp\/v2\/media\/953411"}],"wp:attachment":[{"href":"https:\/\/dmcsrb.com\/en\/wp-json\/wp\/v2\/media?parent=953410"}],"wp:term":[{"taxonomy":"category","embeddable":true,"href":"https:\/\/dmcsrb.com\/en\/wp-json\/wp\/v2\/categories?post=953410"},{"taxonomy":"post_tag","embeddable":true,"href":"https:\/\/dmcsrb.com\/en\/wp-json\/wp\/v2\/tags?post=953410"},{"taxonomy":"naslovna","embeddable":true,"href":"https:\/\/dmcsrb.com\/en\/wp-json\/wp\/v2\/naslovna?post=953410"}],"curies":[{"name":"wp","href":"https:\/\/api.w.org\/{rel}","templated":true}]}}